{"id":73860,"date":"2021-12-23T16:00:45","date_gmt":"2021-12-23T21:00:45","guid":{"rendered":"https:\/\/futbolhoy.co\/?p=73860"},"modified":"2021-12-24T12:21:52","modified_gmt":"2021-12-24T17:21:52","slug":"para-cafu-daniel-alves-puede-ir-al-mundial","status":"publish","type":"post","link":"https:\/\/futbolhoy.co\/index.php\/2021\/12\/23\/para-cafu-daniel-alves-puede-ir-al-mundial\/","title":{"rendered":"Para Caf\u00fa, Daniel Alves puede ir al Mundial"},"content":{"rendered":"<p style=\"text-align: justify;\"><span lang=\"ES-MX\" style=\"font-family: helvetica, arial, sans-serif;\">El ex lateral\u00a0<b>Caf\u00fa<\/b>\u00a0considera que\u00a0<b>Daniel Alves<\/b>\u00a0tiene m\u00e1s posibilidades de jugar, a sus 38 a\u00f1os, el\u00a0<b>Mundial de Qatar 2022<\/b>\u00a0con la\u00a0<b>selecci\u00f3n de Brasil<\/b>, despu\u00e9s de vincularse al\u00a0<b>Barcelona<\/b>.<\/span><\/p>\n<p style=\"text-align: justify;\"><span lang=\"ES-MX\" style=\"font-family: helvetica, arial, sans-serif;\">\u00abEs incre\u00edble saber que Daniel Alves a\u00fan tiene le\u00f1a para quemar, tiene gas para gastar y est\u00e1 con ganas. Eso es lo m\u00e1s importante, sabe lo que quiere y se ha ido al Barcelona, que no es cualquier club\u00bb, se\u00f1al\u00f3 el doble campe\u00f3n del mundo en una entrevista al portal UOL.<\/span><\/p>\n<p style=\"text-align: justify;\"><span lang=\"ES-MX\" style=\"font-family: helvetica, arial, sans-serif;\">\u00abEso realmente le da la oportunidad de ir a la\u00a0<b>Copa del Mundo<\/b>\u00a0del a\u00f1o que viene\u00bb, a\u00f1adi\u00f3 Caf\u00fa, quien rest\u00f3 importancia a la edad del lateral, \u00abPrimero porque rompe todo este paradigma de que un jugador de 38 a\u00f1os no puede jugar en un gran club. Yo tambi\u00e9n jugu\u00e9 hasta los 38 a\u00f1os en el\u00a0<b>Milan<\/b>. Entonces, para \u00e9l es fant\u00e1stico, sensacional\u00bb.<\/span><\/p>\n<p style=\"text-align: justify;\"><span lang=\"ES-MX\" style=\"font-family: helvetica, arial, sans-serif;\">Sobre la selecci\u00f3n que dirige\u00a0<b>Tite<\/b>\u00a0indic\u00f3: \u00abEl equipo ha ido evolucionando a\u00f1o tras a\u00f1o, se clasific\u00f3 con mucha antelaci\u00f3n, lo que no ocurr\u00eda hace mucho tiempo, y viene jugando un buen f\u00fatbol, un gran f\u00fatbol, siendo m\u00e1s consciente de lo que tiene que hacer en relaci\u00f3n a la Copa del Mundo. La perspectiva es llegar a la final\u00bb.<\/span><\/p>\n","protected":false},"excerpt":{"rendered":"<p>El ex lateral\u00a0Caf\u00fa\u00a0considera que\u00a0Daniel Alves\u00a0tiene m\u00e1s posibilidades de jugar, a sus 38 a\u00f1os, el\u00a0Mundial de Qatar 2022\u00a0con la\u00a0selecci\u00f3n de Brasil, despu\u00e9s de vincularse al\u00a0Barcelona. \u00abEs incre\u00edble saber que Daniel Alves a\u00fan tiene le\u00f1a para quemar, tiene gas para gastar y est\u00e1 con ganas. Eso es lo m\u00e1s importante, sabe lo que quiere y se ha [&hellip;]<\/p>\n","protected":false},"author":5,"featured_media":73861,"comment_status":"open","ping_status":"closed","sticky":false,"template":"","format":"standard","meta":{"_acf_changed":false,"footnotes":""},"categories":[152],"tags":[],"class_list":{"0":"post-73860","1":"post","2":"type-post","3":"status-publish","4":"format-standard","5":"has-post-thumbnail","7":"category-mundo-futbol"},"acf":[],"_links":{"self":[{"href":"https:\/\/futbolhoy.co\/index.php\/wp-json\/wp\/v2\/posts\/73860","targetHints":{"allow":["GET"]}}],"collection":[{"href":"https:\/\/futbolhoy.co\/index.php\/wp-json\/wp\/v2\/posts"}],"about":[{"href":"https:\/\/futbolhoy.co\/index.php\/wp-json\/wp\/v2\/types\/post"}],"author":[{"embeddable":true,"href":"https:\/\/futbolhoy.co\/index.php\/wp-json\/wp\/v2\/users\/5"}],"replies":[{"embeddable":true,"href":"https:\/\/futbolhoy.co\/index.php\/wp-json\/wp\/v2\/comments?post=73860"}],"version-history":[{"count":1,"href":"https:\/\/futbolhoy.co\/index.php\/wp-json\/wp\/v2\/posts\/73860\/revisions"}],"predecessor-version":[{"id":73862,"href":"https:\/\/futbolhoy.co\/index.php\/wp-json\/wp\/v2\/posts\/73860\/revisions\/73862"}],"wp:featuredmedia":[{"embeddable":true,"href":"https:\/\/futbolhoy.co\/index.php\/wp-json\/wp\/v2\/media\/73861"}],"wp:attachment":[{"href":"https:\/\/futbolhoy.co\/index.php\/wp-json\/wp\/v2\/media?parent=73860"}],"wp:term":[{"taxonomy":"category","embeddable":true,"href":"https:\/\/futbolhoy.co\/index.php\/wp-json\/wp\/v2\/categories?post=73860"},{"taxonomy":"post_tag","embeddable":true,"href":"https:\/\/futbolhoy.co\/index.php\/wp-json\/wp\/v2\/tags?post=73860"}],"curies":[{"name":"wp","href":"https:\/\/api.w.org\/{rel}","templated":true}]}}