{"id":73866,"date":"2021-12-24T07:49:30","date_gmt":"2021-12-24T12:49:30","guid":{"rendered":"https:\/\/futbolhoy.co\/?p=73866"},"modified":"2021-12-24T07:49:30","modified_gmt":"2021-12-24T12:49:30","slug":"el-real-madrid-tiene-el-mejor-mediocampo-del-mundo-ancelotti","status":"publish","type":"post","link":"https:\/\/futbolhoy.co\/index.php\/2021\/12\/24\/el-real-madrid-tiene-el-mejor-mediocampo-del-mundo-ancelotti\/","title":{"rendered":"\u201cEl Real Madrid tiene el mejor mediocampo del mundo\u201d, Ancelotti"},"content":{"rendered":"<audio class=\"wp-audio-shortcode\" id=\"audio-73866-1\" preload=\"none\" style=\"width: 100%;\" controls=\"controls\"><source type=\"audio\/mpeg\" src=\"https:\/\/futbolhoy.co\/wp-content\/uploads\/2021\/12\/Carlo-Ancelotti-DT-Real-Madrid.2021-12-24.mp3?_=1\" \/><a href=\"https:\/\/futbolhoy.co\/wp-content\/uploads\/2021\/12\/Carlo-Ancelotti-DT-Real-Madrid.2021-12-24.mp3\">https:\/\/futbolhoy.co\/wp-content\/uploads\/2021\/12\/Carlo-Ancelotti-DT-Real-Madrid.2021-12-24.mp3<\/a><\/audio>\n<p class=\"x_ydpb6a7d08cMsoNormal\" style=\"text-align: justify;\"><span style=\"font-family: helvetica, arial, sans-serif;\"><b><span lang=\"ES-MX\">(Carlo Ancelotti, DT del Real Madrid, en entrevista con AS)<br \/>\nCarlo Ancelotti<\/span><\/b><span lang=\"ES-MX\">, t\u00e9cnico italiano del <b>Real Madrid<\/b>, calific\u00f3 al brasile\u00f1o <b>Casemiro<\/b>, el alem\u00e1n <b>Toni Kroos<\/b>y el croata <b>Luka Modric<\/b>, como \u00abel mejor medio campo del mundo en la actualidad\u00bb.<\/span><\/span><\/p>\n<p class=\"x_ydpb6a7d08cMsoNormal\" style=\"text-align: justify;\"><span lang=\"ES-MX\" style=\"font-family: helvetica, arial, sans-serif;\">Ancelotti, en entrevista con el diario <i>AS de Espa\u00f1a<\/i>, no quiso prometer t\u00edtulos en 2022, pero s\u00ed que garantiz\u00f3 \u00abcompetir hasta el final\u00bb.<\/span><\/p>\n<p class=\"x_ydpb6a7d08cMsoNormal\" style=\"text-align: justify;\"><span lang=\"ES-MX\" style=\"font-family: helvetica, arial, sans-serif;\">\u00abModric, Kroos y Casemiro forman la mejor media del mundo en la actualidad. Quiz\u00e1s son m\u00e1s cl\u00e1sicos los centrocampistas que van de \u00e1rea a \u00e1rea, pero tienen tanta experiencia y tanto f\u00fatbol que son extraordinarios. Adem\u00e1s, resultan que mezclan muy bien. Cuando est\u00e1n los tres juntos nadie puede compararse a ellos\u00bb, dijo Ancelotti.<\/span><\/p>\n<p class=\"x_ydpb6a7d08cMsoNormal\" style=\"text-align: justify;\"><span lang=\"ES-MX\" style=\"font-family: helvetica, arial, sans-serif;\">\u00abPrometer t\u00edtulos no es la mejor idea, pero podemos prometer lo que siempre ofrece el Real Madrid, que es competir hasta el final. Lo estamos haciendo, estamos compitiendo muy bien en todas las competiciones, en cada partido. En la primera parte de la temporada hemos fallado muy poco. S\u00f3lo hemos tenido dos derrotas, contra el <b>Espanyol<\/b> en <b>LaLiga<\/b> y frente al <b>Sheriff<\/b>, en la <b>Champions<\/b>. Pero fue una etapa en la que nos faltaron jugadores como Modric o Kroos. Pero cuando ambos volvieron ya se vio que el equipo tiene una identidad muy clara\u00bb, agreg\u00f3 el entrenador italiano.<\/span><\/p>\n","protected":false},"excerpt":{"rendered":"<p>(Carlo Ancelotti, DT del Real Madrid, en entrevista con AS) Carlo Ancelotti, t\u00e9cnico italiano del Real Madrid, calific\u00f3 al brasile\u00f1o Casemiro, el alem\u00e1n Toni Kroosy el croata Luka Modric, como \u00abel mejor medio campo del mundo en la actualidad\u00bb. Ancelotti, en entrevista con el diario AS de Espa\u00f1a, no quiso prometer t\u00edtulos en 2022, pero [&hellip;]<\/p>\n","protected":false},"author":5,"featured_media":73868,"comment_status":"open","ping_status":"closed","sticky":false,"template":"","format":"video","meta":{"_acf_changed":false,"footnotes":""},"categories":[5],"tags":[],"class_list":{"0":"post-73866","1":"post","2":"type-post","3":"status-publish","4":"format-video","5":"has-post-thumbnail","7":"category-destacados","8":"post_format-post-format-video"},"acf":[],"_links":{"self":[{"href":"https:\/\/futbolhoy.co\/index.php\/wp-json\/wp\/v2\/posts\/73866","targetHints":{"allow":["GET"]}}],"collection":[{"href":"https:\/\/futbolhoy.co\/index.php\/wp-json\/wp\/v2\/posts"}],"about":[{"href":"https:\/\/futbolhoy.co\/index.php\/wp-json\/wp\/v2\/types\/post"}],"author":[{"embeddable":true,"href":"https:\/\/futbolhoy.co\/index.php\/wp-json\/wp\/v2\/users\/5"}],"replies":[{"embeddable":true,"href":"https:\/\/futbolhoy.co\/index.php\/wp-json\/wp\/v2\/comments?post=73866"}],"version-history":[{"count":1,"href":"https:\/\/futbolhoy.co\/index.php\/wp-json\/wp\/v2\/posts\/73866\/revisions"}],"predecessor-version":[{"id":73869,"href":"https:\/\/futbolhoy.co\/index.php\/wp-json\/wp\/v2\/posts\/73866\/revisions\/73869"}],"wp:featuredmedia":[{"embeddable":true,"href":"https:\/\/futbolhoy.co\/index.php\/wp-json\/wp\/v2\/media\/73868"}],"wp:attachment":[{"href":"https:\/\/futbolhoy.co\/index.php\/wp-json\/wp\/v2\/media?parent=73866"}],"wp:term":[{"taxonomy":"category","embeddable":true,"href":"https:\/\/futbolhoy.co\/index.php\/wp-json\/wp\/v2\/categories?post=73866"},{"taxonomy":"post_tag","embeddable":true,"href":"https:\/\/futbolhoy.co\/index.php\/wp-json\/wp\/v2\/tags?post=73866"}],"curies":[{"name":"wp","href":"https:\/\/api.w.org\/{rel}","templated":true}]}}