{"id":73896,"date":"2021-12-25T17:24:32","date_gmt":"2021-12-25T22:24:32","guid":{"rendered":"https:\/\/futbolhoy.co\/?p=73896"},"modified":"2021-12-26T12:09:32","modified_gmt":"2021-12-26T17:09:32","slug":"guardiola-el-mejor-dt-de-mundo","status":"publish","type":"post","link":"https:\/\/futbolhoy.co\/index.php\/2021\/12\/25\/guardiola-el-mejor-dt-de-mundo\/","title":{"rendered":"Guardiola, el mejor DT de mundo"},"content":{"rendered":"<p class=\"x_ydpe6fb07deMsoNormal\" style=\"text-align: justify;\"><span lang=\"ES-MX\" style=\"font-family: helvetica, arial, sans-serif;\">El espa\u00f1ol <b>Josep Guardiola<\/b>, entrenador del <b>M\u00e1nchester City<\/b>, l\u00edder de la <b>Liga Premier,<\/b> fue elegido como el mejor t\u00e9cnico del mundo, seg\u00fan <i>Four Four Two de Inglaterra.<\/i><\/span><\/p>\n<p class=\"x_ydpe6fb07deMsoNormal\" style=\"text-align: justify;\"><span lang=\"ES-MX\" style=\"font-family: helvetica, arial, sans-serif;\">Guardiola es seguido en el podio por los alemanes <b>Thomas Tuchel del Chelsea y Jurgen Klopp del Liverpool;<\/b> adem\u00e1s del italiano <strong>A<\/strong><b>ntonio Conte del Tottenham Hotspur <\/b>y el tambi\u00e9n germano <b>Hans Dieter Flick<\/b> de la <b>selecci\u00f3n de Alemania<\/b>.<\/span><\/p>\n<p class=\"x_ydpe6fb07deMsoNormal\" style=\"text-align: justify;\"><span lang=\"ES-MX\" style=\"font-family: helvetica, arial, sans-serif;\">En el puesto 21 aparece el entrenador de la <b>selecci\u00f3n Argentina, Lionel Scaloni<\/b>; en la casilla 23 <b>Carlo Ancelotti del Real Madrid<\/b>, 28 <b>Zinedine Zidane<\/b>, 34 <b>Marcelo \u2018Mu\u00f1eco\u2019 Gallardo<\/b> y 35 <b>Tite<\/b>, seleccionador brasile\u00f1o.<\/span><\/p>\n","protected":false},"excerpt":{"rendered":"<p>El espa\u00f1ol Josep Guardiola, entrenador del M\u00e1nchester City, l\u00edder de la Liga Premier, fue elegido como el mejor t\u00e9cnico del mundo, seg\u00fan Four Four Two de Inglaterra. Guardiola es seguido en el podio por los alemanes Thomas Tuchel del Chelsea y Jurgen Klopp del Liverpool; adem\u00e1s del italiano Antonio Conte del Tottenham Hotspur y el [&hellip;]<\/p>\n","protected":false},"author":5,"featured_media":73897,"comment_status":"open","ping_status":"open","sticky":false,"template":"","format":"standard","meta":{"_acf_changed":false,"footnotes":""},"categories":[152],"tags":[],"class_list":{"0":"post-73896","1":"post","2":"type-post","3":"status-publish","4":"format-standard","5":"has-post-thumbnail","7":"category-mundo-futbol"},"acf":[],"yoast_head":"<!-- This site is optimized with the Yoast SEO plugin v26.8 - https:\/\/yoast.com\/product\/yoast-seo-wordpress\/ -->\n<title>Guardiola, el mejor DT de mundo -<\/title>\n<meta name=\"robots\" content=\"index, follow, max-snippet:-1, max-image-preview:large, max-video-preview:-1\" \/>\n<link rel=\"canonical\" href=\"https:\/\/futbolhoy.co\/index.php\/2021\/12\/25\/guardiola-el-mejor-dt-de-mundo\/\" \/>\n<meta property=\"og:locale\" content=\"es_ES\" \/>\n<meta property=\"og:type\" content=\"article\" \/>\n<meta property=\"og:title\" content=\"Guardiola, el mejor DT de mundo -\" \/>\n<meta property=\"og:description\" content=\"El espa\u00f1ol Josep Guardiola, entrenador del M\u00e1nchester City, l\u00edder de la Liga Premier, fue elegido como el mejor t\u00e9cnico del mundo, seg\u00fan Four Four Two de Inglaterra. Guardiola es seguido en el podio por los alemanes Thomas Tuchel del Chelsea y Jurgen Klopp del Liverpool; adem\u00e1s del italiano Antonio Conte del Tottenham Hotspur y el [&hellip;]\" \/>\n<meta property=\"og:url\" content=\"https:\/\/futbolhoy.co\/index.php\/2021\/12\/25\/guardiola-el-mejor-dt-de-mundo\/\" \/>\n<meta property=\"article:publisher\" content=\"https:\/\/www.facebook.com\/FutbolHoyCol\/\" \/>\n<meta property=\"article:published_time\" content=\"2021-12-25T22:24:32+00:00\" \/>\n<meta property=\"article:modified_time\" content=\"2021-12-26T17:09:32+00:00\" \/>\n<meta property=\"og:image\" content=\"https:\/\/futbolhoy.co\/wp-content\/uploads\/2021\/12\/25C5FD7F-95CC-4852-A446-8BA902BA2464.jpeg\" \/>\n\t<meta property=\"og:image:width\" content=\"2048\" \/>\n\t<meta property=\"og:image:height\" content=\"1536\" \/>\n\t<meta property=\"og:image:type\" content=\"image\/jpeg\" \/>\n<meta name=\"author\" content=\"Laura Hern\u00e1ndez\" \/>\n<meta name=\"twitter:card\" content=\"summary_large_image\" \/>\n<meta name=\"twitter:creator\" content=\"@FutbolHoyCol\" \/>\n<meta name=\"twitter:site\" content=\"@FutbolHoyCol\" \/>\n<meta name=\"twitter:label1\" content=\"Escrito por\" \/>\n\t<meta name=\"twitter:data1\" content=\"Laura Hern\u00e1ndez\" \/>\n\t<meta name=\"twitter:label2\" content=\"Tiempo de lectura\" \/>\n\t<meta name=\"twitter:data2\" content=\"1 minuto\" \/>\n<script type=\"application\/ld+json\" class=\"yoast-schema-graph\">{\"@context\":\"https:\/\/schema.org\",\"@graph\":[{\"@type\":\"Article\",\"@id\":\"https:\/\/futbolhoy.co\/index.php\/2021\/12\/25\/guardiola-el-mejor-dt-de-mundo\/#article\",\"isPartOf\":{\"@id\":\"https:\/\/futbolhoy.co\/index.php\/2021\/12\/25\/guardiola-el-mejor-dt-de-mundo\/\"},\"author\":{\"name\":\"Laura Hern\u00e1ndez\",\"@id\":\"https:\/\/futbolhoy.co\/#\/schema\/person\/c4a353a512b127643723a34bb1812f7d\"},\"headline\":\"Guardiola, el mejor DT de mundo\",\"datePublished\":\"2021-12-25T22:24:32+00:00\",\"dateModified\":\"2021-12-26T17:09:32+00:00\",\"mainEntityOfPage\":{\"@id\":\"https:\/\/futbolhoy.co\/index.php\/2021\/12\/25\/guardiola-el-mejor-dt-de-mundo\/\"},\"wordCount\":112,\"commentCount\":0,\"publisher\":{\"@id\":\"https:\/\/futbolhoy.co\/#organization\"},\"image\":{\"@id\":\"https:\/\/futbolhoy.co\/index.php\/2021\/12\/25\/guardiola-el-mejor-dt-de-mundo\/#primaryimage\"},\"thumbnailUrl\":\"https:\/\/futbolhoy.co\/wp-content\/uploads\/2021\/12\/25C5FD7F-95CC-4852-A446-8BA902BA2464.jpeg\",\"articleSection\":[\"Mundo Futbol\"],\"inLanguage\":\"es\",\"potentialAction\":[{\"@type\":\"CommentAction\",\"name\":\"Comment\",\"target\":[\"https:\/\/futbolhoy.co\/index.php\/2021\/12\/25\/guardiola-el-mejor-dt-de-mundo\/#respond\"]}]},{\"@type\":\"WebPage\",\"@id\":\"https:\/\/futbolhoy.co\/index.php\/2021\/12\/25\/guardiola-el-mejor-dt-de-mundo\/\",\"url\":\"https:\/\/futbolhoy.co\/index.php\/2021\/12\/25\/guardiola-el-mejor-dt-de-mundo\/\",\"name\":\"Guardiola, el mejor DT de mundo -\",\"isPartOf\":{\"@id\":\"https:\/\/futbolhoy.co\/#website\"},\"primaryImageOfPage\":{\"@id\":\"https:\/\/futbolhoy.co\/index.php\/2021\/12\/25\/guardiola-el-mejor-dt-de-mundo\/#primaryimage\"},\"image\":{\"@id\":\"https:\/\/futbolhoy.co\/index.php\/2021\/12\/25\/guardiola-el-mejor-dt-de-mundo\/#primaryimage\"},\"thumbnailUrl\":\"https:\/\/futbolhoy.co\/wp-content\/uploads\/2021\/12\/25C5FD7F-95CC-4852-A446-8BA902BA2464.jpeg\",\"datePublished\":\"2021-12-25T22:24:32+00:00\",\"dateModified\":\"2021-12-26T17:09:32+00:00\",\"breadcrumb\":{\"@id\":\"https:\/\/futbolhoy.co\/index.php\/2021\/12\/25\/guardiola-el-mejor-dt-de-mundo\/#breadcrumb\"},\"inLanguage\":\"es\",\"potentialAction\":[{\"@type\":\"ReadAction\",\"target\":[\"https:\/\/futbolhoy.co\/index.php\/2021\/12\/25\/guardiola-el-mejor-dt-de-mundo\/\"]}]},{\"@type\":\"ImageObject\",\"inLanguage\":\"es\",\"@id\":\"https:\/\/futbolhoy.co\/index.php\/2021\/12\/25\/guardiola-el-mejor-dt-de-mundo\/#primaryimage\",\"url\":\"https:\/\/futbolhoy.co\/wp-content\/uploads\/2021\/12\/25C5FD7F-95CC-4852-A446-8BA902BA2464.jpeg\",\"contentUrl\":\"https:\/\/futbolhoy.co\/wp-content\/uploads\/2021\/12\/25C5FD7F-95CC-4852-A446-8BA902BA2464.jpeg\",\"width\":2048,\"height\":1536},{\"@type\":\"BreadcrumbList\",\"@id\":\"https:\/\/futbolhoy.co\/index.php\/2021\/12\/25\/guardiola-el-mejor-dt-de-mundo\/#breadcrumb\",\"itemListElement\":[{\"@type\":\"ListItem\",\"position\":1,\"name\":\"Portada\",\"item\":\"https:\/\/futbolhoy.co\/\"},{\"@type\":\"ListItem\",\"position\":2,\"name\":\"Guardiola, el mejor DT de mundo\"}]},{\"@type\":\"WebSite\",\"@id\":\"https:\/\/futbolhoy.co\/#website\",\"url\":\"https:\/\/futbolhoy.co\/\",\"name\":\"FutbolHoy\",\"description\":\"\",\"publisher\":{\"@id\":\"https:\/\/futbolhoy.co\/#organization\"},\"potentialAction\":[{\"@type\":\"SearchAction\",\"target\":{\"@type\":\"EntryPoint\",\"urlTemplate\":\"https:\/\/futbolhoy.co\/?s={search_term_string}\"},\"query-input\":{\"@type\":\"PropertyValueSpecification\",\"valueRequired\":true,\"valueName\":\"search_term_string\"}}],\"inLanguage\":\"es\"},{\"@type\":\"Organization\",\"@id\":\"https:\/\/futbolhoy.co\/#organization\",\"name\":\"Futbolhoy.co\",\"url\":\"https:\/\/futbolhoy.co\/\",\"logo\":{\"@type\":\"ImageObject\",\"inLanguage\":\"es\",\"@id\":\"https:\/\/futbolhoy.co\/#\/schema\/logo\/image\/\",\"url\":\"https:\/\/futbolhoy.co\/wp-content\/uploads\/2018\/08\/17426380_1906371736249227_6326180412931521141_n.jpg\",\"contentUrl\":\"https:\/\/futbolhoy.co\/wp-content\/uploads\/2018\/08\/17426380_1906371736249227_6326180412931521141_n.jpg\",\"width\":960,\"height\":960,\"caption\":\"Futbolhoy.co\"},\"image\":{\"@id\":\"https:\/\/futbolhoy.co\/#\/schema\/logo\/image\/\"},\"sameAs\":[\"https:\/\/www.facebook.com\/FutbolHoyCol\/\",\"https:\/\/x.com\/FutbolHoyCol\",\"https:\/\/www.instagram.com\/futbolhoycol\/\"]},{\"@type\":\"Person\",\"@id\":\"https:\/\/futbolhoy.co\/#\/schema\/person\/c4a353a512b127643723a34bb1812f7d\",\"name\":\"Laura Hern\u00e1ndez\",\"image\":{\"@type\":\"ImageObject\",\"inLanguage\":\"es\",\"@id\":\"https:\/\/futbolhoy.co\/#\/schema\/person\/image\/\",\"url\":\"https:\/\/secure.gravatar.com\/avatar\/d25959a15b9b293a743f99181c7cfd01?s=96&d=mm&r=g\",\"contentUrl\":\"https:\/\/secure.gravatar.com\/avatar\/d25959a15b9b293a743f99181c7cfd01?s=96&d=mm&r=g\",\"caption\":\"Laura Hern\u00e1ndez\"}}]}<\/script>\n<!-- \/ Yoast SEO plugin. -->","yoast_head_json":{"title":"Guardiola, el mejor DT de mundo -","robots":{"index":"index","follow":"follow","max-snippet":"max-snippet:-1","max-image-preview":"max-image-preview:large","max-video-preview":"max-video-preview:-1"},"canonical":"https:\/\/futbolhoy.co\/index.php\/2021\/12\/25\/guardiola-el-mejor-dt-de-mundo\/","og_locale":"es_ES","og_type":"article","og_title":"Guardiola, el mejor DT de mundo -","og_description":"El espa\u00f1ol Josep Guardiola, entrenador del M\u00e1nchester City, l\u00edder de la Liga Premier, fue elegido como el mejor t\u00e9cnico del mundo, seg\u00fan Four Four Two de Inglaterra. Guardiola es seguido en el podio por los alemanes Thomas Tuchel del Chelsea y Jurgen Klopp del Liverpool; adem\u00e1s del italiano Antonio Conte del Tottenham Hotspur y el [&hellip;]","og_url":"https:\/\/futbolhoy.co\/index.php\/2021\/12\/25\/guardiola-el-mejor-dt-de-mundo\/","article_publisher":"https:\/\/www.facebook.com\/FutbolHoyCol\/","article_published_time":"2021-12-25T22:24:32+00:00","article_modified_time":"2021-12-26T17:09:32+00:00","og_image":[{"width":2048,"height":1536,"url":"https:\/\/futbolhoy.co\/wp-content\/uploads\/2021\/12\/25C5FD7F-95CC-4852-A446-8BA902BA2464.jpeg","type":"image\/jpeg"}],"author":"Laura Hern\u00e1ndez","twitter_card":"summary_large_image","twitter_creator":"@FutbolHoyCol","twitter_site":"@FutbolHoyCol","twitter_misc":{"Escrito por":"Laura Hern\u00e1ndez","Tiempo de lectura":"1 minuto"},"schema":{"@context":"https:\/\/schema.org","@graph":[{"@type":"Article","@id":"https:\/\/futbolhoy.co\/index.php\/2021\/12\/25\/guardiola-el-mejor-dt-de-mundo\/#article","isPartOf":{"@id":"https:\/\/futbolhoy.co\/index.php\/2021\/12\/25\/guardiola-el-mejor-dt-de-mundo\/"},"author":{"name":"Laura Hern\u00e1ndez","@id":"https:\/\/futbolhoy.co\/#\/schema\/person\/c4a353a512b127643723a34bb1812f7d"},"headline":"Guardiola, el mejor DT de mundo","datePublished":"2021-12-25T22:24:32+00:00","dateModified":"2021-12-26T17:09:32+00:00","mainEntityOfPage":{"@id":"https:\/\/futbolhoy.co\/index.php\/2021\/12\/25\/guardiola-el-mejor-dt-de-mundo\/"},"wordCount":112,"commentCount":0,"publisher":{"@id":"https:\/\/futbolhoy.co\/#organization"},"image":{"@id":"https:\/\/futbolhoy.co\/index.php\/2021\/12\/25\/guardiola-el-mejor-dt-de-mundo\/#primaryimage"},"thumbnailUrl":"https:\/\/futbolhoy.co\/wp-content\/uploads\/2021\/12\/25C5FD7F-95CC-4852-A446-8BA902BA2464.jpeg","articleSection":["Mundo Futbol"],"inLanguage":"es","potentialAction":[{"@type":"CommentAction","name":"Comment","target":["https:\/\/futbolhoy.co\/index.php\/2021\/12\/25\/guardiola-el-mejor-dt-de-mundo\/#respond"]}]},{"@type":"WebPage","@id":"https:\/\/futbolhoy.co\/index.php\/2021\/12\/25\/guardiola-el-mejor-dt-de-mundo\/","url":"https:\/\/futbolhoy.co\/index.php\/2021\/12\/25\/guardiola-el-mejor-dt-de-mundo\/","name":"Guardiola, el mejor DT de mundo -","isPartOf":{"@id":"https:\/\/futbolhoy.co\/#website"},"primaryImageOfPage":{"@id":"https:\/\/futbolhoy.co\/index.php\/2021\/12\/25\/guardiola-el-mejor-dt-de-mundo\/#primaryimage"},"image":{"@id":"https:\/\/futbolhoy.co\/index.php\/2021\/12\/25\/guardiola-el-mejor-dt-de-mundo\/#primaryimage"},"thumbnailUrl":"https:\/\/futbolhoy.co\/wp-content\/uploads\/2021\/12\/25C5FD7F-95CC-4852-A446-8BA902BA2464.jpeg","datePublished":"2021-12-25T22:24:32+00:00","dateModified":"2021-12-26T17:09:32+00:00","breadcrumb":{"@id":"https:\/\/futbolhoy.co\/index.php\/2021\/12\/25\/guardiola-el-mejor-dt-de-mundo\/#breadcrumb"},"inLanguage":"es","potentialAction":[{"@type":"ReadAction","target":["https:\/\/futbolhoy.co\/index.php\/2021\/12\/25\/guardiola-el-mejor-dt-de-mundo\/"]}]},{"@type":"ImageObject","inLanguage":"es","@id":"https:\/\/futbolhoy.co\/index.php\/2021\/12\/25\/guardiola-el-mejor-dt-de-mundo\/#primaryimage","url":"https:\/\/futbolhoy.co\/wp-content\/uploads\/2021\/12\/25C5FD7F-95CC-4852-A446-8BA902BA2464.jpeg","contentUrl":"https:\/\/futbolhoy.co\/wp-content\/uploads\/2021\/12\/25C5FD7F-95CC-4852-A446-8BA902BA2464.jpeg","width":2048,"height":1536},{"@type":"BreadcrumbList","@id":"https:\/\/futbolhoy.co\/index.php\/2021\/12\/25\/guardiola-el-mejor-dt-de-mundo\/#breadcrumb","itemListElement":[{"@type":"ListItem","position":1,"name":"Portada","item":"https:\/\/futbolhoy.co\/"},{"@type":"ListItem","position":2,"name":"Guardiola, el mejor DT de mundo"}]},{"@type":"WebSite","@id":"https:\/\/futbolhoy.co\/#website","url":"https:\/\/futbolhoy.co\/","name":"FutbolHoy","description":"","publisher":{"@id":"https:\/\/futbolhoy.co\/#organization"},"potentialAction":[{"@type":"SearchAction","target":{"@type":"EntryPoint","urlTemplate":"https:\/\/futbolhoy.co\/?s={search_term_string}"},"query-input":{"@type":"PropertyValueSpecification","valueRequired":true,"valueName":"search_term_string"}}],"inLanguage":"es"},{"@type":"Organization","@id":"https:\/\/futbolhoy.co\/#organization","name":"Futbolhoy.co","url":"https:\/\/futbolhoy.co\/","logo":{"@type":"ImageObject","inLanguage":"es","@id":"https:\/\/futbolhoy.co\/#\/schema\/logo\/image\/","url":"https:\/\/futbolhoy.co\/wp-content\/uploads\/2018\/08\/17426380_1906371736249227_6326180412931521141_n.jpg","contentUrl":"https:\/\/futbolhoy.co\/wp-content\/uploads\/2018\/08\/17426380_1906371736249227_6326180412931521141_n.jpg","width":960,"height":960,"caption":"Futbolhoy.co"},"image":{"@id":"https:\/\/futbolhoy.co\/#\/schema\/logo\/image\/"},"sameAs":["https:\/\/www.facebook.com\/FutbolHoyCol\/","https:\/\/x.com\/FutbolHoyCol","https:\/\/www.instagram.com\/futbolhoycol\/"]},{"@type":"Person","@id":"https:\/\/futbolhoy.co\/#\/schema\/person\/c4a353a512b127643723a34bb1812f7d","name":"Laura Hern\u00e1ndez","image":{"@type":"ImageObject","inLanguage":"es","@id":"https:\/\/futbolhoy.co\/#\/schema\/person\/image\/","url":"https:\/\/secure.gravatar.com\/avatar\/d25959a15b9b293a743f99181c7cfd01?s=96&d=mm&r=g","contentUrl":"https:\/\/secure.gravatar.com\/avatar\/d25959a15b9b293a743f99181c7cfd01?s=96&d=mm&r=g","caption":"Laura Hern\u00e1ndez"}}]}},"publishpress_future_action":{"enabled":false,"date":"2026-05-04 13:39:23","action":"change-status","newStatus":"draft","terms":[],"taxonomy":"category","extraData":[]},"publishpress_future_workflow_manual_trigger":{"enabledWorkflows":[]},"_links":{"self":[{"href":"https:\/\/futbolhoy.co\/index.php\/wp-json\/wp\/v2\/posts\/73896","targetHints":{"allow":["GET"]}}],"collection":[{"href":"https:\/\/futbolhoy.co\/index.php\/wp-json\/wp\/v2\/posts"}],"about":[{"href":"https:\/\/futbolhoy.co\/index.php\/wp-json\/wp\/v2\/types\/post"}],"author":[{"embeddable":true,"href":"https:\/\/futbolhoy.co\/index.php\/wp-json\/wp\/v2\/users\/5"}],"replies":[{"embeddable":true,"href":"https:\/\/futbolhoy.co\/index.php\/wp-json\/wp\/v2\/comments?post=73896"}],"version-history":[{"count":2,"href":"https:\/\/futbolhoy.co\/index.php\/wp-json\/wp\/v2\/posts\/73896\/revisions"}],"predecessor-version":[{"id":73899,"href":"https:\/\/futbolhoy.co\/index.php\/wp-json\/wp\/v2\/posts\/73896\/revisions\/73899"}],"wp:featuredmedia":[{"embeddable":true,"href":"https:\/\/futbolhoy.co\/index.php\/wp-json\/wp\/v2\/media\/73897"}],"wp:attachment":[{"href":"https:\/\/futbolhoy.co\/index.php\/wp-json\/wp\/v2\/media?parent=73896"}],"wp:term":[{"taxonomy":"category","embeddable":true,"href":"https:\/\/futbolhoy.co\/index.php\/wp-json\/wp\/v2\/categories?post=73896"},{"taxonomy":"post_tag","embeddable":true,"href":"https:\/\/futbolhoy.co\/index.php\/wp-json\/wp\/v2\/tags?post=73896"}],"curies":[{"name":"wp","href":"https:\/\/api.w.org\/{rel}","templated":true}]}}