{"id":73907,"date":"2021-12-26T08:09:43","date_gmt":"2021-12-26T13:09:43","guid":{"rendered":"https:\/\/futbolhoy.co\/?p=73907"},"modified":"2021-12-27T10:09:08","modified_gmt":"2021-12-27T15:09:08","slug":"hinchas-de-sporting-cristal-critican-refuerzo-colombiano","status":"publish","type":"post","link":"https:\/\/futbolhoy.co\/index.php\/2021\/12\/26\/hinchas-de-sporting-cristal-critican-refuerzo-colombiano\/","title":{"rendered":"Hinchas de Sporting Cristal critican refuerzo colombiano"},"content":{"rendered":"<!--[if lt IE 9]><script>document.createElement('audio');<\/script><![endif]-->\n<audio class=\"wp-audio-shortcode\" id=\"audio-73907-1\" preload=\"none\" style=\"width: 100%;\" controls=\"controls\"><source type=\"audio\/mpeg\" src=\"https:\/\/futbolhoy.co\/wp-content\/uploads\/2021\/12\/FH-MOSQUERA2021-12-26.mp3?_=1\" \/><a href=\"https:\/\/futbolhoy.co\/wp-content\/uploads\/2021\/12\/FH-MOSQUERA2021-12-26.mp3\">https:\/\/futbolhoy.co\/wp-content\/uploads\/2021\/12\/FH-MOSQUERA2021-12-26.mp3<\/a><\/audio>\n<p>(Roberto Mosquera, DT del Sporting Cristal)<\/p>\n<p style=\"text-align: justify;\"><span style=\"font-family: helvetica, arial, sans-serif;\">El delantero chocoano <strong>John Jairo Mosquera<\/strong>, nuevo refuerzo del <strong>Sporting Cristal<\/strong> peruano, est\u00e1 muy golpeado por las cr\u00edticas e insultos que ha recibido en las redes sociales de parte de varios aficionados molestos por su llegada al equipo, asegur\u00f3 el t\u00e9cnico <strong>Roberto Mosquera.<\/strong><\/span><\/p>\n<p style=\"text-align: justify;\"><span style=\"font-family: helvetica, arial, sans-serif;\">\u201cEstamos muy sentidos, muy sensibles y lo tengo que sacar a la luz porque no puede seguir esta violencia y este aprovechamiento del anonimato para insultar a jugadores y al comando t\u00e9cnico\u201d, sostuvo el entrenador en una nota que public\u00f3 el club en su web.<\/span><\/p>\n<p style=\"text-align: justify;\"><span style=\"font-family: helvetica, arial, sans-serif;\">\u201cJohn Mosquera est\u00e1 dolido y a\u00fan no ha pisado el <strong>Per\u00fa.<\/strong> \u00c9l tiene familia, algunos en edad escolar, y cuando leen eso, se preguntar\u00e1n a d\u00f3nde est\u00e1n viniendo. Hay algunos que se roban el derecho de decirnos a qui\u00e9n traer\u201d, agreg\u00f3.<\/span><\/p>\n<p style=\"text-align: justify;\"><span style=\"font-family: helvetica, arial, sans-serif;\">El colombiano (33), que llega desde el<strong> Always Ready<\/strong> de <strong>Bolivia,<\/strong> firm\u00f3 por un a\u00f1o, con la posibilidad de otro m\u00e1s.<\/span><\/p>\n<p style=\"text-align: justify;\"><span style=\"font-family: helvetica, arial, sans-serif;\">Mosquera ha tenido una dilatada carrera que lo ha llevado a actuar en clubes de <strong>Colombia, Dinamarca, Portugal, Alemania, China, India, Chile y Bolivia,<\/strong> convirtiendo 84 goles en 316 compromisos.<\/span><\/p>\n<p style=\"text-align: justify;\"><span style=\"font-family: helvetica, arial, sans-serif;\">El jugador nacido en <strong>Apartad\u00f3,<\/strong> tiene el r\u00e9cord de ser el m\u00e1s joven en debutar como profesional con la camiseta de <strong>Millonarios<\/strong>, a los 14 a\u00f1os, 8 meses, 18 d\u00edas en 2002.<\/span><\/p>\n","protected":false},"excerpt":{"rendered":"<p>(Roberto Mosquera, DT del Sporting Cristal) El delantero chocoano John Jairo Mosquera, nuevo refuerzo del Sporting Cristal peruano, est\u00e1 muy golpeado por las cr\u00edticas e insultos que ha recibido en las redes sociales de parte de varios aficionados molestos por su llegada al equipo, asegur\u00f3 el t\u00e9cnico Roberto Mosquera. \u201cEstamos muy sentidos, muy sensibles y [&hellip;]<\/p>\n","protected":false},"author":5,"featured_media":73864,"comment_status":"open","ping_status":"open","sticky":false,"template":"","format":"video","meta":{"_acf_changed":false,"footnotes":""},"categories":[152],"tags":[1319],"class_list":{"0":"post-73907","1":"post","2":"type-post","3":"status-publish","4":"format-video","5":"has-post-thumbnail","7":"category-mundo-futbol","8":"tag-sporting-cristal","9":"post_format-post-format-video"},"acf":[],"yoast_head":"<!-- This site is optimized with the Yoast SEO plugin v26.8 - https:\/\/yoast.com\/product\/yoast-seo-wordpress\/ -->\n<title>Hinchas de Sporting Cristal critican refuerzo colombiano -<\/title>\n<meta name=\"robots\" content=\"index, follow, max-snippet:-1, max-image-preview:large, max-video-preview:-1\" \/>\n<link rel=\"canonical\" href=\"https:\/\/futbolhoy.co\/index.php\/2021\/12\/26\/hinchas-de-sporting-cristal-critican-refuerzo-colombiano\/\" \/>\n<meta property=\"og:locale\" content=\"es_ES\" \/>\n<meta property=\"og:type\" content=\"article\" \/>\n<meta property=\"og:title\" content=\"Hinchas de Sporting Cristal critican refuerzo colombiano -\" \/>\n<meta property=\"og:description\" content=\"(Roberto Mosquera, DT del Sporting Cristal) El delantero chocoano John Jairo Mosquera, nuevo refuerzo del Sporting Cristal peruano, est\u00e1 muy golpeado por las cr\u00edticas e insultos que ha recibido en las redes sociales de parte de varios aficionados molestos por su llegada al equipo, asegur\u00f3 el t\u00e9cnico Roberto Mosquera. \u201cEstamos muy sentidos, muy sensibles y [&hellip;]\" \/>\n<meta property=\"og:url\" content=\"https:\/\/futbolhoy.co\/index.php\/2021\/12\/26\/hinchas-de-sporting-cristal-critican-refuerzo-colombiano\/\" \/>\n<meta property=\"article:publisher\" content=\"https:\/\/www.facebook.com\/FutbolHoyCol\/\" \/>\n<meta property=\"article:published_time\" content=\"2021-12-26T13:09:43+00:00\" \/>\n<meta property=\"article:modified_time\" content=\"2021-12-27T15:09:08+00:00\" \/>\n<meta property=\"og:image\" content=\"https:\/\/futbolhoy.co\/wp-content\/uploads\/2021\/12\/4183861B-F79E-4F98-A7D3-D261DCD39539.jpeg\" \/>\n\t<meta property=\"og:image:width\" content=\"1200\" \/>\n\t<meta property=\"og:image:height\" content=\"1495\" \/>\n\t<meta property=\"og:image:type\" content=\"image\/jpeg\" \/>\n<meta name=\"author\" content=\"Laura Hern\u00e1ndez\" \/>\n<meta name=\"twitter:card\" content=\"summary_large_image\" \/>\n<meta name=\"twitter:creator\" content=\"@FutbolHoyCol\" \/>\n<meta name=\"twitter:site\" content=\"@FutbolHoyCol\" \/>\n<meta name=\"twitter:label1\" content=\"Escrito por\" \/>\n\t<meta name=\"twitter:data1\" content=\"Laura Hern\u00e1ndez\" \/>\n\t<meta name=\"twitter:label2\" content=\"Tiempo de lectura\" \/>\n\t<meta name=\"twitter:data2\" content=\"1 minuto\" \/>\n<script type=\"application\/ld+json\" class=\"yoast-schema-graph\">{\"@context\":\"https:\/\/schema.org\",\"@graph\":[{\"@type\":\"Article\",\"@id\":\"https:\/\/futbolhoy.co\/index.php\/2021\/12\/26\/hinchas-de-sporting-cristal-critican-refuerzo-colombiano\/#article\",\"isPartOf\":{\"@id\":\"https:\/\/futbolhoy.co\/index.php\/2021\/12\/26\/hinchas-de-sporting-cristal-critican-refuerzo-colombiano\/\"},\"author\":{\"name\":\"Laura Hern\u00e1ndez\",\"@id\":\"https:\/\/futbolhoy.co\/#\/schema\/person\/c4a353a512b127643723a34bb1812f7d\"},\"headline\":\"Hinchas de Sporting Cristal critican refuerzo colombiano\",\"datePublished\":\"2021-12-26T13:09:43+00:00\",\"dateModified\":\"2021-12-27T15:09:08+00:00\",\"mainEntityOfPage\":{\"@id\":\"https:\/\/futbolhoy.co\/index.php\/2021\/12\/26\/hinchas-de-sporting-cristal-critican-refuerzo-colombiano\/\"},\"wordCount\":244,\"commentCount\":0,\"publisher\":{\"@id\":\"https:\/\/futbolhoy.co\/#organization\"},\"image\":{\"@id\":\"https:\/\/futbolhoy.co\/index.php\/2021\/12\/26\/hinchas-de-sporting-cristal-critican-refuerzo-colombiano\/#primaryimage\"},\"thumbnailUrl\":\"https:\/\/futbolhoy.co\/wp-content\/uploads\/2021\/12\/4183861B-F79E-4F98-A7D3-D261DCD39539.jpeg\",\"keywords\":[\"Sporting Cristal\"],\"articleSection\":[\"Mundo Futbol\"],\"inLanguage\":\"es\",\"potentialAction\":[{\"@type\":\"CommentAction\",\"name\":\"Comment\",\"target\":[\"https:\/\/futbolhoy.co\/index.php\/2021\/12\/26\/hinchas-de-sporting-cristal-critican-refuerzo-colombiano\/#respond\"]}]},{\"@type\":\"WebPage\",\"@id\":\"https:\/\/futbolhoy.co\/index.php\/2021\/12\/26\/hinchas-de-sporting-cristal-critican-refuerzo-colombiano\/\",\"url\":\"https:\/\/futbolhoy.co\/index.php\/2021\/12\/26\/hinchas-de-sporting-cristal-critican-refuerzo-colombiano\/\",\"name\":\"Hinchas de Sporting Cristal critican refuerzo colombiano -\",\"isPartOf\":{\"@id\":\"https:\/\/futbolhoy.co\/#website\"},\"primaryImageOfPage\":{\"@id\":\"https:\/\/futbolhoy.co\/index.php\/2021\/12\/26\/hinchas-de-sporting-cristal-critican-refuerzo-colombiano\/#primaryimage\"},\"image\":{\"@id\":\"https:\/\/futbolhoy.co\/index.php\/2021\/12\/26\/hinchas-de-sporting-cristal-critican-refuerzo-colombiano\/#primaryimage\"},\"thumbnailUrl\":\"https:\/\/futbolhoy.co\/wp-content\/uploads\/2021\/12\/4183861B-F79E-4F98-A7D3-D261DCD39539.jpeg\",\"datePublished\":\"2021-12-26T13:09:43+00:00\",\"dateModified\":\"2021-12-27T15:09:08+00:00\",\"breadcrumb\":{\"@id\":\"https:\/\/futbolhoy.co\/index.php\/2021\/12\/26\/hinchas-de-sporting-cristal-critican-refuerzo-colombiano\/#breadcrumb\"},\"inLanguage\":\"es\",\"potentialAction\":[{\"@type\":\"ReadAction\",\"target\":[\"https:\/\/futbolhoy.co\/index.php\/2021\/12\/26\/hinchas-de-sporting-cristal-critican-refuerzo-colombiano\/\"]}]},{\"@type\":\"ImageObject\",\"inLanguage\":\"es\",\"@id\":\"https:\/\/futbolhoy.co\/index.php\/2021\/12\/26\/hinchas-de-sporting-cristal-critican-refuerzo-colombiano\/#primaryimage\",\"url\":\"https:\/\/futbolhoy.co\/wp-content\/uploads\/2021\/12\/4183861B-F79E-4F98-A7D3-D261DCD39539.jpeg\",\"contentUrl\":\"https:\/\/futbolhoy.co\/wp-content\/uploads\/2021\/12\/4183861B-F79E-4F98-A7D3-D261DCD39539.jpeg\",\"width\":1200,\"height\":1495},{\"@type\":\"BreadcrumbList\",\"@id\":\"https:\/\/futbolhoy.co\/index.php\/2021\/12\/26\/hinchas-de-sporting-cristal-critican-refuerzo-colombiano\/#breadcrumb\",\"itemListElement\":[{\"@type\":\"ListItem\",\"position\":1,\"name\":\"Portada\",\"item\":\"https:\/\/futbolhoy.co\/\"},{\"@type\":\"ListItem\",\"position\":2,\"name\":\"Hinchas de Sporting Cristal critican refuerzo colombiano\"}]},{\"@type\":\"WebSite\",\"@id\":\"https:\/\/futbolhoy.co\/#website\",\"url\":\"https:\/\/futbolhoy.co\/\",\"name\":\"FutbolHoy\",\"description\":\"\",\"publisher\":{\"@id\":\"https:\/\/futbolhoy.co\/#organization\"},\"potentialAction\":[{\"@type\":\"SearchAction\",\"target\":{\"@type\":\"EntryPoint\",\"urlTemplate\":\"https:\/\/futbolhoy.co\/?s={search_term_string}\"},\"query-input\":{\"@type\":\"PropertyValueSpecification\",\"valueRequired\":true,\"valueName\":\"search_term_string\"}}],\"inLanguage\":\"es\"},{\"@type\":\"Organization\",\"@id\":\"https:\/\/futbolhoy.co\/#organization\",\"name\":\"Futbolhoy.co\",\"url\":\"https:\/\/futbolhoy.co\/\",\"logo\":{\"@type\":\"ImageObject\",\"inLanguage\":\"es\",\"@id\":\"https:\/\/futbolhoy.co\/#\/schema\/logo\/image\/\",\"url\":\"https:\/\/futbolhoy.co\/wp-content\/uploads\/2018\/08\/17426380_1906371736249227_6326180412931521141_n.jpg\",\"contentUrl\":\"https:\/\/futbolhoy.co\/wp-content\/uploads\/2018\/08\/17426380_1906371736249227_6326180412931521141_n.jpg\",\"width\":960,\"height\":960,\"caption\":\"Futbolhoy.co\"},\"image\":{\"@id\":\"https:\/\/futbolhoy.co\/#\/schema\/logo\/image\/\"},\"sameAs\":[\"https:\/\/www.facebook.com\/FutbolHoyCol\/\",\"https:\/\/x.com\/FutbolHoyCol\",\"https:\/\/www.instagram.com\/futbolhoycol\/\"]},{\"@type\":\"Person\",\"@id\":\"https:\/\/futbolhoy.co\/#\/schema\/person\/c4a353a512b127643723a34bb1812f7d\",\"name\":\"Laura Hern\u00e1ndez\",\"image\":{\"@type\":\"ImageObject\",\"inLanguage\":\"es\",\"@id\":\"https:\/\/futbolhoy.co\/#\/schema\/person\/image\/\",\"url\":\"https:\/\/secure.gravatar.com\/avatar\/d25959a15b9b293a743f99181c7cfd01?s=96&d=mm&r=g\",\"contentUrl\":\"https:\/\/secure.gravatar.com\/avatar\/d25959a15b9b293a743f99181c7cfd01?s=96&d=mm&r=g\",\"caption\":\"Laura Hern\u00e1ndez\"}}]}<\/script>\n<!-- \/ Yoast SEO plugin. -->","yoast_head_json":{"title":"Hinchas de Sporting Cristal critican refuerzo colombiano -","robots":{"index":"index","follow":"follow","max-snippet":"max-snippet:-1","max-image-preview":"max-image-preview:large","max-video-preview":"max-video-preview:-1"},"canonical":"https:\/\/futbolhoy.co\/index.php\/2021\/12\/26\/hinchas-de-sporting-cristal-critican-refuerzo-colombiano\/","og_locale":"es_ES","og_type":"article","og_title":"Hinchas de Sporting Cristal critican refuerzo colombiano -","og_description":"(Roberto Mosquera, DT del Sporting Cristal) El delantero chocoano John Jairo Mosquera, nuevo refuerzo del Sporting Cristal peruano, est\u00e1 muy golpeado por las cr\u00edticas e insultos que ha recibido en las redes sociales de parte de varios aficionados molestos por su llegada al equipo, asegur\u00f3 el t\u00e9cnico Roberto Mosquera. \u201cEstamos muy sentidos, muy sensibles y [&hellip;]","og_url":"https:\/\/futbolhoy.co\/index.php\/2021\/12\/26\/hinchas-de-sporting-cristal-critican-refuerzo-colombiano\/","article_publisher":"https:\/\/www.facebook.com\/FutbolHoyCol\/","article_published_time":"2021-12-26T13:09:43+00:00","article_modified_time":"2021-12-27T15:09:08+00:00","og_image":[{"width":1200,"height":1495,"url":"https:\/\/futbolhoy.co\/wp-content\/uploads\/2021\/12\/4183861B-F79E-4F98-A7D3-D261DCD39539.jpeg","type":"image\/jpeg"}],"author":"Laura Hern\u00e1ndez","twitter_card":"summary_large_image","twitter_creator":"@FutbolHoyCol","twitter_site":"@FutbolHoyCol","twitter_misc":{"Escrito por":"Laura Hern\u00e1ndez","Tiempo de lectura":"1 minuto"},"schema":{"@context":"https:\/\/schema.org","@graph":[{"@type":"Article","@id":"https:\/\/futbolhoy.co\/index.php\/2021\/12\/26\/hinchas-de-sporting-cristal-critican-refuerzo-colombiano\/#article","isPartOf":{"@id":"https:\/\/futbolhoy.co\/index.php\/2021\/12\/26\/hinchas-de-sporting-cristal-critican-refuerzo-colombiano\/"},"author":{"name":"Laura Hern\u00e1ndez","@id":"https:\/\/futbolhoy.co\/#\/schema\/person\/c4a353a512b127643723a34bb1812f7d"},"headline":"Hinchas de Sporting Cristal critican refuerzo colombiano","datePublished":"2021-12-26T13:09:43+00:00","dateModified":"2021-12-27T15:09:08+00:00","mainEntityOfPage":{"@id":"https:\/\/futbolhoy.co\/index.php\/2021\/12\/26\/hinchas-de-sporting-cristal-critican-refuerzo-colombiano\/"},"wordCount":244,"commentCount":0,"publisher":{"@id":"https:\/\/futbolhoy.co\/#organization"},"image":{"@id":"https:\/\/futbolhoy.co\/index.php\/2021\/12\/26\/hinchas-de-sporting-cristal-critican-refuerzo-colombiano\/#primaryimage"},"thumbnailUrl":"https:\/\/futbolhoy.co\/wp-content\/uploads\/2021\/12\/4183861B-F79E-4F98-A7D3-D261DCD39539.jpeg","keywords":["Sporting Cristal"],"articleSection":["Mundo Futbol"],"inLanguage":"es","potentialAction":[{"@type":"CommentAction","name":"Comment","target":["https:\/\/futbolhoy.co\/index.php\/2021\/12\/26\/hinchas-de-sporting-cristal-critican-refuerzo-colombiano\/#respond"]}]},{"@type":"WebPage","@id":"https:\/\/futbolhoy.co\/index.php\/2021\/12\/26\/hinchas-de-sporting-cristal-critican-refuerzo-colombiano\/","url":"https:\/\/futbolhoy.co\/index.php\/2021\/12\/26\/hinchas-de-sporting-cristal-critican-refuerzo-colombiano\/","name":"Hinchas de Sporting Cristal critican refuerzo colombiano -","isPartOf":{"@id":"https:\/\/futbolhoy.co\/#website"},"primaryImageOfPage":{"@id":"https:\/\/futbolhoy.co\/index.php\/2021\/12\/26\/hinchas-de-sporting-cristal-critican-refuerzo-colombiano\/#primaryimage"},"image":{"@id":"https:\/\/futbolhoy.co\/index.php\/2021\/12\/26\/hinchas-de-sporting-cristal-critican-refuerzo-colombiano\/#primaryimage"},"thumbnailUrl":"https:\/\/futbolhoy.co\/wp-content\/uploads\/2021\/12\/4183861B-F79E-4F98-A7D3-D261DCD39539.jpeg","datePublished":"2021-12-26T13:09:43+00:00","dateModified":"2021-12-27T15:09:08+00:00","breadcrumb":{"@id":"https:\/\/futbolhoy.co\/index.php\/2021\/12\/26\/hinchas-de-sporting-cristal-critican-refuerzo-colombiano\/#breadcrumb"},"inLanguage":"es","potentialAction":[{"@type":"ReadAction","target":["https:\/\/futbolhoy.co\/index.php\/2021\/12\/26\/hinchas-de-sporting-cristal-critican-refuerzo-colombiano\/"]}]},{"@type":"ImageObject","inLanguage":"es","@id":"https:\/\/futbolhoy.co\/index.php\/2021\/12\/26\/hinchas-de-sporting-cristal-critican-refuerzo-colombiano\/#primaryimage","url":"https:\/\/futbolhoy.co\/wp-content\/uploads\/2021\/12\/4183861B-F79E-4F98-A7D3-D261DCD39539.jpeg","contentUrl":"https:\/\/futbolhoy.co\/wp-content\/uploads\/2021\/12\/4183861B-F79E-4F98-A7D3-D261DCD39539.jpeg","width":1200,"height":1495},{"@type":"BreadcrumbList","@id":"https:\/\/futbolhoy.co\/index.php\/2021\/12\/26\/hinchas-de-sporting-cristal-critican-refuerzo-colombiano\/#breadcrumb","itemListElement":[{"@type":"ListItem","position":1,"name":"Portada","item":"https:\/\/futbolhoy.co\/"},{"@type":"ListItem","position":2,"name":"Hinchas de Sporting Cristal critican refuerzo colombiano"}]},{"@type":"WebSite","@id":"https:\/\/futbolhoy.co\/#website","url":"https:\/\/futbolhoy.co\/","name":"FutbolHoy","description":"","publisher":{"@id":"https:\/\/futbolhoy.co\/#organization"},"potentialAction":[{"@type":"SearchAction","target":{"@type":"EntryPoint","urlTemplate":"https:\/\/futbolhoy.co\/?s={search_term_string}"},"query-input":{"@type":"PropertyValueSpecification","valueRequired":true,"valueName":"search_term_string"}}],"inLanguage":"es"},{"@type":"Organization","@id":"https:\/\/futbolhoy.co\/#organization","name":"Futbolhoy.co","url":"https:\/\/futbolhoy.co\/","logo":{"@type":"ImageObject","inLanguage":"es","@id":"https:\/\/futbolhoy.co\/#\/schema\/logo\/image\/","url":"https:\/\/futbolhoy.co\/wp-content\/uploads\/2018\/08\/17426380_1906371736249227_6326180412931521141_n.jpg","contentUrl":"https:\/\/futbolhoy.co\/wp-content\/uploads\/2018\/08\/17426380_1906371736249227_6326180412931521141_n.jpg","width":960,"height":960,"caption":"Futbolhoy.co"},"image":{"@id":"https:\/\/futbolhoy.co\/#\/schema\/logo\/image\/"},"sameAs":["https:\/\/www.facebook.com\/FutbolHoyCol\/","https:\/\/x.com\/FutbolHoyCol","https:\/\/www.instagram.com\/futbolhoycol\/"]},{"@type":"Person","@id":"https:\/\/futbolhoy.co\/#\/schema\/person\/c4a353a512b127643723a34bb1812f7d","name":"Laura Hern\u00e1ndez","image":{"@type":"ImageObject","inLanguage":"es","@id":"https:\/\/futbolhoy.co\/#\/schema\/person\/image\/","url":"https:\/\/secure.gravatar.com\/avatar\/d25959a15b9b293a743f99181c7cfd01?s=96&d=mm&r=g","contentUrl":"https:\/\/secure.gravatar.com\/avatar\/d25959a15b9b293a743f99181c7cfd01?s=96&d=mm&r=g","caption":"Laura Hern\u00e1ndez"}}]}},"publishpress_future_action":{"enabled":false,"date":"2026-05-04 05:41:38","action":"change-status","newStatus":"draft","terms":[],"taxonomy":"category","extraData":[]},"publishpress_future_workflow_manual_trigger":{"enabledWorkflows":[]},"_links":{"self":[{"href":"https:\/\/futbolhoy.co\/index.php\/wp-json\/wp\/v2\/posts\/73907","targetHints":{"allow":["GET"]}}],"collection":[{"href":"https:\/\/futbolhoy.co\/index.php\/wp-json\/wp\/v2\/posts"}],"about":[{"href":"https:\/\/futbolhoy.co\/index.php\/wp-json\/wp\/v2\/types\/post"}],"author":[{"embeddable":true,"href":"https:\/\/futbolhoy.co\/index.php\/wp-json\/wp\/v2\/users\/5"}],"replies":[{"embeddable":true,"href":"https:\/\/futbolhoy.co\/index.php\/wp-json\/wp\/v2\/comments?post=73907"}],"version-history":[{"count":1,"href":"https:\/\/futbolhoy.co\/index.php\/wp-json\/wp\/v2\/posts\/73907\/revisions"}],"predecessor-version":[{"id":73909,"href":"https:\/\/futbolhoy.co\/index.php\/wp-json\/wp\/v2\/posts\/73907\/revisions\/73909"}],"wp:featuredmedia":[{"embeddable":true,"href":"https:\/\/futbolhoy.co\/index.php\/wp-json\/wp\/v2\/media\/73864"}],"wp:attachment":[{"href":"https:\/\/futbolhoy.co\/index.php\/wp-json\/wp\/v2\/media?parent=73907"}],"wp:term":[{"taxonomy":"category","embeddable":true,"href":"https:\/\/futbolhoy.co\/index.php\/wp-json\/wp\/v2\/categories?post=73907"},{"taxonomy":"post_tag","embeddable":true,"href":"https:\/\/futbolhoy.co\/index.php\/wp-json\/wp\/v2\/tags?post=73907"}],"curies":[{"name":"wp","href":"https:\/\/api.w.org\/{rel}","templated":true}]}}