{"id":73912,"date":"2021-12-26T12:15:42","date_gmt":"2021-12-26T17:15:42","guid":{"rendered":"https:\/\/futbolhoy.co\/?p=73912"},"modified":"2021-12-27T16:32:28","modified_gmt":"2021-12-27T21:32:28","slug":"morelos-cerro-el-ano-con-gol","status":"publish","type":"post","link":"https:\/\/futbolhoy.co\/index.php\/2021\/12\/26\/morelos-cerro-el-ano-con-gol\/","title":{"rendered":"Morelos cerr\u00f3 el a\u00f1o con gol"},"content":{"rendered":"<p class=\"x_ydp4fa66391MsoNormal\" style=\"text-align: justify;\"><span style=\"font-family: helvetica, arial, sans-serif;\">El cordob\u00e9s <strong>Alfredo Morelos<\/strong> marc\u00f3 un gol en la victoria de <strong>Rangers<\/strong> 2-0 sobre<strong> St. Mirren<\/strong>, en partido por la fecha 20 de la <strong>Liga de Escocia.<\/strong><\/span><\/p>\n<p class=\"x_ydp4fa66391MsoNormal\" style=\"text-align: justify;\"><span style=\"font-family: helvetica, arial, sans-serif;\">Morelos, quien estuvo todo el juego, anot\u00f3 a los 27 minutos, luego de un rebote, y complet\u00f3 8 goles durante esta temporada en Liga. En total sum\u00f3 10 tantos en todas las competencias.<\/span><\/p>\n<p class=\"x_ydp4fa66391MsoNormal\" style=\"text-align: justify;\"><span style=\"font-family: helvetica, arial, sans-serif;\">La otra anotaci\u00f3n de su equipo fue obra de <strong>Scott Wright,<\/strong> asistido por <strong>Joe Aribo<\/strong>, a los 14 minutos<\/span><\/p>\n<p class=\"x_ydp4fa66391MsoNormal\" style=\"text-align: justify;\"><span style=\"font-family: helvetica, arial, sans-serif;\">Con esta victoria, Rangers cierra el a\u00f1o como solido l\u00edder con 51 puntos y en la pr\u00f3xima fecha -prevista para el 18 de enero- recibir\u00e1 a <strong>Aberdeen<\/strong>.<\/span><\/p>\n<p class=\"x_ydp4fa66391MsoNormal\" style=\"text-align: justify;\"><span style=\"font-family: helvetica, arial, sans-serif;\">El colombiano est\u00e1 afrontando el segundo promedio m\u00e1s bajo desde que lleg\u00f3 a Rangers. En la temporada 2020\/2021, a esta altura de la Liga hab\u00eda marcado solo cuadro goles, mientras que en la actual lleva 8.<\/span><\/p>\n<blockquote class=\"twitter-tweet\">\n<p dir=\"ltr\" lang=\"es\">Claro claro no se ve, pero aqu\u00ed est\u00e1 el gol de Alfredo Morelos que finiquit\u00f3 la victoria de Rangers sobre Dt. Mirren por 2-0. As\u00ed cierra el b\u00fafalo su semestre, con 12 goles y 7 asistencias en el club escoc\u00e9s.<a href=\"https:\/\/t.co\/bwKw3ArjpB\">pic.twitter.com\/bwKw3ArjpB<\/a><\/p>\n<p>\u2014 Lucho Tricolor (@LuchoTricolorOf) <a href=\"https:\/\/twitter.com\/LuchoTricolorOf\/status\/1475173142716952581?ref_src=twsrc%5Etfw\">December 26, 2021<\/a><\/p><\/blockquote>\n<p><script async src=\"https:\/\/platform.twitter.com\/widgets.js\" charset=\"utf-8\"><\/script><\/p>\n","protected":false},"excerpt":{"rendered":"<p>El cordob\u00e9s Alfredo Morelos marc\u00f3 un gol en la victoria de Rangers 2-0 sobre St. Mirren, en partido por la fecha 20 de la Liga de Escocia. Morelos, quien estuvo todo el juego, anot\u00f3 a los 27 minutos, luego de un rebote, y complet\u00f3 8 goles durante esta temporada en Liga. En total sum\u00f3 10 [&hellip;]<\/p>\n","protected":false},"author":5,"featured_media":73913,"comment_status":"open","ping_status":"open","sticky":false,"template":"","format":"standard","meta":{"_acf_changed":false,"footnotes":""},"categories":[418],"tags":[],"class_list":{"0":"post-73912","1":"post","2":"type-post","3":"status-publish","4":"format-standard","5":"has-post-thumbnail","7":"category-colombia"},"acf":[],"yoast_head":"<!-- This site is optimized with the Yoast SEO plugin v26.8 - https:\/\/yoast.com\/product\/yoast-seo-wordpress\/ -->\n<title>Morelos cerr\u00f3 el a\u00f1o con gol -<\/title>\n<meta name=\"robots\" content=\"index, follow, max-snippet:-1, max-image-preview:large, max-video-preview:-1\" \/>\n<link rel=\"canonical\" href=\"https:\/\/futbolhoy.co\/index.php\/2021\/12\/26\/morelos-cerro-el-ano-con-gol\/\" \/>\n<meta property=\"og:locale\" content=\"es_ES\" \/>\n<meta property=\"og:type\" content=\"article\" \/>\n<meta property=\"og:title\" content=\"Morelos cerr\u00f3 el a\u00f1o con gol -\" \/>\n<meta property=\"og:description\" content=\"El cordob\u00e9s Alfredo Morelos marc\u00f3 un gol en la victoria de Rangers 2-0 sobre St. Mirren, en partido por la fecha 20 de la Liga de Escocia. Morelos, quien estuvo todo el juego, anot\u00f3 a los 27 minutos, luego de un rebote, y complet\u00f3 8 goles durante esta temporada en Liga. En total sum\u00f3 10 [&hellip;]\" \/>\n<meta property=\"og:url\" content=\"https:\/\/futbolhoy.co\/index.php\/2021\/12\/26\/morelos-cerro-el-ano-con-gol\/\" \/>\n<meta property=\"article:publisher\" content=\"https:\/\/www.facebook.com\/FutbolHoyCol\/\" \/>\n<meta property=\"article:published_time\" content=\"2021-12-26T17:15:42+00:00\" \/>\n<meta property=\"article:modified_time\" content=\"2021-12-27T21:32:28+00:00\" \/>\n<meta property=\"og:image\" content=\"https:\/\/futbolhoy.co\/wp-content\/uploads\/2021\/12\/9012CDCB-5C47-4C95-B55B-338BB41BDA95.jpeg\" \/>\n\t<meta property=\"og:image:width\" content=\"857\" \/>\n\t<meta property=\"og:image:height\" content=\"1200\" \/>\n\t<meta property=\"og:image:type\" content=\"image\/jpeg\" \/>\n<meta name=\"author\" content=\"Laura Hern\u00e1ndez\" \/>\n<meta name=\"twitter:card\" content=\"summary_large_image\" \/>\n<meta name=\"twitter:creator\" content=\"@FutbolHoyCol\" \/>\n<meta name=\"twitter:site\" content=\"@FutbolHoyCol\" \/>\n<meta name=\"twitter:label1\" content=\"Escrito por\" \/>\n\t<meta name=\"twitter:data1\" content=\"Laura Hern\u00e1ndez\" \/>\n\t<meta name=\"twitter:label2\" content=\"Tiempo de lectura\" \/>\n\t<meta name=\"twitter:data2\" content=\"1 minuto\" \/>\n<script type=\"application\/ld+json\" class=\"yoast-schema-graph\">{\"@context\":\"https:\/\/schema.org\",\"@graph\":[{\"@type\":\"Article\",\"@id\":\"https:\/\/futbolhoy.co\/index.php\/2021\/12\/26\/morelos-cerro-el-ano-con-gol\/#article\",\"isPartOf\":{\"@id\":\"https:\/\/futbolhoy.co\/index.php\/2021\/12\/26\/morelos-cerro-el-ano-con-gol\/\"},\"author\":{\"name\":\"Laura Hern\u00e1ndez\",\"@id\":\"https:\/\/futbolhoy.co\/#\/schema\/person\/c4a353a512b127643723a34bb1812f7d\"},\"headline\":\"Morelos cerr\u00f3 el a\u00f1o con gol\",\"datePublished\":\"2021-12-26T17:15:42+00:00\",\"dateModified\":\"2021-12-27T21:32:28+00:00\",\"mainEntityOfPage\":{\"@id\":\"https:\/\/futbolhoy.co\/index.php\/2021\/12\/26\/morelos-cerro-el-ano-con-gol\/\"},\"wordCount\":196,\"commentCount\":0,\"publisher\":{\"@id\":\"https:\/\/futbolhoy.co\/#organization\"},\"image\":{\"@id\":\"https:\/\/futbolhoy.co\/index.php\/2021\/12\/26\/morelos-cerro-el-ano-con-gol\/#primaryimage\"},\"thumbnailUrl\":\"https:\/\/futbolhoy.co\/wp-content\/uploads\/2021\/12\/9012CDCB-5C47-4C95-B55B-338BB41BDA95.jpeg\",\"articleSection\":[\"Colombia\"],\"inLanguage\":\"es\",\"potentialAction\":[{\"@type\":\"CommentAction\",\"name\":\"Comment\",\"target\":[\"https:\/\/futbolhoy.co\/index.php\/2021\/12\/26\/morelos-cerro-el-ano-con-gol\/#respond\"]}]},{\"@type\":\"WebPage\",\"@id\":\"https:\/\/futbolhoy.co\/index.php\/2021\/12\/26\/morelos-cerro-el-ano-con-gol\/\",\"url\":\"https:\/\/futbolhoy.co\/index.php\/2021\/12\/26\/morelos-cerro-el-ano-con-gol\/\",\"name\":\"Morelos cerr\u00f3 el a\u00f1o con gol -\",\"isPartOf\":{\"@id\":\"https:\/\/futbolhoy.co\/#website\"},\"primaryImageOfPage\":{\"@id\":\"https:\/\/futbolhoy.co\/index.php\/2021\/12\/26\/morelos-cerro-el-ano-con-gol\/#primaryimage\"},\"image\":{\"@id\":\"https:\/\/futbolhoy.co\/index.php\/2021\/12\/26\/morelos-cerro-el-ano-con-gol\/#primaryimage\"},\"thumbnailUrl\":\"https:\/\/futbolhoy.co\/wp-content\/uploads\/2021\/12\/9012CDCB-5C47-4C95-B55B-338BB41BDA95.jpeg\",\"datePublished\":\"2021-12-26T17:15:42+00:00\",\"dateModified\":\"2021-12-27T21:32:28+00:00\",\"breadcrumb\":{\"@id\":\"https:\/\/futbolhoy.co\/index.php\/2021\/12\/26\/morelos-cerro-el-ano-con-gol\/#breadcrumb\"},\"inLanguage\":\"es\",\"potentialAction\":[{\"@type\":\"ReadAction\",\"target\":[\"https:\/\/futbolhoy.co\/index.php\/2021\/12\/26\/morelos-cerro-el-ano-con-gol\/\"]}]},{\"@type\":\"ImageObject\",\"inLanguage\":\"es\",\"@id\":\"https:\/\/futbolhoy.co\/index.php\/2021\/12\/26\/morelos-cerro-el-ano-con-gol\/#primaryimage\",\"url\":\"https:\/\/futbolhoy.co\/wp-content\/uploads\/2021\/12\/9012CDCB-5C47-4C95-B55B-338BB41BDA95.jpeg\",\"contentUrl\":\"https:\/\/futbolhoy.co\/wp-content\/uploads\/2021\/12\/9012CDCB-5C47-4C95-B55B-338BB41BDA95.jpeg\",\"width\":857,\"height\":1200},{\"@type\":\"BreadcrumbList\",\"@id\":\"https:\/\/futbolhoy.co\/index.php\/2021\/12\/26\/morelos-cerro-el-ano-con-gol\/#breadcrumb\",\"itemListElement\":[{\"@type\":\"ListItem\",\"position\":1,\"name\":\"Portada\",\"item\":\"https:\/\/futbolhoy.co\/\"},{\"@type\":\"ListItem\",\"position\":2,\"name\":\"Morelos cerr\u00f3 el a\u00f1o con gol\"}]},{\"@type\":\"WebSite\",\"@id\":\"https:\/\/futbolhoy.co\/#website\",\"url\":\"https:\/\/futbolhoy.co\/\",\"name\":\"FutbolHoy\",\"description\":\"\",\"publisher\":{\"@id\":\"https:\/\/futbolhoy.co\/#organization\"},\"potentialAction\":[{\"@type\":\"SearchAction\",\"target\":{\"@type\":\"EntryPoint\",\"urlTemplate\":\"https:\/\/futbolhoy.co\/?s={search_term_string}\"},\"query-input\":{\"@type\":\"PropertyValueSpecification\",\"valueRequired\":true,\"valueName\":\"search_term_string\"}}],\"inLanguage\":\"es\"},{\"@type\":\"Organization\",\"@id\":\"https:\/\/futbolhoy.co\/#organization\",\"name\":\"Futbolhoy.co\",\"url\":\"https:\/\/futbolhoy.co\/\",\"logo\":{\"@type\":\"ImageObject\",\"inLanguage\":\"es\",\"@id\":\"https:\/\/futbolhoy.co\/#\/schema\/logo\/image\/\",\"url\":\"https:\/\/futbolhoy.co\/wp-content\/uploads\/2018\/08\/17426380_1906371736249227_6326180412931521141_n.jpg\",\"contentUrl\":\"https:\/\/futbolhoy.co\/wp-content\/uploads\/2018\/08\/17426380_1906371736249227_6326180412931521141_n.jpg\",\"width\":960,\"height\":960,\"caption\":\"Futbolhoy.co\"},\"image\":{\"@id\":\"https:\/\/futbolhoy.co\/#\/schema\/logo\/image\/\"},\"sameAs\":[\"https:\/\/www.facebook.com\/FutbolHoyCol\/\",\"https:\/\/x.com\/FutbolHoyCol\",\"https:\/\/www.instagram.com\/futbolhoycol\/\"]},{\"@type\":\"Person\",\"@id\":\"https:\/\/futbolhoy.co\/#\/schema\/person\/c4a353a512b127643723a34bb1812f7d\",\"name\":\"Laura Hern\u00e1ndez\",\"image\":{\"@type\":\"ImageObject\",\"inLanguage\":\"es\",\"@id\":\"https:\/\/futbolhoy.co\/#\/schema\/person\/image\/\",\"url\":\"https:\/\/secure.gravatar.com\/avatar\/d25959a15b9b293a743f99181c7cfd01?s=96&d=mm&r=g\",\"contentUrl\":\"https:\/\/secure.gravatar.com\/avatar\/d25959a15b9b293a743f99181c7cfd01?s=96&d=mm&r=g\",\"caption\":\"Laura Hern\u00e1ndez\"}}]}<\/script>\n<!-- \/ Yoast SEO plugin. -->","yoast_head_json":{"title":"Morelos cerr\u00f3 el a\u00f1o con gol -","robots":{"index":"index","follow":"follow","max-snippet":"max-snippet:-1","max-image-preview":"max-image-preview:large","max-video-preview":"max-video-preview:-1"},"canonical":"https:\/\/futbolhoy.co\/index.php\/2021\/12\/26\/morelos-cerro-el-ano-con-gol\/","og_locale":"es_ES","og_type":"article","og_title":"Morelos cerr\u00f3 el a\u00f1o con gol -","og_description":"El cordob\u00e9s Alfredo Morelos marc\u00f3 un gol en la victoria de Rangers 2-0 sobre St. Mirren, en partido por la fecha 20 de la Liga de Escocia. Morelos, quien estuvo todo el juego, anot\u00f3 a los 27 minutos, luego de un rebote, y complet\u00f3 8 goles durante esta temporada en Liga. En total sum\u00f3 10 [&hellip;]","og_url":"https:\/\/futbolhoy.co\/index.php\/2021\/12\/26\/morelos-cerro-el-ano-con-gol\/","article_publisher":"https:\/\/www.facebook.com\/FutbolHoyCol\/","article_published_time":"2021-12-26T17:15:42+00:00","article_modified_time":"2021-12-27T21:32:28+00:00","og_image":[{"width":857,"height":1200,"url":"https:\/\/futbolhoy.co\/wp-content\/uploads\/2021\/12\/9012CDCB-5C47-4C95-B55B-338BB41BDA95.jpeg","type":"image\/jpeg"}],"author":"Laura Hern\u00e1ndez","twitter_card":"summary_large_image","twitter_creator":"@FutbolHoyCol","twitter_site":"@FutbolHoyCol","twitter_misc":{"Escrito por":"Laura Hern\u00e1ndez","Tiempo de lectura":"1 minuto"},"schema":{"@context":"https:\/\/schema.org","@graph":[{"@type":"Article","@id":"https:\/\/futbolhoy.co\/index.php\/2021\/12\/26\/morelos-cerro-el-ano-con-gol\/#article","isPartOf":{"@id":"https:\/\/futbolhoy.co\/index.php\/2021\/12\/26\/morelos-cerro-el-ano-con-gol\/"},"author":{"name":"Laura Hern\u00e1ndez","@id":"https:\/\/futbolhoy.co\/#\/schema\/person\/c4a353a512b127643723a34bb1812f7d"},"headline":"Morelos cerr\u00f3 el a\u00f1o con gol","datePublished":"2021-12-26T17:15:42+00:00","dateModified":"2021-12-27T21:32:28+00:00","mainEntityOfPage":{"@id":"https:\/\/futbolhoy.co\/index.php\/2021\/12\/26\/morelos-cerro-el-ano-con-gol\/"},"wordCount":196,"commentCount":0,"publisher":{"@id":"https:\/\/futbolhoy.co\/#organization"},"image":{"@id":"https:\/\/futbolhoy.co\/index.php\/2021\/12\/26\/morelos-cerro-el-ano-con-gol\/#primaryimage"},"thumbnailUrl":"https:\/\/futbolhoy.co\/wp-content\/uploads\/2021\/12\/9012CDCB-5C47-4C95-B55B-338BB41BDA95.jpeg","articleSection":["Colombia"],"inLanguage":"es","potentialAction":[{"@type":"CommentAction","name":"Comment","target":["https:\/\/futbolhoy.co\/index.php\/2021\/12\/26\/morelos-cerro-el-ano-con-gol\/#respond"]}]},{"@type":"WebPage","@id":"https:\/\/futbolhoy.co\/index.php\/2021\/12\/26\/morelos-cerro-el-ano-con-gol\/","url":"https:\/\/futbolhoy.co\/index.php\/2021\/12\/26\/morelos-cerro-el-ano-con-gol\/","name":"Morelos cerr\u00f3 el a\u00f1o con gol -","isPartOf":{"@id":"https:\/\/futbolhoy.co\/#website"},"primaryImageOfPage":{"@id":"https:\/\/futbolhoy.co\/index.php\/2021\/12\/26\/morelos-cerro-el-ano-con-gol\/#primaryimage"},"image":{"@id":"https:\/\/futbolhoy.co\/index.php\/2021\/12\/26\/morelos-cerro-el-ano-con-gol\/#primaryimage"},"thumbnailUrl":"https:\/\/futbolhoy.co\/wp-content\/uploads\/2021\/12\/9012CDCB-5C47-4C95-B55B-338BB41BDA95.jpeg","datePublished":"2021-12-26T17:15:42+00:00","dateModified":"2021-12-27T21:32:28+00:00","breadcrumb":{"@id":"https:\/\/futbolhoy.co\/index.php\/2021\/12\/26\/morelos-cerro-el-ano-con-gol\/#breadcrumb"},"inLanguage":"es","potentialAction":[{"@type":"ReadAction","target":["https:\/\/futbolhoy.co\/index.php\/2021\/12\/26\/morelos-cerro-el-ano-con-gol\/"]}]},{"@type":"ImageObject","inLanguage":"es","@id":"https:\/\/futbolhoy.co\/index.php\/2021\/12\/26\/morelos-cerro-el-ano-con-gol\/#primaryimage","url":"https:\/\/futbolhoy.co\/wp-content\/uploads\/2021\/12\/9012CDCB-5C47-4C95-B55B-338BB41BDA95.jpeg","contentUrl":"https:\/\/futbolhoy.co\/wp-content\/uploads\/2021\/12\/9012CDCB-5C47-4C95-B55B-338BB41BDA95.jpeg","width":857,"height":1200},{"@type":"BreadcrumbList","@id":"https:\/\/futbolhoy.co\/index.php\/2021\/12\/26\/morelos-cerro-el-ano-con-gol\/#breadcrumb","itemListElement":[{"@type":"ListItem","position":1,"name":"Portada","item":"https:\/\/futbolhoy.co\/"},{"@type":"ListItem","position":2,"name":"Morelos cerr\u00f3 el a\u00f1o con gol"}]},{"@type":"WebSite","@id":"https:\/\/futbolhoy.co\/#website","url":"https:\/\/futbolhoy.co\/","name":"FutbolHoy","description":"","publisher":{"@id":"https:\/\/futbolhoy.co\/#organization"},"potentialAction":[{"@type":"SearchAction","target":{"@type":"EntryPoint","urlTemplate":"https:\/\/futbolhoy.co\/?s={search_term_string}"},"query-input":{"@type":"PropertyValueSpecification","valueRequired":true,"valueName":"search_term_string"}}],"inLanguage":"es"},{"@type":"Organization","@id":"https:\/\/futbolhoy.co\/#organization","name":"Futbolhoy.co","url":"https:\/\/futbolhoy.co\/","logo":{"@type":"ImageObject","inLanguage":"es","@id":"https:\/\/futbolhoy.co\/#\/schema\/logo\/image\/","url":"https:\/\/futbolhoy.co\/wp-content\/uploads\/2018\/08\/17426380_1906371736249227_6326180412931521141_n.jpg","contentUrl":"https:\/\/futbolhoy.co\/wp-content\/uploads\/2018\/08\/17426380_1906371736249227_6326180412931521141_n.jpg","width":960,"height":960,"caption":"Futbolhoy.co"},"image":{"@id":"https:\/\/futbolhoy.co\/#\/schema\/logo\/image\/"},"sameAs":["https:\/\/www.facebook.com\/FutbolHoyCol\/","https:\/\/x.com\/FutbolHoyCol","https:\/\/www.instagram.com\/futbolhoycol\/"]},{"@type":"Person","@id":"https:\/\/futbolhoy.co\/#\/schema\/person\/c4a353a512b127643723a34bb1812f7d","name":"Laura Hern\u00e1ndez","image":{"@type":"ImageObject","inLanguage":"es","@id":"https:\/\/futbolhoy.co\/#\/schema\/person\/image\/","url":"https:\/\/secure.gravatar.com\/avatar\/d25959a15b9b293a743f99181c7cfd01?s=96&d=mm&r=g","contentUrl":"https:\/\/secure.gravatar.com\/avatar\/d25959a15b9b293a743f99181c7cfd01?s=96&d=mm&r=g","caption":"Laura Hern\u00e1ndez"}}]}},"publishpress_future_action":{"enabled":false,"date":"2026-05-04 11:12:29","action":"change-status","newStatus":"draft","terms":[],"taxonomy":"category","extraData":[]},"publishpress_future_workflow_manual_trigger":{"enabledWorkflows":[]},"_links":{"self":[{"href":"https:\/\/futbolhoy.co\/index.php\/wp-json\/wp\/v2\/posts\/73912","targetHints":{"allow":["GET"]}}],"collection":[{"href":"https:\/\/futbolhoy.co\/index.php\/wp-json\/wp\/v2\/posts"}],"about":[{"href":"https:\/\/futbolhoy.co\/index.php\/wp-json\/wp\/v2\/types\/post"}],"author":[{"embeddable":true,"href":"https:\/\/futbolhoy.co\/index.php\/wp-json\/wp\/v2\/users\/5"}],"replies":[{"embeddable":true,"href":"https:\/\/futbolhoy.co\/index.php\/wp-json\/wp\/v2\/comments?post=73912"}],"version-history":[{"count":3,"href":"https:\/\/futbolhoy.co\/index.php\/wp-json\/wp\/v2\/posts\/73912\/revisions"}],"predecessor-version":[{"id":73916,"href":"https:\/\/futbolhoy.co\/index.php\/wp-json\/wp\/v2\/posts\/73912\/revisions\/73916"}],"wp:featuredmedia":[{"embeddable":true,"href":"https:\/\/futbolhoy.co\/index.php\/wp-json\/wp\/v2\/media\/73913"}],"wp:attachment":[{"href":"https:\/\/futbolhoy.co\/index.php\/wp-json\/wp\/v2\/media?parent=73912"}],"wp:term":[{"taxonomy":"category","embeddable":true,"href":"https:\/\/futbolhoy.co\/index.php\/wp-json\/wp\/v2\/categories?post=73912"},{"taxonomy":"post_tag","embeddable":true,"href":"https:\/\/futbolhoy.co\/index.php\/wp-json\/wp\/v2\/tags?post=73912"}],"curies":[{"name":"wp","href":"https:\/\/api.w.org\/{rel}","templated":true}]}}