{"id":73925,"date":"2021-12-27T12:13:27","date_gmt":"2021-12-27T17:13:27","guid":{"rendered":"https:\/\/futbolhoy.co\/?p=73925"},"modified":"2021-12-28T07:22:10","modified_gmt":"2021-12-28T12:22:10","slug":"mbappe-se-llevo-el-globe-soccer","status":"publish","type":"post","link":"https:\/\/futbolhoy.co\/index.php\/2021\/12\/27\/mbappe-se-llevo-el-globe-soccer\/","title":{"rendered":"Mbapp\u00e9 se llev\u00f3 el Globe Soccer"},"content":{"rendered":"<p class=\"x_ydp379d8c85MsoNormal\" style=\"text-align: justify;\"><span lang=\"ES-MX\" style=\"font-family: helvetica, arial, sans-serif;\">El delantero franc\u00e9s <strong>Kylian Mbapp\u00e9,<\/strong> del <strong>Paris Saint Germain<\/strong>, recibi\u00f3 el <b>Globe Soccer<\/b>\u00a0al\u00a0<b>Mejor Jugador del A\u00f1o 2021<\/b>, en ceremonia realizada en <strong>Dubai,<\/strong> luego de marcar 52 goles en 63 partidos en todas las competiciones durante la temporada.<\/span><\/p>\n<p class=\"x_ydp379d8c85MsoNormal\" style=\"text-align: justify;\"><span lang=\"ES-MX\" style=\"font-family: helvetica, arial, sans-serif;\">Mbapp\u00e9, ganador de la\u00a0<b>Copa de Francia<\/b>\u00a0con el\u00a0<b>PSG<\/b>\u00a0y de la\u00a0<b>Liga de Naciones<\/b>\u00a0con la selecci\u00f3n, ocup\u00f3 el lugar del polaco\u00a0<b>Robert Lewandowski<\/b>, del\u00a0<b>Bayern M\u00fanich,<\/b>\u00a0ganador en 2020 y quien este a\u00f1o fue elegido por los aficionados como el jugador m\u00e1s destacado.<\/span><\/p>\n<p class=\"x_ydp379d8c85MsoNormal\" style=\"text-align: justify;\"><span lang=\"ES-MX\" style=\"font-family: helvetica, arial, sans-serif;\">El premio fue obtenido por el colombiano\u00a0<b>Falcao Garc\u00eda<\/b>\u00a0en 2012, cuando actuaba para el\u00a0<b>Atl\u00e9tico de Madrid.<\/b><\/span><\/p>\n<p class=\"x_ydp379d8c85MsoNormal\" style=\"text-align: justify;\"><span lang=\"ES-MX\" style=\"font-family: helvetica, arial, sans-serif;\">El italiano\u00a0<b>Roberto Mancini<\/b>, seleccionador de su pa\u00eds; y campe\u00f3n de la\u00a0<b>Euro<\/b>, fue elegido como el mejor entrenador de la temporada.<\/span><\/p>\n<p class=\"x_ydp379d8c85MsoNormal\" style=\"text-align: justify;\"><span style=\"font-family: helvetica, arial, sans-serif;\"><b><span lang=\"ES-MX\">Otros galardonados:<\/span><\/b><\/span><\/p>\n<p class=\"x_ydp379d8c85MsoNormal\" style=\"text-align: justify;\"><span style=\"font-family: helvetica, arial, sans-serif;\"><b><span lang=\"ES-MX\">Jugadora del A\u00f1o:<\/span><\/b><span lang=\"ES-MX\">\u00a0Alexia Putellas (Barcelona).<\/span><\/span><\/p>\n<p class=\"x_ydp379d8c85MsoNormal\" style=\"text-align: justify;\"><span style=\"font-family: helvetica, arial, sans-serif;\"><b><span lang=\"ES-MX\">Club femenino:<\/span><\/b><span lang=\"ES-MX\">\u00a0Barcelona, ganador de la Champions.<\/span><\/span><\/p>\n<p class=\"x_ydp379d8c85MsoNormal\" style=\"text-align: justify;\"><span style=\"font-family: helvetica, arial, sans-serif;\"><b><span lang=\"ES-MX\">Selecci\u00f3n del A\u00f1o:<\/span><\/b><span lang=\"ES-MX\">\u00a0Italia, campeona de la Eurocopa de Naciones.<\/span><\/span><\/p>\n<p class=\"x_ydp379d8c85MsoNormal\" style=\"text-align: justify;\"><span style=\"font-family: helvetica, arial, sans-serif;\"><b><span lang=\"ES-MX\">Goleador del A\u00f1o:<\/span><\/b><span lang=\"ES-MX\">\u00a0Robert Lewandowski (Polonia-Bayern M\u00fanich).<\/span><\/span><\/p>\n<p class=\"x_ydp379d8c85MsoNormal\" style=\"text-align: justify;\"><span style=\"font-family: helvetica, arial, sans-serif;\"><b><span lang=\"ES-MX\">Defensa del A\u00f1o:<\/span><\/b><span lang=\"ES-MX\">\u00a0Leonardo Bonucci (Juventus e Italia).<\/span><\/span><\/p>\n<p class=\"x_ydp379d8c85MsoNormal\" style=\"text-align: justify;\"><span style=\"font-family: helvetica, arial, sans-serif;\"><b><span lang=\"ES-MX\">Leyenda:<\/span><\/b><span lang=\"ES-MX\">\u00a0Ronaldinho Gaucho.<\/span><\/span><\/p>\n<p class=\"x_ydp379d8c85MsoNormal\" style=\"text-align: justify;\"><span style=\"font-family: helvetica, arial, sans-serif;\"><b><span lang=\"ES-MX\">Gerente Deportivo:<\/span><\/b><span lang=\"ES-MX\">\u00a0Txiki Begiristain del M\u00e1nchester City.<\/span><\/span><\/p>\n<p class=\"x_ydp379d8c85MsoNormal\" style=\"text-align: justify;\"><span style=\"font-family: helvetica, arial, sans-serif;\"><b><span lang=\"ES-MX\">Agente del A\u00f1o:<\/span><\/b><span lang=\"ES-MX\">\u00a0Federico Pastorelo.<\/span><\/span><\/p>\n","protected":false},"excerpt":{"rendered":"<p>El delantero franc\u00e9s Kylian Mbapp\u00e9, del Paris Saint Germain, recibi\u00f3 el Globe Soccer\u00a0al\u00a0Mejor Jugador del A\u00f1o 2021, en ceremonia realizada en Dubai, luego de marcar 52 goles en 63 partidos en todas las competiciones durante la temporada. Mbapp\u00e9, ganador de la\u00a0Copa de Francia\u00a0con el\u00a0PSG\u00a0y de la\u00a0Liga de Naciones\u00a0con la selecci\u00f3n, ocup\u00f3 el lugar del polaco\u00a0Robert [&hellip;]<\/p>\n","protected":false},"author":5,"featured_media":73926,"comment_status":"open","ping_status":"open","sticky":false,"template":"","format":"standard","meta":{"_acf_changed":false,"footnotes":""},"categories":[152],"tags":[],"class_list":{"0":"post-73925","1":"post","2":"type-post","3":"status-publish","4":"format-standard","5":"has-post-thumbnail","7":"category-mundo-futbol"},"acf":[],"yoast_head":"<!-- This site is optimized with the Yoast SEO plugin v26.8 - https:\/\/yoast.com\/product\/yoast-seo-wordpress\/ -->\n<title>Mbapp\u00e9 se llev\u00f3 el Globe Soccer -<\/title>\n<meta name=\"robots\" content=\"index, follow, max-snippet:-1, max-image-preview:large, max-video-preview:-1\" \/>\n<link rel=\"canonical\" href=\"https:\/\/futbolhoy.co\/index.php\/2021\/12\/27\/mbappe-se-llevo-el-globe-soccer\/\" \/>\n<meta property=\"og:locale\" content=\"es_ES\" \/>\n<meta property=\"og:type\" content=\"article\" \/>\n<meta property=\"og:title\" content=\"Mbapp\u00e9 se llev\u00f3 el Globe Soccer -\" \/>\n<meta property=\"og:description\" content=\"El delantero franc\u00e9s Kylian Mbapp\u00e9, del Paris Saint Germain, recibi\u00f3 el Globe Soccer\u00a0al\u00a0Mejor Jugador del A\u00f1o 2021, en ceremonia realizada en Dubai, luego de marcar 52 goles en 63 partidos en todas las competiciones durante la temporada. Mbapp\u00e9, ganador de la\u00a0Copa de Francia\u00a0con el\u00a0PSG\u00a0y de la\u00a0Liga de Naciones\u00a0con la selecci\u00f3n, ocup\u00f3 el lugar del polaco\u00a0Robert [&hellip;]\" \/>\n<meta property=\"og:url\" content=\"https:\/\/futbolhoy.co\/index.php\/2021\/12\/27\/mbappe-se-llevo-el-globe-soccer\/\" \/>\n<meta property=\"article:publisher\" content=\"https:\/\/www.facebook.com\/FutbolHoyCol\/\" \/>\n<meta property=\"article:published_time\" content=\"2021-12-27T17:13:27+00:00\" \/>\n<meta property=\"article:modified_time\" content=\"2021-12-28T12:22:10+00:00\" \/>\n<meta property=\"og:image\" content=\"https:\/\/futbolhoy.co\/wp-content\/uploads\/2021\/12\/Mba.jpg\" \/>\n\t<meta property=\"og:image:width\" content=\"643\" \/>\n\t<meta property=\"og:image:height\" content=\"571\" \/>\n\t<meta property=\"og:image:type\" content=\"image\/jpeg\" \/>\n<meta name=\"author\" content=\"Laura Hern\u00e1ndez\" \/>\n<meta name=\"twitter:card\" content=\"summary_large_image\" \/>\n<meta name=\"twitter:creator\" content=\"@FutbolHoyCol\" \/>\n<meta name=\"twitter:site\" content=\"@FutbolHoyCol\" \/>\n<meta name=\"twitter:label1\" content=\"Escrito por\" \/>\n\t<meta name=\"twitter:data1\" content=\"Laura Hern\u00e1ndez\" \/>\n\t<meta name=\"twitter:label2\" content=\"Tiempo de lectura\" \/>\n\t<meta name=\"twitter:data2\" content=\"1 minuto\" \/>\n<script type=\"application\/ld+json\" class=\"yoast-schema-graph\">{\"@context\":\"https:\/\/schema.org\",\"@graph\":[{\"@type\":\"Article\",\"@id\":\"https:\/\/futbolhoy.co\/index.php\/2021\/12\/27\/mbappe-se-llevo-el-globe-soccer\/#article\",\"isPartOf\":{\"@id\":\"https:\/\/futbolhoy.co\/index.php\/2021\/12\/27\/mbappe-se-llevo-el-globe-soccer\/\"},\"author\":{\"name\":\"Laura Hern\u00e1ndez\",\"@id\":\"https:\/\/futbolhoy.co\/#\/schema\/person\/c4a353a512b127643723a34bb1812f7d\"},\"headline\":\"Mbapp\u00e9 se llev\u00f3 el Globe Soccer\",\"datePublished\":\"2021-12-27T17:13:27+00:00\",\"dateModified\":\"2021-12-28T12:22:10+00:00\",\"mainEntityOfPage\":{\"@id\":\"https:\/\/futbolhoy.co\/index.php\/2021\/12\/27\/mbappe-se-llevo-el-globe-soccer\/\"},\"wordCount\":199,\"commentCount\":0,\"publisher\":{\"@id\":\"https:\/\/futbolhoy.co\/#organization\"},\"image\":{\"@id\":\"https:\/\/futbolhoy.co\/index.php\/2021\/12\/27\/mbappe-se-llevo-el-globe-soccer\/#primaryimage\"},\"thumbnailUrl\":\"https:\/\/futbolhoy.co\/wp-content\/uploads\/2021\/12\/Mba.jpg\",\"articleSection\":[\"Mundo Futbol\"],\"inLanguage\":\"es\",\"potentialAction\":[{\"@type\":\"CommentAction\",\"name\":\"Comment\",\"target\":[\"https:\/\/futbolhoy.co\/index.php\/2021\/12\/27\/mbappe-se-llevo-el-globe-soccer\/#respond\"]}]},{\"@type\":\"WebPage\",\"@id\":\"https:\/\/futbolhoy.co\/index.php\/2021\/12\/27\/mbappe-se-llevo-el-globe-soccer\/\",\"url\":\"https:\/\/futbolhoy.co\/index.php\/2021\/12\/27\/mbappe-se-llevo-el-globe-soccer\/\",\"name\":\"Mbapp\u00e9 se llev\u00f3 el Globe Soccer -\",\"isPartOf\":{\"@id\":\"https:\/\/futbolhoy.co\/#website\"},\"primaryImageOfPage\":{\"@id\":\"https:\/\/futbolhoy.co\/index.php\/2021\/12\/27\/mbappe-se-llevo-el-globe-soccer\/#primaryimage\"},\"image\":{\"@id\":\"https:\/\/futbolhoy.co\/index.php\/2021\/12\/27\/mbappe-se-llevo-el-globe-soccer\/#primaryimage\"},\"thumbnailUrl\":\"https:\/\/futbolhoy.co\/wp-content\/uploads\/2021\/12\/Mba.jpg\",\"datePublished\":\"2021-12-27T17:13:27+00:00\",\"dateModified\":\"2021-12-28T12:22:10+00:00\",\"breadcrumb\":{\"@id\":\"https:\/\/futbolhoy.co\/index.php\/2021\/12\/27\/mbappe-se-llevo-el-globe-soccer\/#breadcrumb\"},\"inLanguage\":\"es\",\"potentialAction\":[{\"@type\":\"ReadAction\",\"target\":[\"https:\/\/futbolhoy.co\/index.php\/2021\/12\/27\/mbappe-se-llevo-el-globe-soccer\/\"]}]},{\"@type\":\"ImageObject\",\"inLanguage\":\"es\",\"@id\":\"https:\/\/futbolhoy.co\/index.php\/2021\/12\/27\/mbappe-se-llevo-el-globe-soccer\/#primaryimage\",\"url\":\"https:\/\/futbolhoy.co\/wp-content\/uploads\/2021\/12\/Mba.jpg\",\"contentUrl\":\"https:\/\/futbolhoy.co\/wp-content\/uploads\/2021\/12\/Mba.jpg\",\"width\":643,\"height\":571},{\"@type\":\"BreadcrumbList\",\"@id\":\"https:\/\/futbolhoy.co\/index.php\/2021\/12\/27\/mbappe-se-llevo-el-globe-soccer\/#breadcrumb\",\"itemListElement\":[{\"@type\":\"ListItem\",\"position\":1,\"name\":\"Portada\",\"item\":\"https:\/\/futbolhoy.co\/\"},{\"@type\":\"ListItem\",\"position\":2,\"name\":\"Mbapp\u00e9 se llev\u00f3 el Globe Soccer\"}]},{\"@type\":\"WebSite\",\"@id\":\"https:\/\/futbolhoy.co\/#website\",\"url\":\"https:\/\/futbolhoy.co\/\",\"name\":\"FutbolHoy\",\"description\":\"\",\"publisher\":{\"@id\":\"https:\/\/futbolhoy.co\/#organization\"},\"potentialAction\":[{\"@type\":\"SearchAction\",\"target\":{\"@type\":\"EntryPoint\",\"urlTemplate\":\"https:\/\/futbolhoy.co\/?s={search_term_string}\"},\"query-input\":{\"@type\":\"PropertyValueSpecification\",\"valueRequired\":true,\"valueName\":\"search_term_string\"}}],\"inLanguage\":\"es\"},{\"@type\":\"Organization\",\"@id\":\"https:\/\/futbolhoy.co\/#organization\",\"name\":\"Futbolhoy.co\",\"url\":\"https:\/\/futbolhoy.co\/\",\"logo\":{\"@type\":\"ImageObject\",\"inLanguage\":\"es\",\"@id\":\"https:\/\/futbolhoy.co\/#\/schema\/logo\/image\/\",\"url\":\"https:\/\/futbolhoy.co\/wp-content\/uploads\/2018\/08\/17426380_1906371736249227_6326180412931521141_n.jpg\",\"contentUrl\":\"https:\/\/futbolhoy.co\/wp-content\/uploads\/2018\/08\/17426380_1906371736249227_6326180412931521141_n.jpg\",\"width\":960,\"height\":960,\"caption\":\"Futbolhoy.co\"},\"image\":{\"@id\":\"https:\/\/futbolhoy.co\/#\/schema\/logo\/image\/\"},\"sameAs\":[\"https:\/\/www.facebook.com\/FutbolHoyCol\/\",\"https:\/\/x.com\/FutbolHoyCol\",\"https:\/\/www.instagram.com\/futbolhoycol\/\"]},{\"@type\":\"Person\",\"@id\":\"https:\/\/futbolhoy.co\/#\/schema\/person\/c4a353a512b127643723a34bb1812f7d\",\"name\":\"Laura Hern\u00e1ndez\",\"image\":{\"@type\":\"ImageObject\",\"inLanguage\":\"es\",\"@id\":\"https:\/\/futbolhoy.co\/#\/schema\/person\/image\/\",\"url\":\"https:\/\/secure.gravatar.com\/avatar\/d25959a15b9b293a743f99181c7cfd01?s=96&d=mm&r=g\",\"contentUrl\":\"https:\/\/secure.gravatar.com\/avatar\/d25959a15b9b293a743f99181c7cfd01?s=96&d=mm&r=g\",\"caption\":\"Laura Hern\u00e1ndez\"}}]}<\/script>\n<!-- \/ Yoast SEO plugin. -->","yoast_head_json":{"title":"Mbapp\u00e9 se llev\u00f3 el Globe Soccer -","robots":{"index":"index","follow":"follow","max-snippet":"max-snippet:-1","max-image-preview":"max-image-preview:large","max-video-preview":"max-video-preview:-1"},"canonical":"https:\/\/futbolhoy.co\/index.php\/2021\/12\/27\/mbappe-se-llevo-el-globe-soccer\/","og_locale":"es_ES","og_type":"article","og_title":"Mbapp\u00e9 se llev\u00f3 el Globe Soccer -","og_description":"El delantero franc\u00e9s Kylian Mbapp\u00e9, del Paris Saint Germain, recibi\u00f3 el Globe Soccer\u00a0al\u00a0Mejor Jugador del A\u00f1o 2021, en ceremonia realizada en Dubai, luego de marcar 52 goles en 63 partidos en todas las competiciones durante la temporada. Mbapp\u00e9, ganador de la\u00a0Copa de Francia\u00a0con el\u00a0PSG\u00a0y de la\u00a0Liga de Naciones\u00a0con la selecci\u00f3n, ocup\u00f3 el lugar del polaco\u00a0Robert [&hellip;]","og_url":"https:\/\/futbolhoy.co\/index.php\/2021\/12\/27\/mbappe-se-llevo-el-globe-soccer\/","article_publisher":"https:\/\/www.facebook.com\/FutbolHoyCol\/","article_published_time":"2021-12-27T17:13:27+00:00","article_modified_time":"2021-12-28T12:22:10+00:00","og_image":[{"width":643,"height":571,"url":"https:\/\/futbolhoy.co\/wp-content\/uploads\/2021\/12\/Mba.jpg","type":"image\/jpeg"}],"author":"Laura Hern\u00e1ndez","twitter_card":"summary_large_image","twitter_creator":"@FutbolHoyCol","twitter_site":"@FutbolHoyCol","twitter_misc":{"Escrito por":"Laura Hern\u00e1ndez","Tiempo de lectura":"1 minuto"},"schema":{"@context":"https:\/\/schema.org","@graph":[{"@type":"Article","@id":"https:\/\/futbolhoy.co\/index.php\/2021\/12\/27\/mbappe-se-llevo-el-globe-soccer\/#article","isPartOf":{"@id":"https:\/\/futbolhoy.co\/index.php\/2021\/12\/27\/mbappe-se-llevo-el-globe-soccer\/"},"author":{"name":"Laura Hern\u00e1ndez","@id":"https:\/\/futbolhoy.co\/#\/schema\/person\/c4a353a512b127643723a34bb1812f7d"},"headline":"Mbapp\u00e9 se llev\u00f3 el Globe Soccer","datePublished":"2021-12-27T17:13:27+00:00","dateModified":"2021-12-28T12:22:10+00:00","mainEntityOfPage":{"@id":"https:\/\/futbolhoy.co\/index.php\/2021\/12\/27\/mbappe-se-llevo-el-globe-soccer\/"},"wordCount":199,"commentCount":0,"publisher":{"@id":"https:\/\/futbolhoy.co\/#organization"},"image":{"@id":"https:\/\/futbolhoy.co\/index.php\/2021\/12\/27\/mbappe-se-llevo-el-globe-soccer\/#primaryimage"},"thumbnailUrl":"https:\/\/futbolhoy.co\/wp-content\/uploads\/2021\/12\/Mba.jpg","articleSection":["Mundo Futbol"],"inLanguage":"es","potentialAction":[{"@type":"CommentAction","name":"Comment","target":["https:\/\/futbolhoy.co\/index.php\/2021\/12\/27\/mbappe-se-llevo-el-globe-soccer\/#respond"]}]},{"@type":"WebPage","@id":"https:\/\/futbolhoy.co\/index.php\/2021\/12\/27\/mbappe-se-llevo-el-globe-soccer\/","url":"https:\/\/futbolhoy.co\/index.php\/2021\/12\/27\/mbappe-se-llevo-el-globe-soccer\/","name":"Mbapp\u00e9 se llev\u00f3 el Globe Soccer -","isPartOf":{"@id":"https:\/\/futbolhoy.co\/#website"},"primaryImageOfPage":{"@id":"https:\/\/futbolhoy.co\/index.php\/2021\/12\/27\/mbappe-se-llevo-el-globe-soccer\/#primaryimage"},"image":{"@id":"https:\/\/futbolhoy.co\/index.php\/2021\/12\/27\/mbappe-se-llevo-el-globe-soccer\/#primaryimage"},"thumbnailUrl":"https:\/\/futbolhoy.co\/wp-content\/uploads\/2021\/12\/Mba.jpg","datePublished":"2021-12-27T17:13:27+00:00","dateModified":"2021-12-28T12:22:10+00:00","breadcrumb":{"@id":"https:\/\/futbolhoy.co\/index.php\/2021\/12\/27\/mbappe-se-llevo-el-globe-soccer\/#breadcrumb"},"inLanguage":"es","potentialAction":[{"@type":"ReadAction","target":["https:\/\/futbolhoy.co\/index.php\/2021\/12\/27\/mbappe-se-llevo-el-globe-soccer\/"]}]},{"@type":"ImageObject","inLanguage":"es","@id":"https:\/\/futbolhoy.co\/index.php\/2021\/12\/27\/mbappe-se-llevo-el-globe-soccer\/#primaryimage","url":"https:\/\/futbolhoy.co\/wp-content\/uploads\/2021\/12\/Mba.jpg","contentUrl":"https:\/\/futbolhoy.co\/wp-content\/uploads\/2021\/12\/Mba.jpg","width":643,"height":571},{"@type":"BreadcrumbList","@id":"https:\/\/futbolhoy.co\/index.php\/2021\/12\/27\/mbappe-se-llevo-el-globe-soccer\/#breadcrumb","itemListElement":[{"@type":"ListItem","position":1,"name":"Portada","item":"https:\/\/futbolhoy.co\/"},{"@type":"ListItem","position":2,"name":"Mbapp\u00e9 se llev\u00f3 el Globe Soccer"}]},{"@type":"WebSite","@id":"https:\/\/futbolhoy.co\/#website","url":"https:\/\/futbolhoy.co\/","name":"FutbolHoy","description":"","publisher":{"@id":"https:\/\/futbolhoy.co\/#organization"},"potentialAction":[{"@type":"SearchAction","target":{"@type":"EntryPoint","urlTemplate":"https:\/\/futbolhoy.co\/?s={search_term_string}"},"query-input":{"@type":"PropertyValueSpecification","valueRequired":true,"valueName":"search_term_string"}}],"inLanguage":"es"},{"@type":"Organization","@id":"https:\/\/futbolhoy.co\/#organization","name":"Futbolhoy.co","url":"https:\/\/futbolhoy.co\/","logo":{"@type":"ImageObject","inLanguage":"es","@id":"https:\/\/futbolhoy.co\/#\/schema\/logo\/image\/","url":"https:\/\/futbolhoy.co\/wp-content\/uploads\/2018\/08\/17426380_1906371736249227_6326180412931521141_n.jpg","contentUrl":"https:\/\/futbolhoy.co\/wp-content\/uploads\/2018\/08\/17426380_1906371736249227_6326180412931521141_n.jpg","width":960,"height":960,"caption":"Futbolhoy.co"},"image":{"@id":"https:\/\/futbolhoy.co\/#\/schema\/logo\/image\/"},"sameAs":["https:\/\/www.facebook.com\/FutbolHoyCol\/","https:\/\/x.com\/FutbolHoyCol","https:\/\/www.instagram.com\/futbolhoycol\/"]},{"@type":"Person","@id":"https:\/\/futbolhoy.co\/#\/schema\/person\/c4a353a512b127643723a34bb1812f7d","name":"Laura Hern\u00e1ndez","image":{"@type":"ImageObject","inLanguage":"es","@id":"https:\/\/futbolhoy.co\/#\/schema\/person\/image\/","url":"https:\/\/secure.gravatar.com\/avatar\/d25959a15b9b293a743f99181c7cfd01?s=96&d=mm&r=g","contentUrl":"https:\/\/secure.gravatar.com\/avatar\/d25959a15b9b293a743f99181c7cfd01?s=96&d=mm&r=g","caption":"Laura Hern\u00e1ndez"}}]}},"publishpress_future_action":{"enabled":false,"date":"2026-05-04 09:06:04","action":"change-status","newStatus":"draft","terms":[],"taxonomy":"category","extraData":[]},"publishpress_future_workflow_manual_trigger":{"enabledWorkflows":[]},"_links":{"self":[{"href":"https:\/\/futbolhoy.co\/index.php\/wp-json\/wp\/v2\/posts\/73925","targetHints":{"allow":["GET"]}}],"collection":[{"href":"https:\/\/futbolhoy.co\/index.php\/wp-json\/wp\/v2\/posts"}],"about":[{"href":"https:\/\/futbolhoy.co\/index.php\/wp-json\/wp\/v2\/types\/post"}],"author":[{"embeddable":true,"href":"https:\/\/futbolhoy.co\/index.php\/wp-json\/wp\/v2\/users\/5"}],"replies":[{"embeddable":true,"href":"https:\/\/futbolhoy.co\/index.php\/wp-json\/wp\/v2\/comments?post=73925"}],"version-history":[{"count":2,"href":"https:\/\/futbolhoy.co\/index.php\/wp-json\/wp\/v2\/posts\/73925\/revisions"}],"predecessor-version":[{"id":73928,"href":"https:\/\/futbolhoy.co\/index.php\/wp-json\/wp\/v2\/posts\/73925\/revisions\/73928"}],"wp:featuredmedia":[{"embeddable":true,"href":"https:\/\/futbolhoy.co\/index.php\/wp-json\/wp\/v2\/media\/73926"}],"wp:attachment":[{"href":"https:\/\/futbolhoy.co\/index.php\/wp-json\/wp\/v2\/media?parent=73925"}],"wp:term":[{"taxonomy":"category","embeddable":true,"href":"https:\/\/futbolhoy.co\/index.php\/wp-json\/wp\/v2\/categories?post=73925"},{"taxonomy":"post_tag","embeddable":true,"href":"https:\/\/futbolhoy.co\/index.php\/wp-json\/wp\/v2\/tags?post=73925"}],"curies":[{"name":"wp","href":"https:\/\/api.w.org\/{rel}","templated":true}]}}