{"id":73929,"date":"2021-12-27T16:34:03","date_gmt":"2021-12-27T21:34:03","guid":{"rendered":"https:\/\/futbolhoy.co\/?p=73929"},"modified":"2021-12-28T16:36:26","modified_gmt":"2021-12-28T21:36:26","slug":"falcao-fue-determinante-para-el-titulo-simeone","status":"publish","type":"post","link":"https:\/\/futbolhoy.co\/index.php\/2021\/12\/27\/falcao-fue-determinante-para-el-titulo-simeone\/","title":{"rendered":"Falcao fue determinante para el t\u00edtulo: Simeone"},"content":{"rendered":"<!--[if lt IE 9]><script>document.createElement('audio');<\/script><![endif]-->\n<audio class=\"wp-audio-shortcode\" id=\"audio-73929-1\" preload=\"none\" style=\"width: 100%;\" controls=\"controls\"><source type=\"audio\/mpeg\" src=\"https:\/\/futbolhoy.co\/wp-content\/uploads\/2021\/12\/WhatsApp-Ptt-2021-12-27-at-4.30.08-PM.mp3?_=1\" \/><a href=\"https:\/\/futbolhoy.co\/wp-content\/uploads\/2021\/12\/WhatsApp-Ptt-2021-12-27-at-4.30.08-PM.mp3\">https:\/\/futbolhoy.co\/wp-content\/uploads\/2021\/12\/WhatsApp-Ptt-2021-12-27-at-4.30.08-PM.mp3<\/a><\/audio>\n<p>(Diego Simeone en entrevista con el canal de YouTube del Atl\u00e9tico de Madrid)<\/p>\n<p style=\"text-align: justify;\"><span style=\"font-family: helvetica, arial, sans-serif;\">El t\u00e9cnico del<strong> Atl\u00e9tico de Madrid, Diego Simeone<\/strong>, quien este lunes cumpli\u00f3 10 a\u00f1os de llegada al equipo espa\u00f1ol, elogi\u00f3 el paso de <strong>Falcao Garc\u00eda<\/strong> por el plantel que conquist\u00f3 la<strong> Liga de Europa 2011\/12.<\/strong><\/span><\/p>\n<p style=\"text-align: justify;\"><span style=\"font-family: helvetica, arial, sans-serif;\">\u201cLa Europa League fue un trofeo buscado, siempre digo que este club es copero y como copero que es ten\u00edamos la posibilidad de jugar una final contra un Bilbao que estaba en un gran momento y logramos ganar una final con jerarqu\u00eda, con personalidad, con juego y con un gran Falcao que termin\u00f3 siendo determinante\u201d, sostuvo Simeone en una extensa nota con los medios oficiales del club.<\/span><\/p>\n<p style=\"text-align: justify;\"><span style=\"font-family: helvetica, arial, sans-serif;\">\u2018El Tigre\u2019 termin\u00f3 como goleador de esa edici\u00f3n con 12 tantos, de los cuales anot\u00f3 2 en la final frente al <strong>Athletic Club de Bilbao<\/strong> al que venci\u00f3 3-0.<\/span><\/p>\n<p style=\"text-align: justify;\"><span style=\"font-family: helvetica, arial, sans-serif;\">El colombiano, baj\u00f3 la direcci\u00f3n del \u2018Cholo\u2019, consigui\u00f3 tres t\u00edtulos: Liga de Europa, <strong>Supercopa de Europa <\/strong>y<strong> Copa del Rey.<\/strong><\/span><\/p>\n","protected":false},"excerpt":{"rendered":"<p>(Diego Simeone en entrevista con el canal de YouTube del Atl\u00e9tico de Madrid) El t\u00e9cnico del Atl\u00e9tico de Madrid, Diego Simeone, quien este lunes cumpli\u00f3 10 a\u00f1os de llegada al equipo espa\u00f1ol, elogi\u00f3 el paso de Falcao Garc\u00eda por el plantel que conquist\u00f3 la Liga de Europa 2011\/12. \u201cLa Europa League fue un trofeo buscado, [&hellip;]<\/p>\n","protected":false},"author":5,"featured_media":73930,"comment_status":"open","ping_status":"open","sticky":false,"template":"","format":"video","meta":{"_acf_changed":false,"footnotes":""},"categories":[418],"tags":[],"class_list":{"0":"post-73929","1":"post","2":"type-post","3":"status-publish","4":"format-video","5":"has-post-thumbnail","7":"category-colombia","8":"post_format-post-format-video"},"acf":[],"yoast_head":"<!-- This site is optimized with the Yoast SEO plugin v26.8 - https:\/\/yoast.com\/product\/yoast-seo-wordpress\/ -->\n<title>Falcao fue determinante para el t\u00edtulo: Simeone -<\/title>\n<meta name=\"robots\" content=\"index, follow, max-snippet:-1, max-image-preview:large, max-video-preview:-1\" \/>\n<link rel=\"canonical\" href=\"https:\/\/futbolhoy.co\/index.php\/2021\/12\/27\/falcao-fue-determinante-para-el-titulo-simeone\/\" \/>\n<meta property=\"og:locale\" content=\"es_ES\" \/>\n<meta property=\"og:type\" content=\"article\" \/>\n<meta property=\"og:title\" content=\"Falcao fue determinante para el t\u00edtulo: Simeone -\" \/>\n<meta property=\"og:description\" content=\"(Diego Simeone en entrevista con el canal de YouTube del Atl\u00e9tico de Madrid) El t\u00e9cnico del Atl\u00e9tico de Madrid, Diego Simeone, quien este lunes cumpli\u00f3 10 a\u00f1os de llegada al equipo espa\u00f1ol, elogi\u00f3 el paso de Falcao Garc\u00eda por el plantel que conquist\u00f3 la Liga de Europa 2011\/12. \u201cLa Europa League fue un trofeo buscado, [&hellip;]\" \/>\n<meta property=\"og:url\" content=\"https:\/\/futbolhoy.co\/index.php\/2021\/12\/27\/falcao-fue-determinante-para-el-titulo-simeone\/\" \/>\n<meta property=\"article:publisher\" content=\"https:\/\/www.facebook.com\/FutbolHoyCol\/\" \/>\n<meta property=\"article:published_time\" content=\"2021-12-27T21:34:03+00:00\" \/>\n<meta property=\"article:modified_time\" content=\"2021-12-28T21:36:26+00:00\" \/>\n<meta property=\"og:image\" content=\"https:\/\/futbolhoy.co\/wp-content\/uploads\/2021\/12\/E-GxeXsWYAIpS_W.jpg\" \/>\n\t<meta property=\"og:image:width\" content=\"1559\" \/>\n\t<meta property=\"og:image:height\" content=\"719\" \/>\n\t<meta property=\"og:image:type\" content=\"image\/jpeg\" \/>\n<meta name=\"author\" content=\"Laura Hern\u00e1ndez\" \/>\n<meta name=\"twitter:card\" content=\"summary_large_image\" \/>\n<meta name=\"twitter:creator\" content=\"@FutbolHoyCol\" \/>\n<meta name=\"twitter:site\" content=\"@FutbolHoyCol\" \/>\n<meta name=\"twitter:label1\" content=\"Escrito por\" \/>\n\t<meta name=\"twitter:data1\" content=\"Laura Hern\u00e1ndez\" \/>\n\t<meta name=\"twitter:label2\" content=\"Tiempo de lectura\" \/>\n\t<meta name=\"twitter:data2\" content=\"1 minuto\" \/>\n<script type=\"application\/ld+json\" class=\"yoast-schema-graph\">{\"@context\":\"https:\/\/schema.org\",\"@graph\":[{\"@type\":\"Article\",\"@id\":\"https:\/\/futbolhoy.co\/index.php\/2021\/12\/27\/falcao-fue-determinante-para-el-titulo-simeone\/#article\",\"isPartOf\":{\"@id\":\"https:\/\/futbolhoy.co\/index.php\/2021\/12\/27\/falcao-fue-determinante-para-el-titulo-simeone\/\"},\"author\":{\"name\":\"Laura Hern\u00e1ndez\",\"@id\":\"https:\/\/futbolhoy.co\/#\/schema\/person\/c4a353a512b127643723a34bb1812f7d\"},\"headline\":\"Falcao fue determinante para el t\u00edtulo: Simeone\",\"datePublished\":\"2021-12-27T21:34:03+00:00\",\"dateModified\":\"2021-12-28T21:36:26+00:00\",\"mainEntityOfPage\":{\"@id\":\"https:\/\/futbolhoy.co\/index.php\/2021\/12\/27\/falcao-fue-determinante-para-el-titulo-simeone\/\"},\"wordCount\":193,\"commentCount\":0,\"publisher\":{\"@id\":\"https:\/\/futbolhoy.co\/#organization\"},\"image\":{\"@id\":\"https:\/\/futbolhoy.co\/index.php\/2021\/12\/27\/falcao-fue-determinante-para-el-titulo-simeone\/#primaryimage\"},\"thumbnailUrl\":\"https:\/\/futbolhoy.co\/wp-content\/uploads\/2021\/12\/E-GxeXsWYAIpS_W.jpg\",\"articleSection\":[\"Colombia\"],\"inLanguage\":\"es\",\"potentialAction\":[{\"@type\":\"CommentAction\",\"name\":\"Comment\",\"target\":[\"https:\/\/futbolhoy.co\/index.php\/2021\/12\/27\/falcao-fue-determinante-para-el-titulo-simeone\/#respond\"]}]},{\"@type\":\"WebPage\",\"@id\":\"https:\/\/futbolhoy.co\/index.php\/2021\/12\/27\/falcao-fue-determinante-para-el-titulo-simeone\/\",\"url\":\"https:\/\/futbolhoy.co\/index.php\/2021\/12\/27\/falcao-fue-determinante-para-el-titulo-simeone\/\",\"name\":\"Falcao fue determinante para el t\u00edtulo: Simeone -\",\"isPartOf\":{\"@id\":\"https:\/\/futbolhoy.co\/#website\"},\"primaryImageOfPage\":{\"@id\":\"https:\/\/futbolhoy.co\/index.php\/2021\/12\/27\/falcao-fue-determinante-para-el-titulo-simeone\/#primaryimage\"},\"image\":{\"@id\":\"https:\/\/futbolhoy.co\/index.php\/2021\/12\/27\/falcao-fue-determinante-para-el-titulo-simeone\/#primaryimage\"},\"thumbnailUrl\":\"https:\/\/futbolhoy.co\/wp-content\/uploads\/2021\/12\/E-GxeXsWYAIpS_W.jpg\",\"datePublished\":\"2021-12-27T21:34:03+00:00\",\"dateModified\":\"2021-12-28T21:36:26+00:00\",\"breadcrumb\":{\"@id\":\"https:\/\/futbolhoy.co\/index.php\/2021\/12\/27\/falcao-fue-determinante-para-el-titulo-simeone\/#breadcrumb\"},\"inLanguage\":\"es\",\"potentialAction\":[{\"@type\":\"ReadAction\",\"target\":[\"https:\/\/futbolhoy.co\/index.php\/2021\/12\/27\/falcao-fue-determinante-para-el-titulo-simeone\/\"]}]},{\"@type\":\"ImageObject\",\"inLanguage\":\"es\",\"@id\":\"https:\/\/futbolhoy.co\/index.php\/2021\/12\/27\/falcao-fue-determinante-para-el-titulo-simeone\/#primaryimage\",\"url\":\"https:\/\/futbolhoy.co\/wp-content\/uploads\/2021\/12\/E-GxeXsWYAIpS_W.jpg\",\"contentUrl\":\"https:\/\/futbolhoy.co\/wp-content\/uploads\/2021\/12\/E-GxeXsWYAIpS_W.jpg\",\"width\":1559,\"height\":719},{\"@type\":\"BreadcrumbList\",\"@id\":\"https:\/\/futbolhoy.co\/index.php\/2021\/12\/27\/falcao-fue-determinante-para-el-titulo-simeone\/#breadcrumb\",\"itemListElement\":[{\"@type\":\"ListItem\",\"position\":1,\"name\":\"Portada\",\"item\":\"https:\/\/futbolhoy.co\/\"},{\"@type\":\"ListItem\",\"position\":2,\"name\":\"Falcao fue determinante para el t\u00edtulo: Simeone\"}]},{\"@type\":\"WebSite\",\"@id\":\"https:\/\/futbolhoy.co\/#website\",\"url\":\"https:\/\/futbolhoy.co\/\",\"name\":\"FutbolHoy\",\"description\":\"\",\"publisher\":{\"@id\":\"https:\/\/futbolhoy.co\/#organization\"},\"potentialAction\":[{\"@type\":\"SearchAction\",\"target\":{\"@type\":\"EntryPoint\",\"urlTemplate\":\"https:\/\/futbolhoy.co\/?s={search_term_string}\"},\"query-input\":{\"@type\":\"PropertyValueSpecification\",\"valueRequired\":true,\"valueName\":\"search_term_string\"}}],\"inLanguage\":\"es\"},{\"@type\":\"Organization\",\"@id\":\"https:\/\/futbolhoy.co\/#organization\",\"name\":\"Futbolhoy.co\",\"url\":\"https:\/\/futbolhoy.co\/\",\"logo\":{\"@type\":\"ImageObject\",\"inLanguage\":\"es\",\"@id\":\"https:\/\/futbolhoy.co\/#\/schema\/logo\/image\/\",\"url\":\"https:\/\/futbolhoy.co\/wp-content\/uploads\/2018\/08\/17426380_1906371736249227_6326180412931521141_n.jpg\",\"contentUrl\":\"https:\/\/futbolhoy.co\/wp-content\/uploads\/2018\/08\/17426380_1906371736249227_6326180412931521141_n.jpg\",\"width\":960,\"height\":960,\"caption\":\"Futbolhoy.co\"},\"image\":{\"@id\":\"https:\/\/futbolhoy.co\/#\/schema\/logo\/image\/\"},\"sameAs\":[\"https:\/\/www.facebook.com\/FutbolHoyCol\/\",\"https:\/\/x.com\/FutbolHoyCol\",\"https:\/\/www.instagram.com\/futbolhoycol\/\"]},{\"@type\":\"Person\",\"@id\":\"https:\/\/futbolhoy.co\/#\/schema\/person\/c4a353a512b127643723a34bb1812f7d\",\"name\":\"Laura Hern\u00e1ndez\",\"image\":{\"@type\":\"ImageObject\",\"inLanguage\":\"es\",\"@id\":\"https:\/\/futbolhoy.co\/#\/schema\/person\/image\/\",\"url\":\"https:\/\/secure.gravatar.com\/avatar\/d25959a15b9b293a743f99181c7cfd01?s=96&d=mm&r=g\",\"contentUrl\":\"https:\/\/secure.gravatar.com\/avatar\/d25959a15b9b293a743f99181c7cfd01?s=96&d=mm&r=g\",\"caption\":\"Laura Hern\u00e1ndez\"}}]}<\/script>\n<!-- \/ Yoast SEO plugin. -->","yoast_head_json":{"title":"Falcao fue determinante para el t\u00edtulo: Simeone -","robots":{"index":"index","follow":"follow","max-snippet":"max-snippet:-1","max-image-preview":"max-image-preview:large","max-video-preview":"max-video-preview:-1"},"canonical":"https:\/\/futbolhoy.co\/index.php\/2021\/12\/27\/falcao-fue-determinante-para-el-titulo-simeone\/","og_locale":"es_ES","og_type":"article","og_title":"Falcao fue determinante para el t\u00edtulo: Simeone -","og_description":"(Diego Simeone en entrevista con el canal de YouTube del Atl\u00e9tico de Madrid) El t\u00e9cnico del Atl\u00e9tico de Madrid, Diego Simeone, quien este lunes cumpli\u00f3 10 a\u00f1os de llegada al equipo espa\u00f1ol, elogi\u00f3 el paso de Falcao Garc\u00eda por el plantel que conquist\u00f3 la Liga de Europa 2011\/12. \u201cLa Europa League fue un trofeo buscado, [&hellip;]","og_url":"https:\/\/futbolhoy.co\/index.php\/2021\/12\/27\/falcao-fue-determinante-para-el-titulo-simeone\/","article_publisher":"https:\/\/www.facebook.com\/FutbolHoyCol\/","article_published_time":"2021-12-27T21:34:03+00:00","article_modified_time":"2021-12-28T21:36:26+00:00","og_image":[{"width":1559,"height":719,"url":"https:\/\/futbolhoy.co\/wp-content\/uploads\/2021\/12\/E-GxeXsWYAIpS_W.jpg","type":"image\/jpeg"}],"author":"Laura Hern\u00e1ndez","twitter_card":"summary_large_image","twitter_creator":"@FutbolHoyCol","twitter_site":"@FutbolHoyCol","twitter_misc":{"Escrito por":"Laura Hern\u00e1ndez","Tiempo de lectura":"1 minuto"},"schema":{"@context":"https:\/\/schema.org","@graph":[{"@type":"Article","@id":"https:\/\/futbolhoy.co\/index.php\/2021\/12\/27\/falcao-fue-determinante-para-el-titulo-simeone\/#article","isPartOf":{"@id":"https:\/\/futbolhoy.co\/index.php\/2021\/12\/27\/falcao-fue-determinante-para-el-titulo-simeone\/"},"author":{"name":"Laura Hern\u00e1ndez","@id":"https:\/\/futbolhoy.co\/#\/schema\/person\/c4a353a512b127643723a34bb1812f7d"},"headline":"Falcao fue determinante para el t\u00edtulo: Simeone","datePublished":"2021-12-27T21:34:03+00:00","dateModified":"2021-12-28T21:36:26+00:00","mainEntityOfPage":{"@id":"https:\/\/futbolhoy.co\/index.php\/2021\/12\/27\/falcao-fue-determinante-para-el-titulo-simeone\/"},"wordCount":193,"commentCount":0,"publisher":{"@id":"https:\/\/futbolhoy.co\/#organization"},"image":{"@id":"https:\/\/futbolhoy.co\/index.php\/2021\/12\/27\/falcao-fue-determinante-para-el-titulo-simeone\/#primaryimage"},"thumbnailUrl":"https:\/\/futbolhoy.co\/wp-content\/uploads\/2021\/12\/E-GxeXsWYAIpS_W.jpg","articleSection":["Colombia"],"inLanguage":"es","potentialAction":[{"@type":"CommentAction","name":"Comment","target":["https:\/\/futbolhoy.co\/index.php\/2021\/12\/27\/falcao-fue-determinante-para-el-titulo-simeone\/#respond"]}]},{"@type":"WebPage","@id":"https:\/\/futbolhoy.co\/index.php\/2021\/12\/27\/falcao-fue-determinante-para-el-titulo-simeone\/","url":"https:\/\/futbolhoy.co\/index.php\/2021\/12\/27\/falcao-fue-determinante-para-el-titulo-simeone\/","name":"Falcao fue determinante para el t\u00edtulo: Simeone -","isPartOf":{"@id":"https:\/\/futbolhoy.co\/#website"},"primaryImageOfPage":{"@id":"https:\/\/futbolhoy.co\/index.php\/2021\/12\/27\/falcao-fue-determinante-para-el-titulo-simeone\/#primaryimage"},"image":{"@id":"https:\/\/futbolhoy.co\/index.php\/2021\/12\/27\/falcao-fue-determinante-para-el-titulo-simeone\/#primaryimage"},"thumbnailUrl":"https:\/\/futbolhoy.co\/wp-content\/uploads\/2021\/12\/E-GxeXsWYAIpS_W.jpg","datePublished":"2021-12-27T21:34:03+00:00","dateModified":"2021-12-28T21:36:26+00:00","breadcrumb":{"@id":"https:\/\/futbolhoy.co\/index.php\/2021\/12\/27\/falcao-fue-determinante-para-el-titulo-simeone\/#breadcrumb"},"inLanguage":"es","potentialAction":[{"@type":"ReadAction","target":["https:\/\/futbolhoy.co\/index.php\/2021\/12\/27\/falcao-fue-determinante-para-el-titulo-simeone\/"]}]},{"@type":"ImageObject","inLanguage":"es","@id":"https:\/\/futbolhoy.co\/index.php\/2021\/12\/27\/falcao-fue-determinante-para-el-titulo-simeone\/#primaryimage","url":"https:\/\/futbolhoy.co\/wp-content\/uploads\/2021\/12\/E-GxeXsWYAIpS_W.jpg","contentUrl":"https:\/\/futbolhoy.co\/wp-content\/uploads\/2021\/12\/E-GxeXsWYAIpS_W.jpg","width":1559,"height":719},{"@type":"BreadcrumbList","@id":"https:\/\/futbolhoy.co\/index.php\/2021\/12\/27\/falcao-fue-determinante-para-el-titulo-simeone\/#breadcrumb","itemListElement":[{"@type":"ListItem","position":1,"name":"Portada","item":"https:\/\/futbolhoy.co\/"},{"@type":"ListItem","position":2,"name":"Falcao fue determinante para el t\u00edtulo: Simeone"}]},{"@type":"WebSite","@id":"https:\/\/futbolhoy.co\/#website","url":"https:\/\/futbolhoy.co\/","name":"FutbolHoy","description":"","publisher":{"@id":"https:\/\/futbolhoy.co\/#organization"},"potentialAction":[{"@type":"SearchAction","target":{"@type":"EntryPoint","urlTemplate":"https:\/\/futbolhoy.co\/?s={search_term_string}"},"query-input":{"@type":"PropertyValueSpecification","valueRequired":true,"valueName":"search_term_string"}}],"inLanguage":"es"},{"@type":"Organization","@id":"https:\/\/futbolhoy.co\/#organization","name":"Futbolhoy.co","url":"https:\/\/futbolhoy.co\/","logo":{"@type":"ImageObject","inLanguage":"es","@id":"https:\/\/futbolhoy.co\/#\/schema\/logo\/image\/","url":"https:\/\/futbolhoy.co\/wp-content\/uploads\/2018\/08\/17426380_1906371736249227_6326180412931521141_n.jpg","contentUrl":"https:\/\/futbolhoy.co\/wp-content\/uploads\/2018\/08\/17426380_1906371736249227_6326180412931521141_n.jpg","width":960,"height":960,"caption":"Futbolhoy.co"},"image":{"@id":"https:\/\/futbolhoy.co\/#\/schema\/logo\/image\/"},"sameAs":["https:\/\/www.facebook.com\/FutbolHoyCol\/","https:\/\/x.com\/FutbolHoyCol","https:\/\/www.instagram.com\/futbolhoycol\/"]},{"@type":"Person","@id":"https:\/\/futbolhoy.co\/#\/schema\/person\/c4a353a512b127643723a34bb1812f7d","name":"Laura Hern\u00e1ndez","image":{"@type":"ImageObject","inLanguage":"es","@id":"https:\/\/futbolhoy.co\/#\/schema\/person\/image\/","url":"https:\/\/secure.gravatar.com\/avatar\/d25959a15b9b293a743f99181c7cfd01?s=96&d=mm&r=g","contentUrl":"https:\/\/secure.gravatar.com\/avatar\/d25959a15b9b293a743f99181c7cfd01?s=96&d=mm&r=g","caption":"Laura Hern\u00e1ndez"}}]}},"publishpress_future_action":{"enabled":false,"date":"2026-05-04 09:23:49","action":"change-status","newStatus":"draft","terms":[],"taxonomy":"category","extraData":[]},"publishpress_future_workflow_manual_trigger":{"enabledWorkflows":[]},"_links":{"self":[{"href":"https:\/\/futbolhoy.co\/index.php\/wp-json\/wp\/v2\/posts\/73929","targetHints":{"allow":["GET"]}}],"collection":[{"href":"https:\/\/futbolhoy.co\/index.php\/wp-json\/wp\/v2\/posts"}],"about":[{"href":"https:\/\/futbolhoy.co\/index.php\/wp-json\/wp\/v2\/types\/post"}],"author":[{"embeddable":true,"href":"https:\/\/futbolhoy.co\/index.php\/wp-json\/wp\/v2\/users\/5"}],"replies":[{"embeddable":true,"href":"https:\/\/futbolhoy.co\/index.php\/wp-json\/wp\/v2\/comments?post=73929"}],"version-history":[{"count":1,"href":"https:\/\/futbolhoy.co\/index.php\/wp-json\/wp\/v2\/posts\/73929\/revisions"}],"predecessor-version":[{"id":73932,"href":"https:\/\/futbolhoy.co\/index.php\/wp-json\/wp\/v2\/posts\/73929\/revisions\/73932"}],"wp:featuredmedia":[{"embeddable":true,"href":"https:\/\/futbolhoy.co\/index.php\/wp-json\/wp\/v2\/media\/73930"}],"wp:attachment":[{"href":"https:\/\/futbolhoy.co\/index.php\/wp-json\/wp\/v2\/media?parent=73929"}],"wp:term":[{"taxonomy":"category","embeddable":true,"href":"https:\/\/futbolhoy.co\/index.php\/wp-json\/wp\/v2\/categories?post=73929"},{"taxonomy":"post_tag","embeddable":true,"href":"https:\/\/futbolhoy.co\/index.php\/wp-json\/wp\/v2\/tags?post=73929"}],"curies":[{"name":"wp","href":"https:\/\/api.w.org\/{rel}","templated":true}]}}