{"id":73936,"date":"2021-12-27T14:30:30","date_gmt":"2021-12-27T19:30:30","guid":{"rendered":"https:\/\/futbolhoy.co\/?p=73936"},"modified":"2021-12-28T10:20:07","modified_gmt":"2021-12-28T15:20:07","slug":"tolima-refuerza-su-porteria","status":"publish","type":"post","link":"https:\/\/futbolhoy.co\/index.php\/2021\/12\/27\/tolima-refuerza-su-porteria\/","title":{"rendered":"Tolima refuerza su porter\u00eda"},"content":{"rendered":"<p class=\"x_ydpb7a92569MsoNormal\" style=\"text-align: justify;\"><span style=\"font-family: helvetica, arial, sans-serif;\">El portero de la selecci\u00f3n \u00a0ecuatoriana <strong>Alexander<\/strong> <strong>Dom\u00ednguez<\/strong>, jugar\u00e1 la pr\u00f3xima temporada en el <strong>Deportes Tolima<\/strong> si supera los ex\u00e1menes m\u00e9dicos, anunci\u00f3 el club que disputar\u00e1 la fase de grupos de la <strong>Copa Libertadores.<\/strong><\/span><\/p>\n<p class=\"x_ydpb7a92569MsoNormal\" style=\"text-align: justify;\"><span style=\"font-family: helvetica, arial, sans-serif;\">\u201c\u00a1Todo est\u00e1 listo! Alexander Dom\u00ednguez se integrar\u00e1 a la disciplina del Club Deportes Tolima tan pronto se realicen los ex\u00e1menes m\u00e9dicos pertinentes. El portero har\u00e1 parte del plantel PIJAO en las cinco competiciones durante el 2022\u201d, escribi\u00f3 el club en su cuenta de Twitter.<\/span><\/p>\n<p class=\"x_ydpb7a92569MsoNormal\" style=\"text-align: justify;\"><span style=\"font-family: helvetica, arial, sans-serif;\">Dom\u00ednguez, que reemplazar\u00e1 a <strong>\u00c1lvaro Montero<\/strong> que pas\u00f3 a <strong>Millonarios<\/strong>, debut\u00f3 en <strong>Liga de Quito<\/strong> y tambi\u00e9n actu\u00f3 con <strong>Monterrey<\/strong> de <strong>M\u00e9xico<\/strong>, <strong>Col\u00f3n<\/strong> y <strong>V\u00e9lez<\/strong> de <strong>Argentina<\/strong> y <strong>Cerro Largo<\/strong> de <strong>Uruguay<\/strong>.<\/span><\/p>\n<p class=\"x_ydpb7a92569MsoNormal\" style=\"text-align: justify;\"><span style=\"font-family: helvetica, arial, sans-serif;\">Dom\u00ednguez se convertir\u00e1 en el sexto refuerzo del Tolima, que tambi\u00e9n contrat\u00f3 al volante peruano <strong>Raziel Garc\u00eda<\/strong>, al goleador <strong>Michael Rangel,<\/strong> al extremo <strong>\u00c1lvaro Mel\u00e9ndez<\/strong>, al central <strong>Jos\u00e9 Moya<\/strong> y al volante <strong>Fabi\u00e1n Mosquera.<\/strong><\/span><\/p>\n","protected":false},"excerpt":{"rendered":"<p>El portero de la selecci\u00f3n \u00a0ecuatoriana Alexander Dom\u00ednguez, jugar\u00e1 la pr\u00f3xima temporada en el Deportes Tolima si supera los ex\u00e1menes m\u00e9dicos, anunci\u00f3 el club que disputar\u00e1 la fase de grupos de la Copa Libertadores. \u201c\u00a1Todo est\u00e1 listo! Alexander Dom\u00ednguez se integrar\u00e1 a la disciplina del Club Deportes Tolima tan pronto se realicen los ex\u00e1menes m\u00e9dicos [&hellip;]<\/p>\n","protected":false},"author":5,"featured_media":73933,"comment_status":"open","ping_status":"open","sticky":false,"template":"","format":"standard","meta":{"_acf_changed":false,"footnotes":""},"categories":[7],"tags":[],"class_list":{"0":"post-73936","1":"post","2":"type-post","3":"status-publish","4":"format-standard","5":"has-post-thumbnail","7":"category-liga-betplay"},"acf":[],"yoast_head":"<!-- This site is optimized with the Yoast SEO plugin v26.8 - https:\/\/yoast.com\/product\/yoast-seo-wordpress\/ -->\n<title>Tolima refuerza su porter\u00eda -<\/title>\n<meta name=\"robots\" content=\"index, follow, max-snippet:-1, max-image-preview:large, max-video-preview:-1\" \/>\n<link rel=\"canonical\" href=\"https:\/\/futbolhoy.co\/index.php\/2021\/12\/27\/tolima-refuerza-su-porteria\/\" \/>\n<meta property=\"og:locale\" content=\"es_ES\" \/>\n<meta property=\"og:type\" content=\"article\" \/>\n<meta property=\"og:title\" content=\"Tolima refuerza su porter\u00eda -\" \/>\n<meta property=\"og:description\" content=\"El portero de la selecci\u00f3n \u00a0ecuatoriana Alexander Dom\u00ednguez, jugar\u00e1 la pr\u00f3xima temporada en el Deportes Tolima si supera los ex\u00e1menes m\u00e9dicos, anunci\u00f3 el club que disputar\u00e1 la fase de grupos de la Copa Libertadores. \u201c\u00a1Todo est\u00e1 listo! Alexander Dom\u00ednguez se integrar\u00e1 a la disciplina del Club Deportes Tolima tan pronto se realicen los ex\u00e1menes m\u00e9dicos [&hellip;]\" \/>\n<meta property=\"og:url\" content=\"https:\/\/futbolhoy.co\/index.php\/2021\/12\/27\/tolima-refuerza-su-porteria\/\" \/>\n<meta property=\"article:publisher\" content=\"https:\/\/www.facebook.com\/FutbolHoyCol\/\" \/>\n<meta property=\"article:published_time\" content=\"2021-12-27T19:30:30+00:00\" \/>\n<meta property=\"article:modified_time\" content=\"2021-12-28T15:20:07+00:00\" \/>\n<meta property=\"og:image\" content=\"https:\/\/futbolhoy.co\/wp-content\/uploads\/2021\/12\/FHo8_j1XoAEKdT5.jpg\" \/>\n\t<meta property=\"og:image:width\" content=\"1200\" \/>\n\t<meta property=\"og:image:height\" content=\"1600\" \/>\n\t<meta property=\"og:image:type\" content=\"image\/jpeg\" \/>\n<meta name=\"author\" content=\"Laura Hern\u00e1ndez\" \/>\n<meta name=\"twitter:card\" content=\"summary_large_image\" \/>\n<meta name=\"twitter:creator\" content=\"@FutbolHoyCol\" \/>\n<meta name=\"twitter:site\" content=\"@FutbolHoyCol\" \/>\n<meta name=\"twitter:label1\" content=\"Escrito por\" \/>\n\t<meta name=\"twitter:data1\" content=\"Laura Hern\u00e1ndez\" \/>\n\t<meta name=\"twitter:label2\" content=\"Tiempo de lectura\" \/>\n\t<meta name=\"twitter:data2\" content=\"1 minuto\" \/>\n<script type=\"application\/ld+json\" class=\"yoast-schema-graph\">{\"@context\":\"https:\/\/schema.org\",\"@graph\":[{\"@type\":\"Article\",\"@id\":\"https:\/\/futbolhoy.co\/index.php\/2021\/12\/27\/tolima-refuerza-su-porteria\/#article\",\"isPartOf\":{\"@id\":\"https:\/\/futbolhoy.co\/index.php\/2021\/12\/27\/tolima-refuerza-su-porteria\/\"},\"author\":{\"name\":\"Laura Hern\u00e1ndez\",\"@id\":\"https:\/\/futbolhoy.co\/#\/schema\/person\/c4a353a512b127643723a34bb1812f7d\"},\"headline\":\"Tolima refuerza su porter\u00eda\",\"datePublished\":\"2021-12-27T19:30:30+00:00\",\"dateModified\":\"2021-12-28T15:20:07+00:00\",\"mainEntityOfPage\":{\"@id\":\"https:\/\/futbolhoy.co\/index.php\/2021\/12\/27\/tolima-refuerza-su-porteria\/\"},\"wordCount\":166,\"commentCount\":0,\"publisher\":{\"@id\":\"https:\/\/futbolhoy.co\/#organization\"},\"image\":{\"@id\":\"https:\/\/futbolhoy.co\/index.php\/2021\/12\/27\/tolima-refuerza-su-porteria\/#primaryimage\"},\"thumbnailUrl\":\"https:\/\/futbolhoy.co\/wp-content\/uploads\/2021\/12\/FHo8_j1XoAEKdT5.jpg\",\"articleSection\":[\"Liga BetPlay\"],\"inLanguage\":\"es\",\"potentialAction\":[{\"@type\":\"CommentAction\",\"name\":\"Comment\",\"target\":[\"https:\/\/futbolhoy.co\/index.php\/2021\/12\/27\/tolima-refuerza-su-porteria\/#respond\"]}]},{\"@type\":\"WebPage\",\"@id\":\"https:\/\/futbolhoy.co\/index.php\/2021\/12\/27\/tolima-refuerza-su-porteria\/\",\"url\":\"https:\/\/futbolhoy.co\/index.php\/2021\/12\/27\/tolima-refuerza-su-porteria\/\",\"name\":\"Tolima refuerza su porter\u00eda -\",\"isPartOf\":{\"@id\":\"https:\/\/futbolhoy.co\/#website\"},\"primaryImageOfPage\":{\"@id\":\"https:\/\/futbolhoy.co\/index.php\/2021\/12\/27\/tolima-refuerza-su-porteria\/#primaryimage\"},\"image\":{\"@id\":\"https:\/\/futbolhoy.co\/index.php\/2021\/12\/27\/tolima-refuerza-su-porteria\/#primaryimage\"},\"thumbnailUrl\":\"https:\/\/futbolhoy.co\/wp-content\/uploads\/2021\/12\/FHo8_j1XoAEKdT5.jpg\",\"datePublished\":\"2021-12-27T19:30:30+00:00\",\"dateModified\":\"2021-12-28T15:20:07+00:00\",\"breadcrumb\":{\"@id\":\"https:\/\/futbolhoy.co\/index.php\/2021\/12\/27\/tolima-refuerza-su-porteria\/#breadcrumb\"},\"inLanguage\":\"es\",\"potentialAction\":[{\"@type\":\"ReadAction\",\"target\":[\"https:\/\/futbolhoy.co\/index.php\/2021\/12\/27\/tolima-refuerza-su-porteria\/\"]}]},{\"@type\":\"ImageObject\",\"inLanguage\":\"es\",\"@id\":\"https:\/\/futbolhoy.co\/index.php\/2021\/12\/27\/tolima-refuerza-su-porteria\/#primaryimage\",\"url\":\"https:\/\/futbolhoy.co\/wp-content\/uploads\/2021\/12\/FHo8_j1XoAEKdT5.jpg\",\"contentUrl\":\"https:\/\/futbolhoy.co\/wp-content\/uploads\/2021\/12\/FHo8_j1XoAEKdT5.jpg\",\"width\":1200,\"height\":1600},{\"@type\":\"BreadcrumbList\",\"@id\":\"https:\/\/futbolhoy.co\/index.php\/2021\/12\/27\/tolima-refuerza-su-porteria\/#breadcrumb\",\"itemListElement\":[{\"@type\":\"ListItem\",\"position\":1,\"name\":\"Portada\",\"item\":\"https:\/\/futbolhoy.co\/\"},{\"@type\":\"ListItem\",\"position\":2,\"name\":\"Tolima refuerza su porter\u00eda\"}]},{\"@type\":\"WebSite\",\"@id\":\"https:\/\/futbolhoy.co\/#website\",\"url\":\"https:\/\/futbolhoy.co\/\",\"name\":\"FutbolHoy\",\"description\":\"\",\"publisher\":{\"@id\":\"https:\/\/futbolhoy.co\/#organization\"},\"potentialAction\":[{\"@type\":\"SearchAction\",\"target\":{\"@type\":\"EntryPoint\",\"urlTemplate\":\"https:\/\/futbolhoy.co\/?s={search_term_string}\"},\"query-input\":{\"@type\":\"PropertyValueSpecification\",\"valueRequired\":true,\"valueName\":\"search_term_string\"}}],\"inLanguage\":\"es\"},{\"@type\":\"Organization\",\"@id\":\"https:\/\/futbolhoy.co\/#organization\",\"name\":\"Futbolhoy.co\",\"url\":\"https:\/\/futbolhoy.co\/\",\"logo\":{\"@type\":\"ImageObject\",\"inLanguage\":\"es\",\"@id\":\"https:\/\/futbolhoy.co\/#\/schema\/logo\/image\/\",\"url\":\"https:\/\/futbolhoy.co\/wp-content\/uploads\/2018\/08\/17426380_1906371736249227_6326180412931521141_n.jpg\",\"contentUrl\":\"https:\/\/futbolhoy.co\/wp-content\/uploads\/2018\/08\/17426380_1906371736249227_6326180412931521141_n.jpg\",\"width\":960,\"height\":960,\"caption\":\"Futbolhoy.co\"},\"image\":{\"@id\":\"https:\/\/futbolhoy.co\/#\/schema\/logo\/image\/\"},\"sameAs\":[\"https:\/\/www.facebook.com\/FutbolHoyCol\/\",\"https:\/\/x.com\/FutbolHoyCol\",\"https:\/\/www.instagram.com\/futbolhoycol\/\"]},{\"@type\":\"Person\",\"@id\":\"https:\/\/futbolhoy.co\/#\/schema\/person\/c4a353a512b127643723a34bb1812f7d\",\"name\":\"Laura Hern\u00e1ndez\",\"image\":{\"@type\":\"ImageObject\",\"inLanguage\":\"es\",\"@id\":\"https:\/\/futbolhoy.co\/#\/schema\/person\/image\/\",\"url\":\"https:\/\/secure.gravatar.com\/avatar\/d25959a15b9b293a743f99181c7cfd01?s=96&d=mm&r=g\",\"contentUrl\":\"https:\/\/secure.gravatar.com\/avatar\/d25959a15b9b293a743f99181c7cfd01?s=96&d=mm&r=g\",\"caption\":\"Laura Hern\u00e1ndez\"}}]}<\/script>\n<!-- \/ Yoast SEO plugin. -->","yoast_head_json":{"title":"Tolima refuerza su porter\u00eda -","robots":{"index":"index","follow":"follow","max-snippet":"max-snippet:-1","max-image-preview":"max-image-preview:large","max-video-preview":"max-video-preview:-1"},"canonical":"https:\/\/futbolhoy.co\/index.php\/2021\/12\/27\/tolima-refuerza-su-porteria\/","og_locale":"es_ES","og_type":"article","og_title":"Tolima refuerza su porter\u00eda -","og_description":"El portero de la selecci\u00f3n \u00a0ecuatoriana Alexander Dom\u00ednguez, jugar\u00e1 la pr\u00f3xima temporada en el Deportes Tolima si supera los ex\u00e1menes m\u00e9dicos, anunci\u00f3 el club que disputar\u00e1 la fase de grupos de la Copa Libertadores. \u201c\u00a1Todo est\u00e1 listo! Alexander Dom\u00ednguez se integrar\u00e1 a la disciplina del Club Deportes Tolima tan pronto se realicen los ex\u00e1menes m\u00e9dicos [&hellip;]","og_url":"https:\/\/futbolhoy.co\/index.php\/2021\/12\/27\/tolima-refuerza-su-porteria\/","article_publisher":"https:\/\/www.facebook.com\/FutbolHoyCol\/","article_published_time":"2021-12-27T19:30:30+00:00","article_modified_time":"2021-12-28T15:20:07+00:00","og_image":[{"width":1200,"height":1600,"url":"https:\/\/futbolhoy.co\/wp-content\/uploads\/2021\/12\/FHo8_j1XoAEKdT5.jpg","type":"image\/jpeg"}],"author":"Laura Hern\u00e1ndez","twitter_card":"summary_large_image","twitter_creator":"@FutbolHoyCol","twitter_site":"@FutbolHoyCol","twitter_misc":{"Escrito por":"Laura Hern\u00e1ndez","Tiempo de lectura":"1 minuto"},"schema":{"@context":"https:\/\/schema.org","@graph":[{"@type":"Article","@id":"https:\/\/futbolhoy.co\/index.php\/2021\/12\/27\/tolima-refuerza-su-porteria\/#article","isPartOf":{"@id":"https:\/\/futbolhoy.co\/index.php\/2021\/12\/27\/tolima-refuerza-su-porteria\/"},"author":{"name":"Laura Hern\u00e1ndez","@id":"https:\/\/futbolhoy.co\/#\/schema\/person\/c4a353a512b127643723a34bb1812f7d"},"headline":"Tolima refuerza su porter\u00eda","datePublished":"2021-12-27T19:30:30+00:00","dateModified":"2021-12-28T15:20:07+00:00","mainEntityOfPage":{"@id":"https:\/\/futbolhoy.co\/index.php\/2021\/12\/27\/tolima-refuerza-su-porteria\/"},"wordCount":166,"commentCount":0,"publisher":{"@id":"https:\/\/futbolhoy.co\/#organization"},"image":{"@id":"https:\/\/futbolhoy.co\/index.php\/2021\/12\/27\/tolima-refuerza-su-porteria\/#primaryimage"},"thumbnailUrl":"https:\/\/futbolhoy.co\/wp-content\/uploads\/2021\/12\/FHo8_j1XoAEKdT5.jpg","articleSection":["Liga BetPlay"],"inLanguage":"es","potentialAction":[{"@type":"CommentAction","name":"Comment","target":["https:\/\/futbolhoy.co\/index.php\/2021\/12\/27\/tolima-refuerza-su-porteria\/#respond"]}]},{"@type":"WebPage","@id":"https:\/\/futbolhoy.co\/index.php\/2021\/12\/27\/tolima-refuerza-su-porteria\/","url":"https:\/\/futbolhoy.co\/index.php\/2021\/12\/27\/tolima-refuerza-su-porteria\/","name":"Tolima refuerza su porter\u00eda -","isPartOf":{"@id":"https:\/\/futbolhoy.co\/#website"},"primaryImageOfPage":{"@id":"https:\/\/futbolhoy.co\/index.php\/2021\/12\/27\/tolima-refuerza-su-porteria\/#primaryimage"},"image":{"@id":"https:\/\/futbolhoy.co\/index.php\/2021\/12\/27\/tolima-refuerza-su-porteria\/#primaryimage"},"thumbnailUrl":"https:\/\/futbolhoy.co\/wp-content\/uploads\/2021\/12\/FHo8_j1XoAEKdT5.jpg","datePublished":"2021-12-27T19:30:30+00:00","dateModified":"2021-12-28T15:20:07+00:00","breadcrumb":{"@id":"https:\/\/futbolhoy.co\/index.php\/2021\/12\/27\/tolima-refuerza-su-porteria\/#breadcrumb"},"inLanguage":"es","potentialAction":[{"@type":"ReadAction","target":["https:\/\/futbolhoy.co\/index.php\/2021\/12\/27\/tolima-refuerza-su-porteria\/"]}]},{"@type":"ImageObject","inLanguage":"es","@id":"https:\/\/futbolhoy.co\/index.php\/2021\/12\/27\/tolima-refuerza-su-porteria\/#primaryimage","url":"https:\/\/futbolhoy.co\/wp-content\/uploads\/2021\/12\/FHo8_j1XoAEKdT5.jpg","contentUrl":"https:\/\/futbolhoy.co\/wp-content\/uploads\/2021\/12\/FHo8_j1XoAEKdT5.jpg","width":1200,"height":1600},{"@type":"BreadcrumbList","@id":"https:\/\/futbolhoy.co\/index.php\/2021\/12\/27\/tolima-refuerza-su-porteria\/#breadcrumb","itemListElement":[{"@type":"ListItem","position":1,"name":"Portada","item":"https:\/\/futbolhoy.co\/"},{"@type":"ListItem","position":2,"name":"Tolima refuerza su porter\u00eda"}]},{"@type":"WebSite","@id":"https:\/\/futbolhoy.co\/#website","url":"https:\/\/futbolhoy.co\/","name":"FutbolHoy","description":"","publisher":{"@id":"https:\/\/futbolhoy.co\/#organization"},"potentialAction":[{"@type":"SearchAction","target":{"@type":"EntryPoint","urlTemplate":"https:\/\/futbolhoy.co\/?s={search_term_string}"},"query-input":{"@type":"PropertyValueSpecification","valueRequired":true,"valueName":"search_term_string"}}],"inLanguage":"es"},{"@type":"Organization","@id":"https:\/\/futbolhoy.co\/#organization","name":"Futbolhoy.co","url":"https:\/\/futbolhoy.co\/","logo":{"@type":"ImageObject","inLanguage":"es","@id":"https:\/\/futbolhoy.co\/#\/schema\/logo\/image\/","url":"https:\/\/futbolhoy.co\/wp-content\/uploads\/2018\/08\/17426380_1906371736249227_6326180412931521141_n.jpg","contentUrl":"https:\/\/futbolhoy.co\/wp-content\/uploads\/2018\/08\/17426380_1906371736249227_6326180412931521141_n.jpg","width":960,"height":960,"caption":"Futbolhoy.co"},"image":{"@id":"https:\/\/futbolhoy.co\/#\/schema\/logo\/image\/"},"sameAs":["https:\/\/www.facebook.com\/FutbolHoyCol\/","https:\/\/x.com\/FutbolHoyCol","https:\/\/www.instagram.com\/futbolhoycol\/"]},{"@type":"Person","@id":"https:\/\/futbolhoy.co\/#\/schema\/person\/c4a353a512b127643723a34bb1812f7d","name":"Laura Hern\u00e1ndez","image":{"@type":"ImageObject","inLanguage":"es","@id":"https:\/\/futbolhoy.co\/#\/schema\/person\/image\/","url":"https:\/\/secure.gravatar.com\/avatar\/d25959a15b9b293a743f99181c7cfd01?s=96&d=mm&r=g","contentUrl":"https:\/\/secure.gravatar.com\/avatar\/d25959a15b9b293a743f99181c7cfd01?s=96&d=mm&r=g","caption":"Laura Hern\u00e1ndez"}}]}},"publishpress_future_action":{"enabled":false,"date":"2026-05-04 01:51:04","action":"change-status","newStatus":"draft","terms":[],"taxonomy":"category","extraData":[]},"publishpress_future_workflow_manual_trigger":{"enabledWorkflows":[]},"_links":{"self":[{"href":"https:\/\/futbolhoy.co\/index.php\/wp-json\/wp\/v2\/posts\/73936","targetHints":{"allow":["GET"]}}],"collection":[{"href":"https:\/\/futbolhoy.co\/index.php\/wp-json\/wp\/v2\/posts"}],"about":[{"href":"https:\/\/futbolhoy.co\/index.php\/wp-json\/wp\/v2\/types\/post"}],"author":[{"embeddable":true,"href":"https:\/\/futbolhoy.co\/index.php\/wp-json\/wp\/v2\/users\/5"}],"replies":[{"embeddable":true,"href":"https:\/\/futbolhoy.co\/index.php\/wp-json\/wp\/v2\/comments?post=73936"}],"version-history":[{"count":1,"href":"https:\/\/futbolhoy.co\/index.php\/wp-json\/wp\/v2\/posts\/73936\/revisions"}],"predecessor-version":[{"id":73937,"href":"https:\/\/futbolhoy.co\/index.php\/wp-json\/wp\/v2\/posts\/73936\/revisions\/73937"}],"wp:featuredmedia":[{"embeddable":true,"href":"https:\/\/futbolhoy.co\/index.php\/wp-json\/wp\/v2\/media\/73933"}],"wp:attachment":[{"href":"https:\/\/futbolhoy.co\/index.php\/wp-json\/wp\/v2\/media?parent=73936"}],"wp:term":[{"taxonomy":"category","embeddable":true,"href":"https:\/\/futbolhoy.co\/index.php\/wp-json\/wp\/v2\/categories?post=73936"},{"taxonomy":"post_tag","embeddable":true,"href":"https:\/\/futbolhoy.co\/index.php\/wp-json\/wp\/v2\/tags?post=73936"}],"curies":[{"name":"wp","href":"https:\/\/api.w.org\/{rel}","templated":true}]}}