{"id":73944,"date":"2021-12-28T07:19:48","date_gmt":"2021-12-28T12:19:48","guid":{"rendered":"https:\/\/futbolhoy.co\/?p=73944"},"modified":"2021-12-29T07:59:42","modified_gmt":"2021-12-29T12:59:42","slug":"diaz-mas-costoso-que-cristiano","status":"publish","type":"post","link":"https:\/\/futbolhoy.co\/index.php\/2021\/12\/28\/diaz-mas-costoso-que-cristiano\/","title":{"rendered":"D\u00edaz, m\u00e1s costoso que Cristiano"},"content":{"rendered":"<p class=\"x_ydp96da03ddMsoNormal\" style=\"text-align: justify;\"><span lang=\"ES-MX\" style=\"font-family: helvetica, arial, sans-serif;\">El extremo colombiano\u00a0<b>Luis D\u00edaz, del Porto de Portugal<\/b>, aparece como el futbolista colombiano m\u00e1s valioso del mundo, seg\u00fan el portal\u00a0<i>Transfermarkt<\/i>, que lo tas\u00f3 en 40 millones de euros.<\/span><\/p>\n<p class=\"x_ydp96da03ddMsoNormal\" style=\"text-align: justify;\"><span lang=\"ES-MX\" style=\"font-family: helvetica, arial, sans-serif;\">D\u00edaz ocupa el puesto 121 en el listado mundial que lidera el delantero franc\u00e9s\u00a0<b>Kylian Mbapp\u00e9<\/b>\u00a0con 160 millones de euros, seguido del noruego\u00a0<b>Erling Haaland<\/b>\u00a0del\u00a0<b>Borussia Dortmund<\/b>\u00a0con 150 millones.<\/span><\/p>\n<p class=\"x_ydp96da03ddMsoNormal\" style=\"text-align: justify;\"><span lang=\"ES-MX\" style=\"font-family: helvetica, arial, sans-serif;\">Los estelares\u00a0<b>Lionel Messi, del PSG, y Cristiano Ronaldo del M\u00e1nchester United,<\/b>\u00a0recibieron un valor de 60 millones de euros el argentino y 35 el portugu\u00e9s.<\/span><\/p>\n<p class=\"x_ydp96da03ddMsoNormal\" style=\"text-align: justify;\"><span style=\"font-family: helvetica, arial, sans-serif;\"><b><span lang=\"ES-MX\">Listado de jugadores m\u00e1s valiosos en millones de euros:<\/span><\/b><\/span><\/p>\n<table style=\"width: 93.1034%;\" width=\"347\">\n<tbody>\n<tr>\n<td style=\"width: 12.3563%;\" width=\"33\"><strong>Pos.<\/strong><\/td>\n<td style=\"width: 25.431%;\" width=\"118\"><strong>Jugador<\/strong><\/td>\n<td style=\"width: 40.3736%;\" width=\"156\"><strong>Pa\u00eds\/Club<\/strong><\/td>\n<td style=\"width: 13.2183%;\" width=\"40\"><strong>Valor<\/strong><\/td>\n<\/tr>\n<tr>\n<td style=\"width: 12.3563%;\">1<\/td>\n<td style=\"width: 25.431%;\">Kylian Mbapp\u00e9<\/td>\n<td style=\"width: 40.3736%;\">Fra\/PSG<\/td>\n<td style=\"width: 13.2183%;\">160<\/td>\n<\/tr>\n<tr>\n<td style=\"width: 12.3563%;\">2<\/td>\n<td style=\"width: 25.431%;\">Erling Haaland<\/td>\n<td style=\"width: 40.3736%;\">Nor\/Borussia Dortmund<\/td>\n<td style=\"width: 13.2183%;\">150<\/td>\n<\/tr>\n<tr>\n<td style=\"width: 12.3563%;\">3<\/td>\n<td style=\"width: 25.431%;\">Mohamed Salah<\/td>\n<td style=\"width: 40.3736%;\">Egy\/Liverpool<\/td>\n<td style=\"width: 13.2183%;\">100<\/td>\n<\/tr>\n<tr>\n<td style=\"width: 12.3563%;\">4<\/td>\n<td style=\"width: 25.431%;\">Harry Kane<\/td>\n<td style=\"width: 40.3736%;\">Ing\/Tottenham<\/td>\n<td style=\"width: 13.2183%;\">100<\/td>\n<\/tr>\n<tr>\n<td style=\"width: 12.3563%;\">5<\/td>\n<td style=\"width: 25.431%;\">Romelu Lukaku<\/td>\n<td style=\"width: 40.3736%;\">Bel\/Chelsea<\/td>\n<td style=\"width: 13.2183%;\">100<\/td>\n<\/tr>\n<tr>\n<td style=\"width: 12.3563%;\">63<\/td>\n<td style=\"width: 25.431%;\">Lionel Messi<\/td>\n<td style=\"width: 40.3736%;\">Col\/PSG<\/td>\n<td style=\"width: 13.2183%;\">60<\/td>\n<\/tr>\n<tr>\n<td style=\"width: 12.3563%;\">121<\/td>\n<td style=\"width: 25.431%;\">Luis D\u00edaz<\/td>\n<td style=\"width: 40.3736%;\">Col\/Porto<\/td>\n<td style=\"width: 13.2183%;\">40<\/td>\n<\/tr>\n<tr>\n<td style=\"width: 12.3563%;\">185<\/td>\n<td style=\"width: 25.431%;\">Cristiano Ronaldo<\/td>\n<td style=\"width: 40.3736%;\">Col\/Manchester United<\/td>\n<td style=\"width: 13.2183%;\">35<\/td>\n<\/tr>\n<tr>\n<td style=\"width: 12.3563%;\">188<\/td>\n<td style=\"width: 25.431%;\">Duv\u00e1n Zapata<\/td>\n<td style=\"width: 40.3736%;\">Col\/Atalanta<\/td>\n<td style=\"width: 13.2183%;\">33<\/td>\n<\/tr>\n<tr>\n<td style=\"width: 12.3563%;\">214<\/td>\n<td style=\"width: 25.431%;\">Luis Muriel<\/td>\n<td style=\"width: 40.3736%;\">Col\/Atalanta<\/td>\n<td style=\"width: 13.2183%;\">30<\/td>\n<\/tr>\n<tr>\n<td style=\"width: 12.3563%;\">214<\/td>\n<td style=\"width: 25.431%;\">D\u00e1vinson S\u00e1nchez<\/td>\n<td style=\"width: 40.3736%;\">Col\/Tottenham<\/td>\n<td style=\"width: 13.2183%;\">30<\/td>\n<\/tr>\n<tr>\n<td style=\"width: 12.3563%;\">418<\/td>\n<td style=\"width: 25.431%;\">James Rodr\u00edguez<\/td>\n<td style=\"width: 40.3736%;\">Col\/Al Rayyan<\/td>\n<td style=\"width: 13.2183%;\">20<\/td>\n<\/tr>\n<tr>\n<td style=\"width: 12.3563%;\">492<\/td>\n<td style=\"width: 25.431%;\">Wilmar Barrios<\/td>\n<td style=\"width: 40.3736%;\">Col\/Zenit<\/td>\n<td style=\"width: 13.2183%;\">18<\/td>\n<\/tr>\n<\/tbody>\n<\/table>\n","protected":false},"excerpt":{"rendered":"<p>El extremo colombiano\u00a0Luis D\u00edaz, del Porto de Portugal, aparece como el futbolista colombiano m\u00e1s valioso del mundo, seg\u00fan el portal\u00a0Transfermarkt, que lo tas\u00f3 en 40 millones de euros. D\u00edaz ocupa el puesto 121 en el listado mundial que lidera el delantero franc\u00e9s\u00a0Kylian Mbapp\u00e9\u00a0con 160 millones de euros, seguido del noruego\u00a0Erling Haaland\u00a0del\u00a0Borussia Dortmund\u00a0con 150 millones. Los [&hellip;]<\/p>\n","protected":false},"author":5,"featured_media":73945,"comment_status":"open","ping_status":"open","sticky":false,"template":"","format":"standard","meta":{"_acf_changed":false,"footnotes":""},"categories":[418],"tags":[392,1309],"class_list":{"0":"post-73944","1":"post","2":"type-post","3":"status-publish","4":"format-standard","5":"has-post-thumbnail","7":"category-colombia","8":"tag-cristiano-ronaldo","9":"tag-luis-diaz"},"acf":[],"yoast_head":"<!-- This site is optimized with the Yoast SEO plugin v26.8 - https:\/\/yoast.com\/product\/yoast-seo-wordpress\/ -->\n<title>D\u00edaz, m\u00e1s costoso que Cristiano -<\/title>\n<meta name=\"robots\" content=\"index, follow, max-snippet:-1, max-image-preview:large, max-video-preview:-1\" \/>\n<link rel=\"canonical\" href=\"https:\/\/futbolhoy.co\/index.php\/2021\/12\/28\/diaz-mas-costoso-que-cristiano\/\" \/>\n<meta property=\"og:locale\" content=\"es_ES\" \/>\n<meta property=\"og:type\" content=\"article\" \/>\n<meta property=\"og:title\" content=\"D\u00edaz, m\u00e1s costoso que Cristiano -\" \/>\n<meta property=\"og:description\" content=\"El extremo colombiano\u00a0Luis D\u00edaz, del Porto de Portugal, aparece como el futbolista colombiano m\u00e1s valioso del mundo, seg\u00fan el portal\u00a0Transfermarkt, que lo tas\u00f3 en 40 millones de euros. D\u00edaz ocupa el puesto 121 en el listado mundial que lidera el delantero franc\u00e9s\u00a0Kylian Mbapp\u00e9\u00a0con 160 millones de euros, seguido del noruego\u00a0Erling Haaland\u00a0del\u00a0Borussia Dortmund\u00a0con 150 millones. Los [&hellip;]\" \/>\n<meta property=\"og:url\" content=\"https:\/\/futbolhoy.co\/index.php\/2021\/12\/28\/diaz-mas-costoso-que-cristiano\/\" \/>\n<meta property=\"article:publisher\" content=\"https:\/\/www.facebook.com\/FutbolHoyCol\/\" \/>\n<meta property=\"article:published_time\" content=\"2021-12-28T12:19:48+00:00\" \/>\n<meta property=\"article:modified_time\" content=\"2021-12-29T12:59:42+00:00\" \/>\n<meta property=\"og:image\" content=\"https:\/\/futbolhoy.co\/wp-content\/uploads\/2021\/12\/Lucho.jpg\" \/>\n\t<meta property=\"og:image:width\" content=\"802\" \/>\n\t<meta property=\"og:image:height\" content=\"540\" \/>\n\t<meta property=\"og:image:type\" content=\"image\/jpeg\" \/>\n<meta name=\"author\" content=\"Laura Hern\u00e1ndez\" \/>\n<meta name=\"twitter:card\" content=\"summary_large_image\" \/>\n<meta name=\"twitter:creator\" content=\"@FutbolHoyCol\" \/>\n<meta name=\"twitter:site\" content=\"@FutbolHoyCol\" \/>\n<meta name=\"twitter:label1\" content=\"Escrito por\" \/>\n\t<meta name=\"twitter:data1\" content=\"Laura Hern\u00e1ndez\" \/>\n\t<meta name=\"twitter:label2\" content=\"Tiempo de lectura\" \/>\n\t<meta name=\"twitter:data2\" content=\"1 minuto\" \/>\n<script type=\"application\/ld+json\" class=\"yoast-schema-graph\">{\"@context\":\"https:\/\/schema.org\",\"@graph\":[{\"@type\":\"Article\",\"@id\":\"https:\/\/futbolhoy.co\/index.php\/2021\/12\/28\/diaz-mas-costoso-que-cristiano\/#article\",\"isPartOf\":{\"@id\":\"https:\/\/futbolhoy.co\/index.php\/2021\/12\/28\/diaz-mas-costoso-que-cristiano\/\"},\"author\":{\"name\":\"Laura Hern\u00e1ndez\",\"@id\":\"https:\/\/futbolhoy.co\/#\/schema\/person\/c4a353a512b127643723a34bb1812f7d\"},\"headline\":\"D\u00edaz, m\u00e1s costoso que Cristiano\",\"datePublished\":\"2021-12-28T12:19:48+00:00\",\"dateModified\":\"2021-12-29T12:59:42+00:00\",\"mainEntityOfPage\":{\"@id\":\"https:\/\/futbolhoy.co\/index.php\/2021\/12\/28\/diaz-mas-costoso-que-cristiano\/\"},\"wordCount\":172,\"commentCount\":0,\"publisher\":{\"@id\":\"https:\/\/futbolhoy.co\/#organization\"},\"image\":{\"@id\":\"https:\/\/futbolhoy.co\/index.php\/2021\/12\/28\/diaz-mas-costoso-que-cristiano\/#primaryimage\"},\"thumbnailUrl\":\"https:\/\/futbolhoy.co\/wp-content\/uploads\/2021\/12\/Lucho.jpg\",\"keywords\":[\"Cristiano Ronaldo\",\"Luis diaz\"],\"articleSection\":[\"Colombia\"],\"inLanguage\":\"es\",\"potentialAction\":[{\"@type\":\"CommentAction\",\"name\":\"Comment\",\"target\":[\"https:\/\/futbolhoy.co\/index.php\/2021\/12\/28\/diaz-mas-costoso-que-cristiano\/#respond\"]}]},{\"@type\":\"WebPage\",\"@id\":\"https:\/\/futbolhoy.co\/index.php\/2021\/12\/28\/diaz-mas-costoso-que-cristiano\/\",\"url\":\"https:\/\/futbolhoy.co\/index.php\/2021\/12\/28\/diaz-mas-costoso-que-cristiano\/\",\"name\":\"D\u00edaz, m\u00e1s costoso que Cristiano -\",\"isPartOf\":{\"@id\":\"https:\/\/futbolhoy.co\/#website\"},\"primaryImageOfPage\":{\"@id\":\"https:\/\/futbolhoy.co\/index.php\/2021\/12\/28\/diaz-mas-costoso-que-cristiano\/#primaryimage\"},\"image\":{\"@id\":\"https:\/\/futbolhoy.co\/index.php\/2021\/12\/28\/diaz-mas-costoso-que-cristiano\/#primaryimage\"},\"thumbnailUrl\":\"https:\/\/futbolhoy.co\/wp-content\/uploads\/2021\/12\/Lucho.jpg\",\"datePublished\":\"2021-12-28T12:19:48+00:00\",\"dateModified\":\"2021-12-29T12:59:42+00:00\",\"breadcrumb\":{\"@id\":\"https:\/\/futbolhoy.co\/index.php\/2021\/12\/28\/diaz-mas-costoso-que-cristiano\/#breadcrumb\"},\"inLanguage\":\"es\",\"potentialAction\":[{\"@type\":\"ReadAction\",\"target\":[\"https:\/\/futbolhoy.co\/index.php\/2021\/12\/28\/diaz-mas-costoso-que-cristiano\/\"]}]},{\"@type\":\"ImageObject\",\"inLanguage\":\"es\",\"@id\":\"https:\/\/futbolhoy.co\/index.php\/2021\/12\/28\/diaz-mas-costoso-que-cristiano\/#primaryimage\",\"url\":\"https:\/\/futbolhoy.co\/wp-content\/uploads\/2021\/12\/Lucho.jpg\",\"contentUrl\":\"https:\/\/futbolhoy.co\/wp-content\/uploads\/2021\/12\/Lucho.jpg\",\"width\":802,\"height\":540},{\"@type\":\"BreadcrumbList\",\"@id\":\"https:\/\/futbolhoy.co\/index.php\/2021\/12\/28\/diaz-mas-costoso-que-cristiano\/#breadcrumb\",\"itemListElement\":[{\"@type\":\"ListItem\",\"position\":1,\"name\":\"Portada\",\"item\":\"https:\/\/futbolhoy.co\/\"},{\"@type\":\"ListItem\",\"position\":2,\"name\":\"D\u00edaz, m\u00e1s costoso que Cristiano\"}]},{\"@type\":\"WebSite\",\"@id\":\"https:\/\/futbolhoy.co\/#website\",\"url\":\"https:\/\/futbolhoy.co\/\",\"name\":\"FutbolHoy\",\"description\":\"\",\"publisher\":{\"@id\":\"https:\/\/futbolhoy.co\/#organization\"},\"potentialAction\":[{\"@type\":\"SearchAction\",\"target\":{\"@type\":\"EntryPoint\",\"urlTemplate\":\"https:\/\/futbolhoy.co\/?s={search_term_string}\"},\"query-input\":{\"@type\":\"PropertyValueSpecification\",\"valueRequired\":true,\"valueName\":\"search_term_string\"}}],\"inLanguage\":\"es\"},{\"@type\":\"Organization\",\"@id\":\"https:\/\/futbolhoy.co\/#organization\",\"name\":\"Futbolhoy.co\",\"url\":\"https:\/\/futbolhoy.co\/\",\"logo\":{\"@type\":\"ImageObject\",\"inLanguage\":\"es\",\"@id\":\"https:\/\/futbolhoy.co\/#\/schema\/logo\/image\/\",\"url\":\"https:\/\/futbolhoy.co\/wp-content\/uploads\/2018\/08\/17426380_1906371736249227_6326180412931521141_n.jpg\",\"contentUrl\":\"https:\/\/futbolhoy.co\/wp-content\/uploads\/2018\/08\/17426380_1906371736249227_6326180412931521141_n.jpg\",\"width\":960,\"height\":960,\"caption\":\"Futbolhoy.co\"},\"image\":{\"@id\":\"https:\/\/futbolhoy.co\/#\/schema\/logo\/image\/\"},\"sameAs\":[\"https:\/\/www.facebook.com\/FutbolHoyCol\/\",\"https:\/\/x.com\/FutbolHoyCol\",\"https:\/\/www.instagram.com\/futbolhoycol\/\"]},{\"@type\":\"Person\",\"@id\":\"https:\/\/futbolhoy.co\/#\/schema\/person\/c4a353a512b127643723a34bb1812f7d\",\"name\":\"Laura Hern\u00e1ndez\",\"image\":{\"@type\":\"ImageObject\",\"inLanguage\":\"es\",\"@id\":\"https:\/\/futbolhoy.co\/#\/schema\/person\/image\/\",\"url\":\"https:\/\/secure.gravatar.com\/avatar\/d25959a15b9b293a743f99181c7cfd01?s=96&d=mm&r=g\",\"contentUrl\":\"https:\/\/secure.gravatar.com\/avatar\/d25959a15b9b293a743f99181c7cfd01?s=96&d=mm&r=g\",\"caption\":\"Laura Hern\u00e1ndez\"}}]}<\/script>\n<!-- \/ Yoast SEO plugin. -->","yoast_head_json":{"title":"D\u00edaz, m\u00e1s costoso que Cristiano -","robots":{"index":"index","follow":"follow","max-snippet":"max-snippet:-1","max-image-preview":"max-image-preview:large","max-video-preview":"max-video-preview:-1"},"canonical":"https:\/\/futbolhoy.co\/index.php\/2021\/12\/28\/diaz-mas-costoso-que-cristiano\/","og_locale":"es_ES","og_type":"article","og_title":"D\u00edaz, m\u00e1s costoso que Cristiano -","og_description":"El extremo colombiano\u00a0Luis D\u00edaz, del Porto de Portugal, aparece como el futbolista colombiano m\u00e1s valioso del mundo, seg\u00fan el portal\u00a0Transfermarkt, que lo tas\u00f3 en 40 millones de euros. D\u00edaz ocupa el puesto 121 en el listado mundial que lidera el delantero franc\u00e9s\u00a0Kylian Mbapp\u00e9\u00a0con 160 millones de euros, seguido del noruego\u00a0Erling Haaland\u00a0del\u00a0Borussia Dortmund\u00a0con 150 millones. Los [&hellip;]","og_url":"https:\/\/futbolhoy.co\/index.php\/2021\/12\/28\/diaz-mas-costoso-que-cristiano\/","article_publisher":"https:\/\/www.facebook.com\/FutbolHoyCol\/","article_published_time":"2021-12-28T12:19:48+00:00","article_modified_time":"2021-12-29T12:59:42+00:00","og_image":[{"width":802,"height":540,"url":"https:\/\/futbolhoy.co\/wp-content\/uploads\/2021\/12\/Lucho.jpg","type":"image\/jpeg"}],"author":"Laura Hern\u00e1ndez","twitter_card":"summary_large_image","twitter_creator":"@FutbolHoyCol","twitter_site":"@FutbolHoyCol","twitter_misc":{"Escrito por":"Laura Hern\u00e1ndez","Tiempo de lectura":"1 minuto"},"schema":{"@context":"https:\/\/schema.org","@graph":[{"@type":"Article","@id":"https:\/\/futbolhoy.co\/index.php\/2021\/12\/28\/diaz-mas-costoso-que-cristiano\/#article","isPartOf":{"@id":"https:\/\/futbolhoy.co\/index.php\/2021\/12\/28\/diaz-mas-costoso-que-cristiano\/"},"author":{"name":"Laura Hern\u00e1ndez","@id":"https:\/\/futbolhoy.co\/#\/schema\/person\/c4a353a512b127643723a34bb1812f7d"},"headline":"D\u00edaz, m\u00e1s costoso que Cristiano","datePublished":"2021-12-28T12:19:48+00:00","dateModified":"2021-12-29T12:59:42+00:00","mainEntityOfPage":{"@id":"https:\/\/futbolhoy.co\/index.php\/2021\/12\/28\/diaz-mas-costoso-que-cristiano\/"},"wordCount":172,"commentCount":0,"publisher":{"@id":"https:\/\/futbolhoy.co\/#organization"},"image":{"@id":"https:\/\/futbolhoy.co\/index.php\/2021\/12\/28\/diaz-mas-costoso-que-cristiano\/#primaryimage"},"thumbnailUrl":"https:\/\/futbolhoy.co\/wp-content\/uploads\/2021\/12\/Lucho.jpg","keywords":["Cristiano Ronaldo","Luis diaz"],"articleSection":["Colombia"],"inLanguage":"es","potentialAction":[{"@type":"CommentAction","name":"Comment","target":["https:\/\/futbolhoy.co\/index.php\/2021\/12\/28\/diaz-mas-costoso-que-cristiano\/#respond"]}]},{"@type":"WebPage","@id":"https:\/\/futbolhoy.co\/index.php\/2021\/12\/28\/diaz-mas-costoso-que-cristiano\/","url":"https:\/\/futbolhoy.co\/index.php\/2021\/12\/28\/diaz-mas-costoso-que-cristiano\/","name":"D\u00edaz, m\u00e1s costoso que Cristiano -","isPartOf":{"@id":"https:\/\/futbolhoy.co\/#website"},"primaryImageOfPage":{"@id":"https:\/\/futbolhoy.co\/index.php\/2021\/12\/28\/diaz-mas-costoso-que-cristiano\/#primaryimage"},"image":{"@id":"https:\/\/futbolhoy.co\/index.php\/2021\/12\/28\/diaz-mas-costoso-que-cristiano\/#primaryimage"},"thumbnailUrl":"https:\/\/futbolhoy.co\/wp-content\/uploads\/2021\/12\/Lucho.jpg","datePublished":"2021-12-28T12:19:48+00:00","dateModified":"2021-12-29T12:59:42+00:00","breadcrumb":{"@id":"https:\/\/futbolhoy.co\/index.php\/2021\/12\/28\/diaz-mas-costoso-que-cristiano\/#breadcrumb"},"inLanguage":"es","potentialAction":[{"@type":"ReadAction","target":["https:\/\/futbolhoy.co\/index.php\/2021\/12\/28\/diaz-mas-costoso-que-cristiano\/"]}]},{"@type":"ImageObject","inLanguage":"es","@id":"https:\/\/futbolhoy.co\/index.php\/2021\/12\/28\/diaz-mas-costoso-que-cristiano\/#primaryimage","url":"https:\/\/futbolhoy.co\/wp-content\/uploads\/2021\/12\/Lucho.jpg","contentUrl":"https:\/\/futbolhoy.co\/wp-content\/uploads\/2021\/12\/Lucho.jpg","width":802,"height":540},{"@type":"BreadcrumbList","@id":"https:\/\/futbolhoy.co\/index.php\/2021\/12\/28\/diaz-mas-costoso-que-cristiano\/#breadcrumb","itemListElement":[{"@type":"ListItem","position":1,"name":"Portada","item":"https:\/\/futbolhoy.co\/"},{"@type":"ListItem","position":2,"name":"D\u00edaz, m\u00e1s costoso que Cristiano"}]},{"@type":"WebSite","@id":"https:\/\/futbolhoy.co\/#website","url":"https:\/\/futbolhoy.co\/","name":"FutbolHoy","description":"","publisher":{"@id":"https:\/\/futbolhoy.co\/#organization"},"potentialAction":[{"@type":"SearchAction","target":{"@type":"EntryPoint","urlTemplate":"https:\/\/futbolhoy.co\/?s={search_term_string}"},"query-input":{"@type":"PropertyValueSpecification","valueRequired":true,"valueName":"search_term_string"}}],"inLanguage":"es"},{"@type":"Organization","@id":"https:\/\/futbolhoy.co\/#organization","name":"Futbolhoy.co","url":"https:\/\/futbolhoy.co\/","logo":{"@type":"ImageObject","inLanguage":"es","@id":"https:\/\/futbolhoy.co\/#\/schema\/logo\/image\/","url":"https:\/\/futbolhoy.co\/wp-content\/uploads\/2018\/08\/17426380_1906371736249227_6326180412931521141_n.jpg","contentUrl":"https:\/\/futbolhoy.co\/wp-content\/uploads\/2018\/08\/17426380_1906371736249227_6326180412931521141_n.jpg","width":960,"height":960,"caption":"Futbolhoy.co"},"image":{"@id":"https:\/\/futbolhoy.co\/#\/schema\/logo\/image\/"},"sameAs":["https:\/\/www.facebook.com\/FutbolHoyCol\/","https:\/\/x.com\/FutbolHoyCol","https:\/\/www.instagram.com\/futbolhoycol\/"]},{"@type":"Person","@id":"https:\/\/futbolhoy.co\/#\/schema\/person\/c4a353a512b127643723a34bb1812f7d","name":"Laura Hern\u00e1ndez","image":{"@type":"ImageObject","inLanguage":"es","@id":"https:\/\/futbolhoy.co\/#\/schema\/person\/image\/","url":"https:\/\/secure.gravatar.com\/avatar\/d25959a15b9b293a743f99181c7cfd01?s=96&d=mm&r=g","contentUrl":"https:\/\/secure.gravatar.com\/avatar\/d25959a15b9b293a743f99181c7cfd01?s=96&d=mm&r=g","caption":"Laura Hern\u00e1ndez"}}]}},"publishpress_future_action":{"enabled":false,"date":"2026-05-04 06:38:58","action":"change-status","newStatus":"draft","terms":[],"taxonomy":"category","extraData":[]},"publishpress_future_workflow_manual_trigger":{"enabledWorkflows":[]},"_links":{"self":[{"href":"https:\/\/futbolhoy.co\/index.php\/wp-json\/wp\/v2\/posts\/73944","targetHints":{"allow":["GET"]}}],"collection":[{"href":"https:\/\/futbolhoy.co\/index.php\/wp-json\/wp\/v2\/posts"}],"about":[{"href":"https:\/\/futbolhoy.co\/index.php\/wp-json\/wp\/v2\/types\/post"}],"author":[{"embeddable":true,"href":"https:\/\/futbolhoy.co\/index.php\/wp-json\/wp\/v2\/users\/5"}],"replies":[{"embeddable":true,"href":"https:\/\/futbolhoy.co\/index.php\/wp-json\/wp\/v2\/comments?post=73944"}],"version-history":[{"count":1,"href":"https:\/\/futbolhoy.co\/index.php\/wp-json\/wp\/v2\/posts\/73944\/revisions"}],"predecessor-version":[{"id":73946,"href":"https:\/\/futbolhoy.co\/index.php\/wp-json\/wp\/v2\/posts\/73944\/revisions\/73946"}],"wp:featuredmedia":[{"embeddable":true,"href":"https:\/\/futbolhoy.co\/index.php\/wp-json\/wp\/v2\/media\/73945"}],"wp:attachment":[{"href":"https:\/\/futbolhoy.co\/index.php\/wp-json\/wp\/v2\/media?parent=73944"}],"wp:term":[{"taxonomy":"category","embeddable":true,"href":"https:\/\/futbolhoy.co\/index.php\/wp-json\/wp\/v2\/categories?post=73944"},{"taxonomy":"post_tag","embeddable":true,"href":"https:\/\/futbolhoy.co\/index.php\/wp-json\/wp\/v2\/tags?post=73944"}],"curies":[{"name":"wp","href":"https:\/\/api.w.org\/{rel}","templated":true}]}}