{"id":73948,"date":"2021-12-28T07:16:05","date_gmt":"2021-12-28T12:16:05","guid":{"rendered":"https:\/\/futbolhoy.co\/?p=73948"},"modified":"2021-12-28T18:20:56","modified_gmt":"2021-12-28T23:20:56","slug":"murio-hugo-el-hermano-menor-de-maradona","status":"publish","type":"post","link":"https:\/\/futbolhoy.co\/index.php\/2021\/12\/28\/murio-hugo-el-hermano-menor-de-maradona\/","title":{"rendered":"Muri\u00f3 Hugo, el hermano menor de Maradona"},"content":{"rendered":"<p class=\"x_ydpfadecbc1MsoNormal\" style=\"text-align: justify;\"><span lang=\"ES-MX\" style=\"font-family: helvetica, arial, sans-serif;\">Hugo, el hermano menor de\u00a0<b>Diego Armando Maradona<\/b>, conocido como\u00a0<b>'El Turco'<\/b>, falleci\u00f3 en\u00a0<b>N\u00e1poles<\/b>\u00a0a los 52 a\u00f1os, poco m\u00e1s de un a\u00f1o despu\u00e9s de la desaparici\u00f3n del astro argentino, anunci\u00f3 el club de la\u00a0<b>Serie A italiana<\/b>.<\/span><\/p>\n<p class=\"x_ydpfadecbc1MsoNormal\" style=\"text-align: justify;\"><span lang=\"ES-MX\" style=\"font-family: helvetica, arial, sans-serif;\">\"<b>Hugo Maradona<\/b>\u00a0ha muerto\", indic\u00f3 el N\u00e1poles en un breve comunicado, confirmando una informaci\u00f3n de la prensa italiana, que hab\u00eda anunciado el fallecimiento del hermano menor de Maradona como consecuencia de un infarto.<\/span><\/p>\n<p class=\"x_ydpfadecbc1MsoNormal\" style=\"text-align: justify;\"><span lang=\"ES-MX\" style=\"font-family: helvetica, arial, sans-serif;\">El presidente del club,\u00a0<b>Aurelio De Laurentiis<\/b>, y el equipo \"se unen a la familia de Maradona en el dolor causado por la desaparici\u00f3n de Hugo\", a\u00f1ade el club.<\/span><\/p>\n<p class=\"x_ydpfadecbc1MsoNormal\" style=\"text-align: justify;\"><span lang=\"ES-MX\" style=\"font-family: helvetica, arial, sans-serif;\">Hugo Maradona, padre de tres hijos, fue declarado muerto cuando llegaron los servicios de emergencia a su domicilio de\u00a0<b>Monte di Procida<\/b>, en la periferia napolitana.<\/span><\/p>\n<p class=\"x_ydpfadecbc1MsoNormal\" style=\"text-align: justify;\"><span lang=\"ES-MX\" style=\"font-family: helvetica, arial, sans-serif;\">Ex futbolista, como sus hermanos mayores Diego y Lalo, jug\u00f3 en\u00a0<b>Italia, Austria, Espa\u00f1a, Argentina, Canad\u00e1 y Jap\u00f3n<\/b>, antes de regresar a\u00a0<b>Italia<\/b>\u00a0para instalarse definitivamente e iniciar una breve carrera de entrenador en equipos aficionados de N\u00e1poles.<\/span><\/p>\n","protected":false},"excerpt":{"rendered":"<p>Hugo, el hermano menor de\u00a0Diego Armando Maradona, conocido como\u00a0'El Turco', falleci\u00f3 en\u00a0N\u00e1poles\u00a0a los 52 a\u00f1os, poco m\u00e1s de un a\u00f1o despu\u00e9s de la desaparici\u00f3n del astro argentino, anunci\u00f3 el club de la\u00a0Serie A italiana. \"Hugo Maradona\u00a0ha muerto\", indic\u00f3 el N\u00e1poles en un breve comunicado, confirmando una informaci\u00f3n de la prensa italiana, que hab\u00eda anunciado el [&hellip;]<\/p>\n","protected":false},"author":5,"featured_media":73949,"comment_status":"open","ping_status":"open","sticky":false,"template":"","format":"standard","meta":{"_acf_changed":false,"footnotes":""},"categories":[152],"tags":[],"class_list":{"0":"post-73948","1":"post","2":"type-post","3":"status-publish","4":"format-standard","5":"has-post-thumbnail","7":"category-mundo-futbol"},"acf":[],"yoast_head":"<!-- This site is optimized with the Yoast SEO plugin v26.8 - https:\/\/yoast.com\/product\/yoast-seo-wordpress\/ -->\n<title>Muri\u00f3 Hugo, el hermano menor de Maradona -<\/title>\n<meta name=\"robots\" content=\"index, follow, max-snippet:-1, max-image-preview:large, max-video-preview:-1\" \/>\n<link rel=\"canonical\" href=\"https:\/\/futbolhoy.co\/index.php\/2021\/12\/28\/murio-hugo-el-hermano-menor-de-maradona\/\" \/>\n<meta property=\"og:locale\" content=\"es_ES\" \/>\n<meta property=\"og:type\" content=\"article\" \/>\n<meta property=\"og:title\" content=\"Muri\u00f3 Hugo, el hermano menor de Maradona -\" \/>\n<meta property=\"og:description\" content=\"Hugo, el hermano menor de\u00a0Diego Armando Maradona, conocido como\u00a0&#039;El Turco&#039;, falleci\u00f3 en\u00a0N\u00e1poles\u00a0a los 52 a\u00f1os, poco m\u00e1s de un a\u00f1o despu\u00e9s de la desaparici\u00f3n del astro argentino, anunci\u00f3 el club de la\u00a0Serie A italiana. &quot;Hugo Maradona\u00a0ha muerto&quot;, indic\u00f3 el N\u00e1poles en un breve comunicado, confirmando una informaci\u00f3n de la prensa italiana, que hab\u00eda anunciado el [&hellip;]\" \/>\n<meta property=\"og:url\" content=\"https:\/\/futbolhoy.co\/index.php\/2021\/12\/28\/murio-hugo-el-hermano-menor-de-maradona\/\" \/>\n<meta property=\"article:publisher\" content=\"https:\/\/www.facebook.com\/FutbolHoyCol\/\" \/>\n<meta property=\"article:published_time\" content=\"2021-12-28T12:16:05+00:00\" \/>\n<meta property=\"article:modified_time\" content=\"2021-12-28T23:20:56+00:00\" \/>\n<meta property=\"og:image\" content=\"https:\/\/futbolhoy.co\/wp-content\/uploads\/2021\/12\/Hugo-Maradona.jpg\" \/>\n\t<meta property=\"og:image:width\" content=\"732\" \/>\n\t<meta property=\"og:image:height\" content=\"407\" \/>\n\t<meta property=\"og:image:type\" content=\"image\/jpeg\" \/>\n<meta name=\"author\" content=\"Laura Hern\u00e1ndez\" \/>\n<meta name=\"twitter:card\" content=\"summary_large_image\" \/>\n<meta name=\"twitter:creator\" content=\"@FutbolHoyCol\" \/>\n<meta name=\"twitter:site\" content=\"@FutbolHoyCol\" \/>\n<meta name=\"twitter:label1\" content=\"Escrito por\" \/>\n\t<meta name=\"twitter:data1\" content=\"Laura Hern\u00e1ndez\" \/>\n\t<meta name=\"twitter:label2\" content=\"Tiempo de lectura\" \/>\n\t<meta name=\"twitter:data2\" content=\"1 minuto\" \/>\n<script type=\"application\/ld+json\" class=\"yoast-schema-graph\">{\"@context\":\"https:\/\/schema.org\",\"@graph\":[{\"@type\":\"Article\",\"@id\":\"https:\/\/futbolhoy.co\/index.php\/2021\/12\/28\/murio-hugo-el-hermano-menor-de-maradona\/#article\",\"isPartOf\":{\"@id\":\"https:\/\/futbolhoy.co\/index.php\/2021\/12\/28\/murio-hugo-el-hermano-menor-de-maradona\/\"},\"author\":{\"name\":\"Laura Hern\u00e1ndez\",\"@id\":\"https:\/\/futbolhoy.co\/#\/schema\/person\/c4a353a512b127643723a34bb1812f7d\"},\"headline\":\"Muri\u00f3 Hugo, el hermano menor de Maradona\",\"datePublished\":\"2021-12-28T12:16:05+00:00\",\"dateModified\":\"2021-12-28T23:20:56+00:00\",\"mainEntityOfPage\":{\"@id\":\"https:\/\/futbolhoy.co\/index.php\/2021\/12\/28\/murio-hugo-el-hermano-menor-de-maradona\/\"},\"wordCount\":185,\"commentCount\":0,\"publisher\":{\"@id\":\"https:\/\/futbolhoy.co\/#organization\"},\"image\":{\"@id\":\"https:\/\/futbolhoy.co\/index.php\/2021\/12\/28\/murio-hugo-el-hermano-menor-de-maradona\/#primaryimage\"},\"thumbnailUrl\":\"https:\/\/futbolhoy.co\/wp-content\/uploads\/2021\/12\/Hugo-Maradona.jpg\",\"articleSection\":[\"Mundo Futbol\"],\"inLanguage\":\"es\",\"potentialAction\":[{\"@type\":\"CommentAction\",\"name\":\"Comment\",\"target\":[\"https:\/\/futbolhoy.co\/index.php\/2021\/12\/28\/murio-hugo-el-hermano-menor-de-maradona\/#respond\"]}]},{\"@type\":\"WebPage\",\"@id\":\"https:\/\/futbolhoy.co\/index.php\/2021\/12\/28\/murio-hugo-el-hermano-menor-de-maradona\/\",\"url\":\"https:\/\/futbolhoy.co\/index.php\/2021\/12\/28\/murio-hugo-el-hermano-menor-de-maradona\/\",\"name\":\"Muri\u00f3 Hugo, el hermano menor de Maradona -\",\"isPartOf\":{\"@id\":\"https:\/\/futbolhoy.co\/#website\"},\"primaryImageOfPage\":{\"@id\":\"https:\/\/futbolhoy.co\/index.php\/2021\/12\/28\/murio-hugo-el-hermano-menor-de-maradona\/#primaryimage\"},\"image\":{\"@id\":\"https:\/\/futbolhoy.co\/index.php\/2021\/12\/28\/murio-hugo-el-hermano-menor-de-maradona\/#primaryimage\"},\"thumbnailUrl\":\"https:\/\/futbolhoy.co\/wp-content\/uploads\/2021\/12\/Hugo-Maradona.jpg\",\"datePublished\":\"2021-12-28T12:16:05+00:00\",\"dateModified\":\"2021-12-28T23:20:56+00:00\",\"breadcrumb\":{\"@id\":\"https:\/\/futbolhoy.co\/index.php\/2021\/12\/28\/murio-hugo-el-hermano-menor-de-maradona\/#breadcrumb\"},\"inLanguage\":\"es\",\"potentialAction\":[{\"@type\":\"ReadAction\",\"target\":[\"https:\/\/futbolhoy.co\/index.php\/2021\/12\/28\/murio-hugo-el-hermano-menor-de-maradona\/\"]}]},{\"@type\":\"ImageObject\",\"inLanguage\":\"es\",\"@id\":\"https:\/\/futbolhoy.co\/index.php\/2021\/12\/28\/murio-hugo-el-hermano-menor-de-maradona\/#primaryimage\",\"url\":\"https:\/\/futbolhoy.co\/wp-content\/uploads\/2021\/12\/Hugo-Maradona.jpg\",\"contentUrl\":\"https:\/\/futbolhoy.co\/wp-content\/uploads\/2021\/12\/Hugo-Maradona.jpg\",\"width\":732,\"height\":407},{\"@type\":\"BreadcrumbList\",\"@id\":\"https:\/\/futbolhoy.co\/index.php\/2021\/12\/28\/murio-hugo-el-hermano-menor-de-maradona\/#breadcrumb\",\"itemListElement\":[{\"@type\":\"ListItem\",\"position\":1,\"name\":\"Portada\",\"item\":\"https:\/\/futbolhoy.co\/\"},{\"@type\":\"ListItem\",\"position\":2,\"name\":\"Muri\u00f3 Hugo, el hermano menor de Maradona\"}]},{\"@type\":\"WebSite\",\"@id\":\"https:\/\/futbolhoy.co\/#website\",\"url\":\"https:\/\/futbolhoy.co\/\",\"name\":\"FutbolHoy\",\"description\":\"\",\"publisher\":{\"@id\":\"https:\/\/futbolhoy.co\/#organization\"},\"potentialAction\":[{\"@type\":\"SearchAction\",\"target\":{\"@type\":\"EntryPoint\",\"urlTemplate\":\"https:\/\/futbolhoy.co\/?s={search_term_string}\"},\"query-input\":{\"@type\":\"PropertyValueSpecification\",\"valueRequired\":true,\"valueName\":\"search_term_string\"}}],\"inLanguage\":\"es\"},{\"@type\":\"Organization\",\"@id\":\"https:\/\/futbolhoy.co\/#organization\",\"name\":\"Futbolhoy.co\",\"url\":\"https:\/\/futbolhoy.co\/\",\"logo\":{\"@type\":\"ImageObject\",\"inLanguage\":\"es\",\"@id\":\"https:\/\/futbolhoy.co\/#\/schema\/logo\/image\/\",\"url\":\"https:\/\/futbolhoy.co\/wp-content\/uploads\/2018\/08\/17426380_1906371736249227_6326180412931521141_n.jpg\",\"contentUrl\":\"https:\/\/futbolhoy.co\/wp-content\/uploads\/2018\/08\/17426380_1906371736249227_6326180412931521141_n.jpg\",\"width\":960,\"height\":960,\"caption\":\"Futbolhoy.co\"},\"image\":{\"@id\":\"https:\/\/futbolhoy.co\/#\/schema\/logo\/image\/\"},\"sameAs\":[\"https:\/\/www.facebook.com\/FutbolHoyCol\/\",\"https:\/\/x.com\/FutbolHoyCol\",\"https:\/\/www.instagram.com\/futbolhoycol\/\"]},{\"@type\":\"Person\",\"@id\":\"https:\/\/futbolhoy.co\/#\/schema\/person\/c4a353a512b127643723a34bb1812f7d\",\"name\":\"Laura Hern\u00e1ndez\",\"image\":{\"@type\":\"ImageObject\",\"inLanguage\":\"es\",\"@id\":\"https:\/\/futbolhoy.co\/#\/schema\/person\/image\/\",\"url\":\"https:\/\/secure.gravatar.com\/avatar\/d25959a15b9b293a743f99181c7cfd01?s=96&d=mm&r=g\",\"contentUrl\":\"https:\/\/secure.gravatar.com\/avatar\/d25959a15b9b293a743f99181c7cfd01?s=96&d=mm&r=g\",\"caption\":\"Laura Hern\u00e1ndez\"}}]}<\/script>\n<!-- \/ Yoast SEO plugin. -->","yoast_head_json":{"title":"Muri\u00f3 Hugo, el hermano menor de Maradona -","robots":{"index":"index","follow":"follow","max-snippet":"max-snippet:-1","max-image-preview":"max-image-preview:large","max-video-preview":"max-video-preview:-1"},"canonical":"https:\/\/futbolhoy.co\/index.php\/2021\/12\/28\/murio-hugo-el-hermano-menor-de-maradona\/","og_locale":"es_ES","og_type":"article","og_title":"Muri\u00f3 Hugo, el hermano menor de Maradona -","og_description":"Hugo, el hermano menor de\u00a0Diego Armando Maradona, conocido como\u00a0'El Turco', falleci\u00f3 en\u00a0N\u00e1poles\u00a0a los 52 a\u00f1os, poco m\u00e1s de un a\u00f1o despu\u00e9s de la desaparici\u00f3n del astro argentino, anunci\u00f3 el club de la\u00a0Serie A italiana. \"Hugo Maradona\u00a0ha muerto\", indic\u00f3 el N\u00e1poles en un breve comunicado, confirmando una informaci\u00f3n de la prensa italiana, que hab\u00eda anunciado el [&hellip;]","og_url":"https:\/\/futbolhoy.co\/index.php\/2021\/12\/28\/murio-hugo-el-hermano-menor-de-maradona\/","article_publisher":"https:\/\/www.facebook.com\/FutbolHoyCol\/","article_published_time":"2021-12-28T12:16:05+00:00","article_modified_time":"2021-12-28T23:20:56+00:00","og_image":[{"width":732,"height":407,"url":"https:\/\/futbolhoy.co\/wp-content\/uploads\/2021\/12\/Hugo-Maradona.jpg","type":"image\/jpeg"}],"author":"Laura Hern\u00e1ndez","twitter_card":"summary_large_image","twitter_creator":"@FutbolHoyCol","twitter_site":"@FutbolHoyCol","twitter_misc":{"Escrito por":"Laura Hern\u00e1ndez","Tiempo de lectura":"1 minuto"},"schema":{"@context":"https:\/\/schema.org","@graph":[{"@type":"Article","@id":"https:\/\/futbolhoy.co\/index.php\/2021\/12\/28\/murio-hugo-el-hermano-menor-de-maradona\/#article","isPartOf":{"@id":"https:\/\/futbolhoy.co\/index.php\/2021\/12\/28\/murio-hugo-el-hermano-menor-de-maradona\/"},"author":{"name":"Laura Hern\u00e1ndez","@id":"https:\/\/futbolhoy.co\/#\/schema\/person\/c4a353a512b127643723a34bb1812f7d"},"headline":"Muri\u00f3 Hugo, el hermano menor de Maradona","datePublished":"2021-12-28T12:16:05+00:00","dateModified":"2021-12-28T23:20:56+00:00","mainEntityOfPage":{"@id":"https:\/\/futbolhoy.co\/index.php\/2021\/12\/28\/murio-hugo-el-hermano-menor-de-maradona\/"},"wordCount":185,"commentCount":0,"publisher":{"@id":"https:\/\/futbolhoy.co\/#organization"},"image":{"@id":"https:\/\/futbolhoy.co\/index.php\/2021\/12\/28\/murio-hugo-el-hermano-menor-de-maradona\/#primaryimage"},"thumbnailUrl":"https:\/\/futbolhoy.co\/wp-content\/uploads\/2021\/12\/Hugo-Maradona.jpg","articleSection":["Mundo Futbol"],"inLanguage":"es","potentialAction":[{"@type":"CommentAction","name":"Comment","target":["https:\/\/futbolhoy.co\/index.php\/2021\/12\/28\/murio-hugo-el-hermano-menor-de-maradona\/#respond"]}]},{"@type":"WebPage","@id":"https:\/\/futbolhoy.co\/index.php\/2021\/12\/28\/murio-hugo-el-hermano-menor-de-maradona\/","url":"https:\/\/futbolhoy.co\/index.php\/2021\/12\/28\/murio-hugo-el-hermano-menor-de-maradona\/","name":"Muri\u00f3 Hugo, el hermano menor de Maradona -","isPartOf":{"@id":"https:\/\/futbolhoy.co\/#website"},"primaryImageOfPage":{"@id":"https:\/\/futbolhoy.co\/index.php\/2021\/12\/28\/murio-hugo-el-hermano-menor-de-maradona\/#primaryimage"},"image":{"@id":"https:\/\/futbolhoy.co\/index.php\/2021\/12\/28\/murio-hugo-el-hermano-menor-de-maradona\/#primaryimage"},"thumbnailUrl":"https:\/\/futbolhoy.co\/wp-content\/uploads\/2021\/12\/Hugo-Maradona.jpg","datePublished":"2021-12-28T12:16:05+00:00","dateModified":"2021-12-28T23:20:56+00:00","breadcrumb":{"@id":"https:\/\/futbolhoy.co\/index.php\/2021\/12\/28\/murio-hugo-el-hermano-menor-de-maradona\/#breadcrumb"},"inLanguage":"es","potentialAction":[{"@type":"ReadAction","target":["https:\/\/futbolhoy.co\/index.php\/2021\/12\/28\/murio-hugo-el-hermano-menor-de-maradona\/"]}]},{"@type":"ImageObject","inLanguage":"es","@id":"https:\/\/futbolhoy.co\/index.php\/2021\/12\/28\/murio-hugo-el-hermano-menor-de-maradona\/#primaryimage","url":"https:\/\/futbolhoy.co\/wp-content\/uploads\/2021\/12\/Hugo-Maradona.jpg","contentUrl":"https:\/\/futbolhoy.co\/wp-content\/uploads\/2021\/12\/Hugo-Maradona.jpg","width":732,"height":407},{"@type":"BreadcrumbList","@id":"https:\/\/futbolhoy.co\/index.php\/2021\/12\/28\/murio-hugo-el-hermano-menor-de-maradona\/#breadcrumb","itemListElement":[{"@type":"ListItem","position":1,"name":"Portada","item":"https:\/\/futbolhoy.co\/"},{"@type":"ListItem","position":2,"name":"Muri\u00f3 Hugo, el hermano menor de Maradona"}]},{"@type":"WebSite","@id":"https:\/\/futbolhoy.co\/#website","url":"https:\/\/futbolhoy.co\/","name":"FutbolHoy","description":"","publisher":{"@id":"https:\/\/futbolhoy.co\/#organization"},"potentialAction":[{"@type":"SearchAction","target":{"@type":"EntryPoint","urlTemplate":"https:\/\/futbolhoy.co\/?s={search_term_string}"},"query-input":{"@type":"PropertyValueSpecification","valueRequired":true,"valueName":"search_term_string"}}],"inLanguage":"es"},{"@type":"Organization","@id":"https:\/\/futbolhoy.co\/#organization","name":"Futbolhoy.co","url":"https:\/\/futbolhoy.co\/","logo":{"@type":"ImageObject","inLanguage":"es","@id":"https:\/\/futbolhoy.co\/#\/schema\/logo\/image\/","url":"https:\/\/futbolhoy.co\/wp-content\/uploads\/2018\/08\/17426380_1906371736249227_6326180412931521141_n.jpg","contentUrl":"https:\/\/futbolhoy.co\/wp-content\/uploads\/2018\/08\/17426380_1906371736249227_6326180412931521141_n.jpg","width":960,"height":960,"caption":"Futbolhoy.co"},"image":{"@id":"https:\/\/futbolhoy.co\/#\/schema\/logo\/image\/"},"sameAs":["https:\/\/www.facebook.com\/FutbolHoyCol\/","https:\/\/x.com\/FutbolHoyCol","https:\/\/www.instagram.com\/futbolhoycol\/"]},{"@type":"Person","@id":"https:\/\/futbolhoy.co\/#\/schema\/person\/c4a353a512b127643723a34bb1812f7d","name":"Laura Hern\u00e1ndez","image":{"@type":"ImageObject","inLanguage":"es","@id":"https:\/\/futbolhoy.co\/#\/schema\/person\/image\/","url":"https:\/\/secure.gravatar.com\/avatar\/d25959a15b9b293a743f99181c7cfd01?s=96&d=mm&r=g","contentUrl":"https:\/\/secure.gravatar.com\/avatar\/d25959a15b9b293a743f99181c7cfd01?s=96&d=mm&r=g","caption":"Laura Hern\u00e1ndez"}}]}},"publishpress_future_action":{"enabled":false,"date":"2026-05-04 15:02:18","action":"change-status","newStatus":"draft","terms":[],"taxonomy":"category","extraData":[]},"publishpress_future_workflow_manual_trigger":{"enabledWorkflows":[]},"_links":{"self":[{"href":"https:\/\/futbolhoy.co\/index.php\/wp-json\/wp\/v2\/posts\/73948","targetHints":{"allow":["GET"]}}],"collection":[{"href":"https:\/\/futbolhoy.co\/index.php\/wp-json\/wp\/v2\/posts"}],"about":[{"href":"https:\/\/futbolhoy.co\/index.php\/wp-json\/wp\/v2\/types\/post"}],"author":[{"embeddable":true,"href":"https:\/\/futbolhoy.co\/index.php\/wp-json\/wp\/v2\/users\/5"}],"replies":[{"embeddable":true,"href":"https:\/\/futbolhoy.co\/index.php\/wp-json\/wp\/v2\/comments?post=73948"}],"version-history":[{"count":1,"href":"https:\/\/futbolhoy.co\/index.php\/wp-json\/wp\/v2\/posts\/73948\/revisions"}],"predecessor-version":[{"id":73950,"href":"https:\/\/futbolhoy.co\/index.php\/wp-json\/wp\/v2\/posts\/73948\/revisions\/73950"}],"wp:featuredmedia":[{"embeddable":true,"href":"https:\/\/futbolhoy.co\/index.php\/wp-json\/wp\/v2\/media\/73949"}],"wp:attachment":[{"href":"https:\/\/futbolhoy.co\/index.php\/wp-json\/wp\/v2\/media?parent=73948"}],"wp:term":[{"taxonomy":"category","embeddable":true,"href":"https:\/\/futbolhoy.co\/index.php\/wp-json\/wp\/v2\/categories?post=73948"},{"taxonomy":"post_tag","embeddable":true,"href":"https:\/\/futbolhoy.co\/index.php\/wp-json\/wp\/v2\/tags?post=73948"}],"curies":[{"name":"wp","href":"https:\/\/api.w.org\/{rel}","templated":true}]}}