{"id":73982,"date":"2021-12-29T17:12:14","date_gmt":"2021-12-29T22:12:14","guid":{"rendered":"https:\/\/futbolhoy.co\/?p=73982"},"modified":"2021-12-30T07:12:13","modified_gmt":"2021-12-30T12:12:13","slug":"la-dimayor-oficializo-el-calendario-del-2022","status":"publish","type":"post","link":"https:\/\/futbolhoy.co\/index.php\/2021\/12\/29\/la-dimayor-oficializo-el-calendario-del-2022\/","title":{"rendered":"La Dimayor oficializ\u00f3 el calendario del 2022"},"content":{"rendered":"<p style=\"text-align: justify;\"><span style=\"font-family: helvetica, arial, sans-serif;\">El inicio de la<strong> Liga BetPlay Dimayor 2022-II<\/strong> fue ratificado para el fin de semana del 22 de enero, seg\u00fan el calendario de competencias que se public\u00f3 este mi\u00e9rcoles \u00a0<\/span><\/p>\n<p style=\"text-align: justify;\"><span style=\"font-family: helvetica, arial, sans-serif;\">La primera parte del campeonato se extender\u00e1 hasta el 26 de junio, mientras que la segunda la Liga se jugar\u00e1 entre el 3 de julio y el 16 de noviembre.<\/span><\/p>\n<p style=\"text-align: justify;\"><span style=\"font-family: helvetica, arial, sans-serif;\">El final dela temporada se adelanta para mediados de noviembre, por la disputa del <strong>Mundial de Qatar.<\/strong><\/span><\/p>\n<div style=\"text-align: justify;\"><span style=\"font-family: helvetica, arial, sans-serif;\">La<strong> Liga Femenina<\/strong> no aparece programada, debido que se est\u00e1 a la espera de definir el sistema de campeonato.<\/span><\/div>\n<div><\/div>\n<div><img fetchpriority=\"high\" decoding=\"async\" class=\"alignnone wp-image-73983 size-full\" src=\"https:\/\/futbolhoy.co\/wp-content\/uploads\/2021\/12\/FHzKUUoWYAgiEEd.jpg\" alt=\"\" width=\"1018\" height=\"606\" srcset=\"https:\/\/futbolhoy.co\/wp-content\/uploads\/2021\/12\/FHzKUUoWYAgiEEd.jpg 1018w, https:\/\/futbolhoy.co\/wp-content\/uploads\/2021\/12\/FHzKUUoWYAgiEEd-300x179.jpg 300w, https:\/\/futbolhoy.co\/wp-content\/uploads\/2021\/12\/FHzKUUoWYAgiEEd-768x457.jpg 768w, https:\/\/futbolhoy.co\/wp-content\/uploads\/2021\/12\/FHzKUUoWYAgiEEd-696x414.jpg 696w, https:\/\/futbolhoy.co\/wp-content\/uploads\/2021\/12\/FHzKUUoWYAgiEEd-706x420.jpg 706w, https:\/\/futbolhoy.co\/wp-content\/uploads\/2021\/12\/FHzKUUoWYAgiEEd-128x76.jpg 128w, https:\/\/futbolhoy.co\/wp-content\/uploads\/2021\/12\/FHzKUUoWYAgiEEd-32x19.jpg 32w\" sizes=\"(max-width: 1018px) 100vw, 1018px\" \/><\/div>\n","protected":false},"excerpt":{"rendered":"<p>El inicio de la Liga BetPlay Dimayor 2022-II fue ratificado para el fin de semana del 22 de enero, seg\u00fan el calendario de competencias que se public\u00f3 este mi\u00e9rcoles \u00a0 La primera parte del campeonato se extender\u00e1 hasta el 26 de junio, mientras que la segunda la Liga se jugar\u00e1 entre el 3 de julio [&hellip;]<\/p>\n","protected":false},"author":5,"featured_media":73818,"comment_status":"open","ping_status":"open","sticky":false,"template":"","format":"standard","meta":{"_acf_changed":false,"footnotes":""},"categories":[7],"tags":[],"class_list":{"0":"post-73982","1":"post","2":"type-post","3":"status-publish","4":"format-standard","5":"has-post-thumbnail","7":"category-liga-betplay"},"acf":[],"yoast_head":"<!-- This site is optimized with the Yoast SEO plugin v26.8 - https:\/\/yoast.com\/product\/yoast-seo-wordpress\/ -->\n<title>La Dimayor oficializ\u00f3 el calendario del 2022 -<\/title>\n<meta name=\"robots\" content=\"index, follow, max-snippet:-1, max-image-preview:large, max-video-preview:-1\" \/>\n<link rel=\"canonical\" href=\"https:\/\/futbolhoy.co\/index.php\/2021\/12\/29\/la-dimayor-oficializo-el-calendario-del-2022\/\" \/>\n<meta property=\"og:locale\" content=\"es_ES\" \/>\n<meta property=\"og:type\" content=\"article\" \/>\n<meta property=\"og:title\" content=\"La Dimayor oficializ\u00f3 el calendario del 2022 -\" \/>\n<meta property=\"og:description\" content=\"El inicio de la Liga BetPlay Dimayor 2022-II fue ratificado para el fin de semana del 22 de enero, seg\u00fan el calendario de competencias que se public\u00f3 este mi\u00e9rcoles \u00a0 La primera parte del campeonato se extender\u00e1 hasta el 26 de junio, mientras que la segunda la Liga se jugar\u00e1 entre el 3 de julio [&hellip;]\" \/>\n<meta property=\"og:url\" content=\"https:\/\/futbolhoy.co\/index.php\/2021\/12\/29\/la-dimayor-oficializo-el-calendario-del-2022\/\" \/>\n<meta property=\"article:publisher\" content=\"https:\/\/www.facebook.com\/FutbolHoyCol\/\" \/>\n<meta property=\"article:published_time\" content=\"2021-12-29T22:12:14+00:00\" \/>\n<meta property=\"article:modified_time\" content=\"2021-12-30T12:12:13+00:00\" \/>\n<meta property=\"og:image\" content=\"https:\/\/futbolhoy.co\/wp-content\/uploads\/2021\/12\/MwrSQq5g.jpeg\" \/>\n\t<meta property=\"og:image:width\" content=\"2400\" \/>\n\t<meta property=\"og:image:height\" content=\"1792\" \/>\n\t<meta property=\"og:image:type\" content=\"image\/jpeg\" \/>\n<meta name=\"author\" content=\"Laura Hern\u00e1ndez\" \/>\n<meta name=\"twitter:card\" content=\"summary_large_image\" \/>\n<meta name=\"twitter:creator\" content=\"@FutbolHoyCol\" \/>\n<meta name=\"twitter:site\" content=\"@FutbolHoyCol\" \/>\n<meta name=\"twitter:label1\" content=\"Escrito por\" \/>\n\t<meta name=\"twitter:data1\" content=\"Laura Hern\u00e1ndez\" \/>\n\t<meta name=\"twitter:label2\" content=\"Tiempo de lectura\" \/>\n\t<meta name=\"twitter:data2\" content=\"1 minuto\" \/>\n<script type=\"application\/ld+json\" class=\"yoast-schema-graph\">{\"@context\":\"https:\/\/schema.org\",\"@graph\":[{\"@type\":\"Article\",\"@id\":\"https:\/\/futbolhoy.co\/index.php\/2021\/12\/29\/la-dimayor-oficializo-el-calendario-del-2022\/#article\",\"isPartOf\":{\"@id\":\"https:\/\/futbolhoy.co\/index.php\/2021\/12\/29\/la-dimayor-oficializo-el-calendario-del-2022\/\"},\"author\":{\"name\":\"Laura Hern\u00e1ndez\",\"@id\":\"https:\/\/futbolhoy.co\/#\/schema\/person\/c4a353a512b127643723a34bb1812f7d\"},\"headline\":\"La Dimayor oficializ\u00f3 el calendario del 2022\",\"datePublished\":\"2021-12-29T22:12:14+00:00\",\"dateModified\":\"2021-12-30T12:12:13+00:00\",\"mainEntityOfPage\":{\"@id\":\"https:\/\/futbolhoy.co\/index.php\/2021\/12\/29\/la-dimayor-oficializo-el-calendario-del-2022\/\"},\"wordCount\":99,\"commentCount\":0,\"publisher\":{\"@id\":\"https:\/\/futbolhoy.co\/#organization\"},\"image\":{\"@id\":\"https:\/\/futbolhoy.co\/index.php\/2021\/12\/29\/la-dimayor-oficializo-el-calendario-del-2022\/#primaryimage\"},\"thumbnailUrl\":\"https:\/\/futbolhoy.co\/wp-content\/uploads\/2021\/12\/MwrSQq5g.jpeg\",\"articleSection\":[\"Liga BetPlay\"],\"inLanguage\":\"es\",\"potentialAction\":[{\"@type\":\"CommentAction\",\"name\":\"Comment\",\"target\":[\"https:\/\/futbolhoy.co\/index.php\/2021\/12\/29\/la-dimayor-oficializo-el-calendario-del-2022\/#respond\"]}]},{\"@type\":\"WebPage\",\"@id\":\"https:\/\/futbolhoy.co\/index.php\/2021\/12\/29\/la-dimayor-oficializo-el-calendario-del-2022\/\",\"url\":\"https:\/\/futbolhoy.co\/index.php\/2021\/12\/29\/la-dimayor-oficializo-el-calendario-del-2022\/\",\"name\":\"La Dimayor oficializ\u00f3 el calendario del 2022 -\",\"isPartOf\":{\"@id\":\"https:\/\/futbolhoy.co\/#website\"},\"primaryImageOfPage\":{\"@id\":\"https:\/\/futbolhoy.co\/index.php\/2021\/12\/29\/la-dimayor-oficializo-el-calendario-del-2022\/#primaryimage\"},\"image\":{\"@id\":\"https:\/\/futbolhoy.co\/index.php\/2021\/12\/29\/la-dimayor-oficializo-el-calendario-del-2022\/#primaryimage\"},\"thumbnailUrl\":\"https:\/\/futbolhoy.co\/wp-content\/uploads\/2021\/12\/MwrSQq5g.jpeg\",\"datePublished\":\"2021-12-29T22:12:14+00:00\",\"dateModified\":\"2021-12-30T12:12:13+00:00\",\"breadcrumb\":{\"@id\":\"https:\/\/futbolhoy.co\/index.php\/2021\/12\/29\/la-dimayor-oficializo-el-calendario-del-2022\/#breadcrumb\"},\"inLanguage\":\"es\",\"potentialAction\":[{\"@type\":\"ReadAction\",\"target\":[\"https:\/\/futbolhoy.co\/index.php\/2021\/12\/29\/la-dimayor-oficializo-el-calendario-del-2022\/\"]}]},{\"@type\":\"ImageObject\",\"inLanguage\":\"es\",\"@id\":\"https:\/\/futbolhoy.co\/index.php\/2021\/12\/29\/la-dimayor-oficializo-el-calendario-del-2022\/#primaryimage\",\"url\":\"https:\/\/futbolhoy.co\/wp-content\/uploads\/2021\/12\/MwrSQq5g.jpeg\",\"contentUrl\":\"https:\/\/futbolhoy.co\/wp-content\/uploads\/2021\/12\/MwrSQq5g.jpeg\",\"width\":2400,\"height\":1792},{\"@type\":\"BreadcrumbList\",\"@id\":\"https:\/\/futbolhoy.co\/index.php\/2021\/12\/29\/la-dimayor-oficializo-el-calendario-del-2022\/#breadcrumb\",\"itemListElement\":[{\"@type\":\"ListItem\",\"position\":1,\"name\":\"Portada\",\"item\":\"https:\/\/futbolhoy.co\/\"},{\"@type\":\"ListItem\",\"position\":2,\"name\":\"La Dimayor oficializ\u00f3 el calendario del 2022\"}]},{\"@type\":\"WebSite\",\"@id\":\"https:\/\/futbolhoy.co\/#website\",\"url\":\"https:\/\/futbolhoy.co\/\",\"name\":\"FutbolHoy\",\"description\":\"\",\"publisher\":{\"@id\":\"https:\/\/futbolhoy.co\/#organization\"},\"potentialAction\":[{\"@type\":\"SearchAction\",\"target\":{\"@type\":\"EntryPoint\",\"urlTemplate\":\"https:\/\/futbolhoy.co\/?s={search_term_string}\"},\"query-input\":{\"@type\":\"PropertyValueSpecification\",\"valueRequired\":true,\"valueName\":\"search_term_string\"}}],\"inLanguage\":\"es\"},{\"@type\":\"Organization\",\"@id\":\"https:\/\/futbolhoy.co\/#organization\",\"name\":\"Futbolhoy.co\",\"url\":\"https:\/\/futbolhoy.co\/\",\"logo\":{\"@type\":\"ImageObject\",\"inLanguage\":\"es\",\"@id\":\"https:\/\/futbolhoy.co\/#\/schema\/logo\/image\/\",\"url\":\"https:\/\/futbolhoy.co\/wp-content\/uploads\/2018\/08\/17426380_1906371736249227_6326180412931521141_n.jpg\",\"contentUrl\":\"https:\/\/futbolhoy.co\/wp-content\/uploads\/2018\/08\/17426380_1906371736249227_6326180412931521141_n.jpg\",\"width\":960,\"height\":960,\"caption\":\"Futbolhoy.co\"},\"image\":{\"@id\":\"https:\/\/futbolhoy.co\/#\/schema\/logo\/image\/\"},\"sameAs\":[\"https:\/\/www.facebook.com\/FutbolHoyCol\/\",\"https:\/\/x.com\/FutbolHoyCol\",\"https:\/\/www.instagram.com\/futbolhoycol\/\"]},{\"@type\":\"Person\",\"@id\":\"https:\/\/futbolhoy.co\/#\/schema\/person\/c4a353a512b127643723a34bb1812f7d\",\"name\":\"Laura Hern\u00e1ndez\",\"image\":{\"@type\":\"ImageObject\",\"inLanguage\":\"es\",\"@id\":\"https:\/\/futbolhoy.co\/#\/schema\/person\/image\/\",\"url\":\"https:\/\/secure.gravatar.com\/avatar\/d25959a15b9b293a743f99181c7cfd01?s=96&d=mm&r=g\",\"contentUrl\":\"https:\/\/secure.gravatar.com\/avatar\/d25959a15b9b293a743f99181c7cfd01?s=96&d=mm&r=g\",\"caption\":\"Laura Hern\u00e1ndez\"}}]}<\/script>\n<!-- \/ Yoast SEO plugin. -->","yoast_head_json":{"title":"La Dimayor oficializ\u00f3 el calendario del 2022 -","robots":{"index":"index","follow":"follow","max-snippet":"max-snippet:-1","max-image-preview":"max-image-preview:large","max-video-preview":"max-video-preview:-1"},"canonical":"https:\/\/futbolhoy.co\/index.php\/2021\/12\/29\/la-dimayor-oficializo-el-calendario-del-2022\/","og_locale":"es_ES","og_type":"article","og_title":"La Dimayor oficializ\u00f3 el calendario del 2022 -","og_description":"El inicio de la Liga BetPlay Dimayor 2022-II fue ratificado para el fin de semana del 22 de enero, seg\u00fan el calendario de competencias que se public\u00f3 este mi\u00e9rcoles \u00a0 La primera parte del campeonato se extender\u00e1 hasta el 26 de junio, mientras que la segunda la Liga se jugar\u00e1 entre el 3 de julio [&hellip;]","og_url":"https:\/\/futbolhoy.co\/index.php\/2021\/12\/29\/la-dimayor-oficializo-el-calendario-del-2022\/","article_publisher":"https:\/\/www.facebook.com\/FutbolHoyCol\/","article_published_time":"2021-12-29T22:12:14+00:00","article_modified_time":"2021-12-30T12:12:13+00:00","og_image":[{"width":2400,"height":1792,"url":"https:\/\/futbolhoy.co\/wp-content\/uploads\/2021\/12\/MwrSQq5g.jpeg","type":"image\/jpeg"}],"author":"Laura Hern\u00e1ndez","twitter_card":"summary_large_image","twitter_creator":"@FutbolHoyCol","twitter_site":"@FutbolHoyCol","twitter_misc":{"Escrito por":"Laura Hern\u00e1ndez","Tiempo de lectura":"1 minuto"},"schema":{"@context":"https:\/\/schema.org","@graph":[{"@type":"Article","@id":"https:\/\/futbolhoy.co\/index.php\/2021\/12\/29\/la-dimayor-oficializo-el-calendario-del-2022\/#article","isPartOf":{"@id":"https:\/\/futbolhoy.co\/index.php\/2021\/12\/29\/la-dimayor-oficializo-el-calendario-del-2022\/"},"author":{"name":"Laura Hern\u00e1ndez","@id":"https:\/\/futbolhoy.co\/#\/schema\/person\/c4a353a512b127643723a34bb1812f7d"},"headline":"La Dimayor oficializ\u00f3 el calendario del 2022","datePublished":"2021-12-29T22:12:14+00:00","dateModified":"2021-12-30T12:12:13+00:00","mainEntityOfPage":{"@id":"https:\/\/futbolhoy.co\/index.php\/2021\/12\/29\/la-dimayor-oficializo-el-calendario-del-2022\/"},"wordCount":99,"commentCount":0,"publisher":{"@id":"https:\/\/futbolhoy.co\/#organization"},"image":{"@id":"https:\/\/futbolhoy.co\/index.php\/2021\/12\/29\/la-dimayor-oficializo-el-calendario-del-2022\/#primaryimage"},"thumbnailUrl":"https:\/\/futbolhoy.co\/wp-content\/uploads\/2021\/12\/MwrSQq5g.jpeg","articleSection":["Liga BetPlay"],"inLanguage":"es","potentialAction":[{"@type":"CommentAction","name":"Comment","target":["https:\/\/futbolhoy.co\/index.php\/2021\/12\/29\/la-dimayor-oficializo-el-calendario-del-2022\/#respond"]}]},{"@type":"WebPage","@id":"https:\/\/futbolhoy.co\/index.php\/2021\/12\/29\/la-dimayor-oficializo-el-calendario-del-2022\/","url":"https:\/\/futbolhoy.co\/index.php\/2021\/12\/29\/la-dimayor-oficializo-el-calendario-del-2022\/","name":"La Dimayor oficializ\u00f3 el calendario del 2022 -","isPartOf":{"@id":"https:\/\/futbolhoy.co\/#website"},"primaryImageOfPage":{"@id":"https:\/\/futbolhoy.co\/index.php\/2021\/12\/29\/la-dimayor-oficializo-el-calendario-del-2022\/#primaryimage"},"image":{"@id":"https:\/\/futbolhoy.co\/index.php\/2021\/12\/29\/la-dimayor-oficializo-el-calendario-del-2022\/#primaryimage"},"thumbnailUrl":"https:\/\/futbolhoy.co\/wp-content\/uploads\/2021\/12\/MwrSQq5g.jpeg","datePublished":"2021-12-29T22:12:14+00:00","dateModified":"2021-12-30T12:12:13+00:00","breadcrumb":{"@id":"https:\/\/futbolhoy.co\/index.php\/2021\/12\/29\/la-dimayor-oficializo-el-calendario-del-2022\/#breadcrumb"},"inLanguage":"es","potentialAction":[{"@type":"ReadAction","target":["https:\/\/futbolhoy.co\/index.php\/2021\/12\/29\/la-dimayor-oficializo-el-calendario-del-2022\/"]}]},{"@type":"ImageObject","inLanguage":"es","@id":"https:\/\/futbolhoy.co\/index.php\/2021\/12\/29\/la-dimayor-oficializo-el-calendario-del-2022\/#primaryimage","url":"https:\/\/futbolhoy.co\/wp-content\/uploads\/2021\/12\/MwrSQq5g.jpeg","contentUrl":"https:\/\/futbolhoy.co\/wp-content\/uploads\/2021\/12\/MwrSQq5g.jpeg","width":2400,"height":1792},{"@type":"BreadcrumbList","@id":"https:\/\/futbolhoy.co\/index.php\/2021\/12\/29\/la-dimayor-oficializo-el-calendario-del-2022\/#breadcrumb","itemListElement":[{"@type":"ListItem","position":1,"name":"Portada","item":"https:\/\/futbolhoy.co\/"},{"@type":"ListItem","position":2,"name":"La Dimayor oficializ\u00f3 el calendario del 2022"}]},{"@type":"WebSite","@id":"https:\/\/futbolhoy.co\/#website","url":"https:\/\/futbolhoy.co\/","name":"FutbolHoy","description":"","publisher":{"@id":"https:\/\/futbolhoy.co\/#organization"},"potentialAction":[{"@type":"SearchAction","target":{"@type":"EntryPoint","urlTemplate":"https:\/\/futbolhoy.co\/?s={search_term_string}"},"query-input":{"@type":"PropertyValueSpecification","valueRequired":true,"valueName":"search_term_string"}}],"inLanguage":"es"},{"@type":"Organization","@id":"https:\/\/futbolhoy.co\/#organization","name":"Futbolhoy.co","url":"https:\/\/futbolhoy.co\/","logo":{"@type":"ImageObject","inLanguage":"es","@id":"https:\/\/futbolhoy.co\/#\/schema\/logo\/image\/","url":"https:\/\/futbolhoy.co\/wp-content\/uploads\/2018\/08\/17426380_1906371736249227_6326180412931521141_n.jpg","contentUrl":"https:\/\/futbolhoy.co\/wp-content\/uploads\/2018\/08\/17426380_1906371736249227_6326180412931521141_n.jpg","width":960,"height":960,"caption":"Futbolhoy.co"},"image":{"@id":"https:\/\/futbolhoy.co\/#\/schema\/logo\/image\/"},"sameAs":["https:\/\/www.facebook.com\/FutbolHoyCol\/","https:\/\/x.com\/FutbolHoyCol","https:\/\/www.instagram.com\/futbolhoycol\/"]},{"@type":"Person","@id":"https:\/\/futbolhoy.co\/#\/schema\/person\/c4a353a512b127643723a34bb1812f7d","name":"Laura Hern\u00e1ndez","image":{"@type":"ImageObject","inLanguage":"es","@id":"https:\/\/futbolhoy.co\/#\/schema\/person\/image\/","url":"https:\/\/secure.gravatar.com\/avatar\/d25959a15b9b293a743f99181c7cfd01?s=96&d=mm&r=g","contentUrl":"https:\/\/secure.gravatar.com\/avatar\/d25959a15b9b293a743f99181c7cfd01?s=96&d=mm&r=g","caption":"Laura Hern\u00e1ndez"}}]}},"publishpress_future_action":{"enabled":false,"date":"2026-05-04 03:31:28","action":"change-status","newStatus":"draft","terms":[],"taxonomy":"category","extraData":[]},"publishpress_future_workflow_manual_trigger":{"enabledWorkflows":[]},"_links":{"self":[{"href":"https:\/\/futbolhoy.co\/index.php\/wp-json\/wp\/v2\/posts\/73982","targetHints":{"allow":["GET"]}}],"collection":[{"href":"https:\/\/futbolhoy.co\/index.php\/wp-json\/wp\/v2\/posts"}],"about":[{"href":"https:\/\/futbolhoy.co\/index.php\/wp-json\/wp\/v2\/types\/post"}],"author":[{"embeddable":true,"href":"https:\/\/futbolhoy.co\/index.php\/wp-json\/wp\/v2\/users\/5"}],"replies":[{"embeddable":true,"href":"https:\/\/futbolhoy.co\/index.php\/wp-json\/wp\/v2\/comments?post=73982"}],"version-history":[{"count":1,"href":"https:\/\/futbolhoy.co\/index.php\/wp-json\/wp\/v2\/posts\/73982\/revisions"}],"predecessor-version":[{"id":73984,"href":"https:\/\/futbolhoy.co\/index.php\/wp-json\/wp\/v2\/posts\/73982\/revisions\/73984"}],"wp:featuredmedia":[{"embeddable":true,"href":"https:\/\/futbolhoy.co\/index.php\/wp-json\/wp\/v2\/media\/73818"}],"wp:attachment":[{"href":"https:\/\/futbolhoy.co\/index.php\/wp-json\/wp\/v2\/media?parent=73982"}],"wp:term":[{"taxonomy":"category","embeddable":true,"href":"https:\/\/futbolhoy.co\/index.php\/wp-json\/wp\/v2\/categories?post=73982"},{"taxonomy":"post_tag","embeddable":true,"href":"https:\/\/futbolhoy.co\/index.php\/wp-json\/wp\/v2\/tags?post=73982"}],"curies":[{"name":"wp","href":"https:\/\/api.w.org\/{rel}","templated":true}]}}