{"id":74000,"date":"2021-12-30T06:00:58","date_gmt":"2021-12-30T11:00:58","guid":{"rendered":"https:\/\/futbolhoy.co\/?p=74000"},"modified":"2021-12-31T07:10:32","modified_gmt":"2021-12-31T12:10:32","slug":"teo-seguira-en-el-cali","status":"publish","type":"post","link":"https:\/\/futbolhoy.co\/index.php\/2021\/12\/30\/teo-seguira-en-el-cali\/","title":{"rendered":"'Teo' seguir\u00e1 en el Cali"},"content":{"rendered":"<p class=\"x_ydpa60e102fMsoNormal\" style=\"text-align: justify;\"><span lang=\"ES-MX\" style=\"font-family: helvetica, arial, sans-serif;\">El delantero y capit\u00e1n del\u00a0<b>Deportivo Cali, Te\u00f3filo Guti\u00e9rrez<\/b>, renov\u00f3 su v\u00ednculo con el campe\u00f3n colombiano hasta diciembre del a\u00f1o 2023.<\/span><\/p>\n<p class=\"x_ydpa60e102fMsoNormal\" style=\"text-align: justify;\"><span lang=\"ES-MX\" style=\"font-family: helvetica, arial, sans-serif;\">Guti\u00e9rrez, de 36 a\u00f1os, podr\u00eda cerrar su carrera deportiva en el equipo \u2018azucarero\u2019 al cual lleg\u00f3 a mitad de este a\u00f1o, alcanzando a disputar 22 partidos, en los cuales marc\u00f3 9 goles y realiz\u00f3 2 asistencias; siendo pieza clave en del t\u00e9cnico\u00a0<b>Rafael Dudamel\u00a0<\/b>en la consecuci\u00f3n del t\u00edtulo.<\/span><\/p>\n<p class=\"x_ydpa60e102fMsoNormal\" style=\"text-align: justify;\"><span lang=\"ES-MX\" style=\"font-family: helvetica, arial, sans-serif;\">Adem\u00e1s de Teo, el\u00a0<b>Cali<\/b>, renov\u00f3 al defensa central uruguayo\u00a0<b>Hern\u00e1n Menose<\/b>\u00a0y est\u00e1 en b\u00fasqueda de un volante creativo, posici\u00f3n para la cual pretenden a\u00a0<b>Daniel Cata\u00f1o del Tolima.<\/b><\/span><\/p>\n<p class=\"x_ydpa60e102fMsoNormal\" style=\"text-align: justify;\"><span lang=\"ES-MX\" style=\"font-family: helvetica, arial, sans-serif;\">Dejar\u00e1n el club vallecaucano\u00a0<b>Juan Camilo Angulo y Johan Valencia.<\/b><\/span><\/p>\n","protected":false},"excerpt":{"rendered":"<p>El delantero y capit\u00e1n del\u00a0Deportivo Cali, Te\u00f3filo Guti\u00e9rrez, renov\u00f3 su v\u00ednculo con el campe\u00f3n colombiano hasta diciembre del a\u00f1o 2023. Guti\u00e9rrez, de 36 a\u00f1os, podr\u00eda cerrar su carrera deportiva en el equipo \u2018azucarero\u2019 al cual lleg\u00f3 a mitad de este a\u00f1o, alcanzando a disputar 22 partidos, en los cuales marc\u00f3 9 goles y realiz\u00f3 2 [&hellip;]<\/p>\n","protected":false},"author":5,"featured_media":74001,"comment_status":"open","ping_status":"open","sticky":false,"template":"","format":"standard","meta":{"_acf_changed":false,"footnotes":""},"categories":[7],"tags":[],"class_list":{"0":"post-74000","1":"post","2":"type-post","3":"status-publish","4":"format-standard","5":"has-post-thumbnail","7":"category-liga-betplay"},"acf":[],"yoast_head":"<!-- This site is optimized with the Yoast SEO plugin v26.8 - https:\/\/yoast.com\/product\/yoast-seo-wordpress\/ -->\n<title>&#039;Teo&#039; seguir\u00e1 en el Cali -<\/title>\n<meta name=\"robots\" content=\"index, follow, max-snippet:-1, max-image-preview:large, max-video-preview:-1\" \/>\n<link rel=\"canonical\" href=\"https:\/\/futbolhoy.co\/index.php\/2021\/12\/30\/teo-seguira-en-el-cali\/\" \/>\n<meta property=\"og:locale\" content=\"es_ES\" \/>\n<meta property=\"og:type\" content=\"article\" \/>\n<meta property=\"og:title\" content=\"&#039;Teo&#039; seguir\u00e1 en el Cali -\" \/>\n<meta property=\"og:description\" content=\"El delantero y capit\u00e1n del\u00a0Deportivo Cali, Te\u00f3filo Guti\u00e9rrez, renov\u00f3 su v\u00ednculo con el campe\u00f3n colombiano hasta diciembre del a\u00f1o 2023. Guti\u00e9rrez, de 36 a\u00f1os, podr\u00eda cerrar su carrera deportiva en el equipo \u2018azucarero\u2019 al cual lleg\u00f3 a mitad de este a\u00f1o, alcanzando a disputar 22 partidos, en los cuales marc\u00f3 9 goles y realiz\u00f3 2 [&hellip;]\" \/>\n<meta property=\"og:url\" content=\"https:\/\/futbolhoy.co\/index.php\/2021\/12\/30\/teo-seguira-en-el-cali\/\" \/>\n<meta property=\"article:publisher\" content=\"https:\/\/www.facebook.com\/FutbolHoyCol\/\" \/>\n<meta property=\"article:published_time\" content=\"2021-12-30T11:00:58+00:00\" \/>\n<meta property=\"article:modified_time\" content=\"2021-12-31T12:10:32+00:00\" \/>\n<meta property=\"og:image\" content=\"https:\/\/futbolhoy.co\/wp-content\/uploads\/2021\/12\/1pcSCdSQ.jpeg\" \/>\n\t<meta property=\"og:image:width\" content=\"2400\" \/>\n\t<meta property=\"og:image:height\" content=\"1600\" \/>\n\t<meta property=\"og:image:type\" content=\"image\/jpeg\" \/>\n<meta name=\"author\" content=\"Laura Hern\u00e1ndez\" \/>\n<meta name=\"twitter:card\" content=\"summary_large_image\" \/>\n<meta name=\"twitter:creator\" content=\"@FutbolHoyCol\" \/>\n<meta name=\"twitter:site\" content=\"@FutbolHoyCol\" \/>\n<meta name=\"twitter:label1\" content=\"Escrito por\" \/>\n\t<meta name=\"twitter:data1\" content=\"Laura Hern\u00e1ndez\" \/>\n\t<meta name=\"twitter:label2\" content=\"Tiempo de lectura\" \/>\n\t<meta name=\"twitter:data2\" content=\"1 minuto\" \/>\n<script type=\"application\/ld+json\" class=\"yoast-schema-graph\">{\"@context\":\"https:\/\/schema.org\",\"@graph\":[{\"@type\":\"Article\",\"@id\":\"https:\/\/futbolhoy.co\/index.php\/2021\/12\/30\/teo-seguira-en-el-cali\/#article\",\"isPartOf\":{\"@id\":\"https:\/\/futbolhoy.co\/index.php\/2021\/12\/30\/teo-seguira-en-el-cali\/\"},\"author\":{\"name\":\"Laura Hern\u00e1ndez\",\"@id\":\"https:\/\/futbolhoy.co\/#\/schema\/person\/c4a353a512b127643723a34bb1812f7d\"},\"headline\":\"'Teo' seguir\u00e1 en el Cali\",\"datePublished\":\"2021-12-30T11:00:58+00:00\",\"dateModified\":\"2021-12-31T12:10:32+00:00\",\"mainEntityOfPage\":{\"@id\":\"https:\/\/futbolhoy.co\/index.php\/2021\/12\/30\/teo-seguira-en-el-cali\/\"},\"wordCount\":129,\"commentCount\":0,\"publisher\":{\"@id\":\"https:\/\/futbolhoy.co\/#organization\"},\"image\":{\"@id\":\"https:\/\/futbolhoy.co\/index.php\/2021\/12\/30\/teo-seguira-en-el-cali\/#primaryimage\"},\"thumbnailUrl\":\"https:\/\/futbolhoy.co\/wp-content\/uploads\/2021\/12\/1pcSCdSQ.jpeg\",\"articleSection\":[\"Liga BetPlay\"],\"inLanguage\":\"es\",\"potentialAction\":[{\"@type\":\"CommentAction\",\"name\":\"Comment\",\"target\":[\"https:\/\/futbolhoy.co\/index.php\/2021\/12\/30\/teo-seguira-en-el-cali\/#respond\"]}]},{\"@type\":\"WebPage\",\"@id\":\"https:\/\/futbolhoy.co\/index.php\/2021\/12\/30\/teo-seguira-en-el-cali\/\",\"url\":\"https:\/\/futbolhoy.co\/index.php\/2021\/12\/30\/teo-seguira-en-el-cali\/\",\"name\":\"'Teo' seguir\u00e1 en el Cali -\",\"isPartOf\":{\"@id\":\"https:\/\/futbolhoy.co\/#website\"},\"primaryImageOfPage\":{\"@id\":\"https:\/\/futbolhoy.co\/index.php\/2021\/12\/30\/teo-seguira-en-el-cali\/#primaryimage\"},\"image\":{\"@id\":\"https:\/\/futbolhoy.co\/index.php\/2021\/12\/30\/teo-seguira-en-el-cali\/#primaryimage\"},\"thumbnailUrl\":\"https:\/\/futbolhoy.co\/wp-content\/uploads\/2021\/12\/1pcSCdSQ.jpeg\",\"datePublished\":\"2021-12-30T11:00:58+00:00\",\"dateModified\":\"2021-12-31T12:10:32+00:00\",\"breadcrumb\":{\"@id\":\"https:\/\/futbolhoy.co\/index.php\/2021\/12\/30\/teo-seguira-en-el-cali\/#breadcrumb\"},\"inLanguage\":\"es\",\"potentialAction\":[{\"@type\":\"ReadAction\",\"target\":[\"https:\/\/futbolhoy.co\/index.php\/2021\/12\/30\/teo-seguira-en-el-cali\/\"]}]},{\"@type\":\"ImageObject\",\"inLanguage\":\"es\",\"@id\":\"https:\/\/futbolhoy.co\/index.php\/2021\/12\/30\/teo-seguira-en-el-cali\/#primaryimage\",\"url\":\"https:\/\/futbolhoy.co\/wp-content\/uploads\/2021\/12\/1pcSCdSQ.jpeg\",\"contentUrl\":\"https:\/\/futbolhoy.co\/wp-content\/uploads\/2021\/12\/1pcSCdSQ.jpeg\",\"width\":2400,\"height\":1600},{\"@type\":\"BreadcrumbList\",\"@id\":\"https:\/\/futbolhoy.co\/index.php\/2021\/12\/30\/teo-seguira-en-el-cali\/#breadcrumb\",\"itemListElement\":[{\"@type\":\"ListItem\",\"position\":1,\"name\":\"Portada\",\"item\":\"https:\/\/futbolhoy.co\/\"},{\"@type\":\"ListItem\",\"position\":2,\"name\":\"&#8216;Teo&#8217; seguir\u00e1 en el Cali\"}]},{\"@type\":\"WebSite\",\"@id\":\"https:\/\/futbolhoy.co\/#website\",\"url\":\"https:\/\/futbolhoy.co\/\",\"name\":\"FutbolHoy\",\"description\":\"\",\"publisher\":{\"@id\":\"https:\/\/futbolhoy.co\/#organization\"},\"potentialAction\":[{\"@type\":\"SearchAction\",\"target\":{\"@type\":\"EntryPoint\",\"urlTemplate\":\"https:\/\/futbolhoy.co\/?s={search_term_string}\"},\"query-input\":{\"@type\":\"PropertyValueSpecification\",\"valueRequired\":true,\"valueName\":\"search_term_string\"}}],\"inLanguage\":\"es\"},{\"@type\":\"Organization\",\"@id\":\"https:\/\/futbolhoy.co\/#organization\",\"name\":\"Futbolhoy.co\",\"url\":\"https:\/\/futbolhoy.co\/\",\"logo\":{\"@type\":\"ImageObject\",\"inLanguage\":\"es\",\"@id\":\"https:\/\/futbolhoy.co\/#\/schema\/logo\/image\/\",\"url\":\"https:\/\/futbolhoy.co\/wp-content\/uploads\/2018\/08\/17426380_1906371736249227_6326180412931521141_n.jpg\",\"contentUrl\":\"https:\/\/futbolhoy.co\/wp-content\/uploads\/2018\/08\/17426380_1906371736249227_6326180412931521141_n.jpg\",\"width\":960,\"height\":960,\"caption\":\"Futbolhoy.co\"},\"image\":{\"@id\":\"https:\/\/futbolhoy.co\/#\/schema\/logo\/image\/\"},\"sameAs\":[\"https:\/\/www.facebook.com\/FutbolHoyCol\/\",\"https:\/\/x.com\/FutbolHoyCol\",\"https:\/\/www.instagram.com\/futbolhoycol\/\"]},{\"@type\":\"Person\",\"@id\":\"https:\/\/futbolhoy.co\/#\/schema\/person\/c4a353a512b127643723a34bb1812f7d\",\"name\":\"Laura Hern\u00e1ndez\",\"image\":{\"@type\":\"ImageObject\",\"inLanguage\":\"es\",\"@id\":\"https:\/\/futbolhoy.co\/#\/schema\/person\/image\/\",\"url\":\"https:\/\/secure.gravatar.com\/avatar\/d25959a15b9b293a743f99181c7cfd01?s=96&d=mm&r=g\",\"contentUrl\":\"https:\/\/secure.gravatar.com\/avatar\/d25959a15b9b293a743f99181c7cfd01?s=96&d=mm&r=g\",\"caption\":\"Laura Hern\u00e1ndez\"}}]}<\/script>\n<!-- \/ Yoast SEO plugin. -->","yoast_head_json":{"title":"'Teo' seguir\u00e1 en el Cali -","robots":{"index":"index","follow":"follow","max-snippet":"max-snippet:-1","max-image-preview":"max-image-preview:large","max-video-preview":"max-video-preview:-1"},"canonical":"https:\/\/futbolhoy.co\/index.php\/2021\/12\/30\/teo-seguira-en-el-cali\/","og_locale":"es_ES","og_type":"article","og_title":"'Teo' seguir\u00e1 en el Cali -","og_description":"El delantero y capit\u00e1n del\u00a0Deportivo Cali, Te\u00f3filo Guti\u00e9rrez, renov\u00f3 su v\u00ednculo con el campe\u00f3n colombiano hasta diciembre del a\u00f1o 2023. Guti\u00e9rrez, de 36 a\u00f1os, podr\u00eda cerrar su carrera deportiva en el equipo \u2018azucarero\u2019 al cual lleg\u00f3 a mitad de este a\u00f1o, alcanzando a disputar 22 partidos, en los cuales marc\u00f3 9 goles y realiz\u00f3 2 [&hellip;]","og_url":"https:\/\/futbolhoy.co\/index.php\/2021\/12\/30\/teo-seguira-en-el-cali\/","article_publisher":"https:\/\/www.facebook.com\/FutbolHoyCol\/","article_published_time":"2021-12-30T11:00:58+00:00","article_modified_time":"2021-12-31T12:10:32+00:00","og_image":[{"width":2400,"height":1600,"url":"https:\/\/futbolhoy.co\/wp-content\/uploads\/2021\/12\/1pcSCdSQ.jpeg","type":"image\/jpeg"}],"author":"Laura Hern\u00e1ndez","twitter_card":"summary_large_image","twitter_creator":"@FutbolHoyCol","twitter_site":"@FutbolHoyCol","twitter_misc":{"Escrito por":"Laura Hern\u00e1ndez","Tiempo de lectura":"1 minuto"},"schema":{"@context":"https:\/\/schema.org","@graph":[{"@type":"Article","@id":"https:\/\/futbolhoy.co\/index.php\/2021\/12\/30\/teo-seguira-en-el-cali\/#article","isPartOf":{"@id":"https:\/\/futbolhoy.co\/index.php\/2021\/12\/30\/teo-seguira-en-el-cali\/"},"author":{"name":"Laura Hern\u00e1ndez","@id":"https:\/\/futbolhoy.co\/#\/schema\/person\/c4a353a512b127643723a34bb1812f7d"},"headline":"'Teo' seguir\u00e1 en el Cali","datePublished":"2021-12-30T11:00:58+00:00","dateModified":"2021-12-31T12:10:32+00:00","mainEntityOfPage":{"@id":"https:\/\/futbolhoy.co\/index.php\/2021\/12\/30\/teo-seguira-en-el-cali\/"},"wordCount":129,"commentCount":0,"publisher":{"@id":"https:\/\/futbolhoy.co\/#organization"},"image":{"@id":"https:\/\/futbolhoy.co\/index.php\/2021\/12\/30\/teo-seguira-en-el-cali\/#primaryimage"},"thumbnailUrl":"https:\/\/futbolhoy.co\/wp-content\/uploads\/2021\/12\/1pcSCdSQ.jpeg","articleSection":["Liga BetPlay"],"inLanguage":"es","potentialAction":[{"@type":"CommentAction","name":"Comment","target":["https:\/\/futbolhoy.co\/index.php\/2021\/12\/30\/teo-seguira-en-el-cali\/#respond"]}]},{"@type":"WebPage","@id":"https:\/\/futbolhoy.co\/index.php\/2021\/12\/30\/teo-seguira-en-el-cali\/","url":"https:\/\/futbolhoy.co\/index.php\/2021\/12\/30\/teo-seguira-en-el-cali\/","name":"'Teo' seguir\u00e1 en el Cali -","isPartOf":{"@id":"https:\/\/futbolhoy.co\/#website"},"primaryImageOfPage":{"@id":"https:\/\/futbolhoy.co\/index.php\/2021\/12\/30\/teo-seguira-en-el-cali\/#primaryimage"},"image":{"@id":"https:\/\/futbolhoy.co\/index.php\/2021\/12\/30\/teo-seguira-en-el-cali\/#primaryimage"},"thumbnailUrl":"https:\/\/futbolhoy.co\/wp-content\/uploads\/2021\/12\/1pcSCdSQ.jpeg","datePublished":"2021-12-30T11:00:58+00:00","dateModified":"2021-12-31T12:10:32+00:00","breadcrumb":{"@id":"https:\/\/futbolhoy.co\/index.php\/2021\/12\/30\/teo-seguira-en-el-cali\/#breadcrumb"},"inLanguage":"es","potentialAction":[{"@type":"ReadAction","target":["https:\/\/futbolhoy.co\/index.php\/2021\/12\/30\/teo-seguira-en-el-cali\/"]}]},{"@type":"ImageObject","inLanguage":"es","@id":"https:\/\/futbolhoy.co\/index.php\/2021\/12\/30\/teo-seguira-en-el-cali\/#primaryimage","url":"https:\/\/futbolhoy.co\/wp-content\/uploads\/2021\/12\/1pcSCdSQ.jpeg","contentUrl":"https:\/\/futbolhoy.co\/wp-content\/uploads\/2021\/12\/1pcSCdSQ.jpeg","width":2400,"height":1600},{"@type":"BreadcrumbList","@id":"https:\/\/futbolhoy.co\/index.php\/2021\/12\/30\/teo-seguira-en-el-cali\/#breadcrumb","itemListElement":[{"@type":"ListItem","position":1,"name":"Portada","item":"https:\/\/futbolhoy.co\/"},{"@type":"ListItem","position":2,"name":"&#8216;Teo&#8217; seguir\u00e1 en el Cali"}]},{"@type":"WebSite","@id":"https:\/\/futbolhoy.co\/#website","url":"https:\/\/futbolhoy.co\/","name":"FutbolHoy","description":"","publisher":{"@id":"https:\/\/futbolhoy.co\/#organization"},"potentialAction":[{"@type":"SearchAction","target":{"@type":"EntryPoint","urlTemplate":"https:\/\/futbolhoy.co\/?s={search_term_string}"},"query-input":{"@type":"PropertyValueSpecification","valueRequired":true,"valueName":"search_term_string"}}],"inLanguage":"es"},{"@type":"Organization","@id":"https:\/\/futbolhoy.co\/#organization","name":"Futbolhoy.co","url":"https:\/\/futbolhoy.co\/","logo":{"@type":"ImageObject","inLanguage":"es","@id":"https:\/\/futbolhoy.co\/#\/schema\/logo\/image\/","url":"https:\/\/futbolhoy.co\/wp-content\/uploads\/2018\/08\/17426380_1906371736249227_6326180412931521141_n.jpg","contentUrl":"https:\/\/futbolhoy.co\/wp-content\/uploads\/2018\/08\/17426380_1906371736249227_6326180412931521141_n.jpg","width":960,"height":960,"caption":"Futbolhoy.co"},"image":{"@id":"https:\/\/futbolhoy.co\/#\/schema\/logo\/image\/"},"sameAs":["https:\/\/www.facebook.com\/FutbolHoyCol\/","https:\/\/x.com\/FutbolHoyCol","https:\/\/www.instagram.com\/futbolhoycol\/"]},{"@type":"Person","@id":"https:\/\/futbolhoy.co\/#\/schema\/person\/c4a353a512b127643723a34bb1812f7d","name":"Laura Hern\u00e1ndez","image":{"@type":"ImageObject","inLanguage":"es","@id":"https:\/\/futbolhoy.co\/#\/schema\/person\/image\/","url":"https:\/\/secure.gravatar.com\/avatar\/d25959a15b9b293a743f99181c7cfd01?s=96&d=mm&r=g","contentUrl":"https:\/\/secure.gravatar.com\/avatar\/d25959a15b9b293a743f99181c7cfd01?s=96&d=mm&r=g","caption":"Laura Hern\u00e1ndez"}}]}},"publishpress_future_action":{"enabled":false,"date":"2026-05-04 03:11:05","action":"change-status","newStatus":"draft","terms":[],"taxonomy":"category","extraData":[]},"publishpress_future_workflow_manual_trigger":{"enabledWorkflows":[]},"_links":{"self":[{"href":"https:\/\/futbolhoy.co\/index.php\/wp-json\/wp\/v2\/posts\/74000","targetHints":{"allow":["GET"]}}],"collection":[{"href":"https:\/\/futbolhoy.co\/index.php\/wp-json\/wp\/v2\/posts"}],"about":[{"href":"https:\/\/futbolhoy.co\/index.php\/wp-json\/wp\/v2\/types\/post"}],"author":[{"embeddable":true,"href":"https:\/\/futbolhoy.co\/index.php\/wp-json\/wp\/v2\/users\/5"}],"replies":[{"embeddable":true,"href":"https:\/\/futbolhoy.co\/index.php\/wp-json\/wp\/v2\/comments?post=74000"}],"version-history":[{"count":1,"href":"https:\/\/futbolhoy.co\/index.php\/wp-json\/wp\/v2\/posts\/74000\/revisions"}],"predecessor-version":[{"id":74002,"href":"https:\/\/futbolhoy.co\/index.php\/wp-json\/wp\/v2\/posts\/74000\/revisions\/74002"}],"wp:featuredmedia":[{"embeddable":true,"href":"https:\/\/futbolhoy.co\/index.php\/wp-json\/wp\/v2\/media\/74001"}],"wp:attachment":[{"href":"https:\/\/futbolhoy.co\/index.php\/wp-json\/wp\/v2\/media?parent=74000"}],"wp:term":[{"taxonomy":"category","embeddable":true,"href":"https:\/\/futbolhoy.co\/index.php\/wp-json\/wp\/v2\/categories?post=74000"},{"taxonomy":"post_tag","embeddable":true,"href":"https:\/\/futbolhoy.co\/index.php\/wp-json\/wp\/v2\/tags?post=74000"}],"curies":[{"name":"wp","href":"https:\/\/api.w.org\/{rel}","templated":true}]}}