{"id":74003,"date":"2021-12-30T05:11:08","date_gmt":"2021-12-30T10:11:08","guid":{"rendered":"https:\/\/futbolhoy.co\/?p=74003"},"modified":"2021-12-30T18:43:30","modified_gmt":"2021-12-30T23:43:30","slug":"peseiro-nuevo-tecnico-de-nigeria","status":"publish","type":"post","link":"https:\/\/futbolhoy.co\/index.php\/2021\/12\/30\/peseiro-nuevo-tecnico-de-nigeria\/","title":{"rendered":"Peseiro, nuevo t\u00e9cnico de Nigeria"},"content":{"rendered":"<p class=\"x_ydpa60e102fMsoNormal\" style=\"text-align: justify;\"><span lang=\"ES-MX\" style=\"font-family: helvetica, arial, sans-serif;\">La\u00a0<b>Federaci\u00f3n Nigeriana de F\u00fatbol<\/b>\u00a0nombr\u00f3 al portugu\u00e9s\u00a0<b>Jos\u00e9 Peseiro<\/b>\u00a0(61), ex\u00a0<b>seleccionador de Venezuela<\/b>, como entrenador de la selecci\u00f3n nacional del pa\u00eds africano.<\/span><\/p>\n<p class=\"x_ydpa60e102fMsoNormal\" style=\"text-align: justify;\"><span lang=\"ES-MX\" style=\"font-family: helvetica, arial, sans-serif;\">\"Despu\u00e9s de la cuidadosa consideraci\u00f3n de un informe presentado por el presidente del Subcomit\u00e9 T\u00e9cnico y de Desarrollo, el Comit\u00e9 Ejecutivo aprob\u00f3 una propuesta para el nombramiento de Jos\u00e9 Peseiro como nuevo entrenador jefe de las\u00a0<b>S\u00faper \u00c1guilas<\/b>\", se\u00f1al\u00f3 la\u00a0<b>NFF<\/b>\u00a0en un comunicado compartido en su portal web.<\/span><\/p>\n<p class=\"x_ydpa60e102fMsoNormal\" style=\"text-align: justify;\"><span lang=\"ES-MX\" style=\"font-family: helvetica, arial, sans-serif;\">Peseiro renunci\u00f3 a su cargo como seleccionador de Venezuela en agosto, tras pasar un a\u00f1o sin recibir salario.<\/span><\/p>\n<p class=\"x_ydpa60e102fMsoNormal\" style=\"text-align: justify;\"><span lang=\"ES-MX\" style=\"font-family: helvetica, arial, sans-serif;\">El portugu\u00e9s hab\u00eda llegado a la\u00a0<b>\u2018vinotinto\u2019<\/b>\u00a0en febrero de 2020, ocupando la vacante del venezolano\u00a0<b>Rafael Dudamel<\/b>.<\/span><\/p>\n<p class=\"x_ydpa60e102fMsoNormal\" style=\"text-align: justify;\"><span lang=\"ES-MX\" style=\"font-family: helvetica, arial, sans-serif;\">Nigeria disputar\u00e1 el grupo D de la\u00a0<b>Copa Africana de Naciones<\/b>\u00a0en enero de 2022 junto a\u00a0<b>Egipto, Guinea y Sud\u00e1n<\/b>; y est\u00e1 a la espera de conocer su rival en la \u00faltima fase de clasificaci\u00f3n continental al\u00a0<b>Mundial de Qatar 2022<\/b>.<\/span><\/p>\n","protected":false},"excerpt":{"rendered":"<p>La\u00a0Federaci\u00f3n Nigeriana de F\u00fatbol\u00a0nombr\u00f3 al portugu\u00e9s\u00a0Jos\u00e9 Peseiro\u00a0(61), ex\u00a0seleccionador de Venezuela, como entrenador de la selecci\u00f3n nacional del pa\u00eds africano. \"Despu\u00e9s de la cuidadosa consideraci\u00f3n de un informe presentado por el presidente del Subcomit\u00e9 T\u00e9cnico y de Desarrollo, el Comit\u00e9 Ejecutivo aprob\u00f3 una propuesta para el nombramiento de Jos\u00e9 Peseiro como nuevo entrenador jefe de las\u00a0S\u00faper [&hellip;]<\/p>\n","protected":false},"author":5,"featured_media":74004,"comment_status":"open","ping_status":"open","sticky":false,"template":"","format":"standard","meta":{"_acf_changed":false,"footnotes":""},"categories":[152],"tags":[],"class_list":{"0":"post-74003","1":"post","2":"type-post","3":"status-publish","4":"format-standard","5":"has-post-thumbnail","7":"category-mundo-futbol"},"acf":[],"yoast_head":"<!-- This site is optimized with the Yoast SEO plugin v26.8 - https:\/\/yoast.com\/product\/yoast-seo-wordpress\/ -->\n<title>Peseiro, nuevo t\u00e9cnico de Nigeria -<\/title>\n<meta name=\"robots\" content=\"index, follow, max-snippet:-1, max-image-preview:large, max-video-preview:-1\" \/>\n<link rel=\"canonical\" href=\"https:\/\/futbolhoy.co\/index.php\/2021\/12\/30\/peseiro-nuevo-tecnico-de-nigeria\/\" \/>\n<meta property=\"og:locale\" content=\"es_ES\" \/>\n<meta property=\"og:type\" content=\"article\" \/>\n<meta property=\"og:title\" content=\"Peseiro, nuevo t\u00e9cnico de Nigeria -\" \/>\n<meta property=\"og:description\" content=\"La\u00a0Federaci\u00f3n Nigeriana de F\u00fatbol\u00a0nombr\u00f3 al portugu\u00e9s\u00a0Jos\u00e9 Peseiro\u00a0(61), ex\u00a0seleccionador de Venezuela, como entrenador de la selecci\u00f3n nacional del pa\u00eds africano. &quot;Despu\u00e9s de la cuidadosa consideraci\u00f3n de un informe presentado por el presidente del Subcomit\u00e9 T\u00e9cnico y de Desarrollo, el Comit\u00e9 Ejecutivo aprob\u00f3 una propuesta para el nombramiento de Jos\u00e9 Peseiro como nuevo entrenador jefe de las\u00a0S\u00faper [&hellip;]\" \/>\n<meta property=\"og:url\" content=\"https:\/\/futbolhoy.co\/index.php\/2021\/12\/30\/peseiro-nuevo-tecnico-de-nigeria\/\" \/>\n<meta property=\"article:publisher\" content=\"https:\/\/www.facebook.com\/FutbolHoyCol\/\" \/>\n<meta property=\"article:published_time\" content=\"2021-12-30T10:11:08+00:00\" \/>\n<meta property=\"article:modified_time\" content=\"2021-12-30T23:43:30+00:00\" \/>\n<meta property=\"og:image\" content=\"https:\/\/futbolhoy.co\/wp-content\/uploads\/2021\/12\/Peseiro.jpg\" \/>\n\t<meta property=\"og:image:width\" content=\"727\" \/>\n\t<meta property=\"og:image:height\" content=\"514\" \/>\n\t<meta property=\"og:image:type\" content=\"image\/jpeg\" \/>\n<meta name=\"author\" content=\"Laura Hern\u00e1ndez\" \/>\n<meta name=\"twitter:card\" content=\"summary_large_image\" \/>\n<meta name=\"twitter:creator\" content=\"@FutbolHoyCol\" \/>\n<meta name=\"twitter:site\" content=\"@FutbolHoyCol\" \/>\n<meta name=\"twitter:label1\" content=\"Escrito por\" \/>\n\t<meta name=\"twitter:data1\" content=\"Laura Hern\u00e1ndez\" \/>\n\t<meta name=\"twitter:label2\" content=\"Tiempo de lectura\" \/>\n\t<meta name=\"twitter:data2\" content=\"1 minuto\" \/>\n<script type=\"application\/ld+json\" class=\"yoast-schema-graph\">{\"@context\":\"https:\/\/schema.org\",\"@graph\":[{\"@type\":\"Article\",\"@id\":\"https:\/\/futbolhoy.co\/index.php\/2021\/12\/30\/peseiro-nuevo-tecnico-de-nigeria\/#article\",\"isPartOf\":{\"@id\":\"https:\/\/futbolhoy.co\/index.php\/2021\/12\/30\/peseiro-nuevo-tecnico-de-nigeria\/\"},\"author\":{\"name\":\"Laura Hern\u00e1ndez\",\"@id\":\"https:\/\/futbolhoy.co\/#\/schema\/person\/c4a353a512b127643723a34bb1812f7d\"},\"headline\":\"Peseiro, nuevo t\u00e9cnico de Nigeria\",\"datePublished\":\"2021-12-30T10:11:08+00:00\",\"dateModified\":\"2021-12-30T23:43:30+00:00\",\"mainEntityOfPage\":{\"@id\":\"https:\/\/futbolhoy.co\/index.php\/2021\/12\/30\/peseiro-nuevo-tecnico-de-nigeria\/\"},\"wordCount\":168,\"commentCount\":0,\"publisher\":{\"@id\":\"https:\/\/futbolhoy.co\/#organization\"},\"image\":{\"@id\":\"https:\/\/futbolhoy.co\/index.php\/2021\/12\/30\/peseiro-nuevo-tecnico-de-nigeria\/#primaryimage\"},\"thumbnailUrl\":\"https:\/\/futbolhoy.co\/wp-content\/uploads\/2021\/12\/Peseiro.jpg\",\"articleSection\":[\"Mundo Futbol\"],\"inLanguage\":\"es\",\"potentialAction\":[{\"@type\":\"CommentAction\",\"name\":\"Comment\",\"target\":[\"https:\/\/futbolhoy.co\/index.php\/2021\/12\/30\/peseiro-nuevo-tecnico-de-nigeria\/#respond\"]}]},{\"@type\":\"WebPage\",\"@id\":\"https:\/\/futbolhoy.co\/index.php\/2021\/12\/30\/peseiro-nuevo-tecnico-de-nigeria\/\",\"url\":\"https:\/\/futbolhoy.co\/index.php\/2021\/12\/30\/peseiro-nuevo-tecnico-de-nigeria\/\",\"name\":\"Peseiro, nuevo t\u00e9cnico de Nigeria -\",\"isPartOf\":{\"@id\":\"https:\/\/futbolhoy.co\/#website\"},\"primaryImageOfPage\":{\"@id\":\"https:\/\/futbolhoy.co\/index.php\/2021\/12\/30\/peseiro-nuevo-tecnico-de-nigeria\/#primaryimage\"},\"image\":{\"@id\":\"https:\/\/futbolhoy.co\/index.php\/2021\/12\/30\/peseiro-nuevo-tecnico-de-nigeria\/#primaryimage\"},\"thumbnailUrl\":\"https:\/\/futbolhoy.co\/wp-content\/uploads\/2021\/12\/Peseiro.jpg\",\"datePublished\":\"2021-12-30T10:11:08+00:00\",\"dateModified\":\"2021-12-30T23:43:30+00:00\",\"breadcrumb\":{\"@id\":\"https:\/\/futbolhoy.co\/index.php\/2021\/12\/30\/peseiro-nuevo-tecnico-de-nigeria\/#breadcrumb\"},\"inLanguage\":\"es\",\"potentialAction\":[{\"@type\":\"ReadAction\",\"target\":[\"https:\/\/futbolhoy.co\/index.php\/2021\/12\/30\/peseiro-nuevo-tecnico-de-nigeria\/\"]}]},{\"@type\":\"ImageObject\",\"inLanguage\":\"es\",\"@id\":\"https:\/\/futbolhoy.co\/index.php\/2021\/12\/30\/peseiro-nuevo-tecnico-de-nigeria\/#primaryimage\",\"url\":\"https:\/\/futbolhoy.co\/wp-content\/uploads\/2021\/12\/Peseiro.jpg\",\"contentUrl\":\"https:\/\/futbolhoy.co\/wp-content\/uploads\/2021\/12\/Peseiro.jpg\",\"width\":727,\"height\":514},{\"@type\":\"BreadcrumbList\",\"@id\":\"https:\/\/futbolhoy.co\/index.php\/2021\/12\/30\/peseiro-nuevo-tecnico-de-nigeria\/#breadcrumb\",\"itemListElement\":[{\"@type\":\"ListItem\",\"position\":1,\"name\":\"Portada\",\"item\":\"https:\/\/futbolhoy.co\/\"},{\"@type\":\"ListItem\",\"position\":2,\"name\":\"Peseiro, nuevo t\u00e9cnico de Nigeria\"}]},{\"@type\":\"WebSite\",\"@id\":\"https:\/\/futbolhoy.co\/#website\",\"url\":\"https:\/\/futbolhoy.co\/\",\"name\":\"FutbolHoy\",\"description\":\"\",\"publisher\":{\"@id\":\"https:\/\/futbolhoy.co\/#organization\"},\"potentialAction\":[{\"@type\":\"SearchAction\",\"target\":{\"@type\":\"EntryPoint\",\"urlTemplate\":\"https:\/\/futbolhoy.co\/?s={search_term_string}\"},\"query-input\":{\"@type\":\"PropertyValueSpecification\",\"valueRequired\":true,\"valueName\":\"search_term_string\"}}],\"inLanguage\":\"es\"},{\"@type\":\"Organization\",\"@id\":\"https:\/\/futbolhoy.co\/#organization\",\"name\":\"Futbolhoy.co\",\"url\":\"https:\/\/futbolhoy.co\/\",\"logo\":{\"@type\":\"ImageObject\",\"inLanguage\":\"es\",\"@id\":\"https:\/\/futbolhoy.co\/#\/schema\/logo\/image\/\",\"url\":\"https:\/\/futbolhoy.co\/wp-content\/uploads\/2018\/08\/17426380_1906371736249227_6326180412931521141_n.jpg\",\"contentUrl\":\"https:\/\/futbolhoy.co\/wp-content\/uploads\/2018\/08\/17426380_1906371736249227_6326180412931521141_n.jpg\",\"width\":960,\"height\":960,\"caption\":\"Futbolhoy.co\"},\"image\":{\"@id\":\"https:\/\/futbolhoy.co\/#\/schema\/logo\/image\/\"},\"sameAs\":[\"https:\/\/www.facebook.com\/FutbolHoyCol\/\",\"https:\/\/x.com\/FutbolHoyCol\",\"https:\/\/www.instagram.com\/futbolhoycol\/\"]},{\"@type\":\"Person\",\"@id\":\"https:\/\/futbolhoy.co\/#\/schema\/person\/c4a353a512b127643723a34bb1812f7d\",\"name\":\"Laura Hern\u00e1ndez\",\"image\":{\"@type\":\"ImageObject\",\"inLanguage\":\"es\",\"@id\":\"https:\/\/futbolhoy.co\/#\/schema\/person\/image\/\",\"url\":\"https:\/\/secure.gravatar.com\/avatar\/d25959a15b9b293a743f99181c7cfd01?s=96&d=mm&r=g\",\"contentUrl\":\"https:\/\/secure.gravatar.com\/avatar\/d25959a15b9b293a743f99181c7cfd01?s=96&d=mm&r=g\",\"caption\":\"Laura Hern\u00e1ndez\"}}]}<\/script>\n<!-- \/ Yoast SEO plugin. -->","yoast_head_json":{"title":"Peseiro, nuevo t\u00e9cnico de Nigeria -","robots":{"index":"index","follow":"follow","max-snippet":"max-snippet:-1","max-image-preview":"max-image-preview:large","max-video-preview":"max-video-preview:-1"},"canonical":"https:\/\/futbolhoy.co\/index.php\/2021\/12\/30\/peseiro-nuevo-tecnico-de-nigeria\/","og_locale":"es_ES","og_type":"article","og_title":"Peseiro, nuevo t\u00e9cnico de Nigeria -","og_description":"La\u00a0Federaci\u00f3n Nigeriana de F\u00fatbol\u00a0nombr\u00f3 al portugu\u00e9s\u00a0Jos\u00e9 Peseiro\u00a0(61), ex\u00a0seleccionador de Venezuela, como entrenador de la selecci\u00f3n nacional del pa\u00eds africano. \"Despu\u00e9s de la cuidadosa consideraci\u00f3n de un informe presentado por el presidente del Subcomit\u00e9 T\u00e9cnico y de Desarrollo, el Comit\u00e9 Ejecutivo aprob\u00f3 una propuesta para el nombramiento de Jos\u00e9 Peseiro como nuevo entrenador jefe de las\u00a0S\u00faper [&hellip;]","og_url":"https:\/\/futbolhoy.co\/index.php\/2021\/12\/30\/peseiro-nuevo-tecnico-de-nigeria\/","article_publisher":"https:\/\/www.facebook.com\/FutbolHoyCol\/","article_published_time":"2021-12-30T10:11:08+00:00","article_modified_time":"2021-12-30T23:43:30+00:00","og_image":[{"width":727,"height":514,"url":"https:\/\/futbolhoy.co\/wp-content\/uploads\/2021\/12\/Peseiro.jpg","type":"image\/jpeg"}],"author":"Laura Hern\u00e1ndez","twitter_card":"summary_large_image","twitter_creator":"@FutbolHoyCol","twitter_site":"@FutbolHoyCol","twitter_misc":{"Escrito por":"Laura Hern\u00e1ndez","Tiempo de lectura":"1 minuto"},"schema":{"@context":"https:\/\/schema.org","@graph":[{"@type":"Article","@id":"https:\/\/futbolhoy.co\/index.php\/2021\/12\/30\/peseiro-nuevo-tecnico-de-nigeria\/#article","isPartOf":{"@id":"https:\/\/futbolhoy.co\/index.php\/2021\/12\/30\/peseiro-nuevo-tecnico-de-nigeria\/"},"author":{"name":"Laura Hern\u00e1ndez","@id":"https:\/\/futbolhoy.co\/#\/schema\/person\/c4a353a512b127643723a34bb1812f7d"},"headline":"Peseiro, nuevo t\u00e9cnico de Nigeria","datePublished":"2021-12-30T10:11:08+00:00","dateModified":"2021-12-30T23:43:30+00:00","mainEntityOfPage":{"@id":"https:\/\/futbolhoy.co\/index.php\/2021\/12\/30\/peseiro-nuevo-tecnico-de-nigeria\/"},"wordCount":168,"commentCount":0,"publisher":{"@id":"https:\/\/futbolhoy.co\/#organization"},"image":{"@id":"https:\/\/futbolhoy.co\/index.php\/2021\/12\/30\/peseiro-nuevo-tecnico-de-nigeria\/#primaryimage"},"thumbnailUrl":"https:\/\/futbolhoy.co\/wp-content\/uploads\/2021\/12\/Peseiro.jpg","articleSection":["Mundo Futbol"],"inLanguage":"es","potentialAction":[{"@type":"CommentAction","name":"Comment","target":["https:\/\/futbolhoy.co\/index.php\/2021\/12\/30\/peseiro-nuevo-tecnico-de-nigeria\/#respond"]}]},{"@type":"WebPage","@id":"https:\/\/futbolhoy.co\/index.php\/2021\/12\/30\/peseiro-nuevo-tecnico-de-nigeria\/","url":"https:\/\/futbolhoy.co\/index.php\/2021\/12\/30\/peseiro-nuevo-tecnico-de-nigeria\/","name":"Peseiro, nuevo t\u00e9cnico de Nigeria -","isPartOf":{"@id":"https:\/\/futbolhoy.co\/#website"},"primaryImageOfPage":{"@id":"https:\/\/futbolhoy.co\/index.php\/2021\/12\/30\/peseiro-nuevo-tecnico-de-nigeria\/#primaryimage"},"image":{"@id":"https:\/\/futbolhoy.co\/index.php\/2021\/12\/30\/peseiro-nuevo-tecnico-de-nigeria\/#primaryimage"},"thumbnailUrl":"https:\/\/futbolhoy.co\/wp-content\/uploads\/2021\/12\/Peseiro.jpg","datePublished":"2021-12-30T10:11:08+00:00","dateModified":"2021-12-30T23:43:30+00:00","breadcrumb":{"@id":"https:\/\/futbolhoy.co\/index.php\/2021\/12\/30\/peseiro-nuevo-tecnico-de-nigeria\/#breadcrumb"},"inLanguage":"es","potentialAction":[{"@type":"ReadAction","target":["https:\/\/futbolhoy.co\/index.php\/2021\/12\/30\/peseiro-nuevo-tecnico-de-nigeria\/"]}]},{"@type":"ImageObject","inLanguage":"es","@id":"https:\/\/futbolhoy.co\/index.php\/2021\/12\/30\/peseiro-nuevo-tecnico-de-nigeria\/#primaryimage","url":"https:\/\/futbolhoy.co\/wp-content\/uploads\/2021\/12\/Peseiro.jpg","contentUrl":"https:\/\/futbolhoy.co\/wp-content\/uploads\/2021\/12\/Peseiro.jpg","width":727,"height":514},{"@type":"BreadcrumbList","@id":"https:\/\/futbolhoy.co\/index.php\/2021\/12\/30\/peseiro-nuevo-tecnico-de-nigeria\/#breadcrumb","itemListElement":[{"@type":"ListItem","position":1,"name":"Portada","item":"https:\/\/futbolhoy.co\/"},{"@type":"ListItem","position":2,"name":"Peseiro, nuevo t\u00e9cnico de Nigeria"}]},{"@type":"WebSite","@id":"https:\/\/futbolhoy.co\/#website","url":"https:\/\/futbolhoy.co\/","name":"FutbolHoy","description":"","publisher":{"@id":"https:\/\/futbolhoy.co\/#organization"},"potentialAction":[{"@type":"SearchAction","target":{"@type":"EntryPoint","urlTemplate":"https:\/\/futbolhoy.co\/?s={search_term_string}"},"query-input":{"@type":"PropertyValueSpecification","valueRequired":true,"valueName":"search_term_string"}}],"inLanguage":"es"},{"@type":"Organization","@id":"https:\/\/futbolhoy.co\/#organization","name":"Futbolhoy.co","url":"https:\/\/futbolhoy.co\/","logo":{"@type":"ImageObject","inLanguage":"es","@id":"https:\/\/futbolhoy.co\/#\/schema\/logo\/image\/","url":"https:\/\/futbolhoy.co\/wp-content\/uploads\/2018\/08\/17426380_1906371736249227_6326180412931521141_n.jpg","contentUrl":"https:\/\/futbolhoy.co\/wp-content\/uploads\/2018\/08\/17426380_1906371736249227_6326180412931521141_n.jpg","width":960,"height":960,"caption":"Futbolhoy.co"},"image":{"@id":"https:\/\/futbolhoy.co\/#\/schema\/logo\/image\/"},"sameAs":["https:\/\/www.facebook.com\/FutbolHoyCol\/","https:\/\/x.com\/FutbolHoyCol","https:\/\/www.instagram.com\/futbolhoycol\/"]},{"@type":"Person","@id":"https:\/\/futbolhoy.co\/#\/schema\/person\/c4a353a512b127643723a34bb1812f7d","name":"Laura Hern\u00e1ndez","image":{"@type":"ImageObject","inLanguage":"es","@id":"https:\/\/futbolhoy.co\/#\/schema\/person\/image\/","url":"https:\/\/secure.gravatar.com\/avatar\/d25959a15b9b293a743f99181c7cfd01?s=96&d=mm&r=g","contentUrl":"https:\/\/secure.gravatar.com\/avatar\/d25959a15b9b293a743f99181c7cfd01?s=96&d=mm&r=g","caption":"Laura Hern\u00e1ndez"}}]}},"publishpress_future_action":{"enabled":false,"date":"2026-05-04 08:59:43","action":"change-status","newStatus":"draft","terms":[],"taxonomy":"category","extraData":[]},"publishpress_future_workflow_manual_trigger":{"enabledWorkflows":[]},"_links":{"self":[{"href":"https:\/\/futbolhoy.co\/index.php\/wp-json\/wp\/v2\/posts\/74003","targetHints":{"allow":["GET"]}}],"collection":[{"href":"https:\/\/futbolhoy.co\/index.php\/wp-json\/wp\/v2\/posts"}],"about":[{"href":"https:\/\/futbolhoy.co\/index.php\/wp-json\/wp\/v2\/types\/post"}],"author":[{"embeddable":true,"href":"https:\/\/futbolhoy.co\/index.php\/wp-json\/wp\/v2\/users\/5"}],"replies":[{"embeddable":true,"href":"https:\/\/futbolhoy.co\/index.php\/wp-json\/wp\/v2\/comments?post=74003"}],"version-history":[{"count":1,"href":"https:\/\/futbolhoy.co\/index.php\/wp-json\/wp\/v2\/posts\/74003\/revisions"}],"predecessor-version":[{"id":74005,"href":"https:\/\/futbolhoy.co\/index.php\/wp-json\/wp\/v2\/posts\/74003\/revisions\/74005"}],"wp:featuredmedia":[{"embeddable":true,"href":"https:\/\/futbolhoy.co\/index.php\/wp-json\/wp\/v2\/media\/74004"}],"wp:attachment":[{"href":"https:\/\/futbolhoy.co\/index.php\/wp-json\/wp\/v2\/media?parent=74003"}],"wp:term":[{"taxonomy":"category","embeddable":true,"href":"https:\/\/futbolhoy.co\/index.php\/wp-json\/wp\/v2\/categories?post=74003"},{"taxonomy":"post_tag","embeddable":true,"href":"https:\/\/futbolhoy.co\/index.php\/wp-json\/wp\/v2\/tags?post=74003"}],"curies":[{"name":"wp","href":"https:\/\/api.w.org\/{rel}","templated":true}]}}