{"id":74151,"date":"2022-01-04T09:50:45","date_gmt":"2022-01-04T14:50:45","guid":{"rendered":"https:\/\/futbolhoy.co\/?p=74151"},"modified":"2022-01-04T19:46:30","modified_gmt":"2022-01-05T00:46:30","slug":"alerta-en-boca-por-covid","status":"publish","type":"post","link":"https:\/\/futbolhoy.co\/index.php\/2022\/01\/04\/alerta-en-boca-por-covid\/","title":{"rendered":"Alerta en Boca por COVID"},"content":{"rendered":"<p style=\"text-align: justify;\"><span style=\"font-family: helvetica, arial, sans-serif;\">El t\u00e9cnico <strong>Sebasti\u00e1n Battaglia<\/strong> y el lateral antioque\u00f1o <strong>Frank Fabra<\/strong> de <strong>Boca Juniors<\/strong>\u00a0presentaron s\u00edntomas compatibles a <strong>covid<\/strong> y este martes son sometidos a prueba <strong>PCR.<\/strong><\/span><\/p>\n<p style=\"text-align: justify;\"><span style=\"font-family: helvetica, arial, sans-serif;\">Battaglia y Fabra salieron negativos en el test de ant\u00edgenos, pero un segundo examen determinar\u00e1 si se pueden sumar a los entrenamientos del equipo &#8216;Xeneize&#8217;.<\/span><\/p>\n<p style=\"text-align: justify;\"><span style=\"font-family: helvetica, arial, sans-serif;\">Los tambi\u00e9n colombianos <strong>Sebasti\u00e1n Villa<\/strong> y <strong>Jorman Campuzano<\/strong>\u00a0se unieron a las pr\u00e1cticas de Boca a la espera de definir su futuro.<\/span><\/p>\n<p style=\"text-align: justify;\"><span style=\"font-family: helvetica, arial, sans-serif;\">Villa interesa en el f\u00fatbol de <strong>Rusia,<\/strong> mientras que Campuzano podr\u00eda emigrar a <strong>M\u00e9xico,<\/strong> aseguraron varios medios en <strong>Buenos Aires.<\/strong><\/span><\/p>\n","protected":false},"excerpt":{"rendered":"<p>El t\u00e9cnico Sebasti\u00e1n Battaglia y el lateral antioque\u00f1o Frank Fabra de Boca Juniors\u00a0presentaron s\u00edntomas compatibles a covid y este martes son sometidos a prueba PCR. Battaglia y Fabra salieron negativos en el test de ant\u00edgenos, pero un segundo examen determinar\u00e1 si se pueden sumar a los entrenamientos del equipo &#8216;Xeneize&#8217;. Los tambi\u00e9n colombianos Sebasti\u00e1n Villa [&hellip;]<\/p>\n","protected":false},"author":5,"featured_media":74152,"comment_status":"open","ping_status":"closed","sticky":false,"template":"","format":"standard","meta":{"_acf_changed":false,"footnotes":""},"categories":[152],"tags":[],"class_list":{"0":"post-74151","1":"post","2":"type-post","3":"status-publish","4":"format-standard","5":"has-post-thumbnail","7":"category-mundo-futbol"},"acf":[],"_links":{"self":[{"href":"https:\/\/futbolhoy.co\/index.php\/wp-json\/wp\/v2\/posts\/74151","targetHints":{"allow":["GET"]}}],"collection":[{"href":"https:\/\/futbolhoy.co\/index.php\/wp-json\/wp\/v2\/posts"}],"about":[{"href":"https:\/\/futbolhoy.co\/index.php\/wp-json\/wp\/v2\/types\/post"}],"author":[{"embeddable":true,"href":"https:\/\/futbolhoy.co\/index.php\/wp-json\/wp\/v2\/users\/5"}],"replies":[{"embeddable":true,"href":"https:\/\/futbolhoy.co\/index.php\/wp-json\/wp\/v2\/comments?post=74151"}],"version-history":[{"count":1,"href":"https:\/\/futbolhoy.co\/index.php\/wp-json\/wp\/v2\/posts\/74151\/revisions"}],"predecessor-version":[{"id":74153,"href":"https:\/\/futbolhoy.co\/index.php\/wp-json\/wp\/v2\/posts\/74151\/revisions\/74153"}],"wp:featuredmedia":[{"embeddable":true,"href":"https:\/\/futbolhoy.co\/index.php\/wp-json\/wp\/v2\/media\/74152"}],"wp:attachment":[{"href":"https:\/\/futbolhoy.co\/index.php\/wp-json\/wp\/v2\/media?parent=74151"}],"wp:term":[{"taxonomy":"category","embeddable":true,"href":"https:\/\/futbolhoy.co\/index.php\/wp-json\/wp\/v2\/categories?post=74151"},{"taxonomy":"post_tag","embeddable":true,"href":"https:\/\/futbolhoy.co\/index.php\/wp-json\/wp\/v2\/tags?post=74151"}],"curies":[{"name":"wp","href":"https:\/\/api.w.org\/{rel}","templated":true}]}}