{"id":74157,"date":"2022-01-04T11:00:45","date_gmt":"2022-01-04T16:00:45","guid":{"rendered":"https:\/\/futbolhoy.co\/?p=74157"},"modified":"2022-01-04T19:46:25","modified_gmt":"2022-01-05T00:46:25","slug":"diaz-sin-puskas","status":"publish","type":"post","link":"https:\/\/futbolhoy.co\/index.php\/2022\/01\/04\/diaz-sin-puskas\/","title":{"rendered":"D\u00edaz, sin Puskas"},"content":{"rendered":"<p class=\"x_ydpd48a4bf4MsoNormal\" style=\"text-align: justify;\"><span style=\"font-family: helvetica, arial, sans-serif;\">El gol del guajiro <strong>Luis D\u00edaz<\/strong> con la <strong>selecci\u00f3n<\/strong> <strong>Colombia<\/strong> frente a <strong>Brasil<\/strong> en la <strong>Copa Am\u00e9rica<\/strong>, qued\u00f3 al margen de los finalistas al <strong>Premio Puskas<\/strong> que entregar\u00e1 la <strong>FIFA<\/strong> en <strong>The<\/strong> <strong>Best.<\/strong><\/span><\/p>\n<p class=\"x_ydpd48a4bf4MsoNormal\" style=\"text-align: justify;\"><span style=\"font-family: helvetica, arial, sans-serif;\">La rectora anunci\u00f3 los tres tantos que luchar\u00e1n por la distinci\u00f3n, que se entregar\u00e1 el 17 de enero.<\/span><\/p>\n<p class=\"x_ydpd48a4bf4MsoNormal\" style=\"text-align: justify;\"><span style=\"font-family: helvetica, arial, sans-serif;\">Los finalistas son:<\/span><\/p>\n<p class=\"x_ydpd48a4bf4MsoNormal\" style=\"text-align: justify;\"><span style=\"font-family: helvetica, arial, sans-serif;\">1. <strong>Erik Lamela<\/strong> con <strong>Tottenham<\/strong> (hoy en Sevilla) de rabona al Arsenal en la Liga Premier, con tres rivales que le presionaban. La pelota ingres\u00f3 a ras de piso, justo al palo izquierdo del arquero.<\/span><\/p>\n<p class=\"x_ydpd48a4bf4MsoNormal\" style=\"text-align: justify;\"><span style=\"font-family: helvetica, arial, sans-serif;\">2. <strong>Patrik Schick<\/strong>, con la selecci\u00f3n de <strong>Rep\u00fablica<\/strong> <strong>Checa<\/strong> a Escocia en la Eurocopa. El delantero, cerca de la mitad del campo, aprovech\u00f3 una acci\u00f3n donde el portero de Escocia, David Marschall, estaba adelantado.<\/span><\/p>\n<p class=\"x_ydpd48a4bf4MsoNormal\" style=\"text-align: justify;\"><span style=\"font-family: helvetica, arial, sans-serif;\">3. <strong>Mehdi Taremi<\/strong>, con <strong>Oporto<\/strong> frente a Chelsea en Liga de Campeones. El iran\u00ed sorprendi\u00f3 a los defensas al levantarse dentro del \u00e1rea y de chilena coloc\u00f3 el bal\u00f3n cruzado a un \u00e1ngulo, muy lejos del alcance del portero Edouard Mendy.<\/span><\/p>\n","protected":false},"excerpt":{"rendered":"<p>El gol del guajiro Luis D\u00edaz con la selecci\u00f3n Colombia frente a Brasil en la Copa Am\u00e9rica, qued\u00f3 al margen de los finalistas al Premio Puskas que entregar\u00e1 la FIFA en The Best. La rectora anunci\u00f3 los tres tantos que luchar\u00e1n por la distinci\u00f3n, que se entregar\u00e1 el 17 de enero. Los finalistas son: 1. [&hellip;]<\/p>\n","protected":false},"author":5,"featured_media":74158,"comment_status":"open","ping_status":"closed","sticky":false,"template":"","format":"standard","meta":{"_acf_changed":false,"footnotes":""},"categories":[418],"tags":[],"class_list":{"0":"post-74157","1":"post","2":"type-post","3":"status-publish","4":"format-standard","5":"has-post-thumbnail","7":"category-colombia"},"acf":[],"_links":{"self":[{"href":"https:\/\/futbolhoy.co\/index.php\/wp-json\/wp\/v2\/posts\/74157","targetHints":{"allow":["GET"]}}],"collection":[{"href":"https:\/\/futbolhoy.co\/index.php\/wp-json\/wp\/v2\/posts"}],"about":[{"href":"https:\/\/futbolhoy.co\/index.php\/wp-json\/wp\/v2\/types\/post"}],"author":[{"embeddable":true,"href":"https:\/\/futbolhoy.co\/index.php\/wp-json\/wp\/v2\/users\/5"}],"replies":[{"embeddable":true,"href":"https:\/\/futbolhoy.co\/index.php\/wp-json\/wp\/v2\/comments?post=74157"}],"version-history":[{"count":2,"href":"https:\/\/futbolhoy.co\/index.php\/wp-json\/wp\/v2\/posts\/74157\/revisions"}],"predecessor-version":[{"id":74179,"href":"https:\/\/futbolhoy.co\/index.php\/wp-json\/wp\/v2\/posts\/74157\/revisions\/74179"}],"wp:featuredmedia":[{"embeddable":true,"href":"https:\/\/futbolhoy.co\/index.php\/wp-json\/wp\/v2\/media\/74158"}],"wp:attachment":[{"href":"https:\/\/futbolhoy.co\/index.php\/wp-json\/wp\/v2\/media?parent=74157"}],"wp:term":[{"taxonomy":"category","embeddable":true,"href":"https:\/\/futbolhoy.co\/index.php\/wp-json\/wp\/v2\/categories?post=74157"},{"taxonomy":"post_tag","embeddable":true,"href":"https:\/\/futbolhoy.co\/index.php\/wp-json\/wp\/v2\/tags?post=74157"}],"curies":[{"name":"wp","href":"https:\/\/api.w.org\/{rel}","templated":true}]}}