{"id":74246,"date":"2022-01-07T11:04:25","date_gmt":"2022-01-07T16:04:25","guid":{"rendered":"https:\/\/futbolhoy.co\/?p=74246"},"modified":"2022-01-07T19:12:13","modified_gmt":"2022-01-08T00:12:13","slug":"leo-lewa-y-mo-finalistas-del-the-best","status":"publish","type":"post","link":"https:\/\/futbolhoy.co\/index.php\/2022\/01\/07\/leo-lewa-y-mo-finalistas-del-the-best\/","title":{"rendered":"Leo, Lewa y Mo, finalistas del The Best"},"content":{"rendered":"<p class=\"x_ydpb0facabMsoNormal\" style=\"text-align: justify;\"><span lang=\"ES-MX\" style=\"font-family: helvetica, arial, sans-serif;\">El argentino\u00a0<b>Lionel Messi<\/b>, el polaco\u00a0<b>Robert Lewandowski<\/b>\u00a0y el egipcio\u00a0<b>Mohamed Salah<\/b>\u00a0integran la lista de finalistas al premio\u00a0<b>The Best de la FIFA<\/b>\u00a0al mejor jugador del a\u00f1o 2021.<\/span><\/p>\n<p class=\"x_ydpb0facabMsoNormal\" style=\"text-align: justify;\"><span lang=\"ES-MX\" style=\"font-family: helvetica, arial, sans-serif;\">El capit\u00e1n de la\u00a0<b>selecci\u00f3n Argentina<\/b>,\u00a0<b>Leo Messi<\/b>, campe\u00f3n de la\u00a0<b>Copa Am\u00e9rica<\/b>, delantero del\u00a0<b>Barcelona<\/b>\u00a0y el\u00a0<b>PSG<\/b>\u00a0en 2021; y actual\u00a0<b>Bal\u00f3n de Oro de France Football<\/b>, lidera la lista de finalistas.<\/span><\/p>\n<p class=\"x_ydpb0facabMsoNormal\" style=\"text-align: justify;\"><span lang=\"ES-MX\" style=\"font-family: helvetica, arial, sans-serif;\">Lewandowski, del\u00a0<b>Bayern M\u00fanich<\/b>\u00a0campe\u00f3n de la\u00a0<b>Bundesliga<\/b>\u00a0y la\u00a0<b>Supercopa de Alemania<\/b>, marc\u00f3 69 goles a lo largo de un a\u00f1o natural; mientras que Salah no aportar\u00e1 t\u00edtulos con su equipo, pero a nivel individual fue clave en la correcta temporada del\u00a0<b>Liverpool<\/b>, que acab\u00f3 tercero en la\u00a0<b>Liga Premier<\/b>.<\/span><\/p>\n<p class=\"x_ydpb0facabMsoNormal\" style=\"text-align: justify;\"><span lang=\"ES-MX\" style=\"font-family: helvetica, arial, sans-serif;\">Adem\u00e1s de Leo, Lewa y Mo, tambi\u00e9n optar\u00e1n al premio femenino las espa\u00f1olas del Barcelona,\u00a0<b>Jennifer Hermoso y Alexia Putellas<\/b>, junto a la australiana del\u00a0<b>Chelsea, Sam Kerr<\/b>.<\/span><\/p>\n<p class=\"x_ydpb0facabMsoNormal\" style=\"text-align: justify;\"><span lang=\"ES-MX\" style=\"font-family: helvetica, arial, sans-serif;\">La ceremonia del premio \u00abThe Best\u00bb se llevar\u00e1 a cabo el 17 de enero en\u00a0<b>Zurich, Suiza.<\/b><\/span><\/p>\n","protected":false},"excerpt":{"rendered":"<p>El argentino\u00a0Lionel Messi, el polaco\u00a0Robert Lewandowski\u00a0y el egipcio\u00a0Mohamed Salah\u00a0integran la lista de finalistas al premio\u00a0The Best de la FIFA\u00a0al mejor jugador del a\u00f1o 2021. El capit\u00e1n de la\u00a0selecci\u00f3n Argentina,\u00a0Leo Messi, campe\u00f3n de la\u00a0Copa Am\u00e9rica, delantero del\u00a0Barcelona\u00a0y el\u00a0PSG\u00a0en 2021; y actual\u00a0Bal\u00f3n de Oro de France Football, lidera la lista de finalistas. Lewandowski, del\u00a0Bayern M\u00fanich\u00a0campe\u00f3n de la\u00a0Bundesliga\u00a0y [&hellip;]<\/p>\n","protected":false},"author":5,"featured_media":74247,"comment_status":"open","ping_status":"closed","sticky":false,"template":"","format":"standard","meta":{"_acf_changed":false,"footnotes":""},"categories":[152],"tags":[512,220,800,218],"class_list":{"0":"post-74246","1":"post","2":"type-post","3":"status-publish","4":"format-standard","5":"has-post-thumbnail","7":"category-mundo-futbol","8":"tag-lewandowski","9":"tag-messi","10":"tag-salah","11":"tag-the-best"},"acf":[],"_links":{"self":[{"href":"https:\/\/futbolhoy.co\/index.php\/wp-json\/wp\/v2\/posts\/74246","targetHints":{"allow":["GET"]}}],"collection":[{"href":"https:\/\/futbolhoy.co\/index.php\/wp-json\/wp\/v2\/posts"}],"about":[{"href":"https:\/\/futbolhoy.co\/index.php\/wp-json\/wp\/v2\/types\/post"}],"author":[{"embeddable":true,"href":"https:\/\/futbolhoy.co\/index.php\/wp-json\/wp\/v2\/users\/5"}],"replies":[{"embeddable":true,"href":"https:\/\/futbolhoy.co\/index.php\/wp-json\/wp\/v2\/comments?post=74246"}],"version-history":[{"count":1,"href":"https:\/\/futbolhoy.co\/index.php\/wp-json\/wp\/v2\/posts\/74246\/revisions"}],"predecessor-version":[{"id":74248,"href":"https:\/\/futbolhoy.co\/index.php\/wp-json\/wp\/v2\/posts\/74246\/revisions\/74248"}],"wp:featuredmedia":[{"embeddable":true,"href":"https:\/\/futbolhoy.co\/index.php\/wp-json\/wp\/v2\/media\/74247"}],"wp:attachment":[{"href":"https:\/\/futbolhoy.co\/index.php\/wp-json\/wp\/v2\/media?parent=74246"}],"wp:term":[{"taxonomy":"category","embeddable":true,"href":"https:\/\/futbolhoy.co\/index.php\/wp-json\/wp\/v2\/categories?post=74246"},{"taxonomy":"post_tag","embeddable":true,"href":"https:\/\/futbolhoy.co\/index.php\/wp-json\/wp\/v2\/tags?post=74246"}],"curies":[{"name":"wp","href":"https:\/\/api.w.org\/{rel}","templated":true}]}}