{"id":74251,"date":"2022-01-07T11:50:26","date_gmt":"2022-01-07T16:50:26","guid":{"rendered":"https:\/\/futbolhoy.co\/?p=74251"},"modified":"2022-01-07T21:24:50","modified_gmt":"2022-01-08T02:24:50","slug":"bacca-supero-el-coronavirus","status":"publish","type":"post","link":"https:\/\/futbolhoy.co\/index.php\/2022\/01\/07\/bacca-supero-el-coronavirus\/","title":{"rendered":"Bacca super\u00f3 el coronavirus"},"content":{"rendered":"<p class=\"x_ydpc7cf7327MsoNormal\" style=\"text-align: justify;\"><span lang=\"ES-MX\" style=\"font-family: helvetica, arial, sans-serif;\">El delantero colombiano\u00a0<b>Carlos Bacca, del Granada espa\u00f1ol<\/b>, volvi\u00f3 a entrenarse este viernes con sus compa\u00f1eros, y podr\u00e1 ser tenido en cuenta para el partido de este s\u00e1bado ante el\u00a0<b>Barcelona<\/b>\u00a0(12.30) por la jornada 20 de\u00a0<b>LaLiga<\/b>.<\/span><\/p>\n<p class=\"x_ydpc7cf7327MsoNormal\" style=\"text-align: justify;\"><span lang=\"ES-MX\" style=\"font-family: helvetica, arial, sans-serif;\">El entrenador del Granada,\u00a0<b>Robert Moreno<\/b>, confirm\u00f3 en rueda de prensa que Bacca volvi\u00f3 a las pr\u00e1cticas con normalidad y est\u00e1 apto para el encuentro en el\u00a0<b>Nuevo Los C\u00e1rmenes<\/b>.<\/span><\/p>\n<p class=\"x_ydpc7cf7327MsoNormal\" style=\"text-align: justify;\"><span lang=\"ES-MX\" style=\"font-family: helvetica, arial, sans-serif;\">La presencia del colombiano con el grupo fue la gran novedad de la sesi\u00f3n completada por el equipo rojiblanco, a puerta cerrada en su estadio, despu\u00e9s de que Bacca haya permanecido de baja desde el regreso de la plantilla de las vacaciones navide\u00f1as tras dar positivo por covid-19.<\/span><\/p>\n<p class=\"x_ydpc7cf7327MsoNormal\" style=\"text-align: justify;\"><span lang=\"ES-MX\" style=\"font-family: helvetica, arial, sans-serif;\">Granada, donde militan los tambi\u00e9n colombianos\u00a0<b>Santiago Arias y Luis Javier Su\u00e1rez<\/b>, ocupa el puesto 13 de la tabla de posiciones en\u00a0<b>Espa\u00f1a<\/b>\u00a0con 23 puntos.<\/span><\/p>\n","protected":false},"excerpt":{"rendered":"<p>El delantero colombiano\u00a0Carlos Bacca, del Granada espa\u00f1ol, volvi\u00f3 a entrenarse este viernes con sus compa\u00f1eros, y podr\u00e1 ser tenido en cuenta para el partido de este s\u00e1bado ante el\u00a0Barcelona\u00a0(12.30) por la jornada 20 de\u00a0LaLiga. El entrenador del Granada,\u00a0Robert Moreno, confirm\u00f3 en rueda de prensa que Bacca volvi\u00f3 a las pr\u00e1cticas con normalidad y est\u00e1 apto [&hellip;]<\/p>\n","protected":false},"author":5,"featured_media":74252,"comment_status":"open","ping_status":"closed","sticky":false,"template":"","format":"standard","meta":{"_acf_changed":false,"footnotes":""},"categories":[418],"tags":[160,1802],"class_list":{"0":"post-74251","1":"post","2":"type-post","3":"status-publish","4":"format-standard","5":"has-post-thumbnail","7":"category-colombia","8":"tag-carlos-bacca","9":"tag-covid-19"},"acf":[],"_links":{"self":[{"href":"https:\/\/futbolhoy.co\/index.php\/wp-json\/wp\/v2\/posts\/74251","targetHints":{"allow":["GET"]}}],"collection":[{"href":"https:\/\/futbolhoy.co\/index.php\/wp-json\/wp\/v2\/posts"}],"about":[{"href":"https:\/\/futbolhoy.co\/index.php\/wp-json\/wp\/v2\/types\/post"}],"author":[{"embeddable":true,"href":"https:\/\/futbolhoy.co\/index.php\/wp-json\/wp\/v2\/users\/5"}],"replies":[{"embeddable":true,"href":"https:\/\/futbolhoy.co\/index.php\/wp-json\/wp\/v2\/comments?post=74251"}],"version-history":[{"count":1,"href":"https:\/\/futbolhoy.co\/index.php\/wp-json\/wp\/v2\/posts\/74251\/revisions"}],"predecessor-version":[{"id":74253,"href":"https:\/\/futbolhoy.co\/index.php\/wp-json\/wp\/v2\/posts\/74251\/revisions\/74253"}],"wp:featuredmedia":[{"embeddable":true,"href":"https:\/\/futbolhoy.co\/index.php\/wp-json\/wp\/v2\/media\/74252"}],"wp:attachment":[{"href":"https:\/\/futbolhoy.co\/index.php\/wp-json\/wp\/v2\/media?parent=74251"}],"wp:term":[{"taxonomy":"category","embeddable":true,"href":"https:\/\/futbolhoy.co\/index.php\/wp-json\/wp\/v2\/categories?post=74251"},{"taxonomy":"post_tag","embeddable":true,"href":"https:\/\/futbolhoy.co\/index.php\/wp-json\/wp\/v2\/tags?post=74251"}],"curies":[{"name":"wp","href":"https:\/\/api.w.org\/{rel}","templated":true}]}}