{"id":74256,"date":"2022-01-07T19:11:33","date_gmt":"2022-01-08T00:11:33","guid":{"rendered":"https:\/\/futbolhoy.co\/?p=74256"},"modified":"2022-01-08T09:50:01","modified_gmt":"2022-01-08T14:50:01","slug":"bolillo-cito-a-honduras-para-enfrentar-a-colombia","status":"publish","type":"post","link":"https:\/\/futbolhoy.co\/index.php\/2022\/01\/07\/bolillo-cito-a-honduras-para-enfrentar-a-colombia\/","title":{"rendered":"\u2018Bolillo\u2019 cit\u00f3 a Honduras para enfrentar a Colombia"},"content":{"rendered":"<p style=\"text-align: justify;\"><span style=\"font-family: helvetica, arial, sans-serif;\">El entrenador antioque\u00f1o\u00a0<b>Hern\u00e1n Dar\u00edo \u2018Bolillo\u2019 G\u00f3mez<\/b>\u00a0convoc\u00f3 18 jugadores a la\u00a0<b>selecci\u00f3n de Honduras<\/b>\u00a0para el partido amistoso que sostendr\u00e1 el 16 de enero ante\u00a0<b>Colombia en La Florida<\/b>.<\/span><\/p>\n<p style=\"text-align: justify;\"><span style=\"font-family: helvetica, arial, sans-serif;\">Entre las grandes novedades se encuentran\u00a0<b>Junior Garc\u00eda y Wisdom Quay\u00e9,<\/b>\u00a0defensores del\u00a0<b>Real Espa\u00f1a<\/b>; y los atacantes del mismo equipo,\u00a0<b>Marco Tulio Aceituno y Jeison Mej\u00eda.<\/b><\/span><\/p>\n<p style=\"text-align: justify;\"><span style=\"font-family: helvetica, arial, sans-serif;\">En la lista tambi\u00e9n se destaca la presencia de\u00a0<b>Kervin Arriaga<\/b>, volante que ha sido descartado por el\u00a0<b>Marath\u00f3n<\/b>.<\/span><\/p>\n<p style=\"text-align: justify;\"><span style=\"font-family: helvetica, arial, sans-serif;\"><b>Jack Jean-Baptiste<\/b>, jugador de la\u00a0<b>UPNFM e Ivan \u2018Chino\u2019 L\u00f3pez, del Motagua<\/b>, tambi\u00e9n fueron citados.<\/span><\/p>\n<p style=\"text-align: justify;\"><span style=\"font-family: helvetica, arial, sans-serif;\">Las principales ausencias son:\u00a0<b>Jos\u00e9 Mario Pinto<\/b>, del tetracampe\u00f3n\u00a0<b>Olimpia<\/b>, el volante\u00a0<b>Bryan Moya<\/b>\u00a0y los delanteros\u00a0<b>Luis Palma y Bryan Acosta.<\/b><\/span><\/p>\n<p style=\"text-align: justify;\"><span style=\"font-family: helvetica, arial, sans-serif;\"><b>Grupo de citados:<\/b><\/span><\/p>\n<p style=\"text-align: justify;\"><span style=\"font-family: helvetica, arial, sans-serif;\"><b>Porteros:<\/b>\u00a0Luis L\u00f3pez (Real Espa\u00f1a) y Edrick Menjivar (Olimpia).<\/span><\/p>\n<p style=\"text-align: justify;\"><span style=\"font-family: helvetica, arial, sans-serif;\"><b>Defensas:<\/b>\u00a0Maynor Figueroa (Sin equipo), Wisdom Quay\u00e9 Junior Garc\u00eda y Franklin Flores (Real Espa\u00f1a), Denil Maldonado y \u00d3mar Elvir (Motagua).<\/span><\/p>\n<p style=\"text-align: justify;\"><span style=\"font-family: helvetica, arial, sans-serif;\"><b>Volantes:<\/b>\u00a0Kervin Arriaga (Sin equipo), Juan Delgado y Diego Rodr\u00edguez (Motagua) Jack Jean-Baptiste (UPNFM), Edwin Rodr\u00edguez y Jorge \u00c1lvarez (Olimpia).<\/span><\/p>\n<p style=\"text-align: justify;\"><span style=\"font-family: helvetica, arial, sans-serif;\"><b>Delanteros<\/b>: Yeison Mej\u00eda y Marco Aceituno (Real Espa\u00f1a), Iv\u00e1n L\u00f3pez (Motagua) y Eddie Hern\u00e1ndez (Olimpia).<\/span><\/p>\n","protected":false},"excerpt":{"rendered":"<p>El entrenador antioque\u00f1o\u00a0Hern\u00e1n Dar\u00edo \u2018Bolillo\u2019 G\u00f3mez\u00a0convoc\u00f3 18 jugadores a la\u00a0selecci\u00f3n de Honduras\u00a0para el partido amistoso que sostendr\u00e1 el 16 de enero ante\u00a0Colombia en La Florida. Entre las grandes novedades se encuentran\u00a0Junior Garc\u00eda y Wisdom Quay\u00e9,\u00a0defensores del\u00a0Real Espa\u00f1a; y los atacantes del mismo equipo,\u00a0Marco Tulio Aceituno y Jeison Mej\u00eda. En la lista tambi\u00e9n se destaca la [&hellip;]<\/p>\n","protected":false},"author":5,"featured_media":74258,"comment_status":"open","ping_status":"closed","sticky":false,"template":"","format":"standard","meta":{"_acf_changed":false,"footnotes":""},"categories":[418],"tags":[],"class_list":{"0":"post-74256","1":"post","2":"type-post","3":"status-publish","4":"format-standard","5":"has-post-thumbnail","7":"category-colombia"},"acf":[],"_links":{"self":[{"href":"https:\/\/futbolhoy.co\/index.php\/wp-json\/wp\/v2\/posts\/74256","targetHints":{"allow":["GET"]}}],"collection":[{"href":"https:\/\/futbolhoy.co\/index.php\/wp-json\/wp\/v2\/posts"}],"about":[{"href":"https:\/\/futbolhoy.co\/index.php\/wp-json\/wp\/v2\/types\/post"}],"author":[{"embeddable":true,"href":"https:\/\/futbolhoy.co\/index.php\/wp-json\/wp\/v2\/users\/5"}],"replies":[{"embeddable":true,"href":"https:\/\/futbolhoy.co\/index.php\/wp-json\/wp\/v2\/comments?post=74256"}],"version-history":[{"count":1,"href":"https:\/\/futbolhoy.co\/index.php\/wp-json\/wp\/v2\/posts\/74256\/revisions"}],"predecessor-version":[{"id":74259,"href":"https:\/\/futbolhoy.co\/index.php\/wp-json\/wp\/v2\/posts\/74256\/revisions\/74259"}],"wp:featuredmedia":[{"embeddable":true,"href":"https:\/\/futbolhoy.co\/index.php\/wp-json\/wp\/v2\/media\/74258"}],"wp:attachment":[{"href":"https:\/\/futbolhoy.co\/index.php\/wp-json\/wp\/v2\/media?parent=74256"}],"wp:term":[{"taxonomy":"category","embeddable":true,"href":"https:\/\/futbolhoy.co\/index.php\/wp-json\/wp\/v2\/categories?post=74256"},{"taxonomy":"post_tag","embeddable":true,"href":"https:\/\/futbolhoy.co\/index.php\/wp-json\/wp\/v2\/tags?post=74256"}],"curies":[{"name":"wp","href":"https:\/\/api.w.org\/{rel}","templated":true}]}}