{"id":74257,"date":"2022-01-07T19:14:38","date_gmt":"2022-01-08T00:14:38","guid":{"rendered":"https:\/\/futbolhoy.co\/?p=74257"},"modified":"2022-01-08T09:45:24","modified_gmt":"2022-01-08T14:45:24","slug":"cardona-jugara-en-racing","status":"publish","type":"post","link":"https:\/\/futbolhoy.co\/index.php\/2022\/01\/07\/cardona-jugara-en-racing\/","title":{"rendered":"Cardona jugar\u00e1 en Racing"},"content":{"rendered":"<p style=\"text-align: justify;\"><span style=\"font-family: helvetica, arial, sans-serif;\">El volante colombiano\u00a0<b>Edwin Cardona<\/b>\u00a0es esperado a comienzos de la pr\u00f3xima semana en\u00a0<b>Argentina<\/b>\u00a0para someterse a la revisi\u00f3n m\u00e9dica en\u00a0<b>Racing de Avellaneda<\/b>, club con el que ya lleg\u00f3 a un acuerdo, al igual que los\u00a0<b>Xolos de Tijuana.<\/b><\/span><\/p>\n<p style=\"text-align: justify;\"><span style=\"font-family: helvetica, arial, sans-serif;\"><b>\u2018La Academia\u2019<\/b>\u00a0comprar\u00e1 al club mexicano la mitad de los derechos de Cardona, quien firmar\u00e1 un contrato hasta 2023.<\/span><\/p>\n<p style=\"text-align: justify;\"><span style=\"font-family: helvetica, arial, sans-serif;\">El jugador ya habr\u00eda agradecido la intenci\u00f3n de\u00a0<b>Atl\u00e9tico Nacional<\/b>\u00a0de vincularlo esta temporada, seg\u00fan public\u00f3 el diario deportivo\u00a0<i>Ol\u00e9\u00a0<\/i>en\u00a0<b>Buenos Aires<\/b>.<\/span><\/p>\n<p style=\"text-align: justify;\"><span style=\"font-family: helvetica, arial, sans-serif;\">El volante antioque\u00f1o ser\u00e1 el tercer refuerzo del Racing del t\u00e9cnico\u00a0<b>Fernando Gago<\/b>, tras los acuerdos con el delantero de\u00a0<b>Aldosivi, Gabriel Hauche<\/b>, y el lateral derecho<b>\u00a0Facundo Mura de Col\u00f3n de Santa Fe.<\/b><\/span><\/p>\n","protected":false},"excerpt":{"rendered":"<p>El volante colombiano\u00a0Edwin Cardona\u00a0es esperado a comienzos de la pr\u00f3xima semana en\u00a0Argentina\u00a0para someterse a la revisi\u00f3n m\u00e9dica en\u00a0Racing de Avellaneda, club con el que ya lleg\u00f3 a un acuerdo, al igual que los\u00a0Xolos de Tijuana. \u2018La Academia\u2019\u00a0comprar\u00e1 al club mexicano la mitad de los derechos de Cardona, quien firmar\u00e1 un contrato hasta 2023. El jugador [&hellip;]<\/p>\n","protected":false},"author":5,"featured_media":74262,"comment_status":"open","ping_status":"closed","sticky":false,"template":"","format":"standard","meta":{"_acf_changed":false,"footnotes":""},"categories":[152],"tags":[],"class_list":{"0":"post-74257","1":"post","2":"type-post","3":"status-publish","4":"format-standard","5":"has-post-thumbnail","7":"category-mundo-futbol"},"acf":[],"_links":{"self":[{"href":"https:\/\/futbolhoy.co\/index.php\/wp-json\/wp\/v2\/posts\/74257","targetHints":{"allow":["GET"]}}],"collection":[{"href":"https:\/\/futbolhoy.co\/index.php\/wp-json\/wp\/v2\/posts"}],"about":[{"href":"https:\/\/futbolhoy.co\/index.php\/wp-json\/wp\/v2\/types\/post"}],"author":[{"embeddable":true,"href":"https:\/\/futbolhoy.co\/index.php\/wp-json\/wp\/v2\/users\/5"}],"replies":[{"embeddable":true,"href":"https:\/\/futbolhoy.co\/index.php\/wp-json\/wp\/v2\/comments?post=74257"}],"version-history":[{"count":1,"href":"https:\/\/futbolhoy.co\/index.php\/wp-json\/wp\/v2\/posts\/74257\/revisions"}],"predecessor-version":[{"id":74263,"href":"https:\/\/futbolhoy.co\/index.php\/wp-json\/wp\/v2\/posts\/74257\/revisions\/74263"}],"wp:featuredmedia":[{"embeddable":true,"href":"https:\/\/futbolhoy.co\/index.php\/wp-json\/wp\/v2\/media\/74262"}],"wp:attachment":[{"href":"https:\/\/futbolhoy.co\/index.php\/wp-json\/wp\/v2\/media?parent=74257"}],"wp:term":[{"taxonomy":"category","embeddable":true,"href":"https:\/\/futbolhoy.co\/index.php\/wp-json\/wp\/v2\/categories?post=74257"},{"taxonomy":"post_tag","embeddable":true,"href":"https:\/\/futbolhoy.co\/index.php\/wp-json\/wp\/v2\/tags?post=74257"}],"curies":[{"name":"wp","href":"https:\/\/api.w.org\/{rel}","templated":true}]}}