{"id":74264,"date":"2022-01-07T21:37:05","date_gmt":"2022-01-08T02:37:05","guid":{"rendered":"https:\/\/futbolhoy.co\/?p=74264"},"modified":"2022-01-08T12:33:23","modified_gmt":"2022-01-08T17:33:23","slug":"gomez-desconvocado-de-la-seleccion","status":"publish","type":"post","link":"https:\/\/futbolhoy.co\/index.php\/2022\/01\/07\/gomez-desconvocado-de-la-seleccion\/","title":{"rendered":"G\u00f3mez, desconvocado de la Selecci\u00f3n"},"content":{"rendered":"<p style=\"text-align: justify;\"><span style=\"font-family: helvetica, arial, sans-serif;\">La\u00a0<strong>Federaci\u00f3n Colombiana de F\u00fatbol<\/strong>\u00a0anunci\u00f3 que el volante\u00a0<strong>Sebasti\u00e1n Gomez <\/strong>de<strong>\u00a0Atl\u00e9tico Nacional, <\/strong>ha sido desconvocado de la\u00a0<strong>Selecci\u00f3n Colombia <\/strong>para el amistoso internacional, tras resultar positivo para Covid-19.\u00a0<\/span><\/p>\n<p style=\"text-align: justify;\"><span style=\"font-family: helvetica, arial, sans-serif;\">El comunicado de la Federaci\u00f3n agrega que la informaci\u00f3n fue reportada de forma inmediata por parte del club.\u00a0<\/span><\/p>\n<p style=\"text-align: justify;\"><span style=\"font-family: helvetica, arial, sans-serif;\">En su lugar la FCF confirm\u00f3 que llegar\u00e1 el jugador <strong>Yeimar G\u00f3mez<\/strong> del <strong>Seattle Sounders<\/strong> de la MLS.\u00a0<\/span><\/p>\n<p><img fetchpriority=\"high\" decoding=\"async\" class=\"alignnone size-medium wp-image-74268\" src=\"https:\/\/futbolhoy.co\/wp-content\/uploads\/2022\/01\/Screenshot_20220107-212519_Gmail-300x223.jpg\" alt=\"\" width=\"300\" height=\"223\" srcset=\"https:\/\/futbolhoy.co\/wp-content\/uploads\/2022\/01\/Screenshot_20220107-212519_Gmail-300x223.jpg 300w, https:\/\/futbolhoy.co\/wp-content\/uploads\/2022\/01\/Screenshot_20220107-212519_Gmail-1024x760.jpg 1024w, https:\/\/futbolhoy.co\/wp-content\/uploads\/2022\/01\/Screenshot_20220107-212519_Gmail-768x570.jpg 768w, https:\/\/futbolhoy.co\/wp-content\/uploads\/2022\/01\/Screenshot_20220107-212519_Gmail-80x60.jpg 80w, https:\/\/futbolhoy.co\/wp-content\/uploads\/2022\/01\/Screenshot_20220107-212519_Gmail-265x198.jpg 265w, https:\/\/futbolhoy.co\/wp-content\/uploads\/2022\/01\/Screenshot_20220107-212519_Gmail-485x360.jpg 485w, https:\/\/futbolhoy.co\/wp-content\/uploads\/2022\/01\/Screenshot_20220107-212519_Gmail-696x517.jpg 696w, https:\/\/futbolhoy.co\/wp-content\/uploads\/2022\/01\/Screenshot_20220107-212519_Gmail-1068x793.jpg 1068w, https:\/\/futbolhoy.co\/wp-content\/uploads\/2022\/01\/Screenshot_20220107-212519_Gmail-566x420.jpg 566w, https:\/\/futbolhoy.co\/wp-content\/uploads\/2022\/01\/Screenshot_20220107-212519_Gmail-128x95.jpg 128w, https:\/\/futbolhoy.co\/wp-content\/uploads\/2022\/01\/Screenshot_20220107-212519_Gmail-32x24.jpg 32w, https:\/\/futbolhoy.co\/wp-content\/uploads\/2022\/01\/Screenshot_20220107-212519_Gmail.jpg 1080w\" sizes=\"(max-width: 300px) 100vw, 300px\" \/><\/p>\n","protected":false},"excerpt":{"rendered":"<p>La\u00a0Federaci\u00f3n Colombiana de F\u00fatbol\u00a0anunci\u00f3 que el volante\u00a0Sebasti\u00e1n Gomez de\u00a0Atl\u00e9tico Nacional, ha sido desconvocado de la\u00a0Selecci\u00f3n Colombia para el amistoso internacional, tras resultar positivo para Covid-19.\u00a0 El comunicado de la Federaci\u00f3n agrega que la informaci\u00f3n fue reportada de forma inmediata por parte del club.\u00a0 En su lugar la FCF confirm\u00f3 que llegar\u00e1 el jugador Yeimar G\u00f3mez [&hellip;]<\/p>\n","protected":false},"author":5,"featured_media":74267,"comment_status":"open","ping_status":"closed","sticky":false,"template":"","format":"standard","meta":{"_acf_changed":false,"footnotes":""},"categories":[418],"tags":[],"class_list":{"0":"post-74264","1":"post","2":"type-post","3":"status-publish","4":"format-standard","5":"has-post-thumbnail","7":"category-colombia"},"acf":[],"_links":{"self":[{"href":"https:\/\/futbolhoy.co\/index.php\/wp-json\/wp\/v2\/posts\/74264","targetHints":{"allow":["GET"]}}],"collection":[{"href":"https:\/\/futbolhoy.co\/index.php\/wp-json\/wp\/v2\/posts"}],"about":[{"href":"https:\/\/futbolhoy.co\/index.php\/wp-json\/wp\/v2\/types\/post"}],"author":[{"embeddable":true,"href":"https:\/\/futbolhoy.co\/index.php\/wp-json\/wp\/v2\/users\/5"}],"replies":[{"embeddable":true,"href":"https:\/\/futbolhoy.co\/index.php\/wp-json\/wp\/v2\/comments?post=74264"}],"version-history":[{"count":1,"href":"https:\/\/futbolhoy.co\/index.php\/wp-json\/wp\/v2\/posts\/74264\/revisions"}],"predecessor-version":[{"id":74269,"href":"https:\/\/futbolhoy.co\/index.php\/wp-json\/wp\/v2\/posts\/74264\/revisions\/74269"}],"wp:featuredmedia":[{"embeddable":true,"href":"https:\/\/futbolhoy.co\/index.php\/wp-json\/wp\/v2\/media\/74267"}],"wp:attachment":[{"href":"https:\/\/futbolhoy.co\/index.php\/wp-json\/wp\/v2\/media?parent=74264"}],"wp:term":[{"taxonomy":"category","embeddable":true,"href":"https:\/\/futbolhoy.co\/index.php\/wp-json\/wp\/v2\/categories?post=74264"},{"taxonomy":"post_tag","embeddable":true,"href":"https:\/\/futbolhoy.co\/index.php\/wp-json\/wp\/v2\/tags?post=74264"}],"curies":[{"name":"wp","href":"https:\/\/api.w.org\/{rel}","templated":true}]}}