{"id":74298,"date":"2022-01-09T08:37:11","date_gmt":"2022-01-09T13:37:11","guid":{"rendered":"https:\/\/futbolhoy.co\/?p=74298"},"modified":"2022-01-10T08:29:05","modified_gmt":"2022-01-10T13:29:05","slug":"estoy-centrado-en-porto-diaz","status":"publish","type":"post","link":"https:\/\/futbolhoy.co\/index.php\/2022\/01\/09\/estoy-centrado-en-porto-diaz\/","title":{"rendered":"Estoy centrado en Porto: D\u00edaz"},"content":{"rendered":"<p style=\"text-align: justify;\"><span style=\"font-family: helvetica, arial, sans-serif;\">El delantero guajiro <strong>Luis D\u00edaz,<\/strong> quien marc\u00f3 un gol en la victoria de <strong>Porto<\/strong> 2-3 sobre <strong>Estoril,<\/strong> evit\u00f3 referirse a las ofertas que se han escuchado en la \u00faltima semana desde <strong>Inglaterra.<\/strong><\/span><\/p>\n<p style=\"text-align: justify;\"><span style=\"font-family: helvetica, arial, sans-serif;\">\u201cEstoy muy centrado en el club y enfocado en el d\u00eda a d\u00eda. Estoy feliz de estar aqu\u00ed en Porto y vamos a tener un muy buen 2022\u201d, dijo D\u00edaz en la transmisi\u00f3n oficial de la <strong>Liga.<\/strong><\/span><\/p>\n<p style=\"text-align: justify;\"><span style=\"font-family: helvetica, arial, sans-serif;\">\u201cPrimero que nada quiero agradecer a Dios por esta gran victoria y por este gran partido. La primera parte no fue buena, no fuimos el equipo que hemos sido, pero dimos todo en la segunda parte, que fue muy buena, y gracias a Dios dimos la vuelta. Felicito a todos mis compa\u00f1eros\u201d, agreg\u00f3 el colombiano luego de ser elegido el mejor jugador del partido.<\/span><\/p>\n<p style=\"text-align: justify;\"><span style=\"font-family: helvetica, arial, sans-serif;\">D\u00edaz, con su anotaci\u00f3n, complet\u00f3 13 tantos durante la temporada, igualando al uruguayo <strong>Darwin N\u00fa\u00f1ez<\/strong> del <strong>Benfica<\/strong> como m\u00e1ximos artilleros del campeonato.<\/span><\/p>\n<p style=\"text-align: justify;\"><span style=\"font-family: helvetica, arial, sans-serif;\">Con esta victoria, Porto se confirm\u00f3 l\u00edder del torneo con 47 puntos luego de 15 victorias y 2 empates.<\/span><\/p>\n","protected":false},"excerpt":{"rendered":"<p>El delantero guajiro Luis D\u00edaz, quien marc\u00f3 un gol en la victoria de Porto 2-3 sobre Estoril, evit\u00f3 referirse a las ofertas que se han escuchado en la \u00faltima semana desde Inglaterra. \u201cEstoy muy centrado en el club y enfocado en el d\u00eda a d\u00eda. Estoy feliz de estar aqu\u00ed en Porto y vamos a [&hellip;]<\/p>\n","protected":false},"author":5,"featured_media":74299,"comment_status":"open","ping_status":"closed","sticky":false,"template":"","format":"standard","meta":{"_acf_changed":false,"footnotes":""},"categories":[418],"tags":[1309,617],"class_list":{"0":"post-74298","1":"post","2":"type-post","3":"status-publish","4":"format-standard","5":"has-post-thumbnail","7":"category-colombia","8":"tag-luis-diaz","9":"tag-porto"},"acf":[],"_links":{"self":[{"href":"https:\/\/futbolhoy.co\/index.php\/wp-json\/wp\/v2\/posts\/74298","targetHints":{"allow":["GET"]}}],"collection":[{"href":"https:\/\/futbolhoy.co\/index.php\/wp-json\/wp\/v2\/posts"}],"about":[{"href":"https:\/\/futbolhoy.co\/index.php\/wp-json\/wp\/v2\/types\/post"}],"author":[{"embeddable":true,"href":"https:\/\/futbolhoy.co\/index.php\/wp-json\/wp\/v2\/users\/5"}],"replies":[{"embeddable":true,"href":"https:\/\/futbolhoy.co\/index.php\/wp-json\/wp\/v2\/comments?post=74298"}],"version-history":[{"count":1,"href":"https:\/\/futbolhoy.co\/index.php\/wp-json\/wp\/v2\/posts\/74298\/revisions"}],"predecessor-version":[{"id":74300,"href":"https:\/\/futbolhoy.co\/index.php\/wp-json\/wp\/v2\/posts\/74298\/revisions\/74300"}],"wp:featuredmedia":[{"embeddable":true,"href":"https:\/\/futbolhoy.co\/index.php\/wp-json\/wp\/v2\/media\/74299"}],"wp:attachment":[{"href":"https:\/\/futbolhoy.co\/index.php\/wp-json\/wp\/v2\/media?parent=74298"}],"wp:term":[{"taxonomy":"category","embeddable":true,"href":"https:\/\/futbolhoy.co\/index.php\/wp-json\/wp\/v2\/categories?post=74298"},{"taxonomy":"post_tag","embeddable":true,"href":"https:\/\/futbolhoy.co\/index.php\/wp-json\/wp\/v2\/tags?post=74298"}],"curies":[{"name":"wp","href":"https:\/\/api.w.org\/{rel}","templated":true}]}}