{"id":74301,"date":"2022-01-09T10:46:39","date_gmt":"2022-01-09T15:46:39","guid":{"rendered":"https:\/\/futbolhoy.co\/?p=74301"},"modified":"2022-01-10T10:03:51","modified_gmt":"2022-01-10T15:03:51","slug":"falcao-volvio-a-jugar-los-90","status":"publish","type":"post","link":"https:\/\/futbolhoy.co\/index.php\/2022\/01\/09\/falcao-volvio-a-jugar-los-90\/","title":{"rendered":"Falcao volvi\u00f3 a jugar los 90"},"content":{"rendered":"<p style=\"text-align: justify;\"><span style=\"font-family: helvetica, arial, sans-serif;\">El <strong>Rayo Vallecano,<\/strong> con <strong>Falcao Garc\u00eda,<\/strong> empat\u00f3 1-1 ante <strong>Real Betis,<\/strong> en partido por la fecha 20 de <strong>LaLiga.<\/strong><\/span><\/p>\n<p style=\"text-align: justify;\"><span style=\"font-family: helvetica, arial, sans-serif;\">El visitante, que jug\u00f3 con 10 hombres desde el minuto 35 por la expulsi\u00f3n <strong>Alex Moreno,<\/strong> se fue arriba con anotaci\u00f3n de <strong>Sergio Canales<\/strong> a los 45+2.<\/span><\/p>\n<p style=\"text-align: justify;\"><span style=\"font-family: helvetica, arial, sans-serif;\">El gol del empate naci\u00f3 en un cabezazo del \u2018Tigre\u2019 que se estrell\u00f3 en el palo derecho del portero visitante, y en el rebote con una buena pared, <strong>Iv\u00e1n Balliu<\/strong> logr\u00f3 anotar.<\/span><\/p>\n<p style=\"text-align: justify;\"><span style=\"font-family: helvetica, arial, sans-serif;\">Falcao no jugaba un partido oficial complet\u00f3 desde el 7 de marzo de 2021, con <strong>Galatasary<\/strong> que igual\u00f3 2-2 con <strong>Sivaspor<\/strong> en <strong>Turqu\u00eda.<\/strong> El colombiano anot\u00f3 los dos goles de su equipo.<\/span><\/p>\n<p style=\"text-align: justify;\"><span style=\"font-family: helvetica, arial, sans-serif;\">Con el resultado de este domingo, Rayo Vallecano lleg\u00f3 a 31 puntos y el pr\u00f3ximo fin de semana visitar\u00e1 a <strong>Granada<\/strong> por los octavos de final de la<strong> Copa del Rey.<\/strong><\/span><\/p>\n","protected":false},"excerpt":{"rendered":"<p>El Rayo Vallecano, con Falcao Garc\u00eda, empat\u00f3 1-1 ante Real Betis, en partido por la fecha 20 de LaLiga. El visitante, que jug\u00f3 con 10 hombres desde el minuto 35 por la expulsi\u00f3n Alex Moreno, se fue arriba con anotaci\u00f3n de Sergio Canales a los 45+2. El gol del empate naci\u00f3 en un cabezazo del [&hellip;]<\/p>\n","protected":false},"author":5,"featured_media":74302,"comment_status":"open","ping_status":"closed","sticky":false,"template":"","format":"standard","meta":{"_acf_changed":false,"footnotes":""},"categories":[418],"tags":[616,1063],"class_list":{"0":"post-74301","1":"post","2":"type-post","3":"status-publish","4":"format-standard","5":"has-post-thumbnail","7":"category-colombia","8":"tag-falcao","9":"tag-rayo-vallecano"},"acf":[],"_links":{"self":[{"href":"https:\/\/futbolhoy.co\/index.php\/wp-json\/wp\/v2\/posts\/74301","targetHints":{"allow":["GET"]}}],"collection":[{"href":"https:\/\/futbolhoy.co\/index.php\/wp-json\/wp\/v2\/posts"}],"about":[{"href":"https:\/\/futbolhoy.co\/index.php\/wp-json\/wp\/v2\/types\/post"}],"author":[{"embeddable":true,"href":"https:\/\/futbolhoy.co\/index.php\/wp-json\/wp\/v2\/users\/5"}],"replies":[{"embeddable":true,"href":"https:\/\/futbolhoy.co\/index.php\/wp-json\/wp\/v2\/comments?post=74301"}],"version-history":[{"count":1,"href":"https:\/\/futbolhoy.co\/index.php\/wp-json\/wp\/v2\/posts\/74301\/revisions"}],"predecessor-version":[{"id":74303,"href":"https:\/\/futbolhoy.co\/index.php\/wp-json\/wp\/v2\/posts\/74301\/revisions\/74303"}],"wp:featuredmedia":[{"embeddable":true,"href":"https:\/\/futbolhoy.co\/index.php\/wp-json\/wp\/v2\/media\/74302"}],"wp:attachment":[{"href":"https:\/\/futbolhoy.co\/index.php\/wp-json\/wp\/v2\/media?parent=74301"}],"wp:term":[{"taxonomy":"category","embeddable":true,"href":"https:\/\/futbolhoy.co\/index.php\/wp-json\/wp\/v2\/categories?post=74301"},{"taxonomy":"post_tag","embeddable":true,"href":"https:\/\/futbolhoy.co\/index.php\/wp-json\/wp\/v2\/tags?post=74301"}],"curies":[{"name":"wp","href":"https:\/\/api.w.org\/{rel}","templated":true}]}}