{"id":74347,"date":"2022-01-11T14:53:42","date_gmt":"2022-01-11T19:53:42","guid":{"rendered":"https:\/\/futbolhoy.co\/?p=74347"},"modified":"2022-01-12T06:49:34","modified_gmt":"2022-01-12T11:49:34","slug":"el-partido-con-colombia-no-es-amistoso-bolillo-gomez","status":"publish","type":"post","link":"https:\/\/futbolhoy.co\/index.php\/2022\/01\/11\/el-partido-con-colombia-no-es-amistoso-bolillo-gomez\/","title":{"rendered":"El partido con Colombia no es amistoso: \u2018Bolillo\u2019 G\u00f3mez"},"content":{"rendered":"<!--[if lt IE 9]><script>document.createElement('audio');<\/script><![endif]-->\n<audio class=\"wp-audio-shortcode\" id=\"audio-74347-1\" preload=\"none\" style=\"width: 100%;\" controls=\"controls\"><source type=\"audio\/mpeg\" src=\"https:\/\/futbolhoy.co\/wp-content\/uploads\/2022\/01\/ACERO-BOLILLO-GOMEZ2022-01-11.mp3?_=1\" \/><a href=\"https:\/\/futbolhoy.co\/wp-content\/uploads\/2022\/01\/ACERO-BOLILLO-GOMEZ2022-01-11.mp3\">https:\/\/futbolhoy.co\/wp-content\/uploads\/2022\/01\/ACERO-BOLILLO-GOMEZ2022-01-11.mp3<\/a><\/audio>\n<p><span style=\"font-size: 10pt; font-family: helvetica, arial, sans-serif;\"><strong><em>Hern\u00e1n Dario \"Bolillo\" G\u00f3mez - DT Honduras<\/em><\/strong><\/span><\/p>\n<p style=\"text-align: justify;\"><span style=\"font-family: helvetica, arial, sans-serif;\">El seleccionador de <strong>Honduras<\/strong>, el antioque\u00f1o <strong>Hern\u00e1n Dar\u00edo G\u00f3mez<\/strong>, asegur\u00f3 que el amistoso frente a <strong>Colombia<\/strong> ser\u00e1 un partido muy \u2018serio\u2019, que servir\u00e1 para observar el nivel de su plantel que busca la clasificaci\u00f3n al <strong>Mundial Qatar 2022<\/strong>.<\/span><\/p>\n<p style=\"text-align: justify;\"><span style=\"font-family: helvetica, arial, sans-serif;\">El partido ante <strong>Colombia<\/strong> \u201ces serio, porque la gente dice amistoso y no amistoso no hay; en la selecci\u00f3n todos los partidos son important\u00edsimos (\u2026.) Colectivamente (con este amistoso) no conseguiremos nada, pero individualmente quiero saber c\u00f3mo reaccionar\u00e1n los muchachos que traje\u201d, sostuvo \u2018Bolillo G\u00f3mez en dialogo con la prensa de Tegucigalpa.<\/span><\/p>\n<p style=\"text-align: justify;\"><span style=\"font-family: helvetica, arial, sans-serif;\">Adem\u00e1s, el seleccionador del equipo centroamericano reclam\u00f3 a los responsables de las canchas en el pa\u00eds, por el mal estado de las mismas.<\/span><\/p>\n<p style=\"text-align: justify;\"><span style=\"font-family: helvetica, arial, sans-serif;\"><strong>\u201cHonduras<\/strong> juega mejor afuera, porque hay mejores canchas y es una de las cosas que con mucho respecto con los encargados, los campos son malos; s\u00ed usted va a Costa Rica o Colombia, las canchas las han cambiado. No es mejorarlas, sino cambiarlas\u201d, concluy\u00f3 G\u00f3mez.<\/span><\/p>\n<p style=\"text-align: justify;\"><span style=\"font-family: helvetica, arial, sans-serif;\">El encuentro de preparaci\u00f3n frente a <strong>Colombia,<\/strong> se disputar\u00e1 el pr\u00f3ximo domingo 16 de diciembre en <strong>Fort Lauderdale,<\/strong> Estados Unidos, a partir de las 5.30pm.<\/span><\/p>\n<p style=\"text-align: justify;\"><span style=\"font-family: helvetica, arial, sans-serif;\"><strong>Honduras<\/strong>, que ocupa la \u00faltima posici\u00f3n de eliminatorias de <strong>Concacaf<\/strong> con 3 puntos, recibir\u00e1 a <strong>Canad\u00e1<\/strong> el pr\u00f3ximo 27 de enero.<\/span><\/p>\n","protected":false},"excerpt":{"rendered":"<p>Hern\u00e1n Dario \"Bolillo\" G\u00f3mez - DT Honduras El seleccionador de Honduras, el antioque\u00f1o Hern\u00e1n Dar\u00edo G\u00f3mez, asegur\u00f3 que el amistoso frente a Colombia ser\u00e1 un partido muy \u2018serio\u2019, que servir\u00e1 para observar el nivel de su plantel que busca la clasificaci\u00f3n al Mundial Qatar 2022. El partido ante Colombia \u201ces serio, porque la gente dice [&hellip;]<\/p>\n","protected":false},"author":5,"featured_media":74350,"comment_status":"open","ping_status":"open","sticky":false,"template":"","format":"video","meta":{"_acf_changed":false,"footnotes":""},"categories":[418],"tags":[],"class_list":{"0":"post-74347","1":"post","2":"type-post","3":"status-publish","4":"format-video","5":"has-post-thumbnail","7":"category-colombia","8":"post_format-post-format-video"},"acf":[],"yoast_head":"<!-- This site is optimized with the Yoast SEO plugin v26.8 - https:\/\/yoast.com\/product\/yoast-seo-wordpress\/ -->\n<title>El partido con Colombia no es amistoso: \u2018Bolillo\u2019 G\u00f3mez -<\/title>\n<meta name=\"robots\" content=\"index, follow, max-snippet:-1, max-image-preview:large, max-video-preview:-1\" \/>\n<link rel=\"canonical\" href=\"https:\/\/futbolhoy.co\/index.php\/2022\/01\/11\/el-partido-con-colombia-no-es-amistoso-bolillo-gomez\/\" \/>\n<meta property=\"og:locale\" content=\"es_ES\" \/>\n<meta property=\"og:type\" content=\"article\" \/>\n<meta property=\"og:title\" content=\"El partido con Colombia no es amistoso: \u2018Bolillo\u2019 G\u00f3mez -\" \/>\n<meta property=\"og:description\" content=\"Hern\u00e1n Dario &quot;Bolillo&quot; G\u00f3mez - DT Honduras El seleccionador de Honduras, el antioque\u00f1o Hern\u00e1n Dar\u00edo G\u00f3mez, asegur\u00f3 que el amistoso frente a Colombia ser\u00e1 un partido muy \u2018serio\u2019, que servir\u00e1 para observar el nivel de su plantel que busca la clasificaci\u00f3n al Mundial Qatar 2022. El partido ante Colombia \u201ces serio, porque la gente dice [&hellip;]\" \/>\n<meta property=\"og:url\" content=\"https:\/\/futbolhoy.co\/index.php\/2022\/01\/11\/el-partido-con-colombia-no-es-amistoso-bolillo-gomez\/\" \/>\n<meta property=\"article:publisher\" content=\"https:\/\/www.facebook.com\/FutbolHoyCol\/\" \/>\n<meta property=\"article:published_time\" content=\"2022-01-11T19:53:42+00:00\" \/>\n<meta property=\"article:modified_time\" content=\"2022-01-12T11:49:34+00:00\" \/>\n<meta property=\"og:image\" content=\"https:\/\/futbolhoy.co\/wp-content\/uploads\/2022\/01\/FIx9K-AX0AEkpOz.jpg\" \/>\n\t<meta property=\"og:image:width\" content=\"1024\" \/>\n\t<meta property=\"og:image:height\" content=\"682\" \/>\n\t<meta property=\"og:image:type\" content=\"image\/jpeg\" \/>\n<meta name=\"author\" content=\"Laura Hern\u00e1ndez\" \/>\n<meta name=\"twitter:card\" content=\"summary_large_image\" \/>\n<meta name=\"twitter:creator\" content=\"@FutbolHoyCol\" \/>\n<meta name=\"twitter:site\" content=\"@FutbolHoyCol\" \/>\n<meta name=\"twitter:label1\" content=\"Escrito por\" \/>\n\t<meta name=\"twitter:data1\" content=\"Laura Hern\u00e1ndez\" \/>\n\t<meta name=\"twitter:label2\" content=\"Tiempo de lectura\" \/>\n\t<meta name=\"twitter:data2\" content=\"1 minuto\" \/>\n<script type=\"application\/ld+json\" class=\"yoast-schema-graph\">{\"@context\":\"https:\/\/schema.org\",\"@graph\":[{\"@type\":\"Article\",\"@id\":\"https:\/\/futbolhoy.co\/index.php\/2022\/01\/11\/el-partido-con-colombia-no-es-amistoso-bolillo-gomez\/#article\",\"isPartOf\":{\"@id\":\"https:\/\/futbolhoy.co\/index.php\/2022\/01\/11\/el-partido-con-colombia-no-es-amistoso-bolillo-gomez\/\"},\"author\":{\"name\":\"Laura Hern\u00e1ndez\",\"@id\":\"https:\/\/futbolhoy.co\/#\/schema\/person\/c4a353a512b127643723a34bb1812f7d\"},\"headline\":\"El partido con Colombia no es amistoso: \u2018Bolillo\u2019 G\u00f3mez\",\"datePublished\":\"2022-01-11T19:53:42+00:00\",\"dateModified\":\"2022-01-12T11:49:34+00:00\",\"mainEntityOfPage\":{\"@id\":\"https:\/\/futbolhoy.co\/index.php\/2022\/01\/11\/el-partido-con-colombia-no-es-amistoso-bolillo-gomez\/\"},\"wordCount\":247,\"commentCount\":0,\"publisher\":{\"@id\":\"https:\/\/futbolhoy.co\/#organization\"},\"image\":{\"@id\":\"https:\/\/futbolhoy.co\/index.php\/2022\/01\/11\/el-partido-con-colombia-no-es-amistoso-bolillo-gomez\/#primaryimage\"},\"thumbnailUrl\":\"https:\/\/futbolhoy.co\/wp-content\/uploads\/2022\/01\/FIx9K-AX0AEkpOz.jpg\",\"articleSection\":[\"Colombia\"],\"inLanguage\":\"es\",\"potentialAction\":[{\"@type\":\"CommentAction\",\"name\":\"Comment\",\"target\":[\"https:\/\/futbolhoy.co\/index.php\/2022\/01\/11\/el-partido-con-colombia-no-es-amistoso-bolillo-gomez\/#respond\"]}]},{\"@type\":\"WebPage\",\"@id\":\"https:\/\/futbolhoy.co\/index.php\/2022\/01\/11\/el-partido-con-colombia-no-es-amistoso-bolillo-gomez\/\",\"url\":\"https:\/\/futbolhoy.co\/index.php\/2022\/01\/11\/el-partido-con-colombia-no-es-amistoso-bolillo-gomez\/\",\"name\":\"El partido con Colombia no es amistoso: \u2018Bolillo\u2019 G\u00f3mez -\",\"isPartOf\":{\"@id\":\"https:\/\/futbolhoy.co\/#website\"},\"primaryImageOfPage\":{\"@id\":\"https:\/\/futbolhoy.co\/index.php\/2022\/01\/11\/el-partido-con-colombia-no-es-amistoso-bolillo-gomez\/#primaryimage\"},\"image\":{\"@id\":\"https:\/\/futbolhoy.co\/index.php\/2022\/01\/11\/el-partido-con-colombia-no-es-amistoso-bolillo-gomez\/#primaryimage\"},\"thumbnailUrl\":\"https:\/\/futbolhoy.co\/wp-content\/uploads\/2022\/01\/FIx9K-AX0AEkpOz.jpg\",\"datePublished\":\"2022-01-11T19:53:42+00:00\",\"dateModified\":\"2022-01-12T11:49:34+00:00\",\"breadcrumb\":{\"@id\":\"https:\/\/futbolhoy.co\/index.php\/2022\/01\/11\/el-partido-con-colombia-no-es-amistoso-bolillo-gomez\/#breadcrumb\"},\"inLanguage\":\"es\",\"potentialAction\":[{\"@type\":\"ReadAction\",\"target\":[\"https:\/\/futbolhoy.co\/index.php\/2022\/01\/11\/el-partido-con-colombia-no-es-amistoso-bolillo-gomez\/\"]}]},{\"@type\":\"ImageObject\",\"inLanguage\":\"es\",\"@id\":\"https:\/\/futbolhoy.co\/index.php\/2022\/01\/11\/el-partido-con-colombia-no-es-amistoso-bolillo-gomez\/#primaryimage\",\"url\":\"https:\/\/futbolhoy.co\/wp-content\/uploads\/2022\/01\/FIx9K-AX0AEkpOz.jpg\",\"contentUrl\":\"https:\/\/futbolhoy.co\/wp-content\/uploads\/2022\/01\/FIx9K-AX0AEkpOz.jpg\",\"width\":1024,\"height\":682},{\"@type\":\"BreadcrumbList\",\"@id\":\"https:\/\/futbolhoy.co\/index.php\/2022\/01\/11\/el-partido-con-colombia-no-es-amistoso-bolillo-gomez\/#breadcrumb\",\"itemListElement\":[{\"@type\":\"ListItem\",\"position\":1,\"name\":\"Portada\",\"item\":\"https:\/\/futbolhoy.co\/\"},{\"@type\":\"ListItem\",\"position\":2,\"name\":\"El partido con Colombia no es amistoso: \u2018Bolillo\u2019 G\u00f3mez\"}]},{\"@type\":\"WebSite\",\"@id\":\"https:\/\/futbolhoy.co\/#website\",\"url\":\"https:\/\/futbolhoy.co\/\",\"name\":\"FutbolHoy\",\"description\":\"\",\"publisher\":{\"@id\":\"https:\/\/futbolhoy.co\/#organization\"},\"potentialAction\":[{\"@type\":\"SearchAction\",\"target\":{\"@type\":\"EntryPoint\",\"urlTemplate\":\"https:\/\/futbolhoy.co\/?s={search_term_string}\"},\"query-input\":{\"@type\":\"PropertyValueSpecification\",\"valueRequired\":true,\"valueName\":\"search_term_string\"}}],\"inLanguage\":\"es\"},{\"@type\":\"Organization\",\"@id\":\"https:\/\/futbolhoy.co\/#organization\",\"name\":\"Futbolhoy.co\",\"url\":\"https:\/\/futbolhoy.co\/\",\"logo\":{\"@type\":\"ImageObject\",\"inLanguage\":\"es\",\"@id\":\"https:\/\/futbolhoy.co\/#\/schema\/logo\/image\/\",\"url\":\"https:\/\/futbolhoy.co\/wp-content\/uploads\/2018\/08\/17426380_1906371736249227_6326180412931521141_n.jpg\",\"contentUrl\":\"https:\/\/futbolhoy.co\/wp-content\/uploads\/2018\/08\/17426380_1906371736249227_6326180412931521141_n.jpg\",\"width\":960,\"height\":960,\"caption\":\"Futbolhoy.co\"},\"image\":{\"@id\":\"https:\/\/futbolhoy.co\/#\/schema\/logo\/image\/\"},\"sameAs\":[\"https:\/\/www.facebook.com\/FutbolHoyCol\/\",\"https:\/\/x.com\/FutbolHoyCol\",\"https:\/\/www.instagram.com\/futbolhoycol\/\"]},{\"@type\":\"Person\",\"@id\":\"https:\/\/futbolhoy.co\/#\/schema\/person\/c4a353a512b127643723a34bb1812f7d\",\"name\":\"Laura Hern\u00e1ndez\",\"image\":{\"@type\":\"ImageObject\",\"inLanguage\":\"es\",\"@id\":\"https:\/\/futbolhoy.co\/#\/schema\/person\/image\/\",\"url\":\"https:\/\/secure.gravatar.com\/avatar\/d25959a15b9b293a743f99181c7cfd01?s=96&d=mm&r=g\",\"contentUrl\":\"https:\/\/secure.gravatar.com\/avatar\/d25959a15b9b293a743f99181c7cfd01?s=96&d=mm&r=g\",\"caption\":\"Laura Hern\u00e1ndez\"}}]}<\/script>\n<!-- \/ Yoast SEO plugin. -->","yoast_head_json":{"title":"El partido con Colombia no es amistoso: \u2018Bolillo\u2019 G\u00f3mez -","robots":{"index":"index","follow":"follow","max-snippet":"max-snippet:-1","max-image-preview":"max-image-preview:large","max-video-preview":"max-video-preview:-1"},"canonical":"https:\/\/futbolhoy.co\/index.php\/2022\/01\/11\/el-partido-con-colombia-no-es-amistoso-bolillo-gomez\/","og_locale":"es_ES","og_type":"article","og_title":"El partido con Colombia no es amistoso: \u2018Bolillo\u2019 G\u00f3mez -","og_description":"Hern\u00e1n Dario \"Bolillo\" G\u00f3mez - DT Honduras El seleccionador de Honduras, el antioque\u00f1o Hern\u00e1n Dar\u00edo G\u00f3mez, asegur\u00f3 que el amistoso frente a Colombia ser\u00e1 un partido muy \u2018serio\u2019, que servir\u00e1 para observar el nivel de su plantel que busca la clasificaci\u00f3n al Mundial Qatar 2022. El partido ante Colombia \u201ces serio, porque la gente dice [&hellip;]","og_url":"https:\/\/futbolhoy.co\/index.php\/2022\/01\/11\/el-partido-con-colombia-no-es-amistoso-bolillo-gomez\/","article_publisher":"https:\/\/www.facebook.com\/FutbolHoyCol\/","article_published_time":"2022-01-11T19:53:42+00:00","article_modified_time":"2022-01-12T11:49:34+00:00","og_image":[{"width":1024,"height":682,"url":"https:\/\/futbolhoy.co\/wp-content\/uploads\/2022\/01\/FIx9K-AX0AEkpOz.jpg","type":"image\/jpeg"}],"author":"Laura Hern\u00e1ndez","twitter_card":"summary_large_image","twitter_creator":"@FutbolHoyCol","twitter_site":"@FutbolHoyCol","twitter_misc":{"Escrito por":"Laura Hern\u00e1ndez","Tiempo de lectura":"1 minuto"},"schema":{"@context":"https:\/\/schema.org","@graph":[{"@type":"Article","@id":"https:\/\/futbolhoy.co\/index.php\/2022\/01\/11\/el-partido-con-colombia-no-es-amistoso-bolillo-gomez\/#article","isPartOf":{"@id":"https:\/\/futbolhoy.co\/index.php\/2022\/01\/11\/el-partido-con-colombia-no-es-amistoso-bolillo-gomez\/"},"author":{"name":"Laura Hern\u00e1ndez","@id":"https:\/\/futbolhoy.co\/#\/schema\/person\/c4a353a512b127643723a34bb1812f7d"},"headline":"El partido con Colombia no es amistoso: \u2018Bolillo\u2019 G\u00f3mez","datePublished":"2022-01-11T19:53:42+00:00","dateModified":"2022-01-12T11:49:34+00:00","mainEntityOfPage":{"@id":"https:\/\/futbolhoy.co\/index.php\/2022\/01\/11\/el-partido-con-colombia-no-es-amistoso-bolillo-gomez\/"},"wordCount":247,"commentCount":0,"publisher":{"@id":"https:\/\/futbolhoy.co\/#organization"},"image":{"@id":"https:\/\/futbolhoy.co\/index.php\/2022\/01\/11\/el-partido-con-colombia-no-es-amistoso-bolillo-gomez\/#primaryimage"},"thumbnailUrl":"https:\/\/futbolhoy.co\/wp-content\/uploads\/2022\/01\/FIx9K-AX0AEkpOz.jpg","articleSection":["Colombia"],"inLanguage":"es","potentialAction":[{"@type":"CommentAction","name":"Comment","target":["https:\/\/futbolhoy.co\/index.php\/2022\/01\/11\/el-partido-con-colombia-no-es-amistoso-bolillo-gomez\/#respond"]}]},{"@type":"WebPage","@id":"https:\/\/futbolhoy.co\/index.php\/2022\/01\/11\/el-partido-con-colombia-no-es-amistoso-bolillo-gomez\/","url":"https:\/\/futbolhoy.co\/index.php\/2022\/01\/11\/el-partido-con-colombia-no-es-amistoso-bolillo-gomez\/","name":"El partido con Colombia no es amistoso: \u2018Bolillo\u2019 G\u00f3mez -","isPartOf":{"@id":"https:\/\/futbolhoy.co\/#website"},"primaryImageOfPage":{"@id":"https:\/\/futbolhoy.co\/index.php\/2022\/01\/11\/el-partido-con-colombia-no-es-amistoso-bolillo-gomez\/#primaryimage"},"image":{"@id":"https:\/\/futbolhoy.co\/index.php\/2022\/01\/11\/el-partido-con-colombia-no-es-amistoso-bolillo-gomez\/#primaryimage"},"thumbnailUrl":"https:\/\/futbolhoy.co\/wp-content\/uploads\/2022\/01\/FIx9K-AX0AEkpOz.jpg","datePublished":"2022-01-11T19:53:42+00:00","dateModified":"2022-01-12T11:49:34+00:00","breadcrumb":{"@id":"https:\/\/futbolhoy.co\/index.php\/2022\/01\/11\/el-partido-con-colombia-no-es-amistoso-bolillo-gomez\/#breadcrumb"},"inLanguage":"es","potentialAction":[{"@type":"ReadAction","target":["https:\/\/futbolhoy.co\/index.php\/2022\/01\/11\/el-partido-con-colombia-no-es-amistoso-bolillo-gomez\/"]}]},{"@type":"ImageObject","inLanguage":"es","@id":"https:\/\/futbolhoy.co\/index.php\/2022\/01\/11\/el-partido-con-colombia-no-es-amistoso-bolillo-gomez\/#primaryimage","url":"https:\/\/futbolhoy.co\/wp-content\/uploads\/2022\/01\/FIx9K-AX0AEkpOz.jpg","contentUrl":"https:\/\/futbolhoy.co\/wp-content\/uploads\/2022\/01\/FIx9K-AX0AEkpOz.jpg","width":1024,"height":682},{"@type":"BreadcrumbList","@id":"https:\/\/futbolhoy.co\/index.php\/2022\/01\/11\/el-partido-con-colombia-no-es-amistoso-bolillo-gomez\/#breadcrumb","itemListElement":[{"@type":"ListItem","position":1,"name":"Portada","item":"https:\/\/futbolhoy.co\/"},{"@type":"ListItem","position":2,"name":"El partido con Colombia no es amistoso: \u2018Bolillo\u2019 G\u00f3mez"}]},{"@type":"WebSite","@id":"https:\/\/futbolhoy.co\/#website","url":"https:\/\/futbolhoy.co\/","name":"FutbolHoy","description":"","publisher":{"@id":"https:\/\/futbolhoy.co\/#organization"},"potentialAction":[{"@type":"SearchAction","target":{"@type":"EntryPoint","urlTemplate":"https:\/\/futbolhoy.co\/?s={search_term_string}"},"query-input":{"@type":"PropertyValueSpecification","valueRequired":true,"valueName":"search_term_string"}}],"inLanguage":"es"},{"@type":"Organization","@id":"https:\/\/futbolhoy.co\/#organization","name":"Futbolhoy.co","url":"https:\/\/futbolhoy.co\/","logo":{"@type":"ImageObject","inLanguage":"es","@id":"https:\/\/futbolhoy.co\/#\/schema\/logo\/image\/","url":"https:\/\/futbolhoy.co\/wp-content\/uploads\/2018\/08\/17426380_1906371736249227_6326180412931521141_n.jpg","contentUrl":"https:\/\/futbolhoy.co\/wp-content\/uploads\/2018\/08\/17426380_1906371736249227_6326180412931521141_n.jpg","width":960,"height":960,"caption":"Futbolhoy.co"},"image":{"@id":"https:\/\/futbolhoy.co\/#\/schema\/logo\/image\/"},"sameAs":["https:\/\/www.facebook.com\/FutbolHoyCol\/","https:\/\/x.com\/FutbolHoyCol","https:\/\/www.instagram.com\/futbolhoycol\/"]},{"@type":"Person","@id":"https:\/\/futbolhoy.co\/#\/schema\/person\/c4a353a512b127643723a34bb1812f7d","name":"Laura Hern\u00e1ndez","image":{"@type":"ImageObject","inLanguage":"es","@id":"https:\/\/futbolhoy.co\/#\/schema\/person\/image\/","url":"https:\/\/secure.gravatar.com\/avatar\/d25959a15b9b293a743f99181c7cfd01?s=96&d=mm&r=g","contentUrl":"https:\/\/secure.gravatar.com\/avatar\/d25959a15b9b293a743f99181c7cfd01?s=96&d=mm&r=g","caption":"Laura Hern\u00e1ndez"}}]}},"publishpress_future_action":{"enabled":false,"date":"2026-05-04 15:45:36","action":"change-status","newStatus":"draft","terms":[],"taxonomy":"category","extraData":[]},"publishpress_future_workflow_manual_trigger":{"enabledWorkflows":[]},"_links":{"self":[{"href":"https:\/\/futbolhoy.co\/index.php\/wp-json\/wp\/v2\/posts\/74347","targetHints":{"allow":["GET"]}}],"collection":[{"href":"https:\/\/futbolhoy.co\/index.php\/wp-json\/wp\/v2\/posts"}],"about":[{"href":"https:\/\/futbolhoy.co\/index.php\/wp-json\/wp\/v2\/types\/post"}],"author":[{"embeddable":true,"href":"https:\/\/futbolhoy.co\/index.php\/wp-json\/wp\/v2\/users\/5"}],"replies":[{"embeddable":true,"href":"https:\/\/futbolhoy.co\/index.php\/wp-json\/wp\/v2\/comments?post=74347"}],"version-history":[{"count":3,"href":"https:\/\/futbolhoy.co\/index.php\/wp-json\/wp\/v2\/posts\/74347\/revisions"}],"predecessor-version":[{"id":74354,"href":"https:\/\/futbolhoy.co\/index.php\/wp-json\/wp\/v2\/posts\/74347\/revisions\/74354"}],"wp:featuredmedia":[{"embeddable":true,"href":"https:\/\/futbolhoy.co\/index.php\/wp-json\/wp\/v2\/media\/74350"}],"wp:attachment":[{"href":"https:\/\/futbolhoy.co\/index.php\/wp-json\/wp\/v2\/media?parent=74347"}],"wp:term":[{"taxonomy":"category","embeddable":true,"href":"https:\/\/futbolhoy.co\/index.php\/wp-json\/wp\/v2\/categories?post=74347"},{"taxonomy":"post_tag","embeddable":true,"href":"https:\/\/futbolhoy.co\/index.php\/wp-json\/wp\/v2\/tags?post=74347"}],"curies":[{"name":"wp","href":"https:\/\/api.w.org\/{rel}","templated":true}]}}