{"id":74392,"date":"2022-01-12T07:45:37","date_gmt":"2022-01-12T12:45:37","guid":{"rendered":"https:\/\/futbolhoy.co\/?p=74392"},"modified":"2022-01-12T13:35:21","modified_gmt":"2022-01-12T18:35:21","slug":"james-salvo-la-vida-de-coulibaly","status":"publish","type":"post","link":"https:\/\/futbolhoy.co\/index.php\/2022\/01\/12\/james-salvo-la-vida-de-coulibaly\/","title":{"rendered":"James salv\u00f3 la vida de Coulibaly"},"content":{"rendered":"<p class=\"x_ydpcaf0d85aMsoNormal\" style=\"text-align: justify;\"><span lang=\"ES-MX\" style=\"font-family: helvetica, arial, sans-serif;\">El m\u00e9dico del equipo de\u00a0<b>Al Wakrah, Mukhtar Shabaan<\/b>, confirm\u00f3 que el volante colombiano\u00a0<b>James Rodriguez<\/b>\u00a0fue fundamental en la recuperaci\u00f3n de\u00a0<b>Osmane Coulibaly,<\/b>\u00a0luego de sufrir un paro card\u00edaco y su acci\u00f3n salv\u00f3 la vida del defensa.<\/span><\/p>\n<p class=\"x_ydpcaf0d85aMsoNormal\" style=\"text-align: justify;\"><span style=\"font-family: helvetica, arial, sans-serif;\"><b><span lang=\"ES-MX\">James<\/span><\/b><span lang=\"ES-MX\">\u00a0ajust\u00f3 la posici\u00f3n de la cabeza de Coulibaly justo despu\u00e9s de que se hubiera derrumbado, para que pudiera respirar adecuadamente y su reacci\u00f3n fue definitiva, indic\u00f3 Shabaan.<\/span><\/span><\/p>\n<p class=\"x_ydpcaf0d85aMsoNormal\" style=\"text-align: justify;\"><span lang=\"ES-MX\" style=\"font-family: helvetica, arial, sans-serif;\">La cuenta en espa\u00f1ol del Al <strong>Rayyan,<\/strong> club del colombiano, inform\u00f3 sobre las declaraciones del m\u00e9dico.<\/span><\/p>\n<p class=\"x_ydpcaf0d85aMsoNormal\" style=\"text-align: justify;\"><span lang=\"ES-MX\" style=\"font-family: helvetica, arial, sans-serif;\">La acci\u00f3n se present\u00f3 cuando James hizo un remate al arco del Al Wakrah y Coulubaly trato de impedir el remate, luego del cual se desplom\u00f3 dentro del arco y debi\u00f3 ser reanimado en el propio terreno de juego.<\/span><\/p>\n<p class=\"x_ydpcaf0d85aMsoNormal\" style=\"text-align: justify;\"><span lang=\"ES-MX\" style=\"font-family: helvetica, arial, sans-serif;\">El partido fue suspendido con ventaja para Al Rayyan 1-0 y se complet\u00f3 el lunes con victoria 3-0 y doblete de James.<\/span><\/p>\n<blockquote class=\"twitter-tweet\">\n<p dir=\"ltr\" lang=\"es\">El m\u00e9dico del equipo de Al Wakrah, Mukhtar Shabaan, confirm\u00f3 que <a href=\"https:\/\/twitter.com\/hashtag\/JamesRodriguez?src=hash&amp;ref_src=twsrc%5Etfw\">#JamesRodriguez<\/a> guez dio el paso importante de ajustar la posici\u00f3n de la cabeza de Ousmane Coulbaly justo despu\u00e9s de que se hubiera derrumbado, para que pudiera respirar adecuadamente. <a href=\"https:\/\/t.co\/HqDtvhmpnW\">pic.twitter.com\/HqDtvhmpnW<\/a><\/p>\n<p>\u2014 Al Rayyan EN\/ES (@AlRayyanScEng) <a href=\"https:\/\/twitter.com\/AlRayyanScEng\/status\/1481235335015280644?ref_src=twsrc%5Etfw\">January 12, 2022<\/a><\/p><\/blockquote>\n<p><script async src=\"https:\/\/platform.twitter.com\/widgets.js\" charset=\"utf-8\"><\/script><\/p>\n","protected":false},"excerpt":{"rendered":"<p>El m\u00e9dico del equipo de\u00a0Al Wakrah, Mukhtar Shabaan, confirm\u00f3 que el volante colombiano\u00a0James Rodriguez\u00a0fue fundamental en la recuperaci\u00f3n de\u00a0Osmane Coulibaly,\u00a0luego de sufrir un paro card\u00edaco y su acci\u00f3n salv\u00f3 la vida del defensa. James\u00a0ajust\u00f3 la posici\u00f3n de la cabeza de Coulibaly justo despu\u00e9s de que se hubiera derrumbado, para que pudiera respirar adecuadamente y su [&hellip;]<\/p>\n","protected":false},"author":5,"featured_media":74393,"comment_status":"open","ping_status":"closed","sticky":false,"template":"","format":"standard","meta":{"_acf_changed":false,"footnotes":""},"categories":[418],"tags":[87],"class_list":{"0":"post-74392","1":"post","2":"type-post","3":"status-publish","4":"format-standard","5":"has-post-thumbnail","7":"category-colombia","8":"tag-james-rodriguez"},"acf":[],"_links":{"self":[{"href":"https:\/\/futbolhoy.co\/index.php\/wp-json\/wp\/v2\/posts\/74392","targetHints":{"allow":["GET"]}}],"collection":[{"href":"https:\/\/futbolhoy.co\/index.php\/wp-json\/wp\/v2\/posts"}],"about":[{"href":"https:\/\/futbolhoy.co\/index.php\/wp-json\/wp\/v2\/types\/post"}],"author":[{"embeddable":true,"href":"https:\/\/futbolhoy.co\/index.php\/wp-json\/wp\/v2\/users\/5"}],"replies":[{"embeddable":true,"href":"https:\/\/futbolhoy.co\/index.php\/wp-json\/wp\/v2\/comments?post=74392"}],"version-history":[{"count":3,"href":"https:\/\/futbolhoy.co\/index.php\/wp-json\/wp\/v2\/posts\/74392\/revisions"}],"predecessor-version":[{"id":74412,"href":"https:\/\/futbolhoy.co\/index.php\/wp-json\/wp\/v2\/posts\/74392\/revisions\/74412"}],"wp:featuredmedia":[{"embeddable":true,"href":"https:\/\/futbolhoy.co\/index.php\/wp-json\/wp\/v2\/media\/74393"}],"wp:attachment":[{"href":"https:\/\/futbolhoy.co\/index.php\/wp-json\/wp\/v2\/media?parent=74392"}],"wp:term":[{"taxonomy":"category","embeddable":true,"href":"https:\/\/futbolhoy.co\/index.php\/wp-json\/wp\/v2\/categories?post=74392"},{"taxonomy":"post_tag","embeddable":true,"href":"https:\/\/futbolhoy.co\/index.php\/wp-json\/wp\/v2\/tags?post=74392"}],"curies":[{"name":"wp","href":"https:\/\/api.w.org\/{rel}","templated":true}]}}