{"id":74397,"date":"2022-01-12T07:40:37","date_gmt":"2022-01-12T12:40:37","guid":{"rendered":"https:\/\/futbolhoy.co\/?p=74397"},"modified":"2022-01-12T13:29:00","modified_gmt":"2022-01-12T18:29:00","slug":"arboleda-regresa-a-argentina","status":"publish","type":"post","link":"https:\/\/futbolhoy.co\/index.php\/2022\/01\/12\/arboleda-regresa-a-argentina\/","title":{"rendered":"Arboleda regresa a Argentina"},"content":{"rendered":"<p class=\"x_ydpa01b1575MsoNormal\" style=\"text-align: justify;\"><span lang=\"ES-MX\" style=\"font-family: helvetica, arial, sans-serif;\">El portero colombiano\u00a0<b>Iv\u00e1n Mauricio Arboleda<\/b>, con contrato con el\u00a0<b>Rayo Vallecano\u00a0<\/b>hasta final de temporada, est\u00e1 muy cerca de volver al f\u00fatbol argentino, donde actuar\u00eda para\u00a0<b>Newell\u2019s Old Boys de Rosario<\/b>.<\/span><\/p>\n<p class=\"x_ydpa01b1575MsoNormal\" style=\"text-align: justify;\"><span style=\"font-family: helvetica, arial, sans-serif;\"><b><span lang=\"ES-MX\">Javier Sanguinetti<\/span><\/b><span lang=\"ES-MX\">, t\u00e9cnico de la\u00a0<b>\u2018lepra\u2019<\/b>, declar\u00f3 en una entrevista a la\u00a0<i>radio LT8 am 830<\/i>\u00a0que \u00ablo de Arboleda est\u00e1 cerrado al haber acuerdo entre las partes\u00bb.<\/span><\/span><\/p>\n<p class=\"x_ydpa01b1575MsoNormal\" style=\"text-align: justify;\"><span lang=\"ES-MX\" style=\"font-family: helvetica, arial, sans-serif;\">El portero colombiano, sin oportunidades en el elenco rayista, donde no ha tenido minutos, busca continuidad y por eso ve con buenos ojos su regreso a Argentina, donde ya milit\u00f3 en\u00a0<b>Banfield<\/b>\u00a0entre 2016 y 2021.<\/span><\/p>\n<p class=\"x_ydpa01b1575MsoNormal\" style=\"text-align: justify;\"><span lang=\"ES-MX\" style=\"font-family: helvetica, arial, sans-serif;\">Arboleda, de 25 a\u00f1os, tuvo un paso fugaz por\u00a0<b>Europa<\/b>, luego de su llegada en septiembre al Rayo, donde nunca pudo actuar, teniendo por encima suyo en el puesto al macedonio\u00a0<b>Stole Dimitrievski<\/b>\u00a0y el franc\u00e9s\u00a0<b>Luca Zidane<\/b>.<\/span><\/p>\n","protected":false},"excerpt":{"rendered":"<p>El portero colombiano\u00a0Iv\u00e1n Mauricio Arboleda, con contrato con el\u00a0Rayo Vallecano\u00a0hasta final de temporada, est\u00e1 muy cerca de volver al f\u00fatbol argentino, donde actuar\u00eda para\u00a0Newell\u2019s Old Boys de Rosario. Javier Sanguinetti, t\u00e9cnico de la\u00a0\u2018lepra\u2019, declar\u00f3 en una entrevista a la\u00a0radio LT8 am 830\u00a0que \u00ablo de Arboleda est\u00e1 cerrado al haber acuerdo entre las partes\u00bb. El portero [&hellip;]<\/p>\n","protected":false},"author":5,"featured_media":35469,"comment_status":"open","ping_status":"closed","sticky":false,"template":"","format":"standard","meta":{"_acf_changed":false,"footnotes":""},"categories":[152],"tags":[2270,2269],"class_list":{"0":"post-74397","1":"post","2":"type-post","3":"status-publish","4":"format-standard","5":"has-post-thumbnail","7":"category-mundo-futbol","8":"tag-arboleda","9":"tag-newells"},"acf":[],"_links":{"self":[{"href":"https:\/\/futbolhoy.co\/index.php\/wp-json\/wp\/v2\/posts\/74397","targetHints":{"allow":["GET"]}}],"collection":[{"href":"https:\/\/futbolhoy.co\/index.php\/wp-json\/wp\/v2\/posts"}],"about":[{"href":"https:\/\/futbolhoy.co\/index.php\/wp-json\/wp\/v2\/types\/post"}],"author":[{"embeddable":true,"href":"https:\/\/futbolhoy.co\/index.php\/wp-json\/wp\/v2\/users\/5"}],"replies":[{"embeddable":true,"href":"https:\/\/futbolhoy.co\/index.php\/wp-json\/wp\/v2\/comments?post=74397"}],"version-history":[{"count":1,"href":"https:\/\/futbolhoy.co\/index.php\/wp-json\/wp\/v2\/posts\/74397\/revisions"}],"predecessor-version":[{"id":74398,"href":"https:\/\/futbolhoy.co\/index.php\/wp-json\/wp\/v2\/posts\/74397\/revisions\/74398"}],"wp:featuredmedia":[{"embeddable":true,"href":"https:\/\/futbolhoy.co\/index.php\/wp-json\/wp\/v2\/media\/35469"}],"wp:attachment":[{"href":"https:\/\/futbolhoy.co\/index.php\/wp-json\/wp\/v2\/media?parent=74397"}],"wp:term":[{"taxonomy":"category","embeddable":true,"href":"https:\/\/futbolhoy.co\/index.php\/wp-json\/wp\/v2\/categories?post=74397"},{"taxonomy":"post_tag","embeddable":true,"href":"https:\/\/futbolhoy.co\/index.php\/wp-json\/wp\/v2\/tags?post=74397"}],"curies":[{"name":"wp","href":"https:\/\/api.w.org\/{rel}","templated":true}]}}