{"id":74402,"date":"2022-01-12T11:10:57","date_gmt":"2022-01-12T16:10:57","guid":{"rendered":"https:\/\/futbolhoy.co\/?p=74402"},"modified":"2022-01-12T17:06:04","modified_gmt":"2022-01-12T22:06:04","slug":"novoa-tener-la-camiseta-de-colombia-es-lo-mejor-de-mi-carrera","status":"publish","type":"post","link":"https:\/\/futbolhoy.co\/index.php\/2022\/01\/12\/novoa-tener-la-camiseta-de-colombia-es-lo-mejor-de-mi-carrera\/","title":{"rendered":"Novoa: \u00abTener la camiseta de Colombia es lo mejor de mi carrera\u00bb"},"content":{"rendered":"<p style=\"text-align: justify;\"><span style=\"font-family: helvetica, arial, sans-serif;\"><strong>Diego Novoa, Harold Preciado, Andr\u00e9s Llin\u00e1s<\/strong> y <strong>Homer Mart\u00ednez<\/strong> atendieron a los medios de comunicaci\u00f3n desde la concentraci\u00f3n de la<strong> Selecci\u00f3n Colombia<\/strong> en <strong>Barranquilla,<\/strong> que este domingo estar\u00e1 disputando un amistoso ante <strong>Honduras<\/strong> en<strong> Estados Unidos.<\/strong><\/span><\/p>\n<p style=\"text-align: justify;\"><span style=\"font-family: helvetica, arial, sans-serif;\">Uno de los m\u00e1s emocionados con su llamado al combinado nacional fue Novoa, portero del <strong>Am\u00e9rica de Cali,<\/strong> quien calific\u00f3 la citaci\u00f3n como \u00ablo mejor que me ha pasado en mi carrera\u00bb, de igual manera, asegur\u00f3 que seguir\u00e1 luchando por un lugar en la convocatoria para los pr\u00f3ximos juegos de las <strong>Eliminatorias.<\/strong><\/span><\/p>\n<p style=\"text-align: justify;\"><span style=\"font-family: helvetica, arial, sans-serif;\">Preciado, por su parte, se mostr\u00f3 ansioso y emocionado ante la posibilidad de marcar su primer gol con la &#8216;Tricolor&#8217; ante Honduras y advirti\u00f3, que de tener la posibilidad de actuar, dar\u00e1 el \u00ab200 %\u00bb.<\/span><\/p>\n<p style=\"text-align: justify;\"><span style=\"font-family: helvetica, arial, sans-serif;\">El defensa Llin\u00e1s se uni\u00f3 a la felicidad de estar en el grupo de 20 jugadores convocados y asegur\u00f3 que esta es masiva, sin importar que sea un amistoso. El bogotano destac\u00f3 la sana competencia que se vive por un puesto en el once titular.<\/span><\/p>\n<p style=\"text-align: justify;\"><span style=\"font-family: helvetica, arial, sans-serif;\">Finalmente, Homer Mart\u00ednez, tambi\u00e9n defensor, habl\u00f3 de la casi segura ausencia de<strong> Yerry Mina<\/strong>, por quien pidi\u00f3 una pronta recuperaci\u00f3n.<\/span><\/p>\n","protected":false},"excerpt":{"rendered":"<p>Diego Novoa, Harold Preciado, Andr\u00e9s Llin\u00e1s y Homer Mart\u00ednez atendieron a los medios de comunicaci\u00f3n desde la concentraci\u00f3n de la Selecci\u00f3n Colombia en Barranquilla, que este domingo estar\u00e1 disputando un amistoso ante Honduras en Estados Unidos. Uno de los m\u00e1s emocionados con su llamado al combinado nacional fue Novoa, portero del Am\u00e9rica de Cali, quien [&hellip;]<\/p>\n","protected":false},"author":5,"featured_media":74403,"comment_status":"open","ping_status":"closed","sticky":false,"template":"","format":"standard","meta":{"_acf_changed":false,"footnotes":""},"categories":[418],"tags":[2271,127],"class_list":{"0":"post-74402","1":"post","2":"type-post","3":"status-publish","4":"format-standard","5":"has-post-thumbnail","7":"category-colombia","8":"tag-diego-novoa","9":"tag-seleccion-colombia"},"acf":[],"_links":{"self":[{"href":"https:\/\/futbolhoy.co\/index.php\/wp-json\/wp\/v2\/posts\/74402","targetHints":{"allow":["GET"]}}],"collection":[{"href":"https:\/\/futbolhoy.co\/index.php\/wp-json\/wp\/v2\/posts"}],"about":[{"href":"https:\/\/futbolhoy.co\/index.php\/wp-json\/wp\/v2\/types\/post"}],"author":[{"embeddable":true,"href":"https:\/\/futbolhoy.co\/index.php\/wp-json\/wp\/v2\/users\/5"}],"replies":[{"embeddable":true,"href":"https:\/\/futbolhoy.co\/index.php\/wp-json\/wp\/v2\/comments?post=74402"}],"version-history":[{"count":1,"href":"https:\/\/futbolhoy.co\/index.php\/wp-json\/wp\/v2\/posts\/74402\/revisions"}],"predecessor-version":[{"id":74404,"href":"https:\/\/futbolhoy.co\/index.php\/wp-json\/wp\/v2\/posts\/74402\/revisions\/74404"}],"wp:featuredmedia":[{"embeddable":true,"href":"https:\/\/futbolhoy.co\/index.php\/wp-json\/wp\/v2\/media\/74403"}],"wp:attachment":[{"href":"https:\/\/futbolhoy.co\/index.php\/wp-json\/wp\/v2\/media?parent=74402"}],"wp:term":[{"taxonomy":"category","embeddable":true,"href":"https:\/\/futbolhoy.co\/index.php\/wp-json\/wp\/v2\/categories?post=74402"},{"taxonomy":"post_tag","embeddable":true,"href":"https:\/\/futbolhoy.co\/index.php\/wp-json\/wp\/v2\/tags?post=74402"}],"curies":[{"name":"wp","href":"https:\/\/api.w.org\/{rel}","templated":true}]}}