{"id":74408,"date":"2022-01-12T13:30:51","date_gmt":"2022-01-12T18:30:51","guid":{"rendered":"https:\/\/futbolhoy.co\/?p=74408"},"modified":"2022-01-12T18:06:01","modified_gmt":"2022-01-12T23:06:01","slug":"peru-gano-amistoso-en-lima","status":"publish","type":"post","link":"https:\/\/futbolhoy.co\/index.php\/2022\/01\/12\/peru-gano-amistoso-en-lima\/","title":{"rendered":"Per\u00fa gan\u00f3 amistoso en Lima"},"content":{"rendered":"<p class=\"x_ydp668e24ffMsoNormal\" style=\"text-align: justify;\"><span lang=\"ES-MX\" style=\"font-family: helvetica, arial, sans-serif;\">La\u00a0<b>selecci\u00f3n Per\u00fa<\/b>\u00a0venci\u00f3 2-0 a un equipo integrado por jugadores de la\u00a0<b>Liga local<\/b>\u00a0en partido celebrado en la\u00a0<b>Videna en Lima<\/b>.<\/span><\/p>\n<p class=\"x_ydp668e24ffMsoNormal\" style=\"text-align: justify;\"><span lang=\"ES-MX\" style=\"font-family: helvetica, arial, sans-serif;\">Los goles del equipo que dirige el argentino\u00a0<b>Ricardo Gareca<\/b>\u00a0fueron marcados por\u00a0<b>Marcos L\u00f3pez y Andy Polo<\/b>.<\/span><\/p>\n<p class=\"x_ydp668e24ffMsoNormal\" style=\"text-align: justify;\"><span lang=\"ES-MX\" style=\"font-family: helvetica, arial, sans-serif;\">El compromiso sirvi\u00f3 de preparaci\u00f3n a los peruanos para los partidos ante\u00a0<b>Panam\u00e1<\/b>\u00a0(domingo) y\u00a0<b>Jamaica<\/b>\u00a0(20 de enero), que a su vez ser\u00e1n term\u00f3metro para el duelo de eliminatorias contra\u00a0<b>Colombia<\/b>\u00a0el 28 de este mes.<\/span><\/p>\n<p class=\"x_ydp668e24ffMsoNormal\" style=\"text-align: justify;\"><span lang=\"ES-MX\" style=\"font-family: helvetica, arial, sans-serif;\">El partido fue dominado por la selecci\u00f3n nacional en el primer per\u00edodo con profundidad y permanentes ataques por las bandas; mientras que en la complementaria reaccionaron los integrantes del equipo de Liga, sin llegar a concretar.<\/span><\/p>\n","protected":false},"excerpt":{"rendered":"<p>La\u00a0selecci\u00f3n Per\u00fa\u00a0venci\u00f3 2-0 a un equipo integrado por jugadores de la\u00a0Liga local\u00a0en partido celebrado en la\u00a0Videna en Lima. Los goles del equipo que dirige el argentino\u00a0Ricardo Gareca\u00a0fueron marcados por\u00a0Marcos L\u00f3pez y Andy Polo. El compromiso sirvi\u00f3 de preparaci\u00f3n a los peruanos para los partidos ante\u00a0Panam\u00e1\u00a0(domingo) y\u00a0Jamaica\u00a0(20 de enero), que a su vez ser\u00e1n term\u00f3metro para [&hellip;]<\/p>\n","protected":false},"author":5,"featured_media":74409,"comment_status":"open","ping_status":"closed","sticky":false,"template":"","format":"standard","meta":{"_acf_changed":false,"footnotes":""},"categories":[152],"tags":[2272,144],"class_list":{"0":"post-74408","1":"post","2":"type-post","3":"status-publish","4":"format-standard","5":"has-post-thumbnail","7":"category-mundo-futbol","8":"tag-lima","9":"tag-peru"},"acf":[],"_links":{"self":[{"href":"https:\/\/futbolhoy.co\/index.php\/wp-json\/wp\/v2\/posts\/74408","targetHints":{"allow":["GET"]}}],"collection":[{"href":"https:\/\/futbolhoy.co\/index.php\/wp-json\/wp\/v2\/posts"}],"about":[{"href":"https:\/\/futbolhoy.co\/index.php\/wp-json\/wp\/v2\/types\/post"}],"author":[{"embeddable":true,"href":"https:\/\/futbolhoy.co\/index.php\/wp-json\/wp\/v2\/users\/5"}],"replies":[{"embeddable":true,"href":"https:\/\/futbolhoy.co\/index.php\/wp-json\/wp\/v2\/comments?post=74408"}],"version-history":[{"count":1,"href":"https:\/\/futbolhoy.co\/index.php\/wp-json\/wp\/v2\/posts\/74408\/revisions"}],"predecessor-version":[{"id":74410,"href":"https:\/\/futbolhoy.co\/index.php\/wp-json\/wp\/v2\/posts\/74408\/revisions\/74410"}],"wp:featuredmedia":[{"embeddable":true,"href":"https:\/\/futbolhoy.co\/index.php\/wp-json\/wp\/v2\/media\/74409"}],"wp:attachment":[{"href":"https:\/\/futbolhoy.co\/index.php\/wp-json\/wp\/v2\/media?parent=74408"}],"wp:term":[{"taxonomy":"category","embeddable":true,"href":"https:\/\/futbolhoy.co\/index.php\/wp-json\/wp\/v2\/categories?post=74408"},{"taxonomy":"post_tag","embeddable":true,"href":"https:\/\/futbolhoy.co\/index.php\/wp-json\/wp\/v2\/tags?post=74408"}],"curies":[{"name":"wp","href":"https:\/\/api.w.org\/{rel}","templated":true}]}}