{"id":74515,"date":"2022-01-14T18:31:09","date_gmt":"2022-01-14T23:31:09","guid":{"rendered":"https:\/\/futbolhoy.co\/?p=74515"},"modified":"2022-01-15T14:21:48","modified_gmt":"2022-01-15T19:21:48","slug":"colombia-disputara-amistosos-con-argentina","status":"publish","type":"post","link":"https:\/\/futbolhoy.co\/index.php\/2022\/01\/14\/colombia-disputara-amistosos-con-argentina\/","title":{"rendered":"Colombia disputar\u00e1 amistosos con Argentina"},"content":{"rendered":"<div>\n<p style=\"text-align: justify;\"><span style=\"font-family: helvetica, arial, sans-serif;\">La selecci\u00f3n femenina de <strong>Colombia,<\/strong> que dirige <strong>Nelson Abad\u00eda,<\/strong> disputar\u00e1 dos amistoso frente a Argentina en nuestro pa\u00eds.<\/span><\/p>\n<p style=\"text-align: justify;\"><span style=\"font-family: helvetica, arial, sans-serif;\">Los encuentros, que servir\u00e1n de preparaci\u00f3n para la <strong>Copa Am\u00e9rica 2022<\/strong> y el <strong>Mundial<\/strong> <strong>de Australia-Nueva Zelanda 2023,<\/strong> se celebrar\u00e1n los d\u00edas 20 y 23 de febrero en Cali y Bucaramanga, respectivamente.<\/span><\/p>\n<p style=\"text-align: justify;\"><span style=\"font-family: helvetica, arial, sans-serif;\">La <strong>Copa Am\u00e9rica<\/strong> femenina se realizar\u00e1 en <strong>Colombia<\/strong> entre el 8 y 30 de julio en Armenia, Bucaramanga y Cali.<\/span><\/p>\n<p style=\"text-align: justify;\"><span style=\"font-family: helvetica, arial, sans-serif;\">El torneo entregar\u00e1 tres cupos y dos repechajes al <strong>Mundial de Australia-Nueva Zelanda<\/strong> y otros tres cupos a los <strong>Panamericanos<\/strong> de <strong>Chile.<\/strong><\/span><\/p>\n<\/div>\n","protected":false},"excerpt":{"rendered":"<p>La selecci\u00f3n femenina de Colombia, que dirige Nelson Abad\u00eda, disputar\u00e1 dos amistoso frente a Argentina en nuestro pa\u00eds. Los encuentros, que servir\u00e1n de preparaci\u00f3n para la Copa Am\u00e9rica 2022 y el Mundial de Australia-Nueva Zelanda 2023, se celebrar\u00e1n los d\u00edas 20 y 23 de febrero en Cali y Bucaramanga, respectivamente. La Copa Am\u00e9rica femenina se [&hellip;]<\/p>\n","protected":false},"author":5,"featured_media":74516,"comment_status":"open","ping_status":"closed","sticky":false,"template":"","format":"standard","meta":{"_acf_changed":false,"footnotes":""},"categories":[418],"tags":[],"class_list":{"0":"post-74515","1":"post","2":"type-post","3":"status-publish","4":"format-standard","5":"has-post-thumbnail","7":"category-colombia"},"acf":[],"_links":{"self":[{"href":"https:\/\/futbolhoy.co\/index.php\/wp-json\/wp\/v2\/posts\/74515","targetHints":{"allow":["GET"]}}],"collection":[{"href":"https:\/\/futbolhoy.co\/index.php\/wp-json\/wp\/v2\/posts"}],"about":[{"href":"https:\/\/futbolhoy.co\/index.php\/wp-json\/wp\/v2\/types\/post"}],"author":[{"embeddable":true,"href":"https:\/\/futbolhoy.co\/index.php\/wp-json\/wp\/v2\/users\/5"}],"replies":[{"embeddable":true,"href":"https:\/\/futbolhoy.co\/index.php\/wp-json\/wp\/v2\/comments?post=74515"}],"version-history":[{"count":1,"href":"https:\/\/futbolhoy.co\/index.php\/wp-json\/wp\/v2\/posts\/74515\/revisions"}],"predecessor-version":[{"id":74517,"href":"https:\/\/futbolhoy.co\/index.php\/wp-json\/wp\/v2\/posts\/74515\/revisions\/74517"}],"wp:featuredmedia":[{"embeddable":true,"href":"https:\/\/futbolhoy.co\/index.php\/wp-json\/wp\/v2\/media\/74516"}],"wp:attachment":[{"href":"https:\/\/futbolhoy.co\/index.php\/wp-json\/wp\/v2\/media?parent=74515"}],"wp:term":[{"taxonomy":"category","embeddable":true,"href":"https:\/\/futbolhoy.co\/index.php\/wp-json\/wp\/v2\/categories?post=74515"},{"taxonomy":"post_tag","embeddable":true,"href":"https:\/\/futbolhoy.co\/index.php\/wp-json\/wp\/v2\/tags?post=74515"}],"curies":[{"name":"wp","href":"https:\/\/api.w.org\/{rel}","templated":true}]}}