{"id":74545,"date":"2022-01-15T23:34:51","date_gmt":"2022-01-16T04:34:51","guid":{"rendered":"https:\/\/futbolhoy.co\/?p=74545"},"modified":"2022-01-16T19:50:15","modified_gmt":"2022-01-17T00:50:15","slug":"colombia-se-probara-ante-honduras","status":"publish","type":"post","link":"https:\/\/futbolhoy.co\/index.php\/2022\/01\/15\/colombia-se-probara-ante-honduras\/","title":{"rendered":"Colombia se probar\u00e1 ante Honduras"},"content":{"rendered":"<p style=\"text-align: justify;\"><span style=\"font-family: helvetica, arial, sans-serif;\">Las selecciones de <strong>Colombia<\/strong> y de <strong>Honduras<\/strong> disputar\u00e1n este domingo un amistoso de preparaci\u00f3n para la doble jornada de <strong>eliminatorias<\/strong> al<strong> Mundial Qatar 2022.<\/strong><\/span><\/p>\n<p style=\"text-align: justify;\"><span style=\"font-family: helvetica, arial, sans-serif;\">Los t\u00e9cnicos de los dos equipos, <strong>Reinaldo Rueda<\/strong> y <strong>Hern\u00e1n Dar\u00edo G\u00f3mez,<\/strong> respectivamente, convocaron jugadores de sus ligas locales, teniendo en cuenta que el choque no est\u00e1 dentro de las fechas <strong>FIFA.<\/strong><\/span><\/p>\n<p style=\"text-align: justify;\"><span style=\"font-family: helvetica, arial, sans-serif;\">En Colombia se destaca la presencia del goleador <strong>Miguel \u00c1ngel Borja<\/strong>, quien regres\u00f3 a <strong>Junior<\/strong> despu\u00e9s de jugar el \u00faltimo a\u00f1o con <strong>Gremio<\/strong> de <strong>Brasil;<\/strong> as\u00ed como el volante <strong>Juan Fernando Quintero,<\/strong> que estuvo con <strong>Shenzhen<\/strong> de <strong>China<\/strong> y est\u00e1 a punto de volver a <strong>River Plate<\/strong> de <strong>Argentina.<\/strong><\/span><\/p>\n<p style=\"text-align: justify;\"><span style=\"font-family: helvetica, arial, sans-serif;\">El encuentro que se cumplir\u00e1 en <strong>Fort Lauderdale, Estados Unidos<\/strong>, servir\u00e1 a los dos entrenadores para observar algunos jugadores que podr\u00edan ser citados en las pr\u00f3ximas fechas premundialistas.<\/span><\/p>\n<p style=\"text-align: justify;\"><span style=\"font-family: helvetica, arial, sans-serif;\">En eliminatorias de <strong>Conmebol,<\/strong> Colombia, que ocupa la cuarta posici\u00f3n con 17 puntos, recibir\u00e1 el pr\u00f3ximo viernes 28 de enero a <strong>Per\u00fa<\/strong> en <strong>Barranquilla.<\/strong> El segundo partido ser\u00e1 frente a <strong>Argentina,<\/strong> el primero 1 de febrero en <strong>C\u00f3rdoba.<\/strong><\/span><\/p>\n<p style=\"text-align: justify;\"><span style=\"font-family: helvetica, arial, sans-serif;\">Entretanto, Honduras jugar\u00e1 el 27 y 30 de enero en <strong>San Pedro Sula<\/strong> contra <strong>Canad\u00e1<\/strong> y <strong>El Salvador,<\/strong> por el octogonal de la <strong>Concacaf.<\/strong><\/span><\/p>\n<p style=\"text-align: justify;\"><span style=\"font-family: helvetica, arial, sans-serif;\">El partido <strong>Colombia-Honduras<\/strong> programado para las 5.30pm, ser\u00e1 dirigido por el costarricense <strong>David G\u00f3mez.<\/strong><\/span><\/p>\n<p style=\"text-align: justify;\"><strong><span style=\"font-family: helvetica, arial, sans-serif;\">Posibles formaciones:<\/span><\/strong><\/p>\n<p style=\"text-align: justify;\"><span style=\"font-family: helvetica, arial, sans-serif;\"><strong>Colombia<\/strong>: Diego Novoa; Andr\u00e9s Felipe Rom\u00e1n, Andr\u00e9s Llin\u00e1s, Germ\u00e1n Mera, \u00c1lvaro Angulo; Daniel Giraldo, Steven Vega, Juan Fernando Quintero, Yimmi Char\u00e1; Harold Preciado y Miguel \u00c1ngel Borja.<\/span><\/p>\n<p style=\"text-align: justify;\"><span style=\"font-family: helvetica, arial, sans-serif;\"><strong>Honduras:<\/strong> Luis L\u00f3pez; \u00d3mar Elvir, J\u00fanior Garc\u00eda, Maynor Figueroa, Denil Maldonado; Kervin Arriaga, Juan Delgado, Diego Rodr\u00edguez, Jos\u00e9 Mario Pinto; Iv\u00e1n L\u00f3pez y Eddie Hern\u00e1ndez.<\/span><\/p>\n","protected":false},"excerpt":{"rendered":"<p>Las selecciones de Colombia y de Honduras disputar\u00e1n este domingo un amistoso de preparaci\u00f3n para la doble jornada de eliminatorias al Mundial Qatar 2022. Los t\u00e9cnicos de los dos equipos, Reinaldo Rueda y Hern\u00e1n Dar\u00edo G\u00f3mez, respectivamente, convocaron jugadores de sus ligas locales, teniendo en cuenta que el choque no est\u00e1 dentro de las fechas [&hellip;]<\/p>\n","protected":false},"author":5,"featured_media":74546,"comment_status":"open","ping_status":"open","sticky":false,"template":"","format":"standard","meta":{"_acf_changed":false,"footnotes":""},"categories":[418],"tags":[],"class_list":{"0":"post-74545","1":"post","2":"type-post","3":"status-publish","4":"format-standard","5":"has-post-thumbnail","7":"category-colombia"},"acf":[],"yoast_head":"<!-- This site is optimized with the Yoast SEO plugin v26.8 - https:\/\/yoast.com\/product\/yoast-seo-wordpress\/ -->\n<title>Colombia se probar\u00e1 ante Honduras -<\/title>\n<meta name=\"robots\" content=\"index, follow, max-snippet:-1, max-image-preview:large, max-video-preview:-1\" \/>\n<link rel=\"canonical\" href=\"https:\/\/futbolhoy.co\/index.php\/2022\/01\/15\/colombia-se-probara-ante-honduras\/\" \/>\n<meta property=\"og:locale\" content=\"es_ES\" \/>\n<meta property=\"og:type\" content=\"article\" \/>\n<meta property=\"og:title\" content=\"Colombia se probar\u00e1 ante Honduras -\" \/>\n<meta property=\"og:description\" content=\"Las selecciones de Colombia y de Honduras disputar\u00e1n este domingo un amistoso de preparaci\u00f3n para la doble jornada de eliminatorias al Mundial Qatar 2022. Los t\u00e9cnicos de los dos equipos, Reinaldo Rueda y Hern\u00e1n Dar\u00edo G\u00f3mez, respectivamente, convocaron jugadores de sus ligas locales, teniendo en cuenta que el choque no est\u00e1 dentro de las fechas [&hellip;]\" \/>\n<meta property=\"og:url\" content=\"https:\/\/futbolhoy.co\/index.php\/2022\/01\/15\/colombia-se-probara-ante-honduras\/\" \/>\n<meta property=\"article:publisher\" content=\"https:\/\/www.facebook.com\/FutbolHoyCol\/\" \/>\n<meta property=\"article:published_time\" content=\"2022-01-16T04:34:51+00:00\" \/>\n<meta property=\"article:modified_time\" content=\"2022-01-17T00:50:15+00:00\" \/>\n<meta property=\"og:image\" content=\"https:\/\/futbolhoy.co\/wp-content\/uploads\/2022\/01\/FJL60G-XIAM74RV.jpg\" \/>\n\t<meta property=\"og:image:width\" content=\"1080\" \/>\n\t<meta property=\"og:image:height\" content=\"1080\" \/>\n\t<meta property=\"og:image:type\" content=\"image\/jpeg\" \/>\n<meta name=\"author\" content=\"Laura Hern\u00e1ndez\" \/>\n<meta name=\"twitter:card\" content=\"summary_large_image\" \/>\n<meta name=\"twitter:creator\" content=\"@FutbolHoyCol\" \/>\n<meta name=\"twitter:site\" content=\"@FutbolHoyCol\" \/>\n<meta name=\"twitter:label1\" content=\"Escrito por\" \/>\n\t<meta name=\"twitter:data1\" content=\"Laura Hern\u00e1ndez\" \/>\n\t<meta name=\"twitter:label2\" content=\"Tiempo de lectura\" \/>\n\t<meta name=\"twitter:data2\" content=\"2 minutos\" \/>\n<script type=\"application\/ld+json\" class=\"yoast-schema-graph\">{\"@context\":\"https:\/\/schema.org\",\"@graph\":[{\"@type\":\"Article\",\"@id\":\"https:\/\/futbolhoy.co\/index.php\/2022\/01\/15\/colombia-se-probara-ante-honduras\/#article\",\"isPartOf\":{\"@id\":\"https:\/\/futbolhoy.co\/index.php\/2022\/01\/15\/colombia-se-probara-ante-honduras\/\"},\"author\":{\"name\":\"Laura Hern\u00e1ndez\",\"@id\":\"https:\/\/futbolhoy.co\/#\/schema\/person\/c4a353a512b127643723a34bb1812f7d\"},\"headline\":\"Colombia se probar\u00e1 ante Honduras\",\"datePublished\":\"2022-01-16T04:34:51+00:00\",\"dateModified\":\"2022-01-17T00:50:15+00:00\",\"mainEntityOfPage\":{\"@id\":\"https:\/\/futbolhoy.co\/index.php\/2022\/01\/15\/colombia-se-probara-ante-honduras\/\"},\"wordCount\":288,\"commentCount\":0,\"publisher\":{\"@id\":\"https:\/\/futbolhoy.co\/#organization\"},\"image\":{\"@id\":\"https:\/\/futbolhoy.co\/index.php\/2022\/01\/15\/colombia-se-probara-ante-honduras\/#primaryimage\"},\"thumbnailUrl\":\"https:\/\/futbolhoy.co\/wp-content\/uploads\/2022\/01\/FJL60G-XIAM74RV.jpg\",\"articleSection\":[\"Colombia\"],\"inLanguage\":\"es\",\"potentialAction\":[{\"@type\":\"CommentAction\",\"name\":\"Comment\",\"target\":[\"https:\/\/futbolhoy.co\/index.php\/2022\/01\/15\/colombia-se-probara-ante-honduras\/#respond\"]}]},{\"@type\":\"WebPage\",\"@id\":\"https:\/\/futbolhoy.co\/index.php\/2022\/01\/15\/colombia-se-probara-ante-honduras\/\",\"url\":\"https:\/\/futbolhoy.co\/index.php\/2022\/01\/15\/colombia-se-probara-ante-honduras\/\",\"name\":\"Colombia se probar\u00e1 ante Honduras -\",\"isPartOf\":{\"@id\":\"https:\/\/futbolhoy.co\/#website\"},\"primaryImageOfPage\":{\"@id\":\"https:\/\/futbolhoy.co\/index.php\/2022\/01\/15\/colombia-se-probara-ante-honduras\/#primaryimage\"},\"image\":{\"@id\":\"https:\/\/futbolhoy.co\/index.php\/2022\/01\/15\/colombia-se-probara-ante-honduras\/#primaryimage\"},\"thumbnailUrl\":\"https:\/\/futbolhoy.co\/wp-content\/uploads\/2022\/01\/FJL60G-XIAM74RV.jpg\",\"datePublished\":\"2022-01-16T04:34:51+00:00\",\"dateModified\":\"2022-01-17T00:50:15+00:00\",\"breadcrumb\":{\"@id\":\"https:\/\/futbolhoy.co\/index.php\/2022\/01\/15\/colombia-se-probara-ante-honduras\/#breadcrumb\"},\"inLanguage\":\"es\",\"potentialAction\":[{\"@type\":\"ReadAction\",\"target\":[\"https:\/\/futbolhoy.co\/index.php\/2022\/01\/15\/colombia-se-probara-ante-honduras\/\"]}]},{\"@type\":\"ImageObject\",\"inLanguage\":\"es\",\"@id\":\"https:\/\/futbolhoy.co\/index.php\/2022\/01\/15\/colombia-se-probara-ante-honduras\/#primaryimage\",\"url\":\"https:\/\/futbolhoy.co\/wp-content\/uploads\/2022\/01\/FJL60G-XIAM74RV.jpg\",\"contentUrl\":\"https:\/\/futbolhoy.co\/wp-content\/uploads\/2022\/01\/FJL60G-XIAM74RV.jpg\",\"width\":1080,\"height\":1080},{\"@type\":\"BreadcrumbList\",\"@id\":\"https:\/\/futbolhoy.co\/index.php\/2022\/01\/15\/colombia-se-probara-ante-honduras\/#breadcrumb\",\"itemListElement\":[{\"@type\":\"ListItem\",\"position\":1,\"name\":\"Portada\",\"item\":\"https:\/\/futbolhoy.co\/\"},{\"@type\":\"ListItem\",\"position\":2,\"name\":\"Colombia se probar\u00e1 ante Honduras\"}]},{\"@type\":\"WebSite\",\"@id\":\"https:\/\/futbolhoy.co\/#website\",\"url\":\"https:\/\/futbolhoy.co\/\",\"name\":\"FutbolHoy\",\"description\":\"\",\"publisher\":{\"@id\":\"https:\/\/futbolhoy.co\/#organization\"},\"potentialAction\":[{\"@type\":\"SearchAction\",\"target\":{\"@type\":\"EntryPoint\",\"urlTemplate\":\"https:\/\/futbolhoy.co\/?s={search_term_string}\"},\"query-input\":{\"@type\":\"PropertyValueSpecification\",\"valueRequired\":true,\"valueName\":\"search_term_string\"}}],\"inLanguage\":\"es\"},{\"@type\":\"Organization\",\"@id\":\"https:\/\/futbolhoy.co\/#organization\",\"name\":\"Futbolhoy.co\",\"url\":\"https:\/\/futbolhoy.co\/\",\"logo\":{\"@type\":\"ImageObject\",\"inLanguage\":\"es\",\"@id\":\"https:\/\/futbolhoy.co\/#\/schema\/logo\/image\/\",\"url\":\"https:\/\/futbolhoy.co\/wp-content\/uploads\/2018\/08\/17426380_1906371736249227_6326180412931521141_n.jpg\",\"contentUrl\":\"https:\/\/futbolhoy.co\/wp-content\/uploads\/2018\/08\/17426380_1906371736249227_6326180412931521141_n.jpg\",\"width\":960,\"height\":960,\"caption\":\"Futbolhoy.co\"},\"image\":{\"@id\":\"https:\/\/futbolhoy.co\/#\/schema\/logo\/image\/\"},\"sameAs\":[\"https:\/\/www.facebook.com\/FutbolHoyCol\/\",\"https:\/\/x.com\/FutbolHoyCol\",\"https:\/\/www.instagram.com\/futbolhoycol\/\"]},{\"@type\":\"Person\",\"@id\":\"https:\/\/futbolhoy.co\/#\/schema\/person\/c4a353a512b127643723a34bb1812f7d\",\"name\":\"Laura Hern\u00e1ndez\",\"image\":{\"@type\":\"ImageObject\",\"inLanguage\":\"es\",\"@id\":\"https:\/\/futbolhoy.co\/#\/schema\/person\/image\/\",\"url\":\"https:\/\/secure.gravatar.com\/avatar\/d25959a15b9b293a743f99181c7cfd01?s=96&d=mm&r=g\",\"contentUrl\":\"https:\/\/secure.gravatar.com\/avatar\/d25959a15b9b293a743f99181c7cfd01?s=96&d=mm&r=g\",\"caption\":\"Laura Hern\u00e1ndez\"}}]}<\/script>\n<!-- \/ Yoast SEO plugin. -->","yoast_head_json":{"title":"Colombia se probar\u00e1 ante Honduras -","robots":{"index":"index","follow":"follow","max-snippet":"max-snippet:-1","max-image-preview":"max-image-preview:large","max-video-preview":"max-video-preview:-1"},"canonical":"https:\/\/futbolhoy.co\/index.php\/2022\/01\/15\/colombia-se-probara-ante-honduras\/","og_locale":"es_ES","og_type":"article","og_title":"Colombia se probar\u00e1 ante Honduras -","og_description":"Las selecciones de Colombia y de Honduras disputar\u00e1n este domingo un amistoso de preparaci\u00f3n para la doble jornada de eliminatorias al Mundial Qatar 2022. Los t\u00e9cnicos de los dos equipos, Reinaldo Rueda y Hern\u00e1n Dar\u00edo G\u00f3mez, respectivamente, convocaron jugadores de sus ligas locales, teniendo en cuenta que el choque no est\u00e1 dentro de las fechas [&hellip;]","og_url":"https:\/\/futbolhoy.co\/index.php\/2022\/01\/15\/colombia-se-probara-ante-honduras\/","article_publisher":"https:\/\/www.facebook.com\/FutbolHoyCol\/","article_published_time":"2022-01-16T04:34:51+00:00","article_modified_time":"2022-01-17T00:50:15+00:00","og_image":[{"width":1080,"height":1080,"url":"https:\/\/futbolhoy.co\/wp-content\/uploads\/2022\/01\/FJL60G-XIAM74RV.jpg","type":"image\/jpeg"}],"author":"Laura Hern\u00e1ndez","twitter_card":"summary_large_image","twitter_creator":"@FutbolHoyCol","twitter_site":"@FutbolHoyCol","twitter_misc":{"Escrito por":"Laura Hern\u00e1ndez","Tiempo de lectura":"2 minutos"},"schema":{"@context":"https:\/\/schema.org","@graph":[{"@type":"Article","@id":"https:\/\/futbolhoy.co\/index.php\/2022\/01\/15\/colombia-se-probara-ante-honduras\/#article","isPartOf":{"@id":"https:\/\/futbolhoy.co\/index.php\/2022\/01\/15\/colombia-se-probara-ante-honduras\/"},"author":{"name":"Laura Hern\u00e1ndez","@id":"https:\/\/futbolhoy.co\/#\/schema\/person\/c4a353a512b127643723a34bb1812f7d"},"headline":"Colombia se probar\u00e1 ante Honduras","datePublished":"2022-01-16T04:34:51+00:00","dateModified":"2022-01-17T00:50:15+00:00","mainEntityOfPage":{"@id":"https:\/\/futbolhoy.co\/index.php\/2022\/01\/15\/colombia-se-probara-ante-honduras\/"},"wordCount":288,"commentCount":0,"publisher":{"@id":"https:\/\/futbolhoy.co\/#organization"},"image":{"@id":"https:\/\/futbolhoy.co\/index.php\/2022\/01\/15\/colombia-se-probara-ante-honduras\/#primaryimage"},"thumbnailUrl":"https:\/\/futbolhoy.co\/wp-content\/uploads\/2022\/01\/FJL60G-XIAM74RV.jpg","articleSection":["Colombia"],"inLanguage":"es","potentialAction":[{"@type":"CommentAction","name":"Comment","target":["https:\/\/futbolhoy.co\/index.php\/2022\/01\/15\/colombia-se-probara-ante-honduras\/#respond"]}]},{"@type":"WebPage","@id":"https:\/\/futbolhoy.co\/index.php\/2022\/01\/15\/colombia-se-probara-ante-honduras\/","url":"https:\/\/futbolhoy.co\/index.php\/2022\/01\/15\/colombia-se-probara-ante-honduras\/","name":"Colombia se probar\u00e1 ante Honduras -","isPartOf":{"@id":"https:\/\/futbolhoy.co\/#website"},"primaryImageOfPage":{"@id":"https:\/\/futbolhoy.co\/index.php\/2022\/01\/15\/colombia-se-probara-ante-honduras\/#primaryimage"},"image":{"@id":"https:\/\/futbolhoy.co\/index.php\/2022\/01\/15\/colombia-se-probara-ante-honduras\/#primaryimage"},"thumbnailUrl":"https:\/\/futbolhoy.co\/wp-content\/uploads\/2022\/01\/FJL60G-XIAM74RV.jpg","datePublished":"2022-01-16T04:34:51+00:00","dateModified":"2022-01-17T00:50:15+00:00","breadcrumb":{"@id":"https:\/\/futbolhoy.co\/index.php\/2022\/01\/15\/colombia-se-probara-ante-honduras\/#breadcrumb"},"inLanguage":"es","potentialAction":[{"@type":"ReadAction","target":["https:\/\/futbolhoy.co\/index.php\/2022\/01\/15\/colombia-se-probara-ante-honduras\/"]}]},{"@type":"ImageObject","inLanguage":"es","@id":"https:\/\/futbolhoy.co\/index.php\/2022\/01\/15\/colombia-se-probara-ante-honduras\/#primaryimage","url":"https:\/\/futbolhoy.co\/wp-content\/uploads\/2022\/01\/FJL60G-XIAM74RV.jpg","contentUrl":"https:\/\/futbolhoy.co\/wp-content\/uploads\/2022\/01\/FJL60G-XIAM74RV.jpg","width":1080,"height":1080},{"@type":"BreadcrumbList","@id":"https:\/\/futbolhoy.co\/index.php\/2022\/01\/15\/colombia-se-probara-ante-honduras\/#breadcrumb","itemListElement":[{"@type":"ListItem","position":1,"name":"Portada","item":"https:\/\/futbolhoy.co\/"},{"@type":"ListItem","position":2,"name":"Colombia se probar\u00e1 ante Honduras"}]},{"@type":"WebSite","@id":"https:\/\/futbolhoy.co\/#website","url":"https:\/\/futbolhoy.co\/","name":"FutbolHoy","description":"","publisher":{"@id":"https:\/\/futbolhoy.co\/#organization"},"potentialAction":[{"@type":"SearchAction","target":{"@type":"EntryPoint","urlTemplate":"https:\/\/futbolhoy.co\/?s={search_term_string}"},"query-input":{"@type":"PropertyValueSpecification","valueRequired":true,"valueName":"search_term_string"}}],"inLanguage":"es"},{"@type":"Organization","@id":"https:\/\/futbolhoy.co\/#organization","name":"Futbolhoy.co","url":"https:\/\/futbolhoy.co\/","logo":{"@type":"ImageObject","inLanguage":"es","@id":"https:\/\/futbolhoy.co\/#\/schema\/logo\/image\/","url":"https:\/\/futbolhoy.co\/wp-content\/uploads\/2018\/08\/17426380_1906371736249227_6326180412931521141_n.jpg","contentUrl":"https:\/\/futbolhoy.co\/wp-content\/uploads\/2018\/08\/17426380_1906371736249227_6326180412931521141_n.jpg","width":960,"height":960,"caption":"Futbolhoy.co"},"image":{"@id":"https:\/\/futbolhoy.co\/#\/schema\/logo\/image\/"},"sameAs":["https:\/\/www.facebook.com\/FutbolHoyCol\/","https:\/\/x.com\/FutbolHoyCol","https:\/\/www.instagram.com\/futbolhoycol\/"]},{"@type":"Person","@id":"https:\/\/futbolhoy.co\/#\/schema\/person\/c4a353a512b127643723a34bb1812f7d","name":"Laura Hern\u00e1ndez","image":{"@type":"ImageObject","inLanguage":"es","@id":"https:\/\/futbolhoy.co\/#\/schema\/person\/image\/","url":"https:\/\/secure.gravatar.com\/avatar\/d25959a15b9b293a743f99181c7cfd01?s=96&d=mm&r=g","contentUrl":"https:\/\/secure.gravatar.com\/avatar\/d25959a15b9b293a743f99181c7cfd01?s=96&d=mm&r=g","caption":"Laura Hern\u00e1ndez"}}]}},"publishpress_future_action":{"enabled":false,"date":"2026-05-06 16:00:23","action":"change-status","newStatus":"draft","terms":[],"taxonomy":"category","extraData":[]},"publishpress_future_workflow_manual_trigger":{"enabledWorkflows":[]},"_links":{"self":[{"href":"https:\/\/futbolhoy.co\/index.php\/wp-json\/wp\/v2\/posts\/74545","targetHints":{"allow":["GET"]}}],"collection":[{"href":"https:\/\/futbolhoy.co\/index.php\/wp-json\/wp\/v2\/posts"}],"about":[{"href":"https:\/\/futbolhoy.co\/index.php\/wp-json\/wp\/v2\/types\/post"}],"author":[{"embeddable":true,"href":"https:\/\/futbolhoy.co\/index.php\/wp-json\/wp\/v2\/users\/5"}],"replies":[{"embeddable":true,"href":"https:\/\/futbolhoy.co\/index.php\/wp-json\/wp\/v2\/comments?post=74545"}],"version-history":[{"count":3,"href":"https:\/\/futbolhoy.co\/index.php\/wp-json\/wp\/v2\/posts\/74545\/revisions"}],"predecessor-version":[{"id":74555,"href":"https:\/\/futbolhoy.co\/index.php\/wp-json\/wp\/v2\/posts\/74545\/revisions\/74555"}],"wp:featuredmedia":[{"embeddable":true,"href":"https:\/\/futbolhoy.co\/index.php\/wp-json\/wp\/v2\/media\/74546"}],"wp:attachment":[{"href":"https:\/\/futbolhoy.co\/index.php\/wp-json\/wp\/v2\/media?parent=74545"}],"wp:term":[{"taxonomy":"category","embeddable":true,"href":"https:\/\/futbolhoy.co\/index.php\/wp-json\/wp\/v2\/categories?post=74545"},{"taxonomy":"post_tag","embeddable":true,"href":"https:\/\/futbolhoy.co\/index.php\/wp-json\/wp\/v2\/tags?post=74545"}],"curies":[{"name":"wp","href":"https:\/\/api.w.org\/{rel}","templated":true}]}}