{"id":74583,"date":"2022-01-17T07:39:22","date_gmt":"2022-01-17T12:39:22","guid":{"rendered":"https:\/\/futbolhoy.co\/?p=74583"},"modified":"2022-01-17T14:35:55","modified_gmt":"2022-01-17T19:35:55","slug":"mesi-lewandowski-y-salah-protagonizaran-nuevo-duelo","status":"publish","type":"post","link":"https:\/\/futbolhoy.co\/index.php\/2022\/01\/17\/mesi-lewandowski-y-salah-protagonizaran-nuevo-duelo\/","title":{"rendered":"Messi, Lewandowski y Salah, protagonizar\u00e1n nuevo duelo"},"content":{"rendered":"<p style=\"text-align: justify;\"><span style=\"font-family: helvetica, arial, sans-serif;\">El argentino <strong>Lionel Messi<\/strong>, el polaco <strong>Robert Lewandowski<\/strong> y el egipcio <strong>Mohamed Salah<\/strong> ser\u00e1n este lunes, los protagonistas en la gala de los premios de la <strong>FIFA The Best<\/strong> a los mejores de 2021.<\/span><\/p>\n<p style=\"text-align: justify;\"><span style=\"font-family: helvetica, arial, sans-serif;\"><strong>Messi,<\/strong> que gan\u00f3 su s\u00e9ptimo Bal\u00f3n de Oro que otorga <strong>France Football<\/strong> por encima del <strong>Lewandowski,<\/strong> podr\u00eda repetir el <strong>The Best,<\/strong> que obtuvo en 2019.<\/span><\/p>\n<p style=\"text-align: justify;\"><span style=\"font-family: helvetica, arial, sans-serif;\">El argentino conquist\u00f3 con su selecci\u00f3n la <strong>Copa Am\u00e9rica<\/strong>, celebrada en Brasil; mientras que <strong>Lewandowski,<\/strong> campe\u00f3n con <strong>Bayern M\u00fanich<\/strong> en la Liga y la Supercopa de Alemania, marc\u00f3 69 goles en el a\u00f1o natural. Adem\u00e1s, con 48 goles en la temporada, super\u00f3 el registro hist\u00f3rico de <strong>Gerd M\u00fcller<\/strong> que anot\u00f3 41 en la <strong>Bundesliga.<\/strong><\/span><\/p>\n<p style=\"text-align: justify;\"><span style=\"font-family: helvetica, arial, sans-serif;\"><strong>Salah<\/strong> no gan\u00f3 t\u00edtulos con su equipo, pero individualmente fue clave en la temporada del <strong>Liverpool,<\/strong> que acab\u00f3 tercero en la <strong>Liga Premier<\/strong> y alcanz\u00f3 los cuartos de final de la <strong>Liga de Campeones.<\/strong><\/span><\/p>\n<p style=\"text-align: justify;\"><span style=\"font-family: helvetica, arial, sans-serif;\">Entre las damas, <strong>Alexia Putellas<\/strong>, volante del <strong>Barcelona<\/strong> y de la selecci\u00f3n espa\u00f1ola, es la favorita para imponerse.<\/span><\/p>\n<p style=\"text-align: justify;\"><span style=\"font-family: helvetica, arial, sans-serif;\">En el apartado de t\u00e9cnicos, el espa\u00f1ol <strong>Pep Guardiola (Manchester City)<\/strong>, ganador de la <strong>Liga Premier<\/strong>, el alem\u00e1n <strong>Thomas Tuchel,<\/strong> que gui\u00f3 al <strong>Chelsea<\/strong> a la <strong>Liga de Campeones<\/strong>, y el italiano <strong>Roberto Mancini<\/strong>, que llev\u00f3 a la 'azzurra' a obtener la <strong>Eurocopa,<\/strong> son los aspirantes al premio<\/span><\/p>\n<p style=\"text-align: justify;\"><span style=\"font-family: helvetica, arial, sans-serif;\">El premio <strong>The Best<\/strong> al mejor portero lo disputar\u00e1n, el italiano Gianluigi Donnarumma (PSG), el senegal\u00e9s Edouard Mendy (Chelsea) y Manuel Neuer (Bayern M\u00fanich).<\/span><\/p>\n<p style=\"text-align: justify;\"><span style=\"font-family: helvetica, arial, sans-serif;\">El acto se iniciar\u00e1 a la 1pm, hora colombiana, en la sede de la FIFA en Zurich y ser\u00e1 transmitido por las redes de la rectora.<\/span><\/p>\n","protected":false},"excerpt":{"rendered":"<p>El argentino Lionel Messi, el polaco Robert Lewandowski y el egipcio Mohamed Salah ser\u00e1n este lunes, los protagonistas en la gala de los premios de la FIFA The Best a los mejores de 2021. Messi, que gan\u00f3 su s\u00e9ptimo Bal\u00f3n de Oro que otorga France Football por encima del Lewandowski, podr\u00eda repetir el The Best, [&hellip;]<\/p>\n","protected":false},"author":5,"featured_media":74585,"comment_status":"open","ping_status":"open","sticky":false,"template":"","format":"standard","meta":{"_acf_changed":false,"footnotes":""},"categories":[152],"tags":[],"class_list":{"0":"post-74583","1":"post","2":"type-post","3":"status-publish","4":"format-standard","5":"has-post-thumbnail","7":"category-mundo-futbol"},"acf":[],"yoast_head":"<!-- This site is optimized with the Yoast SEO plugin v26.8 - https:\/\/yoast.com\/product\/yoast-seo-wordpress\/ -->\n<title>Messi, Lewandowski y Salah, protagonizar\u00e1n nuevo duelo -<\/title>\n<meta name=\"robots\" content=\"index, follow, max-snippet:-1, max-image-preview:large, max-video-preview:-1\" \/>\n<link rel=\"canonical\" href=\"https:\/\/futbolhoy.co\/index.php\/2022\/01\/17\/mesi-lewandowski-y-salah-protagonizaran-nuevo-duelo\/\" \/>\n<meta property=\"og:locale\" content=\"es_ES\" \/>\n<meta property=\"og:type\" content=\"article\" \/>\n<meta property=\"og:title\" content=\"Messi, Lewandowski y Salah, protagonizar\u00e1n nuevo duelo -\" \/>\n<meta property=\"og:description\" content=\"El argentino Lionel Messi, el polaco Robert Lewandowski y el egipcio Mohamed Salah ser\u00e1n este lunes, los protagonistas en la gala de los premios de la FIFA The Best a los mejores de 2021. Messi, que gan\u00f3 su s\u00e9ptimo Bal\u00f3n de Oro que otorga France Football por encima del Lewandowski, podr\u00eda repetir el The Best, [&hellip;]\" \/>\n<meta property=\"og:url\" content=\"https:\/\/futbolhoy.co\/index.php\/2022\/01\/17\/mesi-lewandowski-y-salah-protagonizaran-nuevo-duelo\/\" \/>\n<meta property=\"article:publisher\" content=\"https:\/\/www.facebook.com\/FutbolHoyCol\/\" \/>\n<meta property=\"article:published_time\" content=\"2022-01-17T12:39:22+00:00\" \/>\n<meta property=\"article:modified_time\" content=\"2022-01-17T19:35:55+00:00\" \/>\n<meta property=\"og:image\" content=\"https:\/\/futbolhoy.co\/wp-content\/uploads\/2022\/01\/20220117_073554.jpg\" \/>\n\t<meta property=\"og:image:width\" content=\"1080\" \/>\n\t<meta property=\"og:image:height\" content=\"1080\" \/>\n\t<meta property=\"og:image:type\" content=\"image\/jpeg\" \/>\n<meta name=\"author\" content=\"Laura Hern\u00e1ndez\" \/>\n<meta name=\"twitter:card\" content=\"summary_large_image\" \/>\n<meta name=\"twitter:creator\" content=\"@FutbolHoyCol\" \/>\n<meta name=\"twitter:site\" content=\"@FutbolHoyCol\" \/>\n<meta name=\"twitter:label1\" content=\"Escrito por\" \/>\n\t<meta name=\"twitter:data1\" content=\"Laura Hern\u00e1ndez\" \/>\n\t<meta name=\"twitter:label2\" content=\"Tiempo de lectura\" \/>\n\t<meta name=\"twitter:data2\" content=\"2 minutos\" \/>\n<script type=\"application\/ld+json\" class=\"yoast-schema-graph\">{\"@context\":\"https:\/\/schema.org\",\"@graph\":[{\"@type\":\"Article\",\"@id\":\"https:\/\/futbolhoy.co\/index.php\/2022\/01\/17\/mesi-lewandowski-y-salah-protagonizaran-nuevo-duelo\/#article\",\"isPartOf\":{\"@id\":\"https:\/\/futbolhoy.co\/index.php\/2022\/01\/17\/mesi-lewandowski-y-salah-protagonizaran-nuevo-duelo\/\"},\"author\":{\"name\":\"Laura Hern\u00e1ndez\",\"@id\":\"https:\/\/futbolhoy.co\/#\/schema\/person\/c4a353a512b127643723a34bb1812f7d\"},\"headline\":\"Messi, Lewandowski y Salah, protagonizar\u00e1n nuevo duelo\",\"datePublished\":\"2022-01-17T12:39:22+00:00\",\"dateModified\":\"2022-01-17T19:35:55+00:00\",\"mainEntityOfPage\":{\"@id\":\"https:\/\/futbolhoy.co\/index.php\/2022\/01\/17\/mesi-lewandowski-y-salah-protagonizaran-nuevo-duelo\/\"},\"wordCount\":287,\"commentCount\":0,\"publisher\":{\"@id\":\"https:\/\/futbolhoy.co\/#organization\"},\"image\":{\"@id\":\"https:\/\/futbolhoy.co\/index.php\/2022\/01\/17\/mesi-lewandowski-y-salah-protagonizaran-nuevo-duelo\/#primaryimage\"},\"thumbnailUrl\":\"https:\/\/futbolhoy.co\/wp-content\/uploads\/2022\/01\/20220117_073554.jpg\",\"articleSection\":[\"Mundo Futbol\"],\"inLanguage\":\"es\",\"potentialAction\":[{\"@type\":\"CommentAction\",\"name\":\"Comment\",\"target\":[\"https:\/\/futbolhoy.co\/index.php\/2022\/01\/17\/mesi-lewandowski-y-salah-protagonizaran-nuevo-duelo\/#respond\"]}]},{\"@type\":\"WebPage\",\"@id\":\"https:\/\/futbolhoy.co\/index.php\/2022\/01\/17\/mesi-lewandowski-y-salah-protagonizaran-nuevo-duelo\/\",\"url\":\"https:\/\/futbolhoy.co\/index.php\/2022\/01\/17\/mesi-lewandowski-y-salah-protagonizaran-nuevo-duelo\/\",\"name\":\"Messi, Lewandowski y Salah, protagonizar\u00e1n nuevo duelo -\",\"isPartOf\":{\"@id\":\"https:\/\/futbolhoy.co\/#website\"},\"primaryImageOfPage\":{\"@id\":\"https:\/\/futbolhoy.co\/index.php\/2022\/01\/17\/mesi-lewandowski-y-salah-protagonizaran-nuevo-duelo\/#primaryimage\"},\"image\":{\"@id\":\"https:\/\/futbolhoy.co\/index.php\/2022\/01\/17\/mesi-lewandowski-y-salah-protagonizaran-nuevo-duelo\/#primaryimage\"},\"thumbnailUrl\":\"https:\/\/futbolhoy.co\/wp-content\/uploads\/2022\/01\/20220117_073554.jpg\",\"datePublished\":\"2022-01-17T12:39:22+00:00\",\"dateModified\":\"2022-01-17T19:35:55+00:00\",\"breadcrumb\":{\"@id\":\"https:\/\/futbolhoy.co\/index.php\/2022\/01\/17\/mesi-lewandowski-y-salah-protagonizaran-nuevo-duelo\/#breadcrumb\"},\"inLanguage\":\"es\",\"potentialAction\":[{\"@type\":\"ReadAction\",\"target\":[\"https:\/\/futbolhoy.co\/index.php\/2022\/01\/17\/mesi-lewandowski-y-salah-protagonizaran-nuevo-duelo\/\"]}]},{\"@type\":\"ImageObject\",\"inLanguage\":\"es\",\"@id\":\"https:\/\/futbolhoy.co\/index.php\/2022\/01\/17\/mesi-lewandowski-y-salah-protagonizaran-nuevo-duelo\/#primaryimage\",\"url\":\"https:\/\/futbolhoy.co\/wp-content\/uploads\/2022\/01\/20220117_073554.jpg\",\"contentUrl\":\"https:\/\/futbolhoy.co\/wp-content\/uploads\/2022\/01\/20220117_073554.jpg\",\"width\":1080,\"height\":1080},{\"@type\":\"BreadcrumbList\",\"@id\":\"https:\/\/futbolhoy.co\/index.php\/2022\/01\/17\/mesi-lewandowski-y-salah-protagonizaran-nuevo-duelo\/#breadcrumb\",\"itemListElement\":[{\"@type\":\"ListItem\",\"position\":1,\"name\":\"Portada\",\"item\":\"https:\/\/futbolhoy.co\/\"},{\"@type\":\"ListItem\",\"position\":2,\"name\":\"Messi, Lewandowski y Salah, protagonizar\u00e1n nuevo duelo\"}]},{\"@type\":\"WebSite\",\"@id\":\"https:\/\/futbolhoy.co\/#website\",\"url\":\"https:\/\/futbolhoy.co\/\",\"name\":\"FutbolHoy\",\"description\":\"\",\"publisher\":{\"@id\":\"https:\/\/futbolhoy.co\/#organization\"},\"potentialAction\":[{\"@type\":\"SearchAction\",\"target\":{\"@type\":\"EntryPoint\",\"urlTemplate\":\"https:\/\/futbolhoy.co\/?s={search_term_string}\"},\"query-input\":{\"@type\":\"PropertyValueSpecification\",\"valueRequired\":true,\"valueName\":\"search_term_string\"}}],\"inLanguage\":\"es\"},{\"@type\":\"Organization\",\"@id\":\"https:\/\/futbolhoy.co\/#organization\",\"name\":\"Futbolhoy.co\",\"url\":\"https:\/\/futbolhoy.co\/\",\"logo\":{\"@type\":\"ImageObject\",\"inLanguage\":\"es\",\"@id\":\"https:\/\/futbolhoy.co\/#\/schema\/logo\/image\/\",\"url\":\"https:\/\/futbolhoy.co\/wp-content\/uploads\/2018\/08\/17426380_1906371736249227_6326180412931521141_n.jpg\",\"contentUrl\":\"https:\/\/futbolhoy.co\/wp-content\/uploads\/2018\/08\/17426380_1906371736249227_6326180412931521141_n.jpg\",\"width\":960,\"height\":960,\"caption\":\"Futbolhoy.co\"},\"image\":{\"@id\":\"https:\/\/futbolhoy.co\/#\/schema\/logo\/image\/\"},\"sameAs\":[\"https:\/\/www.facebook.com\/FutbolHoyCol\/\",\"https:\/\/x.com\/FutbolHoyCol\",\"https:\/\/www.instagram.com\/futbolhoycol\/\"]},{\"@type\":\"Person\",\"@id\":\"https:\/\/futbolhoy.co\/#\/schema\/person\/c4a353a512b127643723a34bb1812f7d\",\"name\":\"Laura Hern\u00e1ndez\",\"image\":{\"@type\":\"ImageObject\",\"inLanguage\":\"es\",\"@id\":\"https:\/\/futbolhoy.co\/#\/schema\/person\/image\/\",\"url\":\"https:\/\/secure.gravatar.com\/avatar\/d25959a15b9b293a743f99181c7cfd01?s=96&d=mm&r=g\",\"contentUrl\":\"https:\/\/secure.gravatar.com\/avatar\/d25959a15b9b293a743f99181c7cfd01?s=96&d=mm&r=g\",\"caption\":\"Laura Hern\u00e1ndez\"}}]}<\/script>\n<!-- \/ Yoast SEO plugin. -->","yoast_head_json":{"title":"Messi, Lewandowski y Salah, protagonizar\u00e1n nuevo duelo -","robots":{"index":"index","follow":"follow","max-snippet":"max-snippet:-1","max-image-preview":"max-image-preview:large","max-video-preview":"max-video-preview:-1"},"canonical":"https:\/\/futbolhoy.co\/index.php\/2022\/01\/17\/mesi-lewandowski-y-salah-protagonizaran-nuevo-duelo\/","og_locale":"es_ES","og_type":"article","og_title":"Messi, Lewandowski y Salah, protagonizar\u00e1n nuevo duelo -","og_description":"El argentino Lionel Messi, el polaco Robert Lewandowski y el egipcio Mohamed Salah ser\u00e1n este lunes, los protagonistas en la gala de los premios de la FIFA The Best a los mejores de 2021. Messi, que gan\u00f3 su s\u00e9ptimo Bal\u00f3n de Oro que otorga France Football por encima del Lewandowski, podr\u00eda repetir el The Best, [&hellip;]","og_url":"https:\/\/futbolhoy.co\/index.php\/2022\/01\/17\/mesi-lewandowski-y-salah-protagonizaran-nuevo-duelo\/","article_publisher":"https:\/\/www.facebook.com\/FutbolHoyCol\/","article_published_time":"2022-01-17T12:39:22+00:00","article_modified_time":"2022-01-17T19:35:55+00:00","og_image":[{"width":1080,"height":1080,"url":"https:\/\/futbolhoy.co\/wp-content\/uploads\/2022\/01\/20220117_073554.jpg","type":"image\/jpeg"}],"author":"Laura Hern\u00e1ndez","twitter_card":"summary_large_image","twitter_creator":"@FutbolHoyCol","twitter_site":"@FutbolHoyCol","twitter_misc":{"Escrito por":"Laura Hern\u00e1ndez","Tiempo de lectura":"2 minutos"},"schema":{"@context":"https:\/\/schema.org","@graph":[{"@type":"Article","@id":"https:\/\/futbolhoy.co\/index.php\/2022\/01\/17\/mesi-lewandowski-y-salah-protagonizaran-nuevo-duelo\/#article","isPartOf":{"@id":"https:\/\/futbolhoy.co\/index.php\/2022\/01\/17\/mesi-lewandowski-y-salah-protagonizaran-nuevo-duelo\/"},"author":{"name":"Laura Hern\u00e1ndez","@id":"https:\/\/futbolhoy.co\/#\/schema\/person\/c4a353a512b127643723a34bb1812f7d"},"headline":"Messi, Lewandowski y Salah, protagonizar\u00e1n nuevo duelo","datePublished":"2022-01-17T12:39:22+00:00","dateModified":"2022-01-17T19:35:55+00:00","mainEntityOfPage":{"@id":"https:\/\/futbolhoy.co\/index.php\/2022\/01\/17\/mesi-lewandowski-y-salah-protagonizaran-nuevo-duelo\/"},"wordCount":287,"commentCount":0,"publisher":{"@id":"https:\/\/futbolhoy.co\/#organization"},"image":{"@id":"https:\/\/futbolhoy.co\/index.php\/2022\/01\/17\/mesi-lewandowski-y-salah-protagonizaran-nuevo-duelo\/#primaryimage"},"thumbnailUrl":"https:\/\/futbolhoy.co\/wp-content\/uploads\/2022\/01\/20220117_073554.jpg","articleSection":["Mundo Futbol"],"inLanguage":"es","potentialAction":[{"@type":"CommentAction","name":"Comment","target":["https:\/\/futbolhoy.co\/index.php\/2022\/01\/17\/mesi-lewandowski-y-salah-protagonizaran-nuevo-duelo\/#respond"]}]},{"@type":"WebPage","@id":"https:\/\/futbolhoy.co\/index.php\/2022\/01\/17\/mesi-lewandowski-y-salah-protagonizaran-nuevo-duelo\/","url":"https:\/\/futbolhoy.co\/index.php\/2022\/01\/17\/mesi-lewandowski-y-salah-protagonizaran-nuevo-duelo\/","name":"Messi, Lewandowski y Salah, protagonizar\u00e1n nuevo duelo -","isPartOf":{"@id":"https:\/\/futbolhoy.co\/#website"},"primaryImageOfPage":{"@id":"https:\/\/futbolhoy.co\/index.php\/2022\/01\/17\/mesi-lewandowski-y-salah-protagonizaran-nuevo-duelo\/#primaryimage"},"image":{"@id":"https:\/\/futbolhoy.co\/index.php\/2022\/01\/17\/mesi-lewandowski-y-salah-protagonizaran-nuevo-duelo\/#primaryimage"},"thumbnailUrl":"https:\/\/futbolhoy.co\/wp-content\/uploads\/2022\/01\/20220117_073554.jpg","datePublished":"2022-01-17T12:39:22+00:00","dateModified":"2022-01-17T19:35:55+00:00","breadcrumb":{"@id":"https:\/\/futbolhoy.co\/index.php\/2022\/01\/17\/mesi-lewandowski-y-salah-protagonizaran-nuevo-duelo\/#breadcrumb"},"inLanguage":"es","potentialAction":[{"@type":"ReadAction","target":["https:\/\/futbolhoy.co\/index.php\/2022\/01\/17\/mesi-lewandowski-y-salah-protagonizaran-nuevo-duelo\/"]}]},{"@type":"ImageObject","inLanguage":"es","@id":"https:\/\/futbolhoy.co\/index.php\/2022\/01\/17\/mesi-lewandowski-y-salah-protagonizaran-nuevo-duelo\/#primaryimage","url":"https:\/\/futbolhoy.co\/wp-content\/uploads\/2022\/01\/20220117_073554.jpg","contentUrl":"https:\/\/futbolhoy.co\/wp-content\/uploads\/2022\/01\/20220117_073554.jpg","width":1080,"height":1080},{"@type":"BreadcrumbList","@id":"https:\/\/futbolhoy.co\/index.php\/2022\/01\/17\/mesi-lewandowski-y-salah-protagonizaran-nuevo-duelo\/#breadcrumb","itemListElement":[{"@type":"ListItem","position":1,"name":"Portada","item":"https:\/\/futbolhoy.co\/"},{"@type":"ListItem","position":2,"name":"Messi, Lewandowski y Salah, protagonizar\u00e1n nuevo duelo"}]},{"@type":"WebSite","@id":"https:\/\/futbolhoy.co\/#website","url":"https:\/\/futbolhoy.co\/","name":"FutbolHoy","description":"","publisher":{"@id":"https:\/\/futbolhoy.co\/#organization"},"potentialAction":[{"@type":"SearchAction","target":{"@type":"EntryPoint","urlTemplate":"https:\/\/futbolhoy.co\/?s={search_term_string}"},"query-input":{"@type":"PropertyValueSpecification","valueRequired":true,"valueName":"search_term_string"}}],"inLanguage":"es"},{"@type":"Organization","@id":"https:\/\/futbolhoy.co\/#organization","name":"Futbolhoy.co","url":"https:\/\/futbolhoy.co\/","logo":{"@type":"ImageObject","inLanguage":"es","@id":"https:\/\/futbolhoy.co\/#\/schema\/logo\/image\/","url":"https:\/\/futbolhoy.co\/wp-content\/uploads\/2018\/08\/17426380_1906371736249227_6326180412931521141_n.jpg","contentUrl":"https:\/\/futbolhoy.co\/wp-content\/uploads\/2018\/08\/17426380_1906371736249227_6326180412931521141_n.jpg","width":960,"height":960,"caption":"Futbolhoy.co"},"image":{"@id":"https:\/\/futbolhoy.co\/#\/schema\/logo\/image\/"},"sameAs":["https:\/\/www.facebook.com\/FutbolHoyCol\/","https:\/\/x.com\/FutbolHoyCol","https:\/\/www.instagram.com\/futbolhoycol\/"]},{"@type":"Person","@id":"https:\/\/futbolhoy.co\/#\/schema\/person\/c4a353a512b127643723a34bb1812f7d","name":"Laura Hern\u00e1ndez","image":{"@type":"ImageObject","inLanguage":"es","@id":"https:\/\/futbolhoy.co\/#\/schema\/person\/image\/","url":"https:\/\/secure.gravatar.com\/avatar\/d25959a15b9b293a743f99181c7cfd01?s=96&d=mm&r=g","contentUrl":"https:\/\/secure.gravatar.com\/avatar\/d25959a15b9b293a743f99181c7cfd01?s=96&d=mm&r=g","caption":"Laura Hern\u00e1ndez"}}]}},"publishpress_future_action":{"enabled":false,"date":"2026-05-04 14:01:50","action":"change-status","newStatus":"draft","terms":[],"taxonomy":"category","extraData":[]},"publishpress_future_workflow_manual_trigger":{"enabledWorkflows":[]},"_links":{"self":[{"href":"https:\/\/futbolhoy.co\/index.php\/wp-json\/wp\/v2\/posts\/74583","targetHints":{"allow":["GET"]}}],"collection":[{"href":"https:\/\/futbolhoy.co\/index.php\/wp-json\/wp\/v2\/posts"}],"about":[{"href":"https:\/\/futbolhoy.co\/index.php\/wp-json\/wp\/v2\/types\/post"}],"author":[{"embeddable":true,"href":"https:\/\/futbolhoy.co\/index.php\/wp-json\/wp\/v2\/users\/5"}],"replies":[{"embeddable":true,"href":"https:\/\/futbolhoy.co\/index.php\/wp-json\/wp\/v2\/comments?post=74583"}],"version-history":[{"count":2,"href":"https:\/\/futbolhoy.co\/index.php\/wp-json\/wp\/v2\/posts\/74583\/revisions"}],"predecessor-version":[{"id":74589,"href":"https:\/\/futbolhoy.co\/index.php\/wp-json\/wp\/v2\/posts\/74583\/revisions\/74589"}],"wp:featuredmedia":[{"embeddable":true,"href":"https:\/\/futbolhoy.co\/index.php\/wp-json\/wp\/v2\/media\/74585"}],"wp:attachment":[{"href":"https:\/\/futbolhoy.co\/index.php\/wp-json\/wp\/v2\/media?parent=74583"}],"wp:term":[{"taxonomy":"category","embeddable":true,"href":"https:\/\/futbolhoy.co\/index.php\/wp-json\/wp\/v2\/categories?post=74583"},{"taxonomy":"post_tag","embeddable":true,"href":"https:\/\/futbolhoy.co\/index.php\/wp-json\/wp\/v2\/tags?post=74583"}],"curies":[{"name":"wp","href":"https:\/\/api.w.org\/{rel}","templated":true}]}}