{"id":74584,"date":"2022-01-17T07:00:32","date_gmt":"2022-01-17T12:00:32","guid":{"rendered":"https:\/\/futbolhoy.co\/?p=74584"},"modified":"2022-01-17T21:18:50","modified_gmt":"2022-01-18T02:18:50","slug":"vergara-y-espinosa-goles-colombianos-en-el-exterior","status":"publish","type":"post","link":"https:\/\/futbolhoy.co\/index.php\/2022\/01\/17\/vergara-y-espinosa-goles-colombianos-en-el-exterior\/","title":{"rendered":"Vergara y Espinosa, goles colombianos en el exterior"},"content":{"rendered":"<p style=\"text-align: justify;\"><span style=\"font-family: helvetica, arial, sans-serif;\">Los jugadores <strong>Duv\u00e1n Vergara<\/strong>, con <strong>Monterrey<\/strong> de M\u00e9xico, y <strong>Bernardo Espinosa<\/strong>, de Girona de Espa\u00f1a, marcaron los goles m\u00e1s destacados de los colombianos el fin de semana en varias ligas del mundo.<\/span><\/p>\n<p style=\"text-align: justify;\"><span style=\"font-family: helvetica, arial, sans-serif;\"><strong>Vergara<\/strong> anot\u00f3 un tanto con el club mexicano, que supero 0-4 a <strong>Necaxa<\/strong> en la segunda fecha del Clausura. Primer gol del a\u00f1o.<\/span><\/p>\n<p style=\"text-align: justify;\"><span style=\"font-family: helvetica, arial, sans-serif;\">Entretanto, <strong>Espinosa<\/strong> anot\u00f3 el de <strong>Girona,<\/strong> que cay\u00f3 1-2 frente a <strong>Rayo Vallecano<\/strong> en los octavos de final de la <strong>Copa del Rey.<\/strong>\u00a0\u00a0Primero en Copa y tercero en la temporada.<\/span><\/p>\n<p style=\"text-align: justify;\"><span style=\"font-family: helvetica, arial, sans-serif;\">Otros goles colombianos:<\/span><\/p>\n<p style=\"text-align: justify;\"><span style=\"font-family: helvetica, arial, sans-serif;\">- Juan Jos\u00e9 Perea hizo el gol de PAS Giannina que igual\u00f3 1-1 con Atromitos en Grecia. Sexto tanto en Liga durante la temporada<\/span><\/p>\n<p style=\"text-align: justify;\"><span style=\"font-family: helvetica, arial, sans-serif;\">- Andres Tello convirti\u00f3 el gol de Benevento que empat\u00f3 1-1 con SPAL en la B de Italia. Quinto gol en Liga.<\/span><\/p>\n<p style=\"text-align: justify;\"><span style=\"font-family: helvetica, arial, sans-serif;\">- Mayra Tatiana Ramirez logr\u00f3 un gol con Sporting de Huelva que cay\u00f3 2-3 frente al Atl\u00e9tico de Madrid en la Liga femenina de Espa\u00f1a. Tercer gol en la temporada.<\/span><\/p>\n","protected":false},"excerpt":{"rendered":"<p>Los jugadores Duv\u00e1n Vergara, con Monterrey de M\u00e9xico, y Bernardo Espinosa, de Girona de Espa\u00f1a, marcaron los goles m\u00e1s destacados de los colombianos el fin de semana en varias ligas del mundo. Vergara anot\u00f3 un tanto con el club mexicano, que supero 0-4 a Necaxa en la segunda fecha del Clausura. Primer gol del a\u00f1o. [&hellip;]<\/p>\n","protected":false},"author":5,"featured_media":74587,"comment_status":"open","ping_status":"open","sticky":false,"template":"","format":"standard","meta":{"_acf_changed":false,"footnotes":""},"categories":[152],"tags":[],"class_list":{"0":"post-74584","1":"post","2":"type-post","3":"status-publish","4":"format-standard","5":"has-post-thumbnail","7":"category-mundo-futbol"},"acf":[],"yoast_head":"<!-- This site is optimized with the Yoast SEO plugin v26.8 - https:\/\/yoast.com\/product\/yoast-seo-wordpress\/ -->\n<title>Vergara y Espinosa, goles colombianos en el exterior -<\/title>\n<meta name=\"robots\" content=\"index, follow, max-snippet:-1, max-image-preview:large, max-video-preview:-1\" \/>\n<link rel=\"canonical\" href=\"https:\/\/futbolhoy.co\/index.php\/2022\/01\/17\/vergara-y-espinosa-goles-colombianos-en-el-exterior\/\" \/>\n<meta property=\"og:locale\" content=\"es_ES\" \/>\n<meta property=\"og:type\" content=\"article\" \/>\n<meta property=\"og:title\" content=\"Vergara y Espinosa, goles colombianos en el exterior -\" \/>\n<meta property=\"og:description\" content=\"Los jugadores Duv\u00e1n Vergara, con Monterrey de M\u00e9xico, y Bernardo Espinosa, de Girona de Espa\u00f1a, marcaron los goles m\u00e1s destacados de los colombianos el fin de semana en varias ligas del mundo. Vergara anot\u00f3 un tanto con el club mexicano, que supero 0-4 a Necaxa en la segunda fecha del Clausura. Primer gol del a\u00f1o. [&hellip;]\" \/>\n<meta property=\"og:url\" content=\"https:\/\/futbolhoy.co\/index.php\/2022\/01\/17\/vergara-y-espinosa-goles-colombianos-en-el-exterior\/\" \/>\n<meta property=\"article:publisher\" content=\"https:\/\/www.facebook.com\/FutbolHoyCol\/\" \/>\n<meta property=\"article:published_time\" content=\"2022-01-17T12:00:32+00:00\" \/>\n<meta property=\"article:modified_time\" content=\"2022-01-18T02:18:50+00:00\" \/>\n<meta property=\"og:image\" content=\"https:\/\/futbolhoy.co\/wp-content\/uploads\/2022\/01\/20220117_074324.jpg\" \/>\n\t<meta property=\"og:image:width\" content=\"2048\" \/>\n\t<meta property=\"og:image:height\" content=\"1366\" \/>\n\t<meta property=\"og:image:type\" content=\"image\/jpeg\" \/>\n<meta name=\"author\" content=\"Laura Hern\u00e1ndez\" \/>\n<meta name=\"twitter:card\" content=\"summary_large_image\" \/>\n<meta name=\"twitter:creator\" content=\"@FutbolHoyCol\" \/>\n<meta name=\"twitter:site\" content=\"@FutbolHoyCol\" \/>\n<meta name=\"twitter:label1\" content=\"Escrito por\" \/>\n\t<meta name=\"twitter:data1\" content=\"Laura Hern\u00e1ndez\" \/>\n\t<meta name=\"twitter:label2\" content=\"Tiempo de lectura\" \/>\n\t<meta name=\"twitter:data2\" content=\"1 minuto\" \/>\n<script type=\"application\/ld+json\" class=\"yoast-schema-graph\">{\"@context\":\"https:\/\/schema.org\",\"@graph\":[{\"@type\":\"Article\",\"@id\":\"https:\/\/futbolhoy.co\/index.php\/2022\/01\/17\/vergara-y-espinosa-goles-colombianos-en-el-exterior\/#article\",\"isPartOf\":{\"@id\":\"https:\/\/futbolhoy.co\/index.php\/2022\/01\/17\/vergara-y-espinosa-goles-colombianos-en-el-exterior\/\"},\"author\":{\"name\":\"Laura Hern\u00e1ndez\",\"@id\":\"https:\/\/futbolhoy.co\/#\/schema\/person\/c4a353a512b127643723a34bb1812f7d\"},\"headline\":\"Vergara y Espinosa, goles colombianos en el exterior\",\"datePublished\":\"2022-01-17T12:00:32+00:00\",\"dateModified\":\"2022-01-18T02:18:50+00:00\",\"mainEntityOfPage\":{\"@id\":\"https:\/\/futbolhoy.co\/index.php\/2022\/01\/17\/vergara-y-espinosa-goles-colombianos-en-el-exterior\/\"},\"wordCount\":180,\"commentCount\":0,\"publisher\":{\"@id\":\"https:\/\/futbolhoy.co\/#organization\"},\"image\":{\"@id\":\"https:\/\/futbolhoy.co\/index.php\/2022\/01\/17\/vergara-y-espinosa-goles-colombianos-en-el-exterior\/#primaryimage\"},\"thumbnailUrl\":\"https:\/\/futbolhoy.co\/wp-content\/uploads\/2022\/01\/20220117_074324.jpg\",\"articleSection\":[\"Mundo Futbol\"],\"inLanguage\":\"es\",\"potentialAction\":[{\"@type\":\"CommentAction\",\"name\":\"Comment\",\"target\":[\"https:\/\/futbolhoy.co\/index.php\/2022\/01\/17\/vergara-y-espinosa-goles-colombianos-en-el-exterior\/#respond\"]}]},{\"@type\":\"WebPage\",\"@id\":\"https:\/\/futbolhoy.co\/index.php\/2022\/01\/17\/vergara-y-espinosa-goles-colombianos-en-el-exterior\/\",\"url\":\"https:\/\/futbolhoy.co\/index.php\/2022\/01\/17\/vergara-y-espinosa-goles-colombianos-en-el-exterior\/\",\"name\":\"Vergara y Espinosa, goles colombianos en el exterior -\",\"isPartOf\":{\"@id\":\"https:\/\/futbolhoy.co\/#website\"},\"primaryImageOfPage\":{\"@id\":\"https:\/\/futbolhoy.co\/index.php\/2022\/01\/17\/vergara-y-espinosa-goles-colombianos-en-el-exterior\/#primaryimage\"},\"image\":{\"@id\":\"https:\/\/futbolhoy.co\/index.php\/2022\/01\/17\/vergara-y-espinosa-goles-colombianos-en-el-exterior\/#primaryimage\"},\"thumbnailUrl\":\"https:\/\/futbolhoy.co\/wp-content\/uploads\/2022\/01\/20220117_074324.jpg\",\"datePublished\":\"2022-01-17T12:00:32+00:00\",\"dateModified\":\"2022-01-18T02:18:50+00:00\",\"breadcrumb\":{\"@id\":\"https:\/\/futbolhoy.co\/index.php\/2022\/01\/17\/vergara-y-espinosa-goles-colombianos-en-el-exterior\/#breadcrumb\"},\"inLanguage\":\"es\",\"potentialAction\":[{\"@type\":\"ReadAction\",\"target\":[\"https:\/\/futbolhoy.co\/index.php\/2022\/01\/17\/vergara-y-espinosa-goles-colombianos-en-el-exterior\/\"]}]},{\"@type\":\"ImageObject\",\"inLanguage\":\"es\",\"@id\":\"https:\/\/futbolhoy.co\/index.php\/2022\/01\/17\/vergara-y-espinosa-goles-colombianos-en-el-exterior\/#primaryimage\",\"url\":\"https:\/\/futbolhoy.co\/wp-content\/uploads\/2022\/01\/20220117_074324.jpg\",\"contentUrl\":\"https:\/\/futbolhoy.co\/wp-content\/uploads\/2022\/01\/20220117_074324.jpg\",\"width\":2048,\"height\":1366},{\"@type\":\"BreadcrumbList\",\"@id\":\"https:\/\/futbolhoy.co\/index.php\/2022\/01\/17\/vergara-y-espinosa-goles-colombianos-en-el-exterior\/#breadcrumb\",\"itemListElement\":[{\"@type\":\"ListItem\",\"position\":1,\"name\":\"Portada\",\"item\":\"https:\/\/futbolhoy.co\/\"},{\"@type\":\"ListItem\",\"position\":2,\"name\":\"Vergara y Espinosa, goles colombianos en el exterior\"}]},{\"@type\":\"WebSite\",\"@id\":\"https:\/\/futbolhoy.co\/#website\",\"url\":\"https:\/\/futbolhoy.co\/\",\"name\":\"FutbolHoy\",\"description\":\"\",\"publisher\":{\"@id\":\"https:\/\/futbolhoy.co\/#organization\"},\"potentialAction\":[{\"@type\":\"SearchAction\",\"target\":{\"@type\":\"EntryPoint\",\"urlTemplate\":\"https:\/\/futbolhoy.co\/?s={search_term_string}\"},\"query-input\":{\"@type\":\"PropertyValueSpecification\",\"valueRequired\":true,\"valueName\":\"search_term_string\"}}],\"inLanguage\":\"es\"},{\"@type\":\"Organization\",\"@id\":\"https:\/\/futbolhoy.co\/#organization\",\"name\":\"Futbolhoy.co\",\"url\":\"https:\/\/futbolhoy.co\/\",\"logo\":{\"@type\":\"ImageObject\",\"inLanguage\":\"es\",\"@id\":\"https:\/\/futbolhoy.co\/#\/schema\/logo\/image\/\",\"url\":\"https:\/\/futbolhoy.co\/wp-content\/uploads\/2018\/08\/17426380_1906371736249227_6326180412931521141_n.jpg\",\"contentUrl\":\"https:\/\/futbolhoy.co\/wp-content\/uploads\/2018\/08\/17426380_1906371736249227_6326180412931521141_n.jpg\",\"width\":960,\"height\":960,\"caption\":\"Futbolhoy.co\"},\"image\":{\"@id\":\"https:\/\/futbolhoy.co\/#\/schema\/logo\/image\/\"},\"sameAs\":[\"https:\/\/www.facebook.com\/FutbolHoyCol\/\",\"https:\/\/x.com\/FutbolHoyCol\",\"https:\/\/www.instagram.com\/futbolhoycol\/\"]},{\"@type\":\"Person\",\"@id\":\"https:\/\/futbolhoy.co\/#\/schema\/person\/c4a353a512b127643723a34bb1812f7d\",\"name\":\"Laura Hern\u00e1ndez\",\"image\":{\"@type\":\"ImageObject\",\"inLanguage\":\"es\",\"@id\":\"https:\/\/futbolhoy.co\/#\/schema\/person\/image\/\",\"url\":\"https:\/\/secure.gravatar.com\/avatar\/d25959a15b9b293a743f99181c7cfd01?s=96&d=mm&r=g\",\"contentUrl\":\"https:\/\/secure.gravatar.com\/avatar\/d25959a15b9b293a743f99181c7cfd01?s=96&d=mm&r=g\",\"caption\":\"Laura Hern\u00e1ndez\"}}]}<\/script>\n<!-- \/ Yoast SEO plugin. -->","yoast_head_json":{"title":"Vergara y Espinosa, goles colombianos en el exterior -","robots":{"index":"index","follow":"follow","max-snippet":"max-snippet:-1","max-image-preview":"max-image-preview:large","max-video-preview":"max-video-preview:-1"},"canonical":"https:\/\/futbolhoy.co\/index.php\/2022\/01\/17\/vergara-y-espinosa-goles-colombianos-en-el-exterior\/","og_locale":"es_ES","og_type":"article","og_title":"Vergara y Espinosa, goles colombianos en el exterior -","og_description":"Los jugadores Duv\u00e1n Vergara, con Monterrey de M\u00e9xico, y Bernardo Espinosa, de Girona de Espa\u00f1a, marcaron los goles m\u00e1s destacados de los colombianos el fin de semana en varias ligas del mundo. Vergara anot\u00f3 un tanto con el club mexicano, que supero 0-4 a Necaxa en la segunda fecha del Clausura. Primer gol del a\u00f1o. [&hellip;]","og_url":"https:\/\/futbolhoy.co\/index.php\/2022\/01\/17\/vergara-y-espinosa-goles-colombianos-en-el-exterior\/","article_publisher":"https:\/\/www.facebook.com\/FutbolHoyCol\/","article_published_time":"2022-01-17T12:00:32+00:00","article_modified_time":"2022-01-18T02:18:50+00:00","og_image":[{"width":2048,"height":1366,"url":"https:\/\/futbolhoy.co\/wp-content\/uploads\/2022\/01\/20220117_074324.jpg","type":"image\/jpeg"}],"author":"Laura Hern\u00e1ndez","twitter_card":"summary_large_image","twitter_creator":"@FutbolHoyCol","twitter_site":"@FutbolHoyCol","twitter_misc":{"Escrito por":"Laura Hern\u00e1ndez","Tiempo de lectura":"1 minuto"},"schema":{"@context":"https:\/\/schema.org","@graph":[{"@type":"Article","@id":"https:\/\/futbolhoy.co\/index.php\/2022\/01\/17\/vergara-y-espinosa-goles-colombianos-en-el-exterior\/#article","isPartOf":{"@id":"https:\/\/futbolhoy.co\/index.php\/2022\/01\/17\/vergara-y-espinosa-goles-colombianos-en-el-exterior\/"},"author":{"name":"Laura Hern\u00e1ndez","@id":"https:\/\/futbolhoy.co\/#\/schema\/person\/c4a353a512b127643723a34bb1812f7d"},"headline":"Vergara y Espinosa, goles colombianos en el exterior","datePublished":"2022-01-17T12:00:32+00:00","dateModified":"2022-01-18T02:18:50+00:00","mainEntityOfPage":{"@id":"https:\/\/futbolhoy.co\/index.php\/2022\/01\/17\/vergara-y-espinosa-goles-colombianos-en-el-exterior\/"},"wordCount":180,"commentCount":0,"publisher":{"@id":"https:\/\/futbolhoy.co\/#organization"},"image":{"@id":"https:\/\/futbolhoy.co\/index.php\/2022\/01\/17\/vergara-y-espinosa-goles-colombianos-en-el-exterior\/#primaryimage"},"thumbnailUrl":"https:\/\/futbolhoy.co\/wp-content\/uploads\/2022\/01\/20220117_074324.jpg","articleSection":["Mundo Futbol"],"inLanguage":"es","potentialAction":[{"@type":"CommentAction","name":"Comment","target":["https:\/\/futbolhoy.co\/index.php\/2022\/01\/17\/vergara-y-espinosa-goles-colombianos-en-el-exterior\/#respond"]}]},{"@type":"WebPage","@id":"https:\/\/futbolhoy.co\/index.php\/2022\/01\/17\/vergara-y-espinosa-goles-colombianos-en-el-exterior\/","url":"https:\/\/futbolhoy.co\/index.php\/2022\/01\/17\/vergara-y-espinosa-goles-colombianos-en-el-exterior\/","name":"Vergara y Espinosa, goles colombianos en el exterior -","isPartOf":{"@id":"https:\/\/futbolhoy.co\/#website"},"primaryImageOfPage":{"@id":"https:\/\/futbolhoy.co\/index.php\/2022\/01\/17\/vergara-y-espinosa-goles-colombianos-en-el-exterior\/#primaryimage"},"image":{"@id":"https:\/\/futbolhoy.co\/index.php\/2022\/01\/17\/vergara-y-espinosa-goles-colombianos-en-el-exterior\/#primaryimage"},"thumbnailUrl":"https:\/\/futbolhoy.co\/wp-content\/uploads\/2022\/01\/20220117_074324.jpg","datePublished":"2022-01-17T12:00:32+00:00","dateModified":"2022-01-18T02:18:50+00:00","breadcrumb":{"@id":"https:\/\/futbolhoy.co\/index.php\/2022\/01\/17\/vergara-y-espinosa-goles-colombianos-en-el-exterior\/#breadcrumb"},"inLanguage":"es","potentialAction":[{"@type":"ReadAction","target":["https:\/\/futbolhoy.co\/index.php\/2022\/01\/17\/vergara-y-espinosa-goles-colombianos-en-el-exterior\/"]}]},{"@type":"ImageObject","inLanguage":"es","@id":"https:\/\/futbolhoy.co\/index.php\/2022\/01\/17\/vergara-y-espinosa-goles-colombianos-en-el-exterior\/#primaryimage","url":"https:\/\/futbolhoy.co\/wp-content\/uploads\/2022\/01\/20220117_074324.jpg","contentUrl":"https:\/\/futbolhoy.co\/wp-content\/uploads\/2022\/01\/20220117_074324.jpg","width":2048,"height":1366},{"@type":"BreadcrumbList","@id":"https:\/\/futbolhoy.co\/index.php\/2022\/01\/17\/vergara-y-espinosa-goles-colombianos-en-el-exterior\/#breadcrumb","itemListElement":[{"@type":"ListItem","position":1,"name":"Portada","item":"https:\/\/futbolhoy.co\/"},{"@type":"ListItem","position":2,"name":"Vergara y Espinosa, goles colombianos en el exterior"}]},{"@type":"WebSite","@id":"https:\/\/futbolhoy.co\/#website","url":"https:\/\/futbolhoy.co\/","name":"FutbolHoy","description":"","publisher":{"@id":"https:\/\/futbolhoy.co\/#organization"},"potentialAction":[{"@type":"SearchAction","target":{"@type":"EntryPoint","urlTemplate":"https:\/\/futbolhoy.co\/?s={search_term_string}"},"query-input":{"@type":"PropertyValueSpecification","valueRequired":true,"valueName":"search_term_string"}}],"inLanguage":"es"},{"@type":"Organization","@id":"https:\/\/futbolhoy.co\/#organization","name":"Futbolhoy.co","url":"https:\/\/futbolhoy.co\/","logo":{"@type":"ImageObject","inLanguage":"es","@id":"https:\/\/futbolhoy.co\/#\/schema\/logo\/image\/","url":"https:\/\/futbolhoy.co\/wp-content\/uploads\/2018\/08\/17426380_1906371736249227_6326180412931521141_n.jpg","contentUrl":"https:\/\/futbolhoy.co\/wp-content\/uploads\/2018\/08\/17426380_1906371736249227_6326180412931521141_n.jpg","width":960,"height":960,"caption":"Futbolhoy.co"},"image":{"@id":"https:\/\/futbolhoy.co\/#\/schema\/logo\/image\/"},"sameAs":["https:\/\/www.facebook.com\/FutbolHoyCol\/","https:\/\/x.com\/FutbolHoyCol","https:\/\/www.instagram.com\/futbolhoycol\/"]},{"@type":"Person","@id":"https:\/\/futbolhoy.co\/#\/schema\/person\/c4a353a512b127643723a34bb1812f7d","name":"Laura Hern\u00e1ndez","image":{"@type":"ImageObject","inLanguage":"es","@id":"https:\/\/futbolhoy.co\/#\/schema\/person\/image\/","url":"https:\/\/secure.gravatar.com\/avatar\/d25959a15b9b293a743f99181c7cfd01?s=96&d=mm&r=g","contentUrl":"https:\/\/secure.gravatar.com\/avatar\/d25959a15b9b293a743f99181c7cfd01?s=96&d=mm&r=g","caption":"Laura Hern\u00e1ndez"}}]}},"publishpress_future_action":{"enabled":false,"date":"2026-05-04 11:11:14","action":"change-status","newStatus":"draft","terms":[],"taxonomy":"category","extraData":[]},"publishpress_future_workflow_manual_trigger":{"enabledWorkflows":[]},"_links":{"self":[{"href":"https:\/\/futbolhoy.co\/index.php\/wp-json\/wp\/v2\/posts\/74584","targetHints":{"allow":["GET"]}}],"collection":[{"href":"https:\/\/futbolhoy.co\/index.php\/wp-json\/wp\/v2\/posts"}],"about":[{"href":"https:\/\/futbolhoy.co\/index.php\/wp-json\/wp\/v2\/types\/post"}],"author":[{"embeddable":true,"href":"https:\/\/futbolhoy.co\/index.php\/wp-json\/wp\/v2\/users\/5"}],"replies":[{"embeddable":true,"href":"https:\/\/futbolhoy.co\/index.php\/wp-json\/wp\/v2\/comments?post=74584"}],"version-history":[{"count":1,"href":"https:\/\/futbolhoy.co\/index.php\/wp-json\/wp\/v2\/posts\/74584\/revisions"}],"predecessor-version":[{"id":74588,"href":"https:\/\/futbolhoy.co\/index.php\/wp-json\/wp\/v2\/posts\/74584\/revisions\/74588"}],"wp:featuredmedia":[{"embeddable":true,"href":"https:\/\/futbolhoy.co\/index.php\/wp-json\/wp\/v2\/media\/74587"}],"wp:attachment":[{"href":"https:\/\/futbolhoy.co\/index.php\/wp-json\/wp\/v2\/media?parent=74584"}],"wp:term":[{"taxonomy":"category","embeddable":true,"href":"https:\/\/futbolhoy.co\/index.php\/wp-json\/wp\/v2\/categories?post=74584"},{"taxonomy":"post_tag","embeddable":true,"href":"https:\/\/futbolhoy.co\/index.php\/wp-json\/wp\/v2\/tags?post=74584"}],"curies":[{"name":"wp","href":"https:\/\/api.w.org\/{rel}","templated":true}]}}