{"id":74601,"date":"2022-01-17T20:54:51","date_gmt":"2022-01-18T01:54:51","guid":{"rendered":"https:\/\/futbolhoy.co\/?p=74601"},"modified":"2022-01-18T10:17:48","modified_gmt":"2022-01-18T15:17:48","slug":"yaser-asprilla-a-la-premier","status":"publish","type":"post","link":"https:\/\/futbolhoy.co\/index.php\/2022\/01\/17\/yaser-asprilla-a-la-premier\/","title":{"rendered":"Yaser Asprilla, a la Premier"},"content":{"rendered":"<p class=\"x_ydpd7fcca28MsoNormal\" style=\"text-align: justify;\"><span style=\"font-family: helvetica, arial, sans-serif;\">El juvenil extremo colombiano\u00a0<b>Yaser Asprilla<\/b>\u00a0fue transferido al\u00a0<b>Watford de Inglaterra<\/b>, seg\u00fan anunci\u00f3 el\u00a0<b>Envigado<\/b>, club en el que el jugador milit\u00f3 desde hace 11 a\u00f1os.<\/span><\/p>\n<p class=\"x_ydpd7fcca28MsoNormal\" style=\"text-align: justify;\"><span style=\"font-family: helvetica, arial, sans-serif;\">El equipo \u2018naranja\u2019 dio a conocer el traspaso de Asprilla, de 18 a\u00f1os, un d\u00eda despu\u00e9s del debut del jugador en la\u00a0<b>selecci\u00f3n Colombia<\/b>\u00a0absoluta, en el triunfo 2-1 sobre\u00a0<b>Honduras<\/b>\u00a0en partido amistoso, donde el jugador mostr\u00f3 desparpajo, calidad, temperamento y personalidad.<\/span><\/p>\n<p class=\"x_ydpd7fcca28MsoNormal\" style=\"text-align: justify;\"><span style=\"font-family: helvetica, arial, sans-serif;\">Asprilla ha disputado 22 partidos con el primer equipo del Envigado entre la Liga\u00a0<b>BetPlay Dimayor 2021<\/b>\u00a0y la Liguilla del mismo a\u00f1o, donde alcanz\u00f3 a marcar 5 goles y realizar una asistencia.<\/span><\/p>\n<p class=\"x_ydpd7fcca28MsoNormal\" style=\"text-align: justify;\"><span style=\"font-family: helvetica, arial, sans-serif;\">\u201cOtro hijo de la casa emigrar\u00e1 al f\u00fatbol del exterior para mostrar todo su talento en Europa. Nos complace anunciar que Yaser Asprilla es nuevo jugador del\u00a0<b>Watford Football Club<\/b>, cuadro de la\u00a0<b>Premier League de Inglaterra<\/b>\u201d, manifest\u00f3 el club antioque\u00f1o en un comunicado.<\/span><\/p>\n","protected":false},"excerpt":{"rendered":"<p>El juvenil extremo colombiano\u00a0Yaser Asprilla\u00a0fue transferido al\u00a0Watford de Inglaterra, seg\u00fan anunci\u00f3 el\u00a0Envigado, club en el que el jugador milit\u00f3 desde hace 11 a\u00f1os. El equipo \u2018naranja\u2019 dio a conocer el traspaso de Asprilla, de 18 a\u00f1os, un d\u00eda despu\u00e9s del debut del jugador en la\u00a0selecci\u00f3n Colombia\u00a0absoluta, en el triunfo 2-1 sobre\u00a0Honduras\u00a0en partido amistoso, donde el [&hellip;]<\/p>\n","protected":false},"author":5,"featured_media":74602,"comment_status":"open","ping_status":"open","sticky":false,"template":"","format":"standard","meta":{"_acf_changed":false,"footnotes":""},"categories":[7],"tags":[],"class_list":{"0":"post-74601","1":"post","2":"type-post","3":"status-publish","4":"format-standard","5":"has-post-thumbnail","7":"category-liga-betplay"},"acf":[],"yoast_head":"<!-- This site is optimized with the Yoast SEO plugin v26.8 - https:\/\/yoast.com\/product\/yoast-seo-wordpress\/ -->\n<title>Yaser Asprilla, a la Premier -<\/title>\n<meta name=\"robots\" content=\"index, follow, max-snippet:-1, max-image-preview:large, max-video-preview:-1\" \/>\n<link rel=\"canonical\" href=\"https:\/\/futbolhoy.co\/index.php\/2022\/01\/17\/yaser-asprilla-a-la-premier\/\" \/>\n<meta property=\"og:locale\" content=\"es_ES\" \/>\n<meta property=\"og:type\" content=\"article\" \/>\n<meta property=\"og:title\" content=\"Yaser Asprilla, a la Premier -\" \/>\n<meta property=\"og:description\" content=\"El juvenil extremo colombiano\u00a0Yaser Asprilla\u00a0fue transferido al\u00a0Watford de Inglaterra, seg\u00fan anunci\u00f3 el\u00a0Envigado, club en el que el jugador milit\u00f3 desde hace 11 a\u00f1os. El equipo \u2018naranja\u2019 dio a conocer el traspaso de Asprilla, de 18 a\u00f1os, un d\u00eda despu\u00e9s del debut del jugador en la\u00a0selecci\u00f3n Colombia\u00a0absoluta, en el triunfo 2-1 sobre\u00a0Honduras\u00a0en partido amistoso, donde el [&hellip;]\" \/>\n<meta property=\"og:url\" content=\"https:\/\/futbolhoy.co\/index.php\/2022\/01\/17\/yaser-asprilla-a-la-premier\/\" \/>\n<meta property=\"article:publisher\" content=\"https:\/\/www.facebook.com\/FutbolHoyCol\/\" \/>\n<meta property=\"article:published_time\" content=\"2022-01-18T01:54:51+00:00\" \/>\n<meta property=\"article:modified_time\" content=\"2022-01-18T15:17:48+00:00\" \/>\n<meta property=\"og:image\" content=\"https:\/\/futbolhoy.co\/wp-content\/uploads\/2022\/01\/Yaser-1.jpg\" \/>\n\t<meta property=\"og:image:width\" content=\"971\" \/>\n\t<meta property=\"og:image:height\" content=\"589\" \/>\n\t<meta property=\"og:image:type\" content=\"image\/jpeg\" \/>\n<meta name=\"author\" content=\"Laura Hern\u00e1ndez\" \/>\n<meta name=\"twitter:card\" content=\"summary_large_image\" \/>\n<meta name=\"twitter:creator\" content=\"@FutbolHoyCol\" \/>\n<meta name=\"twitter:site\" content=\"@FutbolHoyCol\" \/>\n<meta name=\"twitter:label1\" content=\"Escrito por\" \/>\n\t<meta name=\"twitter:data1\" content=\"Laura Hern\u00e1ndez\" \/>\n\t<meta name=\"twitter:label2\" content=\"Tiempo de lectura\" \/>\n\t<meta name=\"twitter:data2\" content=\"1 minuto\" \/>\n<script type=\"application\/ld+json\" class=\"yoast-schema-graph\">{\"@context\":\"https:\/\/schema.org\",\"@graph\":[{\"@type\":\"Article\",\"@id\":\"https:\/\/futbolhoy.co\/index.php\/2022\/01\/17\/yaser-asprilla-a-la-premier\/#article\",\"isPartOf\":{\"@id\":\"https:\/\/futbolhoy.co\/index.php\/2022\/01\/17\/yaser-asprilla-a-la-premier\/\"},\"author\":{\"name\":\"Laura Hern\u00e1ndez\",\"@id\":\"https:\/\/futbolhoy.co\/#\/schema\/person\/c4a353a512b127643723a34bb1812f7d\"},\"headline\":\"Yaser Asprilla, a la Premier\",\"datePublished\":\"2022-01-18T01:54:51+00:00\",\"dateModified\":\"2022-01-18T15:17:48+00:00\",\"mainEntityOfPage\":{\"@id\":\"https:\/\/futbolhoy.co\/index.php\/2022\/01\/17\/yaser-asprilla-a-la-premier\/\"},\"wordCount\":156,\"commentCount\":0,\"publisher\":{\"@id\":\"https:\/\/futbolhoy.co\/#organization\"},\"image\":{\"@id\":\"https:\/\/futbolhoy.co\/index.php\/2022\/01\/17\/yaser-asprilla-a-la-premier\/#primaryimage\"},\"thumbnailUrl\":\"https:\/\/futbolhoy.co\/wp-content\/uploads\/2022\/01\/Yaser-1.jpg\",\"articleSection\":[\"Liga BetPlay\"],\"inLanguage\":\"es\",\"potentialAction\":[{\"@type\":\"CommentAction\",\"name\":\"Comment\",\"target\":[\"https:\/\/futbolhoy.co\/index.php\/2022\/01\/17\/yaser-asprilla-a-la-premier\/#respond\"]}]},{\"@type\":\"WebPage\",\"@id\":\"https:\/\/futbolhoy.co\/index.php\/2022\/01\/17\/yaser-asprilla-a-la-premier\/\",\"url\":\"https:\/\/futbolhoy.co\/index.php\/2022\/01\/17\/yaser-asprilla-a-la-premier\/\",\"name\":\"Yaser Asprilla, a la Premier -\",\"isPartOf\":{\"@id\":\"https:\/\/futbolhoy.co\/#website\"},\"primaryImageOfPage\":{\"@id\":\"https:\/\/futbolhoy.co\/index.php\/2022\/01\/17\/yaser-asprilla-a-la-premier\/#primaryimage\"},\"image\":{\"@id\":\"https:\/\/futbolhoy.co\/index.php\/2022\/01\/17\/yaser-asprilla-a-la-premier\/#primaryimage\"},\"thumbnailUrl\":\"https:\/\/futbolhoy.co\/wp-content\/uploads\/2022\/01\/Yaser-1.jpg\",\"datePublished\":\"2022-01-18T01:54:51+00:00\",\"dateModified\":\"2022-01-18T15:17:48+00:00\",\"breadcrumb\":{\"@id\":\"https:\/\/futbolhoy.co\/index.php\/2022\/01\/17\/yaser-asprilla-a-la-premier\/#breadcrumb\"},\"inLanguage\":\"es\",\"potentialAction\":[{\"@type\":\"ReadAction\",\"target\":[\"https:\/\/futbolhoy.co\/index.php\/2022\/01\/17\/yaser-asprilla-a-la-premier\/\"]}]},{\"@type\":\"ImageObject\",\"inLanguage\":\"es\",\"@id\":\"https:\/\/futbolhoy.co\/index.php\/2022\/01\/17\/yaser-asprilla-a-la-premier\/#primaryimage\",\"url\":\"https:\/\/futbolhoy.co\/wp-content\/uploads\/2022\/01\/Yaser-1.jpg\",\"contentUrl\":\"https:\/\/futbolhoy.co\/wp-content\/uploads\/2022\/01\/Yaser-1.jpg\",\"width\":971,\"height\":589},{\"@type\":\"BreadcrumbList\",\"@id\":\"https:\/\/futbolhoy.co\/index.php\/2022\/01\/17\/yaser-asprilla-a-la-premier\/#breadcrumb\",\"itemListElement\":[{\"@type\":\"ListItem\",\"position\":1,\"name\":\"Portada\",\"item\":\"https:\/\/futbolhoy.co\/\"},{\"@type\":\"ListItem\",\"position\":2,\"name\":\"Yaser Asprilla, a la Premier\"}]},{\"@type\":\"WebSite\",\"@id\":\"https:\/\/futbolhoy.co\/#website\",\"url\":\"https:\/\/futbolhoy.co\/\",\"name\":\"FutbolHoy\",\"description\":\"\",\"publisher\":{\"@id\":\"https:\/\/futbolhoy.co\/#organization\"},\"potentialAction\":[{\"@type\":\"SearchAction\",\"target\":{\"@type\":\"EntryPoint\",\"urlTemplate\":\"https:\/\/futbolhoy.co\/?s={search_term_string}\"},\"query-input\":{\"@type\":\"PropertyValueSpecification\",\"valueRequired\":true,\"valueName\":\"search_term_string\"}}],\"inLanguage\":\"es\"},{\"@type\":\"Organization\",\"@id\":\"https:\/\/futbolhoy.co\/#organization\",\"name\":\"Futbolhoy.co\",\"url\":\"https:\/\/futbolhoy.co\/\",\"logo\":{\"@type\":\"ImageObject\",\"inLanguage\":\"es\",\"@id\":\"https:\/\/futbolhoy.co\/#\/schema\/logo\/image\/\",\"url\":\"https:\/\/futbolhoy.co\/wp-content\/uploads\/2018\/08\/17426380_1906371736249227_6326180412931521141_n.jpg\",\"contentUrl\":\"https:\/\/futbolhoy.co\/wp-content\/uploads\/2018\/08\/17426380_1906371736249227_6326180412931521141_n.jpg\",\"width\":960,\"height\":960,\"caption\":\"Futbolhoy.co\"},\"image\":{\"@id\":\"https:\/\/futbolhoy.co\/#\/schema\/logo\/image\/\"},\"sameAs\":[\"https:\/\/www.facebook.com\/FutbolHoyCol\/\",\"https:\/\/x.com\/FutbolHoyCol\",\"https:\/\/www.instagram.com\/futbolhoycol\/\"]},{\"@type\":\"Person\",\"@id\":\"https:\/\/futbolhoy.co\/#\/schema\/person\/c4a353a512b127643723a34bb1812f7d\",\"name\":\"Laura Hern\u00e1ndez\",\"image\":{\"@type\":\"ImageObject\",\"inLanguage\":\"es\",\"@id\":\"https:\/\/futbolhoy.co\/#\/schema\/person\/image\/\",\"url\":\"https:\/\/secure.gravatar.com\/avatar\/d25959a15b9b293a743f99181c7cfd01?s=96&d=mm&r=g\",\"contentUrl\":\"https:\/\/secure.gravatar.com\/avatar\/d25959a15b9b293a743f99181c7cfd01?s=96&d=mm&r=g\",\"caption\":\"Laura Hern\u00e1ndez\"}}]}<\/script>\n<!-- \/ Yoast SEO plugin. -->","yoast_head_json":{"title":"Yaser Asprilla, a la Premier -","robots":{"index":"index","follow":"follow","max-snippet":"max-snippet:-1","max-image-preview":"max-image-preview:large","max-video-preview":"max-video-preview:-1"},"canonical":"https:\/\/futbolhoy.co\/index.php\/2022\/01\/17\/yaser-asprilla-a-la-premier\/","og_locale":"es_ES","og_type":"article","og_title":"Yaser Asprilla, a la Premier -","og_description":"El juvenil extremo colombiano\u00a0Yaser Asprilla\u00a0fue transferido al\u00a0Watford de Inglaterra, seg\u00fan anunci\u00f3 el\u00a0Envigado, club en el que el jugador milit\u00f3 desde hace 11 a\u00f1os. El equipo \u2018naranja\u2019 dio a conocer el traspaso de Asprilla, de 18 a\u00f1os, un d\u00eda despu\u00e9s del debut del jugador en la\u00a0selecci\u00f3n Colombia\u00a0absoluta, en el triunfo 2-1 sobre\u00a0Honduras\u00a0en partido amistoso, donde el [&hellip;]","og_url":"https:\/\/futbolhoy.co\/index.php\/2022\/01\/17\/yaser-asprilla-a-la-premier\/","article_publisher":"https:\/\/www.facebook.com\/FutbolHoyCol\/","article_published_time":"2022-01-18T01:54:51+00:00","article_modified_time":"2022-01-18T15:17:48+00:00","og_image":[{"width":971,"height":589,"url":"https:\/\/futbolhoy.co\/wp-content\/uploads\/2022\/01\/Yaser-1.jpg","type":"image\/jpeg"}],"author":"Laura Hern\u00e1ndez","twitter_card":"summary_large_image","twitter_creator":"@FutbolHoyCol","twitter_site":"@FutbolHoyCol","twitter_misc":{"Escrito por":"Laura Hern\u00e1ndez","Tiempo de lectura":"1 minuto"},"schema":{"@context":"https:\/\/schema.org","@graph":[{"@type":"Article","@id":"https:\/\/futbolhoy.co\/index.php\/2022\/01\/17\/yaser-asprilla-a-la-premier\/#article","isPartOf":{"@id":"https:\/\/futbolhoy.co\/index.php\/2022\/01\/17\/yaser-asprilla-a-la-premier\/"},"author":{"name":"Laura Hern\u00e1ndez","@id":"https:\/\/futbolhoy.co\/#\/schema\/person\/c4a353a512b127643723a34bb1812f7d"},"headline":"Yaser Asprilla, a la Premier","datePublished":"2022-01-18T01:54:51+00:00","dateModified":"2022-01-18T15:17:48+00:00","mainEntityOfPage":{"@id":"https:\/\/futbolhoy.co\/index.php\/2022\/01\/17\/yaser-asprilla-a-la-premier\/"},"wordCount":156,"commentCount":0,"publisher":{"@id":"https:\/\/futbolhoy.co\/#organization"},"image":{"@id":"https:\/\/futbolhoy.co\/index.php\/2022\/01\/17\/yaser-asprilla-a-la-premier\/#primaryimage"},"thumbnailUrl":"https:\/\/futbolhoy.co\/wp-content\/uploads\/2022\/01\/Yaser-1.jpg","articleSection":["Liga BetPlay"],"inLanguage":"es","potentialAction":[{"@type":"CommentAction","name":"Comment","target":["https:\/\/futbolhoy.co\/index.php\/2022\/01\/17\/yaser-asprilla-a-la-premier\/#respond"]}]},{"@type":"WebPage","@id":"https:\/\/futbolhoy.co\/index.php\/2022\/01\/17\/yaser-asprilla-a-la-premier\/","url":"https:\/\/futbolhoy.co\/index.php\/2022\/01\/17\/yaser-asprilla-a-la-premier\/","name":"Yaser Asprilla, a la Premier -","isPartOf":{"@id":"https:\/\/futbolhoy.co\/#website"},"primaryImageOfPage":{"@id":"https:\/\/futbolhoy.co\/index.php\/2022\/01\/17\/yaser-asprilla-a-la-premier\/#primaryimage"},"image":{"@id":"https:\/\/futbolhoy.co\/index.php\/2022\/01\/17\/yaser-asprilla-a-la-premier\/#primaryimage"},"thumbnailUrl":"https:\/\/futbolhoy.co\/wp-content\/uploads\/2022\/01\/Yaser-1.jpg","datePublished":"2022-01-18T01:54:51+00:00","dateModified":"2022-01-18T15:17:48+00:00","breadcrumb":{"@id":"https:\/\/futbolhoy.co\/index.php\/2022\/01\/17\/yaser-asprilla-a-la-premier\/#breadcrumb"},"inLanguage":"es","potentialAction":[{"@type":"ReadAction","target":["https:\/\/futbolhoy.co\/index.php\/2022\/01\/17\/yaser-asprilla-a-la-premier\/"]}]},{"@type":"ImageObject","inLanguage":"es","@id":"https:\/\/futbolhoy.co\/index.php\/2022\/01\/17\/yaser-asprilla-a-la-premier\/#primaryimage","url":"https:\/\/futbolhoy.co\/wp-content\/uploads\/2022\/01\/Yaser-1.jpg","contentUrl":"https:\/\/futbolhoy.co\/wp-content\/uploads\/2022\/01\/Yaser-1.jpg","width":971,"height":589},{"@type":"BreadcrumbList","@id":"https:\/\/futbolhoy.co\/index.php\/2022\/01\/17\/yaser-asprilla-a-la-premier\/#breadcrumb","itemListElement":[{"@type":"ListItem","position":1,"name":"Portada","item":"https:\/\/futbolhoy.co\/"},{"@type":"ListItem","position":2,"name":"Yaser Asprilla, a la Premier"}]},{"@type":"WebSite","@id":"https:\/\/futbolhoy.co\/#website","url":"https:\/\/futbolhoy.co\/","name":"FutbolHoy","description":"","publisher":{"@id":"https:\/\/futbolhoy.co\/#organization"},"potentialAction":[{"@type":"SearchAction","target":{"@type":"EntryPoint","urlTemplate":"https:\/\/futbolhoy.co\/?s={search_term_string}"},"query-input":{"@type":"PropertyValueSpecification","valueRequired":true,"valueName":"search_term_string"}}],"inLanguage":"es"},{"@type":"Organization","@id":"https:\/\/futbolhoy.co\/#organization","name":"Futbolhoy.co","url":"https:\/\/futbolhoy.co\/","logo":{"@type":"ImageObject","inLanguage":"es","@id":"https:\/\/futbolhoy.co\/#\/schema\/logo\/image\/","url":"https:\/\/futbolhoy.co\/wp-content\/uploads\/2018\/08\/17426380_1906371736249227_6326180412931521141_n.jpg","contentUrl":"https:\/\/futbolhoy.co\/wp-content\/uploads\/2018\/08\/17426380_1906371736249227_6326180412931521141_n.jpg","width":960,"height":960,"caption":"Futbolhoy.co"},"image":{"@id":"https:\/\/futbolhoy.co\/#\/schema\/logo\/image\/"},"sameAs":["https:\/\/www.facebook.com\/FutbolHoyCol\/","https:\/\/x.com\/FutbolHoyCol","https:\/\/www.instagram.com\/futbolhoycol\/"]},{"@type":"Person","@id":"https:\/\/futbolhoy.co\/#\/schema\/person\/c4a353a512b127643723a34bb1812f7d","name":"Laura Hern\u00e1ndez","image":{"@type":"ImageObject","inLanguage":"es","@id":"https:\/\/futbolhoy.co\/#\/schema\/person\/image\/","url":"https:\/\/secure.gravatar.com\/avatar\/d25959a15b9b293a743f99181c7cfd01?s=96&d=mm&r=g","contentUrl":"https:\/\/secure.gravatar.com\/avatar\/d25959a15b9b293a743f99181c7cfd01?s=96&d=mm&r=g","caption":"Laura Hern\u00e1ndez"}}]}},"publishpress_future_action":{"enabled":false,"date":"2026-05-04 05:40:48","action":"change-status","newStatus":"draft","terms":[],"taxonomy":"category","extraData":[]},"publishpress_future_workflow_manual_trigger":{"enabledWorkflows":[]},"_links":{"self":[{"href":"https:\/\/futbolhoy.co\/index.php\/wp-json\/wp\/v2\/posts\/74601","targetHints":{"allow":["GET"]}}],"collection":[{"href":"https:\/\/futbolhoy.co\/index.php\/wp-json\/wp\/v2\/posts"}],"about":[{"href":"https:\/\/futbolhoy.co\/index.php\/wp-json\/wp\/v2\/types\/post"}],"author":[{"embeddable":true,"href":"https:\/\/futbolhoy.co\/index.php\/wp-json\/wp\/v2\/users\/5"}],"replies":[{"embeddable":true,"href":"https:\/\/futbolhoy.co\/index.php\/wp-json\/wp\/v2\/comments?post=74601"}],"version-history":[{"count":1,"href":"https:\/\/futbolhoy.co\/index.php\/wp-json\/wp\/v2\/posts\/74601\/revisions"}],"predecessor-version":[{"id":74603,"href":"https:\/\/futbolhoy.co\/index.php\/wp-json\/wp\/v2\/posts\/74601\/revisions\/74603"}],"wp:featuredmedia":[{"embeddable":true,"href":"https:\/\/futbolhoy.co\/index.php\/wp-json\/wp\/v2\/media\/74602"}],"wp:attachment":[{"href":"https:\/\/futbolhoy.co\/index.php\/wp-json\/wp\/v2\/media?parent=74601"}],"wp:term":[{"taxonomy":"category","embeddable":true,"href":"https:\/\/futbolhoy.co\/index.php\/wp-json\/wp\/v2\/categories?post=74601"},{"taxonomy":"post_tag","embeddable":true,"href":"https:\/\/futbolhoy.co\/index.php\/wp-json\/wp\/v2\/tags?post=74601"}],"curies":[{"name":"wp","href":"https:\/\/api.w.org\/{rel}","templated":true}]}}