{"id":74604,"date":"2022-01-17T21:24:35","date_gmt":"2022-01-18T02:24:35","guid":{"rendered":"https:\/\/futbolhoy.co\/?p=74604"},"modified":"2022-01-18T11:54:25","modified_gmt":"2022-01-18T16:54:25","slug":"pekerman-inicio-trabajos-en-venezuela","status":"publish","type":"post","link":"https:\/\/futbolhoy.co\/index.php\/2022\/01\/17\/pekerman-inicio-trabajos-en-venezuela\/","title":{"rendered":"P\u00e9kerman inici\u00f3 trabajos en Venezuela"},"content":{"rendered":"<p class=\"x_ydpd7fcca28MsoNormal\" style=\"text-align: justify;\"><span style=\"font-family: helvetica, arial, sans-serif;\">El entrenador de la\u00a0<b>selecci\u00f3n de Venezuela<\/b>, el argentino\u00a0<b>Jos\u00e9 N\u00e9stor P\u00e9kerman<\/b>, comenz\u00f3 su primer m\u00f3dulo de entrenamientos con un grupo de 21 jugadores al que todav\u00eda no han acudido las estrellas del equipo, inform\u00f3 la Federaci\u00f3n nacional.<\/span><\/p>\n<p class=\"x_ydpd7fcca28MsoNormal\" style=\"text-align: justify;\"><span style=\"font-family: helvetica, arial, sans-serif;\">P\u00e9kerman y su cuerpo t\u00e9cnico arrancaron los entrenamientos en el\u00a0<b>Centro Nacional de Alto Rendimiento ubicado en la isla de Margarita<\/b>.<\/span><\/p>\n<p class=\"x_ydpd7fcca28MsoNormal\" style=\"text-align: justify;\"><span style=\"font-family: helvetica, arial, sans-serif;\">Este m\u00f3dulo tendr\u00e1 un \"car\u00e1cter integrador para los futbolistas y con miras a adelantar trabajos de cara a los pr\u00f3ximos partidos\".<\/span><\/p>\n<p class=\"x_ydpd7fcca28MsoNormal\" style=\"text-align: justify;\"><span style=\"font-family: helvetica, arial, sans-serif;\">El plantel est\u00e1 integrado por futbolistas seleccionados de la liga local y otros que act\u00faan en diferentes pa\u00edses, por lo que la federaci\u00f3n agradeci\u00f3 a sus clubes \"la liberaci\u00f3n temprana y la cooperaci\u00f3n\".<\/span><\/p>\n<p class=\"x_ydpd7fcca28MsoNormal\" style=\"text-align: justify;\"><span style=\"font-family: helvetica, arial, sans-serif;\">El viernes, P\u00e9kerman dar\u00e1 a conocer los jugadores que integrar\u00e1n la lista definitiva de cara a los partidos ante Bolivia y Uruguay por las eliminatorias al\u00a0<b>Mundial de Qatar 2022.<\/b><\/span><\/p>\n<p class=\"x_ydpd7fcca28MsoNormal\" style=\"text-align: justify;\"><span style=\"font-family: helvetica, arial, sans-serif;\"><b>Lista de preseleccionados:<\/b><\/span><\/p>\n<p class=\"x_ydpd7fcca28MsoNormal\" style=\"text-align: justify;\"><span style=\"font-family: helvetica, arial, sans-serif;\"><b>Porteros:<\/b>\u00a0Carlos Olses (La Guaira), Cristopher Varela (T\u00e1chira) y Diego Javier Gil (Gran Valencia).<\/span><\/p>\n<p class=\"x_ydpd7fcca28MsoNormal\" style=\"text-align: justify;\"><span style=\"font-family: helvetica, arial, sans-serif;\"><b>Defensas:<\/b>\u00a0Pablo Bonilla (Portland Timbers-USA), Luis Adri\u00e1n Mart\u00ednez (Always Ready-BOL), Francisco La Mant\u00eda (La Guaira), Jes\u00fas Quintero (T\u00e1chira), Jefre Vargas (Metropolitanos) y Oscar Gonz\u00e1lez (Monagas).<\/span><\/p>\n<p class=\"x_ydpd7fcca28MsoNormal\" style=\"text-align: justify;\"><span style=\"font-family: helvetica, arial, sans-serif;\"><b>Volantes:<\/b>\u00a0Cristian C\u00e1sseres Jr. (New York Red Bulls-USA), Wikelman Carmona (New York Red Bulls-USA), Renzo Zambrano (Pyunik Erev\u00e1n-ARM), Maurice Cova (T\u00e1chira), Edson Castillo (Caracas), Telasco Segovia (Deportivo Lara) y J\u00fanior Moreno (sin equipo)<\/span><\/p>\n<p class=\"x_ydpd7fcca28MsoNormal\" style=\"text-align: justify;\"><span style=\"font-family: helvetica, arial, sans-serif;\"><b>Delanteros:<\/b>\u00a0Eric Ram\u00edrez (Dinamo de Kiev-UCR), Jhonder C\u00e1diz (Benfica-POR), Yerson Chac\u00f3n (T\u00e1chira), Richard Celis (Caracas) y Brayan Hurtado (sin equipo).<\/span><\/p>\n","protected":false},"excerpt":{"rendered":"<p>El entrenador de la\u00a0selecci\u00f3n de Venezuela, el argentino\u00a0Jos\u00e9 N\u00e9stor P\u00e9kerman, comenz\u00f3 su primer m\u00f3dulo de entrenamientos con un grupo de 21 jugadores al que todav\u00eda no han acudido las estrellas del equipo, inform\u00f3 la Federaci\u00f3n nacional. P\u00e9kerman y su cuerpo t\u00e9cnico arrancaron los entrenamientos en el\u00a0Centro Nacional de Alto Rendimiento ubicado en la isla de [&hellip;]<\/p>\n","protected":false},"author":5,"featured_media":74606,"comment_status":"open","ping_status":"open","sticky":false,"template":"","format":"standard","meta":{"_acf_changed":false,"footnotes":""},"categories":[152],"tags":[],"class_list":{"0":"post-74604","1":"post","2":"type-post","3":"status-publish","4":"format-standard","5":"has-post-thumbnail","7":"category-mundo-futbol"},"acf":[],"yoast_head":"<!-- This site is optimized with the Yoast SEO plugin v26.8 - https:\/\/yoast.com\/product\/yoast-seo-wordpress\/ -->\n<title>P\u00e9kerman inici\u00f3 trabajos en Venezuela -<\/title>\n<meta name=\"robots\" content=\"index, follow, max-snippet:-1, max-image-preview:large, max-video-preview:-1\" \/>\n<link rel=\"canonical\" href=\"https:\/\/futbolhoy.co\/index.php\/2022\/01\/17\/pekerman-inicio-trabajos-en-venezuela\/\" \/>\n<meta property=\"og:locale\" content=\"es_ES\" \/>\n<meta property=\"og:type\" content=\"article\" \/>\n<meta property=\"og:title\" content=\"P\u00e9kerman inici\u00f3 trabajos en Venezuela -\" \/>\n<meta property=\"og:description\" content=\"El entrenador de la\u00a0selecci\u00f3n de Venezuela, el argentino\u00a0Jos\u00e9 N\u00e9stor P\u00e9kerman, comenz\u00f3 su primer m\u00f3dulo de entrenamientos con un grupo de 21 jugadores al que todav\u00eda no han acudido las estrellas del equipo, inform\u00f3 la Federaci\u00f3n nacional. P\u00e9kerman y su cuerpo t\u00e9cnico arrancaron los entrenamientos en el\u00a0Centro Nacional de Alto Rendimiento ubicado en la isla de [&hellip;]\" \/>\n<meta property=\"og:url\" content=\"https:\/\/futbolhoy.co\/index.php\/2022\/01\/17\/pekerman-inicio-trabajos-en-venezuela\/\" \/>\n<meta property=\"article:publisher\" content=\"https:\/\/www.facebook.com\/FutbolHoyCol\/\" \/>\n<meta property=\"article:published_time\" content=\"2022-01-18T02:24:35+00:00\" \/>\n<meta property=\"article:modified_time\" content=\"2022-01-18T16:54:25+00:00\" \/>\n<meta property=\"og:image\" content=\"https:\/\/futbolhoy.co\/wp-content\/uploads\/2022\/01\/Pekas.png\" \/>\n\t<meta property=\"og:image:width\" content=\"736\" \/>\n\t<meta property=\"og:image:height\" content=\"425\" \/>\n\t<meta property=\"og:image:type\" content=\"image\/png\" \/>\n<meta name=\"author\" content=\"Laura Hern\u00e1ndez\" \/>\n<meta name=\"twitter:card\" content=\"summary_large_image\" \/>\n<meta name=\"twitter:creator\" content=\"@FutbolHoyCol\" \/>\n<meta name=\"twitter:site\" content=\"@FutbolHoyCol\" \/>\n<meta name=\"twitter:label1\" content=\"Escrito por\" \/>\n\t<meta name=\"twitter:data1\" content=\"Laura Hern\u00e1ndez\" \/>\n\t<meta name=\"twitter:label2\" content=\"Tiempo de lectura\" \/>\n\t<meta name=\"twitter:data2\" content=\"1 minuto\" \/>\n<script type=\"application\/ld+json\" class=\"yoast-schema-graph\">{\"@context\":\"https:\/\/schema.org\",\"@graph\":[{\"@type\":\"Article\",\"@id\":\"https:\/\/futbolhoy.co\/index.php\/2022\/01\/17\/pekerman-inicio-trabajos-en-venezuela\/#article\",\"isPartOf\":{\"@id\":\"https:\/\/futbolhoy.co\/index.php\/2022\/01\/17\/pekerman-inicio-trabajos-en-venezuela\/\"},\"author\":{\"name\":\"Laura Hern\u00e1ndez\",\"@id\":\"https:\/\/futbolhoy.co\/#\/schema\/person\/c4a353a512b127643723a34bb1812f7d\"},\"headline\":\"P\u00e9kerman inici\u00f3 trabajos en Venezuela\",\"datePublished\":\"2022-01-18T02:24:35+00:00\",\"dateModified\":\"2022-01-18T16:54:25+00:00\",\"mainEntityOfPage\":{\"@id\":\"https:\/\/futbolhoy.co\/index.php\/2022\/01\/17\/pekerman-inicio-trabajos-en-venezuela\/\"},\"wordCount\":275,\"commentCount\":0,\"publisher\":{\"@id\":\"https:\/\/futbolhoy.co\/#organization\"},\"image\":{\"@id\":\"https:\/\/futbolhoy.co\/index.php\/2022\/01\/17\/pekerman-inicio-trabajos-en-venezuela\/#primaryimage\"},\"thumbnailUrl\":\"https:\/\/futbolhoy.co\/wp-content\/uploads\/2022\/01\/Pekas.png\",\"articleSection\":[\"Mundo Futbol\"],\"inLanguage\":\"es\",\"potentialAction\":[{\"@type\":\"CommentAction\",\"name\":\"Comment\",\"target\":[\"https:\/\/futbolhoy.co\/index.php\/2022\/01\/17\/pekerman-inicio-trabajos-en-venezuela\/#respond\"]}]},{\"@type\":\"WebPage\",\"@id\":\"https:\/\/futbolhoy.co\/index.php\/2022\/01\/17\/pekerman-inicio-trabajos-en-venezuela\/\",\"url\":\"https:\/\/futbolhoy.co\/index.php\/2022\/01\/17\/pekerman-inicio-trabajos-en-venezuela\/\",\"name\":\"P\u00e9kerman inici\u00f3 trabajos en Venezuela -\",\"isPartOf\":{\"@id\":\"https:\/\/futbolhoy.co\/#website\"},\"primaryImageOfPage\":{\"@id\":\"https:\/\/futbolhoy.co\/index.php\/2022\/01\/17\/pekerman-inicio-trabajos-en-venezuela\/#primaryimage\"},\"image\":{\"@id\":\"https:\/\/futbolhoy.co\/index.php\/2022\/01\/17\/pekerman-inicio-trabajos-en-venezuela\/#primaryimage\"},\"thumbnailUrl\":\"https:\/\/futbolhoy.co\/wp-content\/uploads\/2022\/01\/Pekas.png\",\"datePublished\":\"2022-01-18T02:24:35+00:00\",\"dateModified\":\"2022-01-18T16:54:25+00:00\",\"breadcrumb\":{\"@id\":\"https:\/\/futbolhoy.co\/index.php\/2022\/01\/17\/pekerman-inicio-trabajos-en-venezuela\/#breadcrumb\"},\"inLanguage\":\"es\",\"potentialAction\":[{\"@type\":\"ReadAction\",\"target\":[\"https:\/\/futbolhoy.co\/index.php\/2022\/01\/17\/pekerman-inicio-trabajos-en-venezuela\/\"]}]},{\"@type\":\"ImageObject\",\"inLanguage\":\"es\",\"@id\":\"https:\/\/futbolhoy.co\/index.php\/2022\/01\/17\/pekerman-inicio-trabajos-en-venezuela\/#primaryimage\",\"url\":\"https:\/\/futbolhoy.co\/wp-content\/uploads\/2022\/01\/Pekas.png\",\"contentUrl\":\"https:\/\/futbolhoy.co\/wp-content\/uploads\/2022\/01\/Pekas.png\",\"width\":736,\"height\":425},{\"@type\":\"BreadcrumbList\",\"@id\":\"https:\/\/futbolhoy.co\/index.php\/2022\/01\/17\/pekerman-inicio-trabajos-en-venezuela\/#breadcrumb\",\"itemListElement\":[{\"@type\":\"ListItem\",\"position\":1,\"name\":\"Portada\",\"item\":\"https:\/\/futbolhoy.co\/\"},{\"@type\":\"ListItem\",\"position\":2,\"name\":\"P\u00e9kerman inici\u00f3 trabajos en Venezuela\"}]},{\"@type\":\"WebSite\",\"@id\":\"https:\/\/futbolhoy.co\/#website\",\"url\":\"https:\/\/futbolhoy.co\/\",\"name\":\"FutbolHoy\",\"description\":\"\",\"publisher\":{\"@id\":\"https:\/\/futbolhoy.co\/#organization\"},\"potentialAction\":[{\"@type\":\"SearchAction\",\"target\":{\"@type\":\"EntryPoint\",\"urlTemplate\":\"https:\/\/futbolhoy.co\/?s={search_term_string}\"},\"query-input\":{\"@type\":\"PropertyValueSpecification\",\"valueRequired\":true,\"valueName\":\"search_term_string\"}}],\"inLanguage\":\"es\"},{\"@type\":\"Organization\",\"@id\":\"https:\/\/futbolhoy.co\/#organization\",\"name\":\"Futbolhoy.co\",\"url\":\"https:\/\/futbolhoy.co\/\",\"logo\":{\"@type\":\"ImageObject\",\"inLanguage\":\"es\",\"@id\":\"https:\/\/futbolhoy.co\/#\/schema\/logo\/image\/\",\"url\":\"https:\/\/futbolhoy.co\/wp-content\/uploads\/2018\/08\/17426380_1906371736249227_6326180412931521141_n.jpg\",\"contentUrl\":\"https:\/\/futbolhoy.co\/wp-content\/uploads\/2018\/08\/17426380_1906371736249227_6326180412931521141_n.jpg\",\"width\":960,\"height\":960,\"caption\":\"Futbolhoy.co\"},\"image\":{\"@id\":\"https:\/\/futbolhoy.co\/#\/schema\/logo\/image\/\"},\"sameAs\":[\"https:\/\/www.facebook.com\/FutbolHoyCol\/\",\"https:\/\/x.com\/FutbolHoyCol\",\"https:\/\/www.instagram.com\/futbolhoycol\/\"]},{\"@type\":\"Person\",\"@id\":\"https:\/\/futbolhoy.co\/#\/schema\/person\/c4a353a512b127643723a34bb1812f7d\",\"name\":\"Laura Hern\u00e1ndez\",\"image\":{\"@type\":\"ImageObject\",\"inLanguage\":\"es\",\"@id\":\"https:\/\/futbolhoy.co\/#\/schema\/person\/image\/\",\"url\":\"https:\/\/secure.gravatar.com\/avatar\/d25959a15b9b293a743f99181c7cfd01?s=96&d=mm&r=g\",\"contentUrl\":\"https:\/\/secure.gravatar.com\/avatar\/d25959a15b9b293a743f99181c7cfd01?s=96&d=mm&r=g\",\"caption\":\"Laura Hern\u00e1ndez\"}}]}<\/script>\n<!-- \/ Yoast SEO plugin. -->","yoast_head_json":{"title":"P\u00e9kerman inici\u00f3 trabajos en Venezuela -","robots":{"index":"index","follow":"follow","max-snippet":"max-snippet:-1","max-image-preview":"max-image-preview:large","max-video-preview":"max-video-preview:-1"},"canonical":"https:\/\/futbolhoy.co\/index.php\/2022\/01\/17\/pekerman-inicio-trabajos-en-venezuela\/","og_locale":"es_ES","og_type":"article","og_title":"P\u00e9kerman inici\u00f3 trabajos en Venezuela -","og_description":"El entrenador de la\u00a0selecci\u00f3n de Venezuela, el argentino\u00a0Jos\u00e9 N\u00e9stor P\u00e9kerman, comenz\u00f3 su primer m\u00f3dulo de entrenamientos con un grupo de 21 jugadores al que todav\u00eda no han acudido las estrellas del equipo, inform\u00f3 la Federaci\u00f3n nacional. P\u00e9kerman y su cuerpo t\u00e9cnico arrancaron los entrenamientos en el\u00a0Centro Nacional de Alto Rendimiento ubicado en la isla de [&hellip;]","og_url":"https:\/\/futbolhoy.co\/index.php\/2022\/01\/17\/pekerman-inicio-trabajos-en-venezuela\/","article_publisher":"https:\/\/www.facebook.com\/FutbolHoyCol\/","article_published_time":"2022-01-18T02:24:35+00:00","article_modified_time":"2022-01-18T16:54:25+00:00","og_image":[{"width":736,"height":425,"url":"https:\/\/futbolhoy.co\/wp-content\/uploads\/2022\/01\/Pekas.png","type":"image\/png"}],"author":"Laura Hern\u00e1ndez","twitter_card":"summary_large_image","twitter_creator":"@FutbolHoyCol","twitter_site":"@FutbolHoyCol","twitter_misc":{"Escrito por":"Laura Hern\u00e1ndez","Tiempo de lectura":"1 minuto"},"schema":{"@context":"https:\/\/schema.org","@graph":[{"@type":"Article","@id":"https:\/\/futbolhoy.co\/index.php\/2022\/01\/17\/pekerman-inicio-trabajos-en-venezuela\/#article","isPartOf":{"@id":"https:\/\/futbolhoy.co\/index.php\/2022\/01\/17\/pekerman-inicio-trabajos-en-venezuela\/"},"author":{"name":"Laura Hern\u00e1ndez","@id":"https:\/\/futbolhoy.co\/#\/schema\/person\/c4a353a512b127643723a34bb1812f7d"},"headline":"P\u00e9kerman inici\u00f3 trabajos en Venezuela","datePublished":"2022-01-18T02:24:35+00:00","dateModified":"2022-01-18T16:54:25+00:00","mainEntityOfPage":{"@id":"https:\/\/futbolhoy.co\/index.php\/2022\/01\/17\/pekerman-inicio-trabajos-en-venezuela\/"},"wordCount":275,"commentCount":0,"publisher":{"@id":"https:\/\/futbolhoy.co\/#organization"},"image":{"@id":"https:\/\/futbolhoy.co\/index.php\/2022\/01\/17\/pekerman-inicio-trabajos-en-venezuela\/#primaryimage"},"thumbnailUrl":"https:\/\/futbolhoy.co\/wp-content\/uploads\/2022\/01\/Pekas.png","articleSection":["Mundo Futbol"],"inLanguage":"es","potentialAction":[{"@type":"CommentAction","name":"Comment","target":["https:\/\/futbolhoy.co\/index.php\/2022\/01\/17\/pekerman-inicio-trabajos-en-venezuela\/#respond"]}]},{"@type":"WebPage","@id":"https:\/\/futbolhoy.co\/index.php\/2022\/01\/17\/pekerman-inicio-trabajos-en-venezuela\/","url":"https:\/\/futbolhoy.co\/index.php\/2022\/01\/17\/pekerman-inicio-trabajos-en-venezuela\/","name":"P\u00e9kerman inici\u00f3 trabajos en Venezuela -","isPartOf":{"@id":"https:\/\/futbolhoy.co\/#website"},"primaryImageOfPage":{"@id":"https:\/\/futbolhoy.co\/index.php\/2022\/01\/17\/pekerman-inicio-trabajos-en-venezuela\/#primaryimage"},"image":{"@id":"https:\/\/futbolhoy.co\/index.php\/2022\/01\/17\/pekerman-inicio-trabajos-en-venezuela\/#primaryimage"},"thumbnailUrl":"https:\/\/futbolhoy.co\/wp-content\/uploads\/2022\/01\/Pekas.png","datePublished":"2022-01-18T02:24:35+00:00","dateModified":"2022-01-18T16:54:25+00:00","breadcrumb":{"@id":"https:\/\/futbolhoy.co\/index.php\/2022\/01\/17\/pekerman-inicio-trabajos-en-venezuela\/#breadcrumb"},"inLanguage":"es","potentialAction":[{"@type":"ReadAction","target":["https:\/\/futbolhoy.co\/index.php\/2022\/01\/17\/pekerman-inicio-trabajos-en-venezuela\/"]}]},{"@type":"ImageObject","inLanguage":"es","@id":"https:\/\/futbolhoy.co\/index.php\/2022\/01\/17\/pekerman-inicio-trabajos-en-venezuela\/#primaryimage","url":"https:\/\/futbolhoy.co\/wp-content\/uploads\/2022\/01\/Pekas.png","contentUrl":"https:\/\/futbolhoy.co\/wp-content\/uploads\/2022\/01\/Pekas.png","width":736,"height":425},{"@type":"BreadcrumbList","@id":"https:\/\/futbolhoy.co\/index.php\/2022\/01\/17\/pekerman-inicio-trabajos-en-venezuela\/#breadcrumb","itemListElement":[{"@type":"ListItem","position":1,"name":"Portada","item":"https:\/\/futbolhoy.co\/"},{"@type":"ListItem","position":2,"name":"P\u00e9kerman inici\u00f3 trabajos en Venezuela"}]},{"@type":"WebSite","@id":"https:\/\/futbolhoy.co\/#website","url":"https:\/\/futbolhoy.co\/","name":"FutbolHoy","description":"","publisher":{"@id":"https:\/\/futbolhoy.co\/#organization"},"potentialAction":[{"@type":"SearchAction","target":{"@type":"EntryPoint","urlTemplate":"https:\/\/futbolhoy.co\/?s={search_term_string}"},"query-input":{"@type":"PropertyValueSpecification","valueRequired":true,"valueName":"search_term_string"}}],"inLanguage":"es"},{"@type":"Organization","@id":"https:\/\/futbolhoy.co\/#organization","name":"Futbolhoy.co","url":"https:\/\/futbolhoy.co\/","logo":{"@type":"ImageObject","inLanguage":"es","@id":"https:\/\/futbolhoy.co\/#\/schema\/logo\/image\/","url":"https:\/\/futbolhoy.co\/wp-content\/uploads\/2018\/08\/17426380_1906371736249227_6326180412931521141_n.jpg","contentUrl":"https:\/\/futbolhoy.co\/wp-content\/uploads\/2018\/08\/17426380_1906371736249227_6326180412931521141_n.jpg","width":960,"height":960,"caption":"Futbolhoy.co"},"image":{"@id":"https:\/\/futbolhoy.co\/#\/schema\/logo\/image\/"},"sameAs":["https:\/\/www.facebook.com\/FutbolHoyCol\/","https:\/\/x.com\/FutbolHoyCol","https:\/\/www.instagram.com\/futbolhoycol\/"]},{"@type":"Person","@id":"https:\/\/futbolhoy.co\/#\/schema\/person\/c4a353a512b127643723a34bb1812f7d","name":"Laura Hern\u00e1ndez","image":{"@type":"ImageObject","inLanguage":"es","@id":"https:\/\/futbolhoy.co\/#\/schema\/person\/image\/","url":"https:\/\/secure.gravatar.com\/avatar\/d25959a15b9b293a743f99181c7cfd01?s=96&d=mm&r=g","contentUrl":"https:\/\/secure.gravatar.com\/avatar\/d25959a15b9b293a743f99181c7cfd01?s=96&d=mm&r=g","caption":"Laura Hern\u00e1ndez"}}]}},"publishpress_future_action":{"enabled":false,"date":"2026-05-04 07:12:56","action":"change-status","newStatus":"draft","terms":[],"taxonomy":"category","extraData":[]},"publishpress_future_workflow_manual_trigger":{"enabledWorkflows":[]},"_links":{"self":[{"href":"https:\/\/futbolhoy.co\/index.php\/wp-json\/wp\/v2\/posts\/74604","targetHints":{"allow":["GET"]}}],"collection":[{"href":"https:\/\/futbolhoy.co\/index.php\/wp-json\/wp\/v2\/posts"}],"about":[{"href":"https:\/\/futbolhoy.co\/index.php\/wp-json\/wp\/v2\/types\/post"}],"author":[{"embeddable":true,"href":"https:\/\/futbolhoy.co\/index.php\/wp-json\/wp\/v2\/users\/5"}],"replies":[{"embeddable":true,"href":"https:\/\/futbolhoy.co\/index.php\/wp-json\/wp\/v2\/comments?post=74604"}],"version-history":[{"count":1,"href":"https:\/\/futbolhoy.co\/index.php\/wp-json\/wp\/v2\/posts\/74604\/revisions"}],"predecessor-version":[{"id":74607,"href":"https:\/\/futbolhoy.co\/index.php\/wp-json\/wp\/v2\/posts\/74604\/revisions\/74607"}],"wp:featuredmedia":[{"embeddable":true,"href":"https:\/\/futbolhoy.co\/index.php\/wp-json\/wp\/v2\/media\/74606"}],"wp:attachment":[{"href":"https:\/\/futbolhoy.co\/index.php\/wp-json\/wp\/v2\/media?parent=74604"}],"wp:term":[{"taxonomy":"category","embeddable":true,"href":"https:\/\/futbolhoy.co\/index.php\/wp-json\/wp\/v2\/categories?post=74604"},{"taxonomy":"post_tag","embeddable":true,"href":"https:\/\/futbolhoy.co\/index.php\/wp-json\/wp\/v2\/tags?post=74604"}],"curies":[{"name":"wp","href":"https:\/\/api.w.org\/{rel}","templated":true}]}}