{"id":74608,"date":"2022-01-18T08:00:28","date_gmt":"2022-01-18T13:00:28","guid":{"rendered":"https:\/\/futbolhoy.co\/?p=74608"},"modified":"2022-01-18T16:58:14","modified_gmt":"2022-01-18T21:58:14","slug":"murio-legendaria-figura-espanola","status":"publish","type":"post","link":"https:\/\/futbolhoy.co\/index.php\/2022\/01\/18\/murio-legendaria-figura-espanola\/","title":{"rendered":"Muri\u00f3 legendaria figura espa\u00f1ola"},"content":{"rendered":"<p style=\"text-align: justify;\"><span style=\"font-family: helvetica, arial, sans-serif;\">El <strong>Real Madrid<\/strong> confirm\u00f3 el fallecimiento del m\u00edtico <strong>Paco Gento<\/strong>, \u00fanico jugador de la historia en haber ganado seis Copas de Europa.<\/span><\/p>\n<p style=\"text-align: justify;\"><span style=\"font-family: helvetica, arial, sans-serif;\"><strong>Gento,<\/strong> conocido como la &#8216;Galerna del Cant\u00e1brico&#8217;, jug\u00f3 18 temporadas en el Real Madrid entre 1953 y 1971. El extremo izquierdo ha sido el jugador que m\u00e1s t\u00edtulos ha ganado con el equipo: 23 trofeos.<\/span><\/p>\n<p style=\"text-align: justify;\"><span style=\"font-family: helvetica, arial, sans-serif;\">Adem\u00e1s, conquist\u00f3 12 Ligas, 2 Copas de Espa\u00f1a, 1 Copa Intercontinental, 1 Peque\u00f1a Copa del Mundo y 2 Copas Latinas.<\/span><\/p>\n<p style=\"text-align: justify;\"><span style=\"font-family: helvetica, arial, sans-serif;\"><strong>Gento<\/strong>, que jug\u00f3 600 partidos y marc\u00f3 182 goles, fue uno de las principales figuras del <strong>Real Madrid<\/strong> de los a\u00f1os 50s y 60s, donde adem\u00e1s estuvieron el argentino<strong> Alfredo Di St\u00e9fano<\/strong> y el franc\u00e9s <strong>Raymond<\/strong> <strong>Kopa<\/strong>.<\/span><\/p>\n<p style=\"text-align: justify;\"><span style=\"font-family: helvetica, arial, sans-serif;\">La legendaria figura tambi\u00e9n particip\u00f3 en 43 partidos con la selecci\u00f3n espa\u00f1ola, con la que disput\u00f3 los Mundiales de 1962 y 1966, y aunque estuvo en las eliminatorias a la <strong>Eurocopa<\/strong> de 1964 no particip\u00f3 en la misma.<\/span><\/p>\n<p style=\"text-align: justify;\"><span style=\"font-family: helvetica, arial, sans-serif;\">\u201cReal Madrid, su presidente y su Junta Directiva lamentan profundamente el fallecimiento de Francisco Gento, presidente de honor del Real Madrid y una de las m\u00e1s grandes leyendas de nuestro club y del f\u00fatbol mundial\u201d, dice la nota de prensa del club.<\/span><\/p>\n<p style=\"text-align: justify;\"><span style=\"font-family: helvetica, arial, sans-serif;\">\u201cLa figura de <strong>Paco Gento<\/strong> representa fielmente todos los valores del Real Madrid, y ha sido y seguir\u00e1 siendo un referente para el madridismo y para el mundo del deporte\u201d, a\u00f1adi\u00f3 la nota.<\/span><\/p>\n","protected":false},"excerpt":{"rendered":"<p>El Real Madrid confirm\u00f3 el fallecimiento del m\u00edtico Paco Gento, \u00fanico jugador de la historia en haber ganado seis Copas de Europa. Gento, conocido como la &#8216;Galerna del Cant\u00e1brico&#8217;, jug\u00f3 18 temporadas en el Real Madrid entre 1953 y 1971. El extremo izquierdo ha sido el jugador que m\u00e1s t\u00edtulos ha ganado con el equipo: [&hellip;]<\/p>\n","protected":false},"author":5,"featured_media":74609,"comment_status":"open","ping_status":"closed","sticky":false,"template":"","format":"standard","meta":{"_acf_changed":false,"footnotes":""},"categories":[152],"tags":[],"class_list":{"0":"post-74608","1":"post","2":"type-post","3":"status-publish","4":"format-standard","5":"has-post-thumbnail","7":"category-mundo-futbol"},"acf":[],"_links":{"self":[{"href":"https:\/\/futbolhoy.co\/index.php\/wp-json\/wp\/v2\/posts\/74608","targetHints":{"allow":["GET"]}}],"collection":[{"href":"https:\/\/futbolhoy.co\/index.php\/wp-json\/wp\/v2\/posts"}],"about":[{"href":"https:\/\/futbolhoy.co\/index.php\/wp-json\/wp\/v2\/types\/post"}],"author":[{"embeddable":true,"href":"https:\/\/futbolhoy.co\/index.php\/wp-json\/wp\/v2\/users\/5"}],"replies":[{"embeddable":true,"href":"https:\/\/futbolhoy.co\/index.php\/wp-json\/wp\/v2\/comments?post=74608"}],"version-history":[{"count":2,"href":"https:\/\/futbolhoy.co\/index.php\/wp-json\/wp\/v2\/posts\/74608\/revisions"}],"predecessor-version":[{"id":74617,"href":"https:\/\/futbolhoy.co\/index.php\/wp-json\/wp\/v2\/posts\/74608\/revisions\/74617"}],"wp:featuredmedia":[{"embeddable":true,"href":"https:\/\/futbolhoy.co\/index.php\/wp-json\/wp\/v2\/media\/74609"}],"wp:attachment":[{"href":"https:\/\/futbolhoy.co\/index.php\/wp-json\/wp\/v2\/media?parent=74608"}],"wp:term":[{"taxonomy":"category","embeddable":true,"href":"https:\/\/futbolhoy.co\/index.php\/wp-json\/wp\/v2\/categories?post=74608"},{"taxonomy":"post_tag","embeddable":true,"href":"https:\/\/futbolhoy.co\/index.php\/wp-json\/wp\/v2\/tags?post=74608"}],"curies":[{"name":"wp","href":"https:\/\/api.w.org\/{rel}","templated":true}]}}