{"id":74620,"date":"2022-01-18T10:18:08","date_gmt":"2022-01-18T15:18:08","guid":{"rendered":"https:\/\/futbolhoy.co\/?p=74620"},"modified":"2022-01-18T18:19:59","modified_gmt":"2022-01-18T23:19:59","slug":"ospina-ya-trabaja-en-el-gimnasio","status":"publish","type":"post","link":"https:\/\/futbolhoy.co\/index.php\/2022\/01\/18\/ospina-ya-trabaja-en-el-gimnasio\/","title":{"rendered":"Ospina ya trabaja en el gimnasio"},"content":{"rendered":"<p style=\"text-align: justify;\"><span style=\"font-family: helvetica, arial, sans-serif;\">El portero antioque\u00f1o <strong>David Ospina<\/strong> adelanta trabajos de recuperaci\u00f3n en el gimnasio, despu\u00e9s de una lesi\u00f3n que sufri\u00f3 en el partido de octavos de final de la <strong>Copa Italia,<\/strong> ante la <strong>Fiorentina.<\/strong><\/span><\/p>\n<p style=\"text-align: justify;\"><span style=\"font-family: helvetica, arial, sans-serif;\">El club, en su reporte m\u00e9dico m\u00e1s reciente, inform\u00f3 que el colombiano y <strong>Lorenzo Insigne<\/strong> adelantan \u201ctrabajo personalizado en el gimnasio y terapias\u201d.<\/span><\/p>\n<p style=\"text-align: justify;\"><span style=\"font-family: helvetica, arial, sans-serif;\"><strong>Ospina<\/strong> sufri\u00f3 \u201cuna contractura del m\u00fasculo gastrocnemio de la pierna izquierda\u201d, durante el juego de <strong>Copa,<\/strong> el pasado jueves. Los m\u00e9dicos que le atienden, no precisaron el tiempo de incapacidad.<\/span><\/p>\n<p style=\"text-align: justify;\"><span style=\"font-family: helvetica, arial, sans-serif;\">El t\u00e9cnico de la selecci\u00f3n <strong>Colombia, Reinaldo Rueda,<\/strong> no lo ha descartado para los encuentros de eliminatorias frente a <strong>Per\u00fa<\/strong> (enero 28) y <strong>Argentina<\/strong> (febrero 1).<\/span><\/p>\n<p style=\"text-align: justify;\"><span style=\"font-family: helvetica, arial, sans-serif;\">\u201cNo hubo ruptura, solo una contractura muy fuerte. Estar\u00e1 en tratamiento. Esperamos que pueda actuar el fin de semana previo a la llegada a la selecci\u00f3n\", dijo el fin de semana el entrenador nacional.<\/span><\/p>\n<p style=\"text-align: justify;\"><span style=\"font-family: helvetica, arial, sans-serif;\"><strong>Rueda<\/strong> anunciar\u00e1 esta semana el grupo de convocados, para las pr\u00f3ximas dos fechas premundialistas de <strong>Conmebol.<\/strong><\/span><\/p>\n<p><img fetchpriority=\"high\" decoding=\"async\" class=\"alignnone wp-image-74621 size-full\" src=\"https:\/\/futbolhoy.co\/wp-content\/uploads\/2022\/01\/Screenshot_1-1.png\" alt=\"\" width=\"592\" height=\"106\" srcset=\"https:\/\/futbolhoy.co\/wp-content\/uploads\/2022\/01\/Screenshot_1-1.png 592w, https:\/\/futbolhoy.co\/wp-content\/uploads\/2022\/01\/Screenshot_1-1-300x54.png 300w, https:\/\/futbolhoy.co\/wp-content\/uploads\/2022\/01\/Screenshot_1-1-128x23.png 128w, https:\/\/futbolhoy.co\/wp-content\/uploads\/2022\/01\/Screenshot_1-1-32x6.png 32w\" sizes=\"(max-width: 592px) 100vw, 592px\" \/><\/p>\n","protected":false},"excerpt":{"rendered":"<p>El portero antioque\u00f1o David Ospina adelanta trabajos de recuperaci\u00f3n en el gimnasio, despu\u00e9s de una lesi\u00f3n que sufri\u00f3 en el partido de octavos de final de la Copa Italia, ante la Fiorentina. El club, en su reporte m\u00e9dico m\u00e1s reciente, inform\u00f3 que el colombiano y Lorenzo Insigne adelantan \u201ctrabajo personalizado en el gimnasio y terapias\u201d. [&hellip;]<\/p>\n","protected":false},"author":5,"featured_media":74622,"comment_status":"open","ping_status":"open","sticky":false,"template":"","format":"standard","meta":{"_acf_changed":false,"footnotes":""},"categories":[418],"tags":[],"class_list":{"0":"post-74620","1":"post","2":"type-post","3":"status-publish","4":"format-standard","5":"has-post-thumbnail","7":"category-colombia"},"acf":[],"yoast_head":"<!-- This site is optimized with the Yoast SEO plugin v26.8 - https:\/\/yoast.com\/product\/yoast-seo-wordpress\/ -->\n<title>Ospina ya trabaja en el gimnasio -<\/title>\n<meta name=\"description\" content=\"Ospina ya trabaja en el gimnasio Ospina ya trabaja en el gimnasio Colombia -\" \/>\n<meta name=\"robots\" content=\"index, follow, max-snippet:-1, max-image-preview:large, max-video-preview:-1\" \/>\n<link rel=\"canonical\" href=\"https:\/\/futbolhoy.co\/index.php\/2022\/01\/18\/ospina-ya-trabaja-en-el-gimnasio\/\" \/>\n<meta property=\"og:locale\" content=\"es_ES\" \/>\n<meta property=\"og:type\" content=\"article\" \/>\n<meta property=\"og:title\" content=\"Ospina ya trabaja en el gimnasio -\" \/>\n<meta property=\"og:description\" content=\"Ospina ya trabaja en el gimnasio Ospina ya trabaja en el gimnasio Colombia -\" \/>\n<meta property=\"og:url\" content=\"https:\/\/futbolhoy.co\/index.php\/2022\/01\/18\/ospina-ya-trabaja-en-el-gimnasio\/\" \/>\n<meta property=\"article:publisher\" content=\"https:\/\/www.facebook.com\/FutbolHoyCol\/\" \/>\n<meta property=\"article:published_time\" content=\"2022-01-18T15:18:08+00:00\" \/>\n<meta property=\"article:modified_time\" content=\"2022-01-18T23:19:59+00:00\" \/>\n<meta property=\"og:image\" content=\"https:\/\/futbolhoy.co\/wp-content\/uploads\/2022\/01\/FI_72GdWQAcPPDY.jpg\" \/>\n\t<meta property=\"og:image:width\" content=\"680\" \/>\n\t<meta property=\"og:image:height\" content=\"408\" \/>\n\t<meta property=\"og:image:type\" content=\"image\/jpeg\" \/>\n<meta name=\"author\" content=\"Laura Hern\u00e1ndez\" \/>\n<meta name=\"twitter:card\" content=\"summary_large_image\" \/>\n<meta name=\"twitter:creator\" content=\"@FutbolHoyCol\" \/>\n<meta name=\"twitter:site\" content=\"@FutbolHoyCol\" \/>\n<meta name=\"twitter:label1\" content=\"Escrito por\" \/>\n\t<meta name=\"twitter:data1\" content=\"Laura Hern\u00e1ndez\" \/>\n\t<meta name=\"twitter:label2\" content=\"Tiempo de lectura\" \/>\n\t<meta name=\"twitter:data2\" content=\"1 minuto\" \/>\n<script type=\"application\/ld+json\" class=\"yoast-schema-graph\">{\"@context\":\"https:\/\/schema.org\",\"@graph\":[{\"@type\":\"Article\",\"@id\":\"https:\/\/futbolhoy.co\/index.php\/2022\/01\/18\/ospina-ya-trabaja-en-el-gimnasio\/#article\",\"isPartOf\":{\"@id\":\"https:\/\/futbolhoy.co\/index.php\/2022\/01\/18\/ospina-ya-trabaja-en-el-gimnasio\/\"},\"author\":{\"name\":\"Laura Hern\u00e1ndez\",\"@id\":\"https:\/\/futbolhoy.co\/#\/schema\/person\/c4a353a512b127643723a34bb1812f7d\"},\"headline\":\"Ospina ya trabaja en el gimnasio\",\"datePublished\":\"2022-01-18T15:18:08+00:00\",\"dateModified\":\"2022-01-18T23:19:59+00:00\",\"mainEntityOfPage\":{\"@id\":\"https:\/\/futbolhoy.co\/index.php\/2022\/01\/18\/ospina-ya-trabaja-en-el-gimnasio\/\"},\"wordCount\":177,\"commentCount\":0,\"publisher\":{\"@id\":\"https:\/\/futbolhoy.co\/#organization\"},\"image\":{\"@id\":\"https:\/\/futbolhoy.co\/index.php\/2022\/01\/18\/ospina-ya-trabaja-en-el-gimnasio\/#primaryimage\"},\"thumbnailUrl\":\"https:\/\/futbolhoy.co\/wp-content\/uploads\/2022\/01\/FI_72GdWQAcPPDY.jpg\",\"articleSection\":[\"Colombia\"],\"inLanguage\":\"es\",\"potentialAction\":[{\"@type\":\"CommentAction\",\"name\":\"Comment\",\"target\":[\"https:\/\/futbolhoy.co\/index.php\/2022\/01\/18\/ospina-ya-trabaja-en-el-gimnasio\/#respond\"]}]},{\"@type\":\"WebPage\",\"@id\":\"https:\/\/futbolhoy.co\/index.php\/2022\/01\/18\/ospina-ya-trabaja-en-el-gimnasio\/\",\"url\":\"https:\/\/futbolhoy.co\/index.php\/2022\/01\/18\/ospina-ya-trabaja-en-el-gimnasio\/\",\"name\":\"Ospina ya trabaja en el gimnasio -\",\"isPartOf\":{\"@id\":\"https:\/\/futbolhoy.co\/#website\"},\"primaryImageOfPage\":{\"@id\":\"https:\/\/futbolhoy.co\/index.php\/2022\/01\/18\/ospina-ya-trabaja-en-el-gimnasio\/#primaryimage\"},\"image\":{\"@id\":\"https:\/\/futbolhoy.co\/index.php\/2022\/01\/18\/ospina-ya-trabaja-en-el-gimnasio\/#primaryimage\"},\"thumbnailUrl\":\"https:\/\/futbolhoy.co\/wp-content\/uploads\/2022\/01\/FI_72GdWQAcPPDY.jpg\",\"datePublished\":\"2022-01-18T15:18:08+00:00\",\"dateModified\":\"2022-01-18T23:19:59+00:00\",\"description\":\"Ospina ya trabaja en el gimnasio Ospina ya trabaja en el gimnasio Colombia -\",\"breadcrumb\":{\"@id\":\"https:\/\/futbolhoy.co\/index.php\/2022\/01\/18\/ospina-ya-trabaja-en-el-gimnasio\/#breadcrumb\"},\"inLanguage\":\"es\",\"potentialAction\":[{\"@type\":\"ReadAction\",\"target\":[\"https:\/\/futbolhoy.co\/index.php\/2022\/01\/18\/ospina-ya-trabaja-en-el-gimnasio\/\"]}]},{\"@type\":\"ImageObject\",\"inLanguage\":\"es\",\"@id\":\"https:\/\/futbolhoy.co\/index.php\/2022\/01\/18\/ospina-ya-trabaja-en-el-gimnasio\/#primaryimage\",\"url\":\"https:\/\/futbolhoy.co\/wp-content\/uploads\/2022\/01\/FI_72GdWQAcPPDY.jpg\",\"contentUrl\":\"https:\/\/futbolhoy.co\/wp-content\/uploads\/2022\/01\/FI_72GdWQAcPPDY.jpg\",\"width\":680,\"height\":408},{\"@type\":\"BreadcrumbList\",\"@id\":\"https:\/\/futbolhoy.co\/index.php\/2022\/01\/18\/ospina-ya-trabaja-en-el-gimnasio\/#breadcrumb\",\"itemListElement\":[{\"@type\":\"ListItem\",\"position\":1,\"name\":\"Portada\",\"item\":\"https:\/\/futbolhoy.co\/\"},{\"@type\":\"ListItem\",\"position\":2,\"name\":\"Ospina ya trabaja en el gimnasio\"}]},{\"@type\":\"WebSite\",\"@id\":\"https:\/\/futbolhoy.co\/#website\",\"url\":\"https:\/\/futbolhoy.co\/\",\"name\":\"FutbolHoy\",\"description\":\"\",\"publisher\":{\"@id\":\"https:\/\/futbolhoy.co\/#organization\"},\"potentialAction\":[{\"@type\":\"SearchAction\",\"target\":{\"@type\":\"EntryPoint\",\"urlTemplate\":\"https:\/\/futbolhoy.co\/?s={search_term_string}\"},\"query-input\":{\"@type\":\"PropertyValueSpecification\",\"valueRequired\":true,\"valueName\":\"search_term_string\"}}],\"inLanguage\":\"es\"},{\"@type\":\"Organization\",\"@id\":\"https:\/\/futbolhoy.co\/#organization\",\"name\":\"Futbolhoy.co\",\"url\":\"https:\/\/futbolhoy.co\/\",\"logo\":{\"@type\":\"ImageObject\",\"inLanguage\":\"es\",\"@id\":\"https:\/\/futbolhoy.co\/#\/schema\/logo\/image\/\",\"url\":\"https:\/\/futbolhoy.co\/wp-content\/uploads\/2018\/08\/17426380_1906371736249227_6326180412931521141_n.jpg\",\"contentUrl\":\"https:\/\/futbolhoy.co\/wp-content\/uploads\/2018\/08\/17426380_1906371736249227_6326180412931521141_n.jpg\",\"width\":960,\"height\":960,\"caption\":\"Futbolhoy.co\"},\"image\":{\"@id\":\"https:\/\/futbolhoy.co\/#\/schema\/logo\/image\/\"},\"sameAs\":[\"https:\/\/www.facebook.com\/FutbolHoyCol\/\",\"https:\/\/x.com\/FutbolHoyCol\",\"https:\/\/www.instagram.com\/futbolhoycol\/\"]},{\"@type\":\"Person\",\"@id\":\"https:\/\/futbolhoy.co\/#\/schema\/person\/c4a353a512b127643723a34bb1812f7d\",\"name\":\"Laura Hern\u00e1ndez\",\"image\":{\"@type\":\"ImageObject\",\"inLanguage\":\"es\",\"@id\":\"https:\/\/futbolhoy.co\/#\/schema\/person\/image\/\",\"url\":\"https:\/\/secure.gravatar.com\/avatar\/d25959a15b9b293a743f99181c7cfd01?s=96&d=mm&r=g\",\"contentUrl\":\"https:\/\/secure.gravatar.com\/avatar\/d25959a15b9b293a743f99181c7cfd01?s=96&d=mm&r=g\",\"caption\":\"Laura Hern\u00e1ndez\"}}]}<\/script>\n<!-- \/ Yoast SEO plugin. -->","yoast_head_json":{"title":"Ospina ya trabaja en el gimnasio -","description":"Ospina ya trabaja en el gimnasio Ospina ya trabaja en el gimnasio Colombia -","robots":{"index":"index","follow":"follow","max-snippet":"max-snippet:-1","max-image-preview":"max-image-preview:large","max-video-preview":"max-video-preview:-1"},"canonical":"https:\/\/futbolhoy.co\/index.php\/2022\/01\/18\/ospina-ya-trabaja-en-el-gimnasio\/","og_locale":"es_ES","og_type":"article","og_title":"Ospina ya trabaja en el gimnasio -","og_description":"Ospina ya trabaja en el gimnasio Ospina ya trabaja en el gimnasio Colombia -","og_url":"https:\/\/futbolhoy.co\/index.php\/2022\/01\/18\/ospina-ya-trabaja-en-el-gimnasio\/","article_publisher":"https:\/\/www.facebook.com\/FutbolHoyCol\/","article_published_time":"2022-01-18T15:18:08+00:00","article_modified_time":"2022-01-18T23:19:59+00:00","og_image":[{"width":680,"height":408,"url":"https:\/\/futbolhoy.co\/wp-content\/uploads\/2022\/01\/FI_72GdWQAcPPDY.jpg","type":"image\/jpeg"}],"author":"Laura Hern\u00e1ndez","twitter_card":"summary_large_image","twitter_creator":"@FutbolHoyCol","twitter_site":"@FutbolHoyCol","twitter_misc":{"Escrito por":"Laura Hern\u00e1ndez","Tiempo de lectura":"1 minuto"},"schema":{"@context":"https:\/\/schema.org","@graph":[{"@type":"Article","@id":"https:\/\/futbolhoy.co\/index.php\/2022\/01\/18\/ospina-ya-trabaja-en-el-gimnasio\/#article","isPartOf":{"@id":"https:\/\/futbolhoy.co\/index.php\/2022\/01\/18\/ospina-ya-trabaja-en-el-gimnasio\/"},"author":{"name":"Laura Hern\u00e1ndez","@id":"https:\/\/futbolhoy.co\/#\/schema\/person\/c4a353a512b127643723a34bb1812f7d"},"headline":"Ospina ya trabaja en el gimnasio","datePublished":"2022-01-18T15:18:08+00:00","dateModified":"2022-01-18T23:19:59+00:00","mainEntityOfPage":{"@id":"https:\/\/futbolhoy.co\/index.php\/2022\/01\/18\/ospina-ya-trabaja-en-el-gimnasio\/"},"wordCount":177,"commentCount":0,"publisher":{"@id":"https:\/\/futbolhoy.co\/#organization"},"image":{"@id":"https:\/\/futbolhoy.co\/index.php\/2022\/01\/18\/ospina-ya-trabaja-en-el-gimnasio\/#primaryimage"},"thumbnailUrl":"https:\/\/futbolhoy.co\/wp-content\/uploads\/2022\/01\/FI_72GdWQAcPPDY.jpg","articleSection":["Colombia"],"inLanguage":"es","potentialAction":[{"@type":"CommentAction","name":"Comment","target":["https:\/\/futbolhoy.co\/index.php\/2022\/01\/18\/ospina-ya-trabaja-en-el-gimnasio\/#respond"]}]},{"@type":"WebPage","@id":"https:\/\/futbolhoy.co\/index.php\/2022\/01\/18\/ospina-ya-trabaja-en-el-gimnasio\/","url":"https:\/\/futbolhoy.co\/index.php\/2022\/01\/18\/ospina-ya-trabaja-en-el-gimnasio\/","name":"Ospina ya trabaja en el gimnasio -","isPartOf":{"@id":"https:\/\/futbolhoy.co\/#website"},"primaryImageOfPage":{"@id":"https:\/\/futbolhoy.co\/index.php\/2022\/01\/18\/ospina-ya-trabaja-en-el-gimnasio\/#primaryimage"},"image":{"@id":"https:\/\/futbolhoy.co\/index.php\/2022\/01\/18\/ospina-ya-trabaja-en-el-gimnasio\/#primaryimage"},"thumbnailUrl":"https:\/\/futbolhoy.co\/wp-content\/uploads\/2022\/01\/FI_72GdWQAcPPDY.jpg","datePublished":"2022-01-18T15:18:08+00:00","dateModified":"2022-01-18T23:19:59+00:00","description":"Ospina ya trabaja en el gimnasio Ospina ya trabaja en el gimnasio Colombia -","breadcrumb":{"@id":"https:\/\/futbolhoy.co\/index.php\/2022\/01\/18\/ospina-ya-trabaja-en-el-gimnasio\/#breadcrumb"},"inLanguage":"es","potentialAction":[{"@type":"ReadAction","target":["https:\/\/futbolhoy.co\/index.php\/2022\/01\/18\/ospina-ya-trabaja-en-el-gimnasio\/"]}]},{"@type":"ImageObject","inLanguage":"es","@id":"https:\/\/futbolhoy.co\/index.php\/2022\/01\/18\/ospina-ya-trabaja-en-el-gimnasio\/#primaryimage","url":"https:\/\/futbolhoy.co\/wp-content\/uploads\/2022\/01\/FI_72GdWQAcPPDY.jpg","contentUrl":"https:\/\/futbolhoy.co\/wp-content\/uploads\/2022\/01\/FI_72GdWQAcPPDY.jpg","width":680,"height":408},{"@type":"BreadcrumbList","@id":"https:\/\/futbolhoy.co\/index.php\/2022\/01\/18\/ospina-ya-trabaja-en-el-gimnasio\/#breadcrumb","itemListElement":[{"@type":"ListItem","position":1,"name":"Portada","item":"https:\/\/futbolhoy.co\/"},{"@type":"ListItem","position":2,"name":"Ospina ya trabaja en el gimnasio"}]},{"@type":"WebSite","@id":"https:\/\/futbolhoy.co\/#website","url":"https:\/\/futbolhoy.co\/","name":"FutbolHoy","description":"","publisher":{"@id":"https:\/\/futbolhoy.co\/#organization"},"potentialAction":[{"@type":"SearchAction","target":{"@type":"EntryPoint","urlTemplate":"https:\/\/futbolhoy.co\/?s={search_term_string}"},"query-input":{"@type":"PropertyValueSpecification","valueRequired":true,"valueName":"search_term_string"}}],"inLanguage":"es"},{"@type":"Organization","@id":"https:\/\/futbolhoy.co\/#organization","name":"Futbolhoy.co","url":"https:\/\/futbolhoy.co\/","logo":{"@type":"ImageObject","inLanguage":"es","@id":"https:\/\/futbolhoy.co\/#\/schema\/logo\/image\/","url":"https:\/\/futbolhoy.co\/wp-content\/uploads\/2018\/08\/17426380_1906371736249227_6326180412931521141_n.jpg","contentUrl":"https:\/\/futbolhoy.co\/wp-content\/uploads\/2018\/08\/17426380_1906371736249227_6326180412931521141_n.jpg","width":960,"height":960,"caption":"Futbolhoy.co"},"image":{"@id":"https:\/\/futbolhoy.co\/#\/schema\/logo\/image\/"},"sameAs":["https:\/\/www.facebook.com\/FutbolHoyCol\/","https:\/\/x.com\/FutbolHoyCol","https:\/\/www.instagram.com\/futbolhoycol\/"]},{"@type":"Person","@id":"https:\/\/futbolhoy.co\/#\/schema\/person\/c4a353a512b127643723a34bb1812f7d","name":"Laura Hern\u00e1ndez","image":{"@type":"ImageObject","inLanguage":"es","@id":"https:\/\/futbolhoy.co\/#\/schema\/person\/image\/","url":"https:\/\/secure.gravatar.com\/avatar\/d25959a15b9b293a743f99181c7cfd01?s=96&d=mm&r=g","contentUrl":"https:\/\/secure.gravatar.com\/avatar\/d25959a15b9b293a743f99181c7cfd01?s=96&d=mm&r=g","caption":"Laura Hern\u00e1ndez"}}]}},"publishpress_future_action":{"enabled":false,"date":"2026-05-06 13:59:59","action":"change-status","newStatus":"draft","terms":[],"taxonomy":"category","extraData":[]},"publishpress_future_workflow_manual_trigger":{"enabledWorkflows":[]},"_links":{"self":[{"href":"https:\/\/futbolhoy.co\/index.php\/wp-json\/wp\/v2\/posts\/74620","targetHints":{"allow":["GET"]}}],"collection":[{"href":"https:\/\/futbolhoy.co\/index.php\/wp-json\/wp\/v2\/posts"}],"about":[{"href":"https:\/\/futbolhoy.co\/index.php\/wp-json\/wp\/v2\/types\/post"}],"author":[{"embeddable":true,"href":"https:\/\/futbolhoy.co\/index.php\/wp-json\/wp\/v2\/users\/5"}],"replies":[{"embeddable":true,"href":"https:\/\/futbolhoy.co\/index.php\/wp-json\/wp\/v2\/comments?post=74620"}],"version-history":[{"count":1,"href":"https:\/\/futbolhoy.co\/index.php\/wp-json\/wp\/v2\/posts\/74620\/revisions"}],"predecessor-version":[{"id":74623,"href":"https:\/\/futbolhoy.co\/index.php\/wp-json\/wp\/v2\/posts\/74620\/revisions\/74623"}],"wp:featuredmedia":[{"embeddable":true,"href":"https:\/\/futbolhoy.co\/index.php\/wp-json\/wp\/v2\/media\/74622"}],"wp:attachment":[{"href":"https:\/\/futbolhoy.co\/index.php\/wp-json\/wp\/v2\/media?parent=74620"}],"wp:term":[{"taxonomy":"category","embeddable":true,"href":"https:\/\/futbolhoy.co\/index.php\/wp-json\/wp\/v2\/categories?post=74620"},{"taxonomy":"post_tag","embeddable":true,"href":"https:\/\/futbolhoy.co\/index.php\/wp-json\/wp\/v2\/tags?post=74620"}],"curies":[{"name":"wp","href":"https:\/\/api.w.org\/{rel}","templated":true}]}}