{"id":74696,"date":"2022-01-20T11:45:31","date_gmt":"2022-01-20T16:45:31","guid":{"rendered":"https:\/\/futbolhoy.co\/?p=74696"},"modified":"2022-01-21T08:18:16","modified_gmt":"2022-01-21T13:18:16","slug":"cuanto-llevan-en-sequia-los-delanteros-de-la-seleccion","status":"publish","type":"post","link":"https:\/\/futbolhoy.co\/index.php\/2022\/01\/20\/cuanto-llevan-en-sequia-los-delanteros-de-la-seleccion\/","title":{"rendered":"\u00bfCu\u00e1nto llevan en sequ\u00eda los delanteros de la Selecci\u00f3n?"},"content":{"rendered":"<p style=\"text-align: justify;\"><span style=\"font-family: helvetica, arial, sans-serif;\">La falta de gol es la gran preocupaci\u00f3n de la <strong>Selecci\u00f3n Colombia<\/strong> de cara a los \u00faltimos cuatro partidos de las <strong>Eliminatorias,<\/strong> donde el combinado nacional no ha marcado en los \u00faltimos cinco juegos.<\/span><\/p>\n<p style=\"text-align: justify;\"><span style=\"font-family: helvetica, arial, sans-serif;\">La sequ\u00eda de los delanteros en el equipo de <strong>Reinaldo Rueda<\/strong> es tal, que el \u00faltimo en festejar un gol fue <strong>Miguel \u00c1ngel Borja,<\/strong> en la victoria 3-1 sobre <strong>Chile,<\/strong> partido en el que tambi\u00e9n convirti\u00f3 por \u00faltima vez <strong>Luis D\u00edaz.<\/strong><\/span><\/p>\n<p style=\"text-align: justify;\"><span style=\"font-family: helvetica, arial, sans-serif;\">La falta de gol de los atacantes es preocupante, que no celebran en la Selecci\u00f3n desde:<\/span><\/p>\n<p style=\"text-align: justify;\"><span style=\"font-family: helvetica, arial, sans-serif;\"><strong>Miguel \u00c1ngel Borja:<\/strong> Cinco meses.<\/span><\/p>\n<p style=\"text-align: justify;\"><span style=\"font-family: helvetica, arial, sans-serif;\"><strong>Luis D\u00edaz:<\/strong> Cinco meses.<\/span><\/p>\n<p style=\"text-align: justify;\"><span style=\"font-family: helvetica, arial, sans-serif;\"><strong>Luis Fernando Muriel:<\/strong> Siete meses.<\/span><\/p>\n<p style=\"text-align: justify;\"><span style=\"font-family: helvetica, arial, sans-serif;\"><strong>Rafael Santos Borr\u00e9:<\/strong> Ocho meses.<\/span><\/p>\n<p style=\"text-align: justify;\"><span style=\"font-family: helvetica, arial, sans-serif;\"><strong>Duv\u00e1n Zapata:<\/strong> 14 meses.<\/span><\/p>\n<p style=\"text-align: justify;\"><span style=\"font-family: helvetica, arial, sans-serif;\"><strong>James Rodr\u00edguez:<\/strong> 14 meses.<\/span><\/p>\n<p style=\"text-align: justify;\"><span style=\"font-family: helvetica, arial, sans-serif;\"><strong>Falcao Garc\u00eda:<\/strong> 15 meses.<\/span><\/p>\n","protected":false},"excerpt":{"rendered":"<p>La falta de gol es la gran preocupaci\u00f3n de la Selecci\u00f3n Colombia de cara a los \u00faltimos cuatro partidos de las Eliminatorias, donde el combinado nacional no ha marcado en los \u00faltimos cinco juegos. La sequ\u00eda de los delanteros en el equipo de Reinaldo Rueda es tal, que el \u00faltimo en festejar un gol fue [&hellip;]<\/p>\n","protected":false},"author":5,"featured_media":56368,"comment_status":"open","ping_status":"open","sticky":false,"template":"","format":"standard","meta":{"_acf_changed":false,"footnotes":""},"categories":[418],"tags":[127],"class_list":{"0":"post-74696","1":"post","2":"type-post","3":"status-publish","4":"format-standard","5":"has-post-thumbnail","7":"category-colombia","8":"tag-seleccion-colombia"},"acf":[],"yoast_head":"<!-- This site is optimized with the Yoast SEO plugin v26.8 - https:\/\/yoast.com\/product\/yoast-seo-wordpress\/ -->\n<title>\u00bfCu\u00e1nto llevan en sequ\u00eda los delanteros de la Selecci\u00f3n? -<\/title>\n<meta name=\"robots\" content=\"index, follow, max-snippet:-1, max-image-preview:large, max-video-preview:-1\" \/>\n<link rel=\"canonical\" href=\"https:\/\/futbolhoy.co\/index.php\/2022\/01\/20\/cuanto-llevan-en-sequia-los-delanteros-de-la-seleccion\/\" \/>\n<meta property=\"og:locale\" content=\"es_ES\" \/>\n<meta property=\"og:type\" content=\"article\" \/>\n<meta property=\"og:title\" content=\"\u00bfCu\u00e1nto llevan en sequ\u00eda los delanteros de la Selecci\u00f3n? -\" \/>\n<meta property=\"og:description\" content=\"La falta de gol es la gran preocupaci\u00f3n de la Selecci\u00f3n Colombia de cara a los \u00faltimos cuatro partidos de las Eliminatorias, donde el combinado nacional no ha marcado en los \u00faltimos cinco juegos. La sequ\u00eda de los delanteros en el equipo de Reinaldo Rueda es tal, que el \u00faltimo en festejar un gol fue [&hellip;]\" \/>\n<meta property=\"og:url\" content=\"https:\/\/futbolhoy.co\/index.php\/2022\/01\/20\/cuanto-llevan-en-sequia-los-delanteros-de-la-seleccion\/\" \/>\n<meta property=\"article:publisher\" content=\"https:\/\/www.facebook.com\/FutbolHoyCol\/\" \/>\n<meta property=\"article:published_time\" content=\"2022-01-20T16:45:31+00:00\" \/>\n<meta property=\"article:modified_time\" content=\"2022-01-21T13:18:16+00:00\" \/>\n<meta property=\"og:image\" content=\"https:\/\/futbolhoy.co\/wp-content\/uploads\/2020\/10\/Falcao-scaled.jpg\" \/>\n\t<meta property=\"og:image:width\" content=\"2560\" \/>\n\t<meta property=\"og:image:height\" content=\"1711\" \/>\n\t<meta property=\"og:image:type\" content=\"image\/jpeg\" \/>\n<meta name=\"author\" content=\"Laura Hern\u00e1ndez\" \/>\n<meta name=\"twitter:card\" content=\"summary_large_image\" \/>\n<meta name=\"twitter:creator\" content=\"@FutbolHoyCol\" \/>\n<meta name=\"twitter:site\" content=\"@FutbolHoyCol\" \/>\n<meta name=\"twitter:label1\" content=\"Escrito por\" \/>\n\t<meta name=\"twitter:data1\" content=\"Laura Hern\u00e1ndez\" \/>\n\t<meta name=\"twitter:label2\" content=\"Tiempo de lectura\" \/>\n\t<meta name=\"twitter:data2\" content=\"1 minuto\" \/>\n<script type=\"application\/ld+json\" class=\"yoast-schema-graph\">{\"@context\":\"https:\/\/schema.org\",\"@graph\":[{\"@type\":\"Article\",\"@id\":\"https:\/\/futbolhoy.co\/index.php\/2022\/01\/20\/cuanto-llevan-en-sequia-los-delanteros-de-la-seleccion\/#article\",\"isPartOf\":{\"@id\":\"https:\/\/futbolhoy.co\/index.php\/2022\/01\/20\/cuanto-llevan-en-sequia-los-delanteros-de-la-seleccion\/\"},\"author\":{\"name\":\"Laura Hern\u00e1ndez\",\"@id\":\"https:\/\/futbolhoy.co\/#\/schema\/person\/c4a353a512b127643723a34bb1812f7d\"},\"headline\":\"\u00bfCu\u00e1nto llevan en sequ\u00eda los delanteros de la Selecci\u00f3n?\",\"datePublished\":\"2022-01-20T16:45:31+00:00\",\"dateModified\":\"2022-01-21T13:18:16+00:00\",\"mainEntityOfPage\":{\"@id\":\"https:\/\/futbolhoy.co\/index.php\/2022\/01\/20\/cuanto-llevan-en-sequia-los-delanteros-de-la-seleccion\/\"},\"wordCount\":141,\"commentCount\":0,\"publisher\":{\"@id\":\"https:\/\/futbolhoy.co\/#organization\"},\"image\":{\"@id\":\"https:\/\/futbolhoy.co\/index.php\/2022\/01\/20\/cuanto-llevan-en-sequia-los-delanteros-de-la-seleccion\/#primaryimage\"},\"thumbnailUrl\":\"https:\/\/futbolhoy.co\/wp-content\/uploads\/2020\/10\/Falcao-scaled.jpg\",\"keywords\":[\"Selecci\u00f3n Colombia\"],\"articleSection\":[\"Colombia\"],\"inLanguage\":\"es\",\"potentialAction\":[{\"@type\":\"CommentAction\",\"name\":\"Comment\",\"target\":[\"https:\/\/futbolhoy.co\/index.php\/2022\/01\/20\/cuanto-llevan-en-sequia-los-delanteros-de-la-seleccion\/#respond\"]}]},{\"@type\":\"WebPage\",\"@id\":\"https:\/\/futbolhoy.co\/index.php\/2022\/01\/20\/cuanto-llevan-en-sequia-los-delanteros-de-la-seleccion\/\",\"url\":\"https:\/\/futbolhoy.co\/index.php\/2022\/01\/20\/cuanto-llevan-en-sequia-los-delanteros-de-la-seleccion\/\",\"name\":\"\u00bfCu\u00e1nto llevan en sequ\u00eda los delanteros de la Selecci\u00f3n? -\",\"isPartOf\":{\"@id\":\"https:\/\/futbolhoy.co\/#website\"},\"primaryImageOfPage\":{\"@id\":\"https:\/\/futbolhoy.co\/index.php\/2022\/01\/20\/cuanto-llevan-en-sequia-los-delanteros-de-la-seleccion\/#primaryimage\"},\"image\":{\"@id\":\"https:\/\/futbolhoy.co\/index.php\/2022\/01\/20\/cuanto-llevan-en-sequia-los-delanteros-de-la-seleccion\/#primaryimage\"},\"thumbnailUrl\":\"https:\/\/futbolhoy.co\/wp-content\/uploads\/2020\/10\/Falcao-scaled.jpg\",\"datePublished\":\"2022-01-20T16:45:31+00:00\",\"dateModified\":\"2022-01-21T13:18:16+00:00\",\"breadcrumb\":{\"@id\":\"https:\/\/futbolhoy.co\/index.php\/2022\/01\/20\/cuanto-llevan-en-sequia-los-delanteros-de-la-seleccion\/#breadcrumb\"},\"inLanguage\":\"es\",\"potentialAction\":[{\"@type\":\"ReadAction\",\"target\":[\"https:\/\/futbolhoy.co\/index.php\/2022\/01\/20\/cuanto-llevan-en-sequia-los-delanteros-de-la-seleccion\/\"]}]},{\"@type\":\"ImageObject\",\"inLanguage\":\"es\",\"@id\":\"https:\/\/futbolhoy.co\/index.php\/2022\/01\/20\/cuanto-llevan-en-sequia-los-delanteros-de-la-seleccion\/#primaryimage\",\"url\":\"https:\/\/futbolhoy.co\/wp-content\/uploads\/2020\/10\/Falcao-scaled.jpg\",\"contentUrl\":\"https:\/\/futbolhoy.co\/wp-content\/uploads\/2020\/10\/Falcao-scaled.jpg\",\"width\":2560,\"height\":1711,\"caption\":\"Cortes\u00eda: FCF\"},{\"@type\":\"BreadcrumbList\",\"@id\":\"https:\/\/futbolhoy.co\/index.php\/2022\/01\/20\/cuanto-llevan-en-sequia-los-delanteros-de-la-seleccion\/#breadcrumb\",\"itemListElement\":[{\"@type\":\"ListItem\",\"position\":1,\"name\":\"Portada\",\"item\":\"https:\/\/futbolhoy.co\/\"},{\"@type\":\"ListItem\",\"position\":2,\"name\":\"\u00bfCu\u00e1nto llevan en sequ\u00eda los delanteros de la Selecci\u00f3n?\"}]},{\"@type\":\"WebSite\",\"@id\":\"https:\/\/futbolhoy.co\/#website\",\"url\":\"https:\/\/futbolhoy.co\/\",\"name\":\"FutbolHoy\",\"description\":\"\",\"publisher\":{\"@id\":\"https:\/\/futbolhoy.co\/#organization\"},\"potentialAction\":[{\"@type\":\"SearchAction\",\"target\":{\"@type\":\"EntryPoint\",\"urlTemplate\":\"https:\/\/futbolhoy.co\/?s={search_term_string}\"},\"query-input\":{\"@type\":\"PropertyValueSpecification\",\"valueRequired\":true,\"valueName\":\"search_term_string\"}}],\"inLanguage\":\"es\"},{\"@type\":\"Organization\",\"@id\":\"https:\/\/futbolhoy.co\/#organization\",\"name\":\"Futbolhoy.co\",\"url\":\"https:\/\/futbolhoy.co\/\",\"logo\":{\"@type\":\"ImageObject\",\"inLanguage\":\"es\",\"@id\":\"https:\/\/futbolhoy.co\/#\/schema\/logo\/image\/\",\"url\":\"https:\/\/futbolhoy.co\/wp-content\/uploads\/2018\/08\/17426380_1906371736249227_6326180412931521141_n.jpg\",\"contentUrl\":\"https:\/\/futbolhoy.co\/wp-content\/uploads\/2018\/08\/17426380_1906371736249227_6326180412931521141_n.jpg\",\"width\":960,\"height\":960,\"caption\":\"Futbolhoy.co\"},\"image\":{\"@id\":\"https:\/\/futbolhoy.co\/#\/schema\/logo\/image\/\"},\"sameAs\":[\"https:\/\/www.facebook.com\/FutbolHoyCol\/\",\"https:\/\/x.com\/FutbolHoyCol\",\"https:\/\/www.instagram.com\/futbolhoycol\/\"]},{\"@type\":\"Person\",\"@id\":\"https:\/\/futbolhoy.co\/#\/schema\/person\/c4a353a512b127643723a34bb1812f7d\",\"name\":\"Laura Hern\u00e1ndez\",\"image\":{\"@type\":\"ImageObject\",\"inLanguage\":\"es\",\"@id\":\"https:\/\/futbolhoy.co\/#\/schema\/person\/image\/\",\"url\":\"https:\/\/secure.gravatar.com\/avatar\/d25959a15b9b293a743f99181c7cfd01?s=96&d=mm&r=g\",\"contentUrl\":\"https:\/\/secure.gravatar.com\/avatar\/d25959a15b9b293a743f99181c7cfd01?s=96&d=mm&r=g\",\"caption\":\"Laura Hern\u00e1ndez\"}}]}<\/script>\n<!-- \/ Yoast SEO plugin. -->","yoast_head_json":{"title":"\u00bfCu\u00e1nto llevan en sequ\u00eda los delanteros de la Selecci\u00f3n? -","robots":{"index":"index","follow":"follow","max-snippet":"max-snippet:-1","max-image-preview":"max-image-preview:large","max-video-preview":"max-video-preview:-1"},"canonical":"https:\/\/futbolhoy.co\/index.php\/2022\/01\/20\/cuanto-llevan-en-sequia-los-delanteros-de-la-seleccion\/","og_locale":"es_ES","og_type":"article","og_title":"\u00bfCu\u00e1nto llevan en sequ\u00eda los delanteros de la Selecci\u00f3n? -","og_description":"La falta de gol es la gran preocupaci\u00f3n de la Selecci\u00f3n Colombia de cara a los \u00faltimos cuatro partidos de las Eliminatorias, donde el combinado nacional no ha marcado en los \u00faltimos cinco juegos. La sequ\u00eda de los delanteros en el equipo de Reinaldo Rueda es tal, que el \u00faltimo en festejar un gol fue [&hellip;]","og_url":"https:\/\/futbolhoy.co\/index.php\/2022\/01\/20\/cuanto-llevan-en-sequia-los-delanteros-de-la-seleccion\/","article_publisher":"https:\/\/www.facebook.com\/FutbolHoyCol\/","article_published_time":"2022-01-20T16:45:31+00:00","article_modified_time":"2022-01-21T13:18:16+00:00","og_image":[{"width":2560,"height":1711,"url":"https:\/\/futbolhoy.co\/wp-content\/uploads\/2020\/10\/Falcao-scaled.jpg","type":"image\/jpeg"}],"author":"Laura Hern\u00e1ndez","twitter_card":"summary_large_image","twitter_creator":"@FutbolHoyCol","twitter_site":"@FutbolHoyCol","twitter_misc":{"Escrito por":"Laura Hern\u00e1ndez","Tiempo de lectura":"1 minuto"},"schema":{"@context":"https:\/\/schema.org","@graph":[{"@type":"Article","@id":"https:\/\/futbolhoy.co\/index.php\/2022\/01\/20\/cuanto-llevan-en-sequia-los-delanteros-de-la-seleccion\/#article","isPartOf":{"@id":"https:\/\/futbolhoy.co\/index.php\/2022\/01\/20\/cuanto-llevan-en-sequia-los-delanteros-de-la-seleccion\/"},"author":{"name":"Laura Hern\u00e1ndez","@id":"https:\/\/futbolhoy.co\/#\/schema\/person\/c4a353a512b127643723a34bb1812f7d"},"headline":"\u00bfCu\u00e1nto llevan en sequ\u00eda los delanteros de la Selecci\u00f3n?","datePublished":"2022-01-20T16:45:31+00:00","dateModified":"2022-01-21T13:18:16+00:00","mainEntityOfPage":{"@id":"https:\/\/futbolhoy.co\/index.php\/2022\/01\/20\/cuanto-llevan-en-sequia-los-delanteros-de-la-seleccion\/"},"wordCount":141,"commentCount":0,"publisher":{"@id":"https:\/\/futbolhoy.co\/#organization"},"image":{"@id":"https:\/\/futbolhoy.co\/index.php\/2022\/01\/20\/cuanto-llevan-en-sequia-los-delanteros-de-la-seleccion\/#primaryimage"},"thumbnailUrl":"https:\/\/futbolhoy.co\/wp-content\/uploads\/2020\/10\/Falcao-scaled.jpg","keywords":["Selecci\u00f3n Colombia"],"articleSection":["Colombia"],"inLanguage":"es","potentialAction":[{"@type":"CommentAction","name":"Comment","target":["https:\/\/futbolhoy.co\/index.php\/2022\/01\/20\/cuanto-llevan-en-sequia-los-delanteros-de-la-seleccion\/#respond"]}]},{"@type":"WebPage","@id":"https:\/\/futbolhoy.co\/index.php\/2022\/01\/20\/cuanto-llevan-en-sequia-los-delanteros-de-la-seleccion\/","url":"https:\/\/futbolhoy.co\/index.php\/2022\/01\/20\/cuanto-llevan-en-sequia-los-delanteros-de-la-seleccion\/","name":"\u00bfCu\u00e1nto llevan en sequ\u00eda los delanteros de la Selecci\u00f3n? -","isPartOf":{"@id":"https:\/\/futbolhoy.co\/#website"},"primaryImageOfPage":{"@id":"https:\/\/futbolhoy.co\/index.php\/2022\/01\/20\/cuanto-llevan-en-sequia-los-delanteros-de-la-seleccion\/#primaryimage"},"image":{"@id":"https:\/\/futbolhoy.co\/index.php\/2022\/01\/20\/cuanto-llevan-en-sequia-los-delanteros-de-la-seleccion\/#primaryimage"},"thumbnailUrl":"https:\/\/futbolhoy.co\/wp-content\/uploads\/2020\/10\/Falcao-scaled.jpg","datePublished":"2022-01-20T16:45:31+00:00","dateModified":"2022-01-21T13:18:16+00:00","breadcrumb":{"@id":"https:\/\/futbolhoy.co\/index.php\/2022\/01\/20\/cuanto-llevan-en-sequia-los-delanteros-de-la-seleccion\/#breadcrumb"},"inLanguage":"es","potentialAction":[{"@type":"ReadAction","target":["https:\/\/futbolhoy.co\/index.php\/2022\/01\/20\/cuanto-llevan-en-sequia-los-delanteros-de-la-seleccion\/"]}]},{"@type":"ImageObject","inLanguage":"es","@id":"https:\/\/futbolhoy.co\/index.php\/2022\/01\/20\/cuanto-llevan-en-sequia-los-delanteros-de-la-seleccion\/#primaryimage","url":"https:\/\/futbolhoy.co\/wp-content\/uploads\/2020\/10\/Falcao-scaled.jpg","contentUrl":"https:\/\/futbolhoy.co\/wp-content\/uploads\/2020\/10\/Falcao-scaled.jpg","width":2560,"height":1711,"caption":"Cortes\u00eda: FCF"},{"@type":"BreadcrumbList","@id":"https:\/\/futbolhoy.co\/index.php\/2022\/01\/20\/cuanto-llevan-en-sequia-los-delanteros-de-la-seleccion\/#breadcrumb","itemListElement":[{"@type":"ListItem","position":1,"name":"Portada","item":"https:\/\/futbolhoy.co\/"},{"@type":"ListItem","position":2,"name":"\u00bfCu\u00e1nto llevan en sequ\u00eda los delanteros de la Selecci\u00f3n?"}]},{"@type":"WebSite","@id":"https:\/\/futbolhoy.co\/#website","url":"https:\/\/futbolhoy.co\/","name":"FutbolHoy","description":"","publisher":{"@id":"https:\/\/futbolhoy.co\/#organization"},"potentialAction":[{"@type":"SearchAction","target":{"@type":"EntryPoint","urlTemplate":"https:\/\/futbolhoy.co\/?s={search_term_string}"},"query-input":{"@type":"PropertyValueSpecification","valueRequired":true,"valueName":"search_term_string"}}],"inLanguage":"es"},{"@type":"Organization","@id":"https:\/\/futbolhoy.co\/#organization","name":"Futbolhoy.co","url":"https:\/\/futbolhoy.co\/","logo":{"@type":"ImageObject","inLanguage":"es","@id":"https:\/\/futbolhoy.co\/#\/schema\/logo\/image\/","url":"https:\/\/futbolhoy.co\/wp-content\/uploads\/2018\/08\/17426380_1906371736249227_6326180412931521141_n.jpg","contentUrl":"https:\/\/futbolhoy.co\/wp-content\/uploads\/2018\/08\/17426380_1906371736249227_6326180412931521141_n.jpg","width":960,"height":960,"caption":"Futbolhoy.co"},"image":{"@id":"https:\/\/futbolhoy.co\/#\/schema\/logo\/image\/"},"sameAs":["https:\/\/www.facebook.com\/FutbolHoyCol\/","https:\/\/x.com\/FutbolHoyCol","https:\/\/www.instagram.com\/futbolhoycol\/"]},{"@type":"Person","@id":"https:\/\/futbolhoy.co\/#\/schema\/person\/c4a353a512b127643723a34bb1812f7d","name":"Laura Hern\u00e1ndez","image":{"@type":"ImageObject","inLanguage":"es","@id":"https:\/\/futbolhoy.co\/#\/schema\/person\/image\/","url":"https:\/\/secure.gravatar.com\/avatar\/d25959a15b9b293a743f99181c7cfd01?s=96&d=mm&r=g","contentUrl":"https:\/\/secure.gravatar.com\/avatar\/d25959a15b9b293a743f99181c7cfd01?s=96&d=mm&r=g","caption":"Laura Hern\u00e1ndez"}}]}},"publishpress_future_action":{"enabled":false,"date":"2026-05-04 08:27:17","action":"change-status","newStatus":"draft","terms":[],"taxonomy":"category","extraData":[]},"publishpress_future_workflow_manual_trigger":{"enabledWorkflows":[]},"_links":{"self":[{"href":"https:\/\/futbolhoy.co\/index.php\/wp-json\/wp\/v2\/posts\/74696","targetHints":{"allow":["GET"]}}],"collection":[{"href":"https:\/\/futbolhoy.co\/index.php\/wp-json\/wp\/v2\/posts"}],"about":[{"href":"https:\/\/futbolhoy.co\/index.php\/wp-json\/wp\/v2\/types\/post"}],"author":[{"embeddable":true,"href":"https:\/\/futbolhoy.co\/index.php\/wp-json\/wp\/v2\/users\/5"}],"replies":[{"embeddable":true,"href":"https:\/\/futbolhoy.co\/index.php\/wp-json\/wp\/v2\/comments?post=74696"}],"version-history":[{"count":1,"href":"https:\/\/futbolhoy.co\/index.php\/wp-json\/wp\/v2\/posts\/74696\/revisions"}],"predecessor-version":[{"id":74697,"href":"https:\/\/futbolhoy.co\/index.php\/wp-json\/wp\/v2\/posts\/74696\/revisions\/74697"}],"wp:featuredmedia":[{"embeddable":true,"href":"https:\/\/futbolhoy.co\/index.php\/wp-json\/wp\/v2\/media\/56368"}],"wp:attachment":[{"href":"https:\/\/futbolhoy.co\/index.php\/wp-json\/wp\/v2\/media?parent=74696"}],"wp:term":[{"taxonomy":"category","embeddable":true,"href":"https:\/\/futbolhoy.co\/index.php\/wp-json\/wp\/v2\/categories?post=74696"},{"taxonomy":"post_tag","embeddable":true,"href":"https:\/\/futbolhoy.co\/index.php\/wp-json\/wp\/v2\/tags?post=74696"}],"curies":[{"name":"wp","href":"https:\/\/api.w.org\/{rel}","templated":true}]}}