{"id":74806,"date":"2022-01-22T20:00:22","date_gmt":"2022-01-23T01:00:22","guid":{"rendered":"https:\/\/futbolhoy.co\/?p=74806"},"modified":"2022-01-23T07:57:49","modified_gmt":"2022-01-23T12:57:49","slug":"once-caldas-y-union-magdalena-repartieron-puntos","status":"publish","type":"post","link":"https:\/\/futbolhoy.co\/index.php\/2022\/01\/22\/once-caldas-y-union-magdalena-repartieron-puntos\/","title":{"rendered":"Once Caldas y Uni\u00f3n Magdalena repartieron puntos"},"content":{"rendered":"<p style=\"text-align: justify;\"><span lang=\"ES\" style=\"font-family: helvetica, arial, sans-serif;\"><strong>Once Caldas <\/strong>igual\u00f3 1-1 con <strong>Uni\u00f3n Magdalena<\/strong> en su debut de la<strong> Liga BetPlay Dimayor I-2022\u00a0<\/strong>en juego celebrado en el estadio Palogrande de Manizales.<\/span><\/p>\n<p style=\"text-align: justify;\"><span style=\"font-family: helvetica, arial, sans-serif;\"><b>Marcelino Carreazo <\/b>anot\u00f3 su gol 16 en la liga con el \"blanco blanco\" en el minuto 50 aprovechando un rebote en el palo y venciendo al arquero<strong> Ramiro S\u00e1nchez.<\/strong>\u00a0<\/span><\/p>\n<p style=\"text-align: justify;\"><span style=\"font-family: helvetica, arial, sans-serif;\">El empate del \u201ccicl\u00f3n\u201d en su regreso a la primera divisi\u00f3n, lleg\u00f3 por medio de James S\u00e1nchez en el minuto 54 luego de un error del arquero local <strong>Eder Chaux<\/strong>.<\/span><\/p>\n<p style=\"text-align: justify;\"><span style=\"font-family: helvetica, arial, sans-serif;\">El cuadro local pudo aumentar el marcador pero se encontr\u00f3 con una gran actuaci\u00f3n del arquero visitante.\u00a0<\/span><\/p>\n<p style=\"text-align: justify;\"><span style=\"font-family: helvetica, arial, sans-serif;\">Con el resultado\u00a0<strong>Once Caldas<\/strong> sum\u00f3 su primer punto en casa y en la segunda fecha visitar\u00e1 a <strong>Equidad<\/strong>. <strong>Uni\u00f3n Magdalena<\/strong> buscar\u00e1 sumar como local ante <strong>Alianza Petrolera.<\/strong>\u00a0<\/span><\/p>\n","protected":false},"excerpt":{"rendered":"<p>Once Caldas igual\u00f3 1-1 con Uni\u00f3n Magdalena en su debut de la Liga BetPlay Dimayor I-2022\u00a0en juego celebrado en el estadio Palogrande de Manizales. Marcelino Carreazo anot\u00f3 su gol 16 en la liga con el \"blanco blanco\" en el minuto 50 aprovechando un rebote en el palo y venciendo al arquero Ramiro S\u00e1nchez.\u00a0 El empate [&hellip;]<\/p>\n","protected":false},"author":5,"featured_media":74807,"comment_status":"open","ping_status":"open","sticky":false,"template":"","format":"standard","meta":{"_acf_changed":false,"footnotes":""},"categories":[7],"tags":[],"class_list":{"0":"post-74806","1":"post","2":"type-post","3":"status-publish","4":"format-standard","5":"has-post-thumbnail","7":"category-liga-betplay"},"acf":[],"yoast_head":"<!-- This site is optimized with the Yoast SEO plugin v26.8 - https:\/\/yoast.com\/product\/yoast-seo-wordpress\/ -->\n<title>Once Caldas y Uni\u00f3n Magdalena repartieron puntos -<\/title>\n<meta name=\"robots\" content=\"index, follow, max-snippet:-1, max-image-preview:large, max-video-preview:-1\" \/>\n<link rel=\"canonical\" href=\"https:\/\/futbolhoy.co\/index.php\/2022\/01\/22\/once-caldas-y-union-magdalena-repartieron-puntos\/\" \/>\n<meta property=\"og:locale\" content=\"es_ES\" \/>\n<meta property=\"og:type\" content=\"article\" \/>\n<meta property=\"og:title\" content=\"Once Caldas y Uni\u00f3n Magdalena repartieron puntos -\" \/>\n<meta property=\"og:description\" content=\"Once Caldas igual\u00f3 1-1 con Uni\u00f3n Magdalena en su debut de la Liga BetPlay Dimayor I-2022\u00a0en juego celebrado en el estadio Palogrande de Manizales. Marcelino Carreazo anot\u00f3 su gol 16 en la liga con el &quot;blanco blanco&quot; en el minuto 50 aprovechando un rebote en el palo y venciendo al arquero Ramiro S\u00e1nchez.\u00a0 El empate [&hellip;]\" \/>\n<meta property=\"og:url\" content=\"https:\/\/futbolhoy.co\/index.php\/2022\/01\/22\/once-caldas-y-union-magdalena-repartieron-puntos\/\" \/>\n<meta property=\"article:publisher\" content=\"https:\/\/www.facebook.com\/FutbolHoyCol\/\" \/>\n<meta property=\"article:published_time\" content=\"2022-01-23T01:00:22+00:00\" \/>\n<meta property=\"article:modified_time\" content=\"2022-01-23T12:57:49+00:00\" \/>\n<meta property=\"og:image\" content=\"https:\/\/futbolhoy.co\/wp-content\/uploads\/2022\/01\/vWtAuxTU.jpeg\" \/>\n\t<meta property=\"og:image:width\" content=\"2400\" \/>\n\t<meta property=\"og:image:height\" content=\"1560\" \/>\n\t<meta property=\"og:image:type\" content=\"image\/jpeg\" \/>\n<meta name=\"author\" content=\"Laura Hern\u00e1ndez\" \/>\n<meta name=\"twitter:card\" content=\"summary_large_image\" \/>\n<meta name=\"twitter:creator\" content=\"@FutbolHoyCol\" \/>\n<meta name=\"twitter:site\" content=\"@FutbolHoyCol\" \/>\n<meta name=\"twitter:label1\" content=\"Escrito por\" \/>\n\t<meta name=\"twitter:data1\" content=\"Laura Hern\u00e1ndez\" \/>\n\t<meta name=\"twitter:label2\" content=\"Tiempo de lectura\" \/>\n\t<meta name=\"twitter:data2\" content=\"1 minuto\" \/>\n<script type=\"application\/ld+json\" class=\"yoast-schema-graph\">{\"@context\":\"https:\/\/schema.org\",\"@graph\":[{\"@type\":\"Article\",\"@id\":\"https:\/\/futbolhoy.co\/index.php\/2022\/01\/22\/once-caldas-y-union-magdalena-repartieron-puntos\/#article\",\"isPartOf\":{\"@id\":\"https:\/\/futbolhoy.co\/index.php\/2022\/01\/22\/once-caldas-y-union-magdalena-repartieron-puntos\/\"},\"author\":{\"name\":\"Laura Hern\u00e1ndez\",\"@id\":\"https:\/\/futbolhoy.co\/#\/schema\/person\/c4a353a512b127643723a34bb1812f7d\"},\"headline\":\"Once Caldas y Uni\u00f3n Magdalena repartieron puntos\",\"datePublished\":\"2022-01-23T01:00:22+00:00\",\"dateModified\":\"2022-01-23T12:57:49+00:00\",\"mainEntityOfPage\":{\"@id\":\"https:\/\/futbolhoy.co\/index.php\/2022\/01\/22\/once-caldas-y-union-magdalena-repartieron-puntos\/\"},\"wordCount\":141,\"commentCount\":0,\"publisher\":{\"@id\":\"https:\/\/futbolhoy.co\/#organization\"},\"image\":{\"@id\":\"https:\/\/futbolhoy.co\/index.php\/2022\/01\/22\/once-caldas-y-union-magdalena-repartieron-puntos\/#primaryimage\"},\"thumbnailUrl\":\"https:\/\/futbolhoy.co\/wp-content\/uploads\/2022\/01\/vWtAuxTU.jpeg\",\"articleSection\":[\"Liga BetPlay\"],\"inLanguage\":\"es\",\"potentialAction\":[{\"@type\":\"CommentAction\",\"name\":\"Comment\",\"target\":[\"https:\/\/futbolhoy.co\/index.php\/2022\/01\/22\/once-caldas-y-union-magdalena-repartieron-puntos\/#respond\"]}]},{\"@type\":\"WebPage\",\"@id\":\"https:\/\/futbolhoy.co\/index.php\/2022\/01\/22\/once-caldas-y-union-magdalena-repartieron-puntos\/\",\"url\":\"https:\/\/futbolhoy.co\/index.php\/2022\/01\/22\/once-caldas-y-union-magdalena-repartieron-puntos\/\",\"name\":\"Once Caldas y Uni\u00f3n Magdalena repartieron puntos -\",\"isPartOf\":{\"@id\":\"https:\/\/futbolhoy.co\/#website\"},\"primaryImageOfPage\":{\"@id\":\"https:\/\/futbolhoy.co\/index.php\/2022\/01\/22\/once-caldas-y-union-magdalena-repartieron-puntos\/#primaryimage\"},\"image\":{\"@id\":\"https:\/\/futbolhoy.co\/index.php\/2022\/01\/22\/once-caldas-y-union-magdalena-repartieron-puntos\/#primaryimage\"},\"thumbnailUrl\":\"https:\/\/futbolhoy.co\/wp-content\/uploads\/2022\/01\/vWtAuxTU.jpeg\",\"datePublished\":\"2022-01-23T01:00:22+00:00\",\"dateModified\":\"2022-01-23T12:57:49+00:00\",\"breadcrumb\":{\"@id\":\"https:\/\/futbolhoy.co\/index.php\/2022\/01\/22\/once-caldas-y-union-magdalena-repartieron-puntos\/#breadcrumb\"},\"inLanguage\":\"es\",\"potentialAction\":[{\"@type\":\"ReadAction\",\"target\":[\"https:\/\/futbolhoy.co\/index.php\/2022\/01\/22\/once-caldas-y-union-magdalena-repartieron-puntos\/\"]}]},{\"@type\":\"ImageObject\",\"inLanguage\":\"es\",\"@id\":\"https:\/\/futbolhoy.co\/index.php\/2022\/01\/22\/once-caldas-y-union-magdalena-repartieron-puntos\/#primaryimage\",\"url\":\"https:\/\/futbolhoy.co\/wp-content\/uploads\/2022\/01\/vWtAuxTU.jpeg\",\"contentUrl\":\"https:\/\/futbolhoy.co\/wp-content\/uploads\/2022\/01\/vWtAuxTU.jpeg\",\"width\":2400,\"height\":1560},{\"@type\":\"BreadcrumbList\",\"@id\":\"https:\/\/futbolhoy.co\/index.php\/2022\/01\/22\/once-caldas-y-union-magdalena-repartieron-puntos\/#breadcrumb\",\"itemListElement\":[{\"@type\":\"ListItem\",\"position\":1,\"name\":\"Portada\",\"item\":\"https:\/\/futbolhoy.co\/\"},{\"@type\":\"ListItem\",\"position\":2,\"name\":\"Once Caldas y Uni\u00f3n Magdalena repartieron puntos\"}]},{\"@type\":\"WebSite\",\"@id\":\"https:\/\/futbolhoy.co\/#website\",\"url\":\"https:\/\/futbolhoy.co\/\",\"name\":\"FutbolHoy\",\"description\":\"\",\"publisher\":{\"@id\":\"https:\/\/futbolhoy.co\/#organization\"},\"potentialAction\":[{\"@type\":\"SearchAction\",\"target\":{\"@type\":\"EntryPoint\",\"urlTemplate\":\"https:\/\/futbolhoy.co\/?s={search_term_string}\"},\"query-input\":{\"@type\":\"PropertyValueSpecification\",\"valueRequired\":true,\"valueName\":\"search_term_string\"}}],\"inLanguage\":\"es\"},{\"@type\":\"Organization\",\"@id\":\"https:\/\/futbolhoy.co\/#organization\",\"name\":\"Futbolhoy.co\",\"url\":\"https:\/\/futbolhoy.co\/\",\"logo\":{\"@type\":\"ImageObject\",\"inLanguage\":\"es\",\"@id\":\"https:\/\/futbolhoy.co\/#\/schema\/logo\/image\/\",\"url\":\"https:\/\/futbolhoy.co\/wp-content\/uploads\/2018\/08\/17426380_1906371736249227_6326180412931521141_n.jpg\",\"contentUrl\":\"https:\/\/futbolhoy.co\/wp-content\/uploads\/2018\/08\/17426380_1906371736249227_6326180412931521141_n.jpg\",\"width\":960,\"height\":960,\"caption\":\"Futbolhoy.co\"},\"image\":{\"@id\":\"https:\/\/futbolhoy.co\/#\/schema\/logo\/image\/\"},\"sameAs\":[\"https:\/\/www.facebook.com\/FutbolHoyCol\/\",\"https:\/\/x.com\/FutbolHoyCol\",\"https:\/\/www.instagram.com\/futbolhoycol\/\"]},{\"@type\":\"Person\",\"@id\":\"https:\/\/futbolhoy.co\/#\/schema\/person\/c4a353a512b127643723a34bb1812f7d\",\"name\":\"Laura Hern\u00e1ndez\",\"image\":{\"@type\":\"ImageObject\",\"inLanguage\":\"es\",\"@id\":\"https:\/\/futbolhoy.co\/#\/schema\/person\/image\/\",\"url\":\"https:\/\/secure.gravatar.com\/avatar\/d25959a15b9b293a743f99181c7cfd01?s=96&d=mm&r=g\",\"contentUrl\":\"https:\/\/secure.gravatar.com\/avatar\/d25959a15b9b293a743f99181c7cfd01?s=96&d=mm&r=g\",\"caption\":\"Laura Hern\u00e1ndez\"}}]}<\/script>\n<!-- \/ Yoast SEO plugin. -->","yoast_head_json":{"title":"Once Caldas y Uni\u00f3n Magdalena repartieron puntos -","robots":{"index":"index","follow":"follow","max-snippet":"max-snippet:-1","max-image-preview":"max-image-preview:large","max-video-preview":"max-video-preview:-1"},"canonical":"https:\/\/futbolhoy.co\/index.php\/2022\/01\/22\/once-caldas-y-union-magdalena-repartieron-puntos\/","og_locale":"es_ES","og_type":"article","og_title":"Once Caldas y Uni\u00f3n Magdalena repartieron puntos -","og_description":"Once Caldas igual\u00f3 1-1 con Uni\u00f3n Magdalena en su debut de la Liga BetPlay Dimayor I-2022\u00a0en juego celebrado en el estadio Palogrande de Manizales. Marcelino Carreazo anot\u00f3 su gol 16 en la liga con el \"blanco blanco\" en el minuto 50 aprovechando un rebote en el palo y venciendo al arquero Ramiro S\u00e1nchez.\u00a0 El empate [&hellip;]","og_url":"https:\/\/futbolhoy.co\/index.php\/2022\/01\/22\/once-caldas-y-union-magdalena-repartieron-puntos\/","article_publisher":"https:\/\/www.facebook.com\/FutbolHoyCol\/","article_published_time":"2022-01-23T01:00:22+00:00","article_modified_time":"2022-01-23T12:57:49+00:00","og_image":[{"width":2400,"height":1560,"url":"https:\/\/futbolhoy.co\/wp-content\/uploads\/2022\/01\/vWtAuxTU.jpeg","type":"image\/jpeg"}],"author":"Laura Hern\u00e1ndez","twitter_card":"summary_large_image","twitter_creator":"@FutbolHoyCol","twitter_site":"@FutbolHoyCol","twitter_misc":{"Escrito por":"Laura Hern\u00e1ndez","Tiempo de lectura":"1 minuto"},"schema":{"@context":"https:\/\/schema.org","@graph":[{"@type":"Article","@id":"https:\/\/futbolhoy.co\/index.php\/2022\/01\/22\/once-caldas-y-union-magdalena-repartieron-puntos\/#article","isPartOf":{"@id":"https:\/\/futbolhoy.co\/index.php\/2022\/01\/22\/once-caldas-y-union-magdalena-repartieron-puntos\/"},"author":{"name":"Laura Hern\u00e1ndez","@id":"https:\/\/futbolhoy.co\/#\/schema\/person\/c4a353a512b127643723a34bb1812f7d"},"headline":"Once Caldas y Uni\u00f3n Magdalena repartieron puntos","datePublished":"2022-01-23T01:00:22+00:00","dateModified":"2022-01-23T12:57:49+00:00","mainEntityOfPage":{"@id":"https:\/\/futbolhoy.co\/index.php\/2022\/01\/22\/once-caldas-y-union-magdalena-repartieron-puntos\/"},"wordCount":141,"commentCount":0,"publisher":{"@id":"https:\/\/futbolhoy.co\/#organization"},"image":{"@id":"https:\/\/futbolhoy.co\/index.php\/2022\/01\/22\/once-caldas-y-union-magdalena-repartieron-puntos\/#primaryimage"},"thumbnailUrl":"https:\/\/futbolhoy.co\/wp-content\/uploads\/2022\/01\/vWtAuxTU.jpeg","articleSection":["Liga BetPlay"],"inLanguage":"es","potentialAction":[{"@type":"CommentAction","name":"Comment","target":["https:\/\/futbolhoy.co\/index.php\/2022\/01\/22\/once-caldas-y-union-magdalena-repartieron-puntos\/#respond"]}]},{"@type":"WebPage","@id":"https:\/\/futbolhoy.co\/index.php\/2022\/01\/22\/once-caldas-y-union-magdalena-repartieron-puntos\/","url":"https:\/\/futbolhoy.co\/index.php\/2022\/01\/22\/once-caldas-y-union-magdalena-repartieron-puntos\/","name":"Once Caldas y Uni\u00f3n Magdalena repartieron puntos -","isPartOf":{"@id":"https:\/\/futbolhoy.co\/#website"},"primaryImageOfPage":{"@id":"https:\/\/futbolhoy.co\/index.php\/2022\/01\/22\/once-caldas-y-union-magdalena-repartieron-puntos\/#primaryimage"},"image":{"@id":"https:\/\/futbolhoy.co\/index.php\/2022\/01\/22\/once-caldas-y-union-magdalena-repartieron-puntos\/#primaryimage"},"thumbnailUrl":"https:\/\/futbolhoy.co\/wp-content\/uploads\/2022\/01\/vWtAuxTU.jpeg","datePublished":"2022-01-23T01:00:22+00:00","dateModified":"2022-01-23T12:57:49+00:00","breadcrumb":{"@id":"https:\/\/futbolhoy.co\/index.php\/2022\/01\/22\/once-caldas-y-union-magdalena-repartieron-puntos\/#breadcrumb"},"inLanguage":"es","potentialAction":[{"@type":"ReadAction","target":["https:\/\/futbolhoy.co\/index.php\/2022\/01\/22\/once-caldas-y-union-magdalena-repartieron-puntos\/"]}]},{"@type":"ImageObject","inLanguage":"es","@id":"https:\/\/futbolhoy.co\/index.php\/2022\/01\/22\/once-caldas-y-union-magdalena-repartieron-puntos\/#primaryimage","url":"https:\/\/futbolhoy.co\/wp-content\/uploads\/2022\/01\/vWtAuxTU.jpeg","contentUrl":"https:\/\/futbolhoy.co\/wp-content\/uploads\/2022\/01\/vWtAuxTU.jpeg","width":2400,"height":1560},{"@type":"BreadcrumbList","@id":"https:\/\/futbolhoy.co\/index.php\/2022\/01\/22\/once-caldas-y-union-magdalena-repartieron-puntos\/#breadcrumb","itemListElement":[{"@type":"ListItem","position":1,"name":"Portada","item":"https:\/\/futbolhoy.co\/"},{"@type":"ListItem","position":2,"name":"Once Caldas y Uni\u00f3n Magdalena repartieron puntos"}]},{"@type":"WebSite","@id":"https:\/\/futbolhoy.co\/#website","url":"https:\/\/futbolhoy.co\/","name":"FutbolHoy","description":"","publisher":{"@id":"https:\/\/futbolhoy.co\/#organization"},"potentialAction":[{"@type":"SearchAction","target":{"@type":"EntryPoint","urlTemplate":"https:\/\/futbolhoy.co\/?s={search_term_string}"},"query-input":{"@type":"PropertyValueSpecification","valueRequired":true,"valueName":"search_term_string"}}],"inLanguage":"es"},{"@type":"Organization","@id":"https:\/\/futbolhoy.co\/#organization","name":"Futbolhoy.co","url":"https:\/\/futbolhoy.co\/","logo":{"@type":"ImageObject","inLanguage":"es","@id":"https:\/\/futbolhoy.co\/#\/schema\/logo\/image\/","url":"https:\/\/futbolhoy.co\/wp-content\/uploads\/2018\/08\/17426380_1906371736249227_6326180412931521141_n.jpg","contentUrl":"https:\/\/futbolhoy.co\/wp-content\/uploads\/2018\/08\/17426380_1906371736249227_6326180412931521141_n.jpg","width":960,"height":960,"caption":"Futbolhoy.co"},"image":{"@id":"https:\/\/futbolhoy.co\/#\/schema\/logo\/image\/"},"sameAs":["https:\/\/www.facebook.com\/FutbolHoyCol\/","https:\/\/x.com\/FutbolHoyCol","https:\/\/www.instagram.com\/futbolhoycol\/"]},{"@type":"Person","@id":"https:\/\/futbolhoy.co\/#\/schema\/person\/c4a353a512b127643723a34bb1812f7d","name":"Laura Hern\u00e1ndez","image":{"@type":"ImageObject","inLanguage":"es","@id":"https:\/\/futbolhoy.co\/#\/schema\/person\/image\/","url":"https:\/\/secure.gravatar.com\/avatar\/d25959a15b9b293a743f99181c7cfd01?s=96&d=mm&r=g","contentUrl":"https:\/\/secure.gravatar.com\/avatar\/d25959a15b9b293a743f99181c7cfd01?s=96&d=mm&r=g","caption":"Laura Hern\u00e1ndez"}}]}},"publishpress_future_action":{"enabled":false,"date":"2026-05-04 08:28:03","action":"change-status","newStatus":"draft","terms":[],"taxonomy":"category","extraData":[]},"publishpress_future_workflow_manual_trigger":{"enabledWorkflows":[]},"_links":{"self":[{"href":"https:\/\/futbolhoy.co\/index.php\/wp-json\/wp\/v2\/posts\/74806","targetHints":{"allow":["GET"]}}],"collection":[{"href":"https:\/\/futbolhoy.co\/index.php\/wp-json\/wp\/v2\/posts"}],"about":[{"href":"https:\/\/futbolhoy.co\/index.php\/wp-json\/wp\/v2\/types\/post"}],"author":[{"embeddable":true,"href":"https:\/\/futbolhoy.co\/index.php\/wp-json\/wp\/v2\/users\/5"}],"replies":[{"embeddable":true,"href":"https:\/\/futbolhoy.co\/index.php\/wp-json\/wp\/v2\/comments?post=74806"}],"version-history":[{"count":1,"href":"https:\/\/futbolhoy.co\/index.php\/wp-json\/wp\/v2\/posts\/74806\/revisions"}],"predecessor-version":[{"id":74808,"href":"https:\/\/futbolhoy.co\/index.php\/wp-json\/wp\/v2\/posts\/74806\/revisions\/74808"}],"wp:featuredmedia":[{"embeddable":true,"href":"https:\/\/futbolhoy.co\/index.php\/wp-json\/wp\/v2\/media\/74807"}],"wp:attachment":[{"href":"https:\/\/futbolhoy.co\/index.php\/wp-json\/wp\/v2\/media?parent=74806"}],"wp:term":[{"taxonomy":"category","embeddable":true,"href":"https:\/\/futbolhoy.co\/index.php\/wp-json\/wp\/v2\/categories?post=74806"},{"taxonomy":"post_tag","embeddable":true,"href":"https:\/\/futbolhoy.co\/index.php\/wp-json\/wp\/v2\/tags?post=74806"}],"curies":[{"name":"wp","href":"https:\/\/api.w.org\/{rel}","templated":true}]}}