{"id":74815,"date":"2022-01-23T08:00:59","date_gmt":"2022-01-23T13:00:59","guid":{"rendered":"https:\/\/futbolhoy.co\/?p=74815"},"modified":"2022-01-23T14:45:41","modified_gmt":"2022-01-23T19:45:41","slug":"74815","status":"publish","type":"post","link":"https:\/\/futbolhoy.co\/index.php\/2022\/01\/23\/74815\/","title":{"rendered":"Hija de Pel\u00e9 desminti\u00f3 versiones sobre su salud"},"content":{"rendered":"<p style=\"text-align: justify;\"><span style=\"font-family: helvetica, arial, sans-serif;\">El ex futbolista brasile\u00f1o <strong>Pel\u00e9,<\/strong> en tratamiento de un tumor en el colon, est\u00e1 estable y sin cambio en su diagn\u00f3stico, precis\u00f3 su hija, <strong>Kely Nascimento<\/strong>, al salir al paso a versiones sobre el supuesto agravamiento de su salud.<\/span><\/p>\n<p style=\"text-align: justify;\"><span style=\"font-family: helvetica, arial, sans-serif;\">\u201cAyer me bombardearon por WhatsApp y las otras redes. Hasta me sorprend\u00ed con lo que estaba ocurriendo. Escribo para decirles que mi padre est\u00e1 bien y que su diagn\u00f3stico no cambi\u00f3 (\u2026.) \u00c9l va al hospital todos los meses para hacerse una evaluaci\u00f3n general, por lo que pueden esperar que ese tipo de cosas (hospitalizaciones) ocurran de vez en cuando. Gracias a todos por la preocupaci\u00f3n\", escribi\u00f3 la hija del \u2018Rey\u2019 en Instagram.<\/span><\/p>\n<p style=\"text-align: justify;\"><span style=\"font-family: helvetica, arial, sans-serif;\">Pese a que los m\u00e9dicos que le atienden informaron que le hab\u00edan dado alta tras una nueva evaluaci\u00f3n de rutina y que su estado de salud estaba bien, ESPN Brasil afirm\u00f3 que a <strong>Pel\u00e9,<\/strong> de 81 a\u00f1os, se le hab\u00edan detectado dos tumores, en el h\u00edgado y en el intestino, y un tercero surgiendo en el pulm\u00f3n.<\/span><\/p>\n<p style=\"text-align: justify;\"><span style=\"font-family: helvetica, arial, sans-serif;\">\u201cEdson Arantes do Nascimento estuvo internado en el Hospital Israelita Albert Einstein los d\u00edas 19 y 20 de enero para dar seguimiento al tratamiento del tumor de colon, que le fue diagnosticado en septiembre de 2021. El paciente recibi\u00f3 alta este jueves y est\u00e1n en condiciones cl\u00ednicas estables\u201d, dec\u00eda el bolet\u00edn m\u00e9dico.<\/span><\/p>\n<p style=\"text-align: justify;\"><span style=\"font-family: helvetica, arial, sans-serif;\">La salud de Pel\u00e9 se ha visto deteriorada en los \u00faltimos a\u00f1os debido a diversos inconvenientes m\u00e9dicos, que en algunas oportunidades le han llevado a cirug\u00eda.<\/span><\/p>\n","protected":false},"excerpt":{"rendered":"<p>El ex futbolista brasile\u00f1o Pel\u00e9, en tratamiento de un tumor en el colon, est\u00e1 estable y sin cambio en su diagn\u00f3stico, precis\u00f3 su hija, Kely Nascimento, al salir al paso a versiones sobre el supuesto agravamiento de su salud. \u201cAyer me bombardearon por WhatsApp y las otras redes. Hasta me sorprend\u00ed con lo que estaba [&hellip;]<\/p>\n","protected":false},"author":5,"featured_media":74816,"comment_status":"open","ping_status":"open","sticky":false,"template":"","format":"standard","meta":{"_acf_changed":false,"footnotes":""},"categories":[152],"tags":[],"class_list":{"0":"post-74815","1":"post","2":"type-post","3":"status-publish","4":"format-standard","5":"has-post-thumbnail","7":"category-mundo-futbol"},"acf":[],"yoast_head":"<!-- This site is optimized with the Yoast SEO plugin v26.8 - https:\/\/yoast.com\/product\/yoast-seo-wordpress\/ -->\n<title>Hija de Pel\u00e9 desminti\u00f3 versiones sobre su salud -<\/title>\n<meta name=\"robots\" content=\"index, follow, max-snippet:-1, max-image-preview:large, max-video-preview:-1\" \/>\n<link rel=\"canonical\" href=\"https:\/\/futbolhoy.co\/index.php\/2022\/01\/23\/74815\/\" \/>\n<meta property=\"og:locale\" content=\"es_ES\" \/>\n<meta property=\"og:type\" content=\"article\" \/>\n<meta property=\"og:title\" content=\"Hija de Pel\u00e9 desminti\u00f3 versiones sobre su salud -\" \/>\n<meta property=\"og:description\" content=\"El ex futbolista brasile\u00f1o Pel\u00e9, en tratamiento de un tumor en el colon, est\u00e1 estable y sin cambio en su diagn\u00f3stico, precis\u00f3 su hija, Kely Nascimento, al salir al paso a versiones sobre el supuesto agravamiento de su salud. \u201cAyer me bombardearon por WhatsApp y las otras redes. Hasta me sorprend\u00ed con lo que estaba [&hellip;]\" \/>\n<meta property=\"og:url\" content=\"https:\/\/futbolhoy.co\/index.php\/2022\/01\/23\/74815\/\" \/>\n<meta property=\"article:publisher\" content=\"https:\/\/www.facebook.com\/FutbolHoyCol\/\" \/>\n<meta property=\"article:published_time\" content=\"2022-01-23T13:00:59+00:00\" \/>\n<meta property=\"article:modified_time\" content=\"2022-01-23T19:45:41+00:00\" \/>\n<meta property=\"og:image\" content=\"https:\/\/futbolhoy.co\/wp-content\/uploads\/2022\/01\/20220123_075902.jpg\" \/>\n\t<meta property=\"og:image:width\" content=\"525\" \/>\n\t<meta property=\"og:image:height\" content=\"350\" \/>\n\t<meta property=\"og:image:type\" content=\"image\/jpeg\" \/>\n<meta name=\"author\" content=\"Laura Hern\u00e1ndez\" \/>\n<meta name=\"twitter:card\" content=\"summary_large_image\" \/>\n<meta name=\"twitter:creator\" content=\"@FutbolHoyCol\" \/>\n<meta name=\"twitter:site\" content=\"@FutbolHoyCol\" \/>\n<meta name=\"twitter:label1\" content=\"Escrito por\" \/>\n\t<meta name=\"twitter:data1\" content=\"Laura Hern\u00e1ndez\" \/>\n\t<meta name=\"twitter:label2\" content=\"Tiempo de lectura\" \/>\n\t<meta name=\"twitter:data2\" content=\"2 minutos\" \/>\n<script type=\"application\/ld+json\" class=\"yoast-schema-graph\">{\"@context\":\"https:\/\/schema.org\",\"@graph\":[{\"@type\":\"Article\",\"@id\":\"https:\/\/futbolhoy.co\/index.php\/2022\/01\/23\/74815\/#article\",\"isPartOf\":{\"@id\":\"https:\/\/futbolhoy.co\/index.php\/2022\/01\/23\/74815\/\"},\"author\":{\"name\":\"Laura Hern\u00e1ndez\",\"@id\":\"https:\/\/futbolhoy.co\/#\/schema\/person\/c4a353a512b127643723a34bb1812f7d\"},\"headline\":\"Hija de Pel\u00e9 desminti\u00f3 versiones sobre su salud\",\"datePublished\":\"2022-01-23T13:00:59+00:00\",\"dateModified\":\"2022-01-23T19:45:41+00:00\",\"mainEntityOfPage\":{\"@id\":\"https:\/\/futbolhoy.co\/index.php\/2022\/01\/23\/74815\/\"},\"wordCount\":271,\"commentCount\":0,\"publisher\":{\"@id\":\"https:\/\/futbolhoy.co\/#organization\"},\"image\":{\"@id\":\"https:\/\/futbolhoy.co\/index.php\/2022\/01\/23\/74815\/#primaryimage\"},\"thumbnailUrl\":\"https:\/\/futbolhoy.co\/wp-content\/uploads\/2022\/01\/20220123_075902.jpg\",\"articleSection\":[\"Mundo Futbol\"],\"inLanguage\":\"es\",\"potentialAction\":[{\"@type\":\"CommentAction\",\"name\":\"Comment\",\"target\":[\"https:\/\/futbolhoy.co\/index.php\/2022\/01\/23\/74815\/#respond\"]}]},{\"@type\":\"WebPage\",\"@id\":\"https:\/\/futbolhoy.co\/index.php\/2022\/01\/23\/74815\/\",\"url\":\"https:\/\/futbolhoy.co\/index.php\/2022\/01\/23\/74815\/\",\"name\":\"Hija de Pel\u00e9 desminti\u00f3 versiones sobre su salud -\",\"isPartOf\":{\"@id\":\"https:\/\/futbolhoy.co\/#website\"},\"primaryImageOfPage\":{\"@id\":\"https:\/\/futbolhoy.co\/index.php\/2022\/01\/23\/74815\/#primaryimage\"},\"image\":{\"@id\":\"https:\/\/futbolhoy.co\/index.php\/2022\/01\/23\/74815\/#primaryimage\"},\"thumbnailUrl\":\"https:\/\/futbolhoy.co\/wp-content\/uploads\/2022\/01\/20220123_075902.jpg\",\"datePublished\":\"2022-01-23T13:00:59+00:00\",\"dateModified\":\"2022-01-23T19:45:41+00:00\",\"breadcrumb\":{\"@id\":\"https:\/\/futbolhoy.co\/index.php\/2022\/01\/23\/74815\/#breadcrumb\"},\"inLanguage\":\"es\",\"potentialAction\":[{\"@type\":\"ReadAction\",\"target\":[\"https:\/\/futbolhoy.co\/index.php\/2022\/01\/23\/74815\/\"]}]},{\"@type\":\"ImageObject\",\"inLanguage\":\"es\",\"@id\":\"https:\/\/futbolhoy.co\/index.php\/2022\/01\/23\/74815\/#primaryimage\",\"url\":\"https:\/\/futbolhoy.co\/wp-content\/uploads\/2022\/01\/20220123_075902.jpg\",\"contentUrl\":\"https:\/\/futbolhoy.co\/wp-content\/uploads\/2022\/01\/20220123_075902.jpg\",\"width\":525,\"height\":350},{\"@type\":\"BreadcrumbList\",\"@id\":\"https:\/\/futbolhoy.co\/index.php\/2022\/01\/23\/74815\/#breadcrumb\",\"itemListElement\":[{\"@type\":\"ListItem\",\"position\":1,\"name\":\"Portada\",\"item\":\"https:\/\/futbolhoy.co\/\"},{\"@type\":\"ListItem\",\"position\":2,\"name\":\"Hija de Pel\u00e9 desminti\u00f3 versiones sobre su salud\"}]},{\"@type\":\"WebSite\",\"@id\":\"https:\/\/futbolhoy.co\/#website\",\"url\":\"https:\/\/futbolhoy.co\/\",\"name\":\"FutbolHoy\",\"description\":\"\",\"publisher\":{\"@id\":\"https:\/\/futbolhoy.co\/#organization\"},\"potentialAction\":[{\"@type\":\"SearchAction\",\"target\":{\"@type\":\"EntryPoint\",\"urlTemplate\":\"https:\/\/futbolhoy.co\/?s={search_term_string}\"},\"query-input\":{\"@type\":\"PropertyValueSpecification\",\"valueRequired\":true,\"valueName\":\"search_term_string\"}}],\"inLanguage\":\"es\"},{\"@type\":\"Organization\",\"@id\":\"https:\/\/futbolhoy.co\/#organization\",\"name\":\"Futbolhoy.co\",\"url\":\"https:\/\/futbolhoy.co\/\",\"logo\":{\"@type\":\"ImageObject\",\"inLanguage\":\"es\",\"@id\":\"https:\/\/futbolhoy.co\/#\/schema\/logo\/image\/\",\"url\":\"https:\/\/futbolhoy.co\/wp-content\/uploads\/2018\/08\/17426380_1906371736249227_6326180412931521141_n.jpg\",\"contentUrl\":\"https:\/\/futbolhoy.co\/wp-content\/uploads\/2018\/08\/17426380_1906371736249227_6326180412931521141_n.jpg\",\"width\":960,\"height\":960,\"caption\":\"Futbolhoy.co\"},\"image\":{\"@id\":\"https:\/\/futbolhoy.co\/#\/schema\/logo\/image\/\"},\"sameAs\":[\"https:\/\/www.facebook.com\/FutbolHoyCol\/\",\"https:\/\/x.com\/FutbolHoyCol\",\"https:\/\/www.instagram.com\/futbolhoycol\/\"]},{\"@type\":\"Person\",\"@id\":\"https:\/\/futbolhoy.co\/#\/schema\/person\/c4a353a512b127643723a34bb1812f7d\",\"name\":\"Laura Hern\u00e1ndez\",\"image\":{\"@type\":\"ImageObject\",\"inLanguage\":\"es\",\"@id\":\"https:\/\/futbolhoy.co\/#\/schema\/person\/image\/\",\"url\":\"https:\/\/secure.gravatar.com\/avatar\/d25959a15b9b293a743f99181c7cfd01?s=96&d=mm&r=g\",\"contentUrl\":\"https:\/\/secure.gravatar.com\/avatar\/d25959a15b9b293a743f99181c7cfd01?s=96&d=mm&r=g\",\"caption\":\"Laura Hern\u00e1ndez\"}}]}<\/script>\n<!-- \/ Yoast SEO plugin. -->","yoast_head_json":{"title":"Hija de Pel\u00e9 desminti\u00f3 versiones sobre su salud -","robots":{"index":"index","follow":"follow","max-snippet":"max-snippet:-1","max-image-preview":"max-image-preview:large","max-video-preview":"max-video-preview:-1"},"canonical":"https:\/\/futbolhoy.co\/index.php\/2022\/01\/23\/74815\/","og_locale":"es_ES","og_type":"article","og_title":"Hija de Pel\u00e9 desminti\u00f3 versiones sobre su salud -","og_description":"El ex futbolista brasile\u00f1o Pel\u00e9, en tratamiento de un tumor en el colon, est\u00e1 estable y sin cambio en su diagn\u00f3stico, precis\u00f3 su hija, Kely Nascimento, al salir al paso a versiones sobre el supuesto agravamiento de su salud. \u201cAyer me bombardearon por WhatsApp y las otras redes. Hasta me sorprend\u00ed con lo que estaba [&hellip;]","og_url":"https:\/\/futbolhoy.co\/index.php\/2022\/01\/23\/74815\/","article_publisher":"https:\/\/www.facebook.com\/FutbolHoyCol\/","article_published_time":"2022-01-23T13:00:59+00:00","article_modified_time":"2022-01-23T19:45:41+00:00","og_image":[{"width":525,"height":350,"url":"https:\/\/futbolhoy.co\/wp-content\/uploads\/2022\/01\/20220123_075902.jpg","type":"image\/jpeg"}],"author":"Laura Hern\u00e1ndez","twitter_card":"summary_large_image","twitter_creator":"@FutbolHoyCol","twitter_site":"@FutbolHoyCol","twitter_misc":{"Escrito por":"Laura Hern\u00e1ndez","Tiempo de lectura":"2 minutos"},"schema":{"@context":"https:\/\/schema.org","@graph":[{"@type":"Article","@id":"https:\/\/futbolhoy.co\/index.php\/2022\/01\/23\/74815\/#article","isPartOf":{"@id":"https:\/\/futbolhoy.co\/index.php\/2022\/01\/23\/74815\/"},"author":{"name":"Laura Hern\u00e1ndez","@id":"https:\/\/futbolhoy.co\/#\/schema\/person\/c4a353a512b127643723a34bb1812f7d"},"headline":"Hija de Pel\u00e9 desminti\u00f3 versiones sobre su salud","datePublished":"2022-01-23T13:00:59+00:00","dateModified":"2022-01-23T19:45:41+00:00","mainEntityOfPage":{"@id":"https:\/\/futbolhoy.co\/index.php\/2022\/01\/23\/74815\/"},"wordCount":271,"commentCount":0,"publisher":{"@id":"https:\/\/futbolhoy.co\/#organization"},"image":{"@id":"https:\/\/futbolhoy.co\/index.php\/2022\/01\/23\/74815\/#primaryimage"},"thumbnailUrl":"https:\/\/futbolhoy.co\/wp-content\/uploads\/2022\/01\/20220123_075902.jpg","articleSection":["Mundo Futbol"],"inLanguage":"es","potentialAction":[{"@type":"CommentAction","name":"Comment","target":["https:\/\/futbolhoy.co\/index.php\/2022\/01\/23\/74815\/#respond"]}]},{"@type":"WebPage","@id":"https:\/\/futbolhoy.co\/index.php\/2022\/01\/23\/74815\/","url":"https:\/\/futbolhoy.co\/index.php\/2022\/01\/23\/74815\/","name":"Hija de Pel\u00e9 desminti\u00f3 versiones sobre su salud -","isPartOf":{"@id":"https:\/\/futbolhoy.co\/#website"},"primaryImageOfPage":{"@id":"https:\/\/futbolhoy.co\/index.php\/2022\/01\/23\/74815\/#primaryimage"},"image":{"@id":"https:\/\/futbolhoy.co\/index.php\/2022\/01\/23\/74815\/#primaryimage"},"thumbnailUrl":"https:\/\/futbolhoy.co\/wp-content\/uploads\/2022\/01\/20220123_075902.jpg","datePublished":"2022-01-23T13:00:59+00:00","dateModified":"2022-01-23T19:45:41+00:00","breadcrumb":{"@id":"https:\/\/futbolhoy.co\/index.php\/2022\/01\/23\/74815\/#breadcrumb"},"inLanguage":"es","potentialAction":[{"@type":"ReadAction","target":["https:\/\/futbolhoy.co\/index.php\/2022\/01\/23\/74815\/"]}]},{"@type":"ImageObject","inLanguage":"es","@id":"https:\/\/futbolhoy.co\/index.php\/2022\/01\/23\/74815\/#primaryimage","url":"https:\/\/futbolhoy.co\/wp-content\/uploads\/2022\/01\/20220123_075902.jpg","contentUrl":"https:\/\/futbolhoy.co\/wp-content\/uploads\/2022\/01\/20220123_075902.jpg","width":525,"height":350},{"@type":"BreadcrumbList","@id":"https:\/\/futbolhoy.co\/index.php\/2022\/01\/23\/74815\/#breadcrumb","itemListElement":[{"@type":"ListItem","position":1,"name":"Portada","item":"https:\/\/futbolhoy.co\/"},{"@type":"ListItem","position":2,"name":"Hija de Pel\u00e9 desminti\u00f3 versiones sobre su salud"}]},{"@type":"WebSite","@id":"https:\/\/futbolhoy.co\/#website","url":"https:\/\/futbolhoy.co\/","name":"FutbolHoy","description":"","publisher":{"@id":"https:\/\/futbolhoy.co\/#organization"},"potentialAction":[{"@type":"SearchAction","target":{"@type":"EntryPoint","urlTemplate":"https:\/\/futbolhoy.co\/?s={search_term_string}"},"query-input":{"@type":"PropertyValueSpecification","valueRequired":true,"valueName":"search_term_string"}}],"inLanguage":"es"},{"@type":"Organization","@id":"https:\/\/futbolhoy.co\/#organization","name":"Futbolhoy.co","url":"https:\/\/futbolhoy.co\/","logo":{"@type":"ImageObject","inLanguage":"es","@id":"https:\/\/futbolhoy.co\/#\/schema\/logo\/image\/","url":"https:\/\/futbolhoy.co\/wp-content\/uploads\/2018\/08\/17426380_1906371736249227_6326180412931521141_n.jpg","contentUrl":"https:\/\/futbolhoy.co\/wp-content\/uploads\/2018\/08\/17426380_1906371736249227_6326180412931521141_n.jpg","width":960,"height":960,"caption":"Futbolhoy.co"},"image":{"@id":"https:\/\/futbolhoy.co\/#\/schema\/logo\/image\/"},"sameAs":["https:\/\/www.facebook.com\/FutbolHoyCol\/","https:\/\/x.com\/FutbolHoyCol","https:\/\/www.instagram.com\/futbolhoycol\/"]},{"@type":"Person","@id":"https:\/\/futbolhoy.co\/#\/schema\/person\/c4a353a512b127643723a34bb1812f7d","name":"Laura Hern\u00e1ndez","image":{"@type":"ImageObject","inLanguage":"es","@id":"https:\/\/futbolhoy.co\/#\/schema\/person\/image\/","url":"https:\/\/secure.gravatar.com\/avatar\/d25959a15b9b293a743f99181c7cfd01?s=96&d=mm&r=g","contentUrl":"https:\/\/secure.gravatar.com\/avatar\/d25959a15b9b293a743f99181c7cfd01?s=96&d=mm&r=g","caption":"Laura Hern\u00e1ndez"}}]}},"publishpress_future_action":{"enabled":false,"date":"2026-05-04 21:06:38","action":"change-status","newStatus":"draft","terms":[],"taxonomy":"category","extraData":[]},"publishpress_future_workflow_manual_trigger":{"enabledWorkflows":[]},"_links":{"self":[{"href":"https:\/\/futbolhoy.co\/index.php\/wp-json\/wp\/v2\/posts\/74815","targetHints":{"allow":["GET"]}}],"collection":[{"href":"https:\/\/futbolhoy.co\/index.php\/wp-json\/wp\/v2\/posts"}],"about":[{"href":"https:\/\/futbolhoy.co\/index.php\/wp-json\/wp\/v2\/types\/post"}],"author":[{"embeddable":true,"href":"https:\/\/futbolhoy.co\/index.php\/wp-json\/wp\/v2\/users\/5"}],"replies":[{"embeddable":true,"href":"https:\/\/futbolhoy.co\/index.php\/wp-json\/wp\/v2\/comments?post=74815"}],"version-history":[{"count":4,"href":"https:\/\/futbolhoy.co\/index.php\/wp-json\/wp\/v2\/posts\/74815\/revisions"}],"predecessor-version":[{"id":74836,"href":"https:\/\/futbolhoy.co\/index.php\/wp-json\/wp\/v2\/posts\/74815\/revisions\/74836"}],"wp:featuredmedia":[{"embeddable":true,"href":"https:\/\/futbolhoy.co\/index.php\/wp-json\/wp\/v2\/media\/74816"}],"wp:attachment":[{"href":"https:\/\/futbolhoy.co\/index.php\/wp-json\/wp\/v2\/media?parent=74815"}],"wp:term":[{"taxonomy":"category","embeddable":true,"href":"https:\/\/futbolhoy.co\/index.php\/wp-json\/wp\/v2\/categories?post=74815"},{"taxonomy":"post_tag","embeddable":true,"href":"https:\/\/futbolhoy.co\/index.php\/wp-json\/wp\/v2\/tags?post=74815"}],"curies":[{"name":"wp","href":"https:\/\/api.w.org\/{rel}","templated":true}]}}