{"id":74994,"date":"2022-01-24T11:57:01","date_gmt":"2022-01-24T16:57:01","guid":{"rendered":"https:\/\/futbolhoy.co\/?p=74994"},"modified":"2022-01-24T18:51:13","modified_gmt":"2022-01-24T23:51:13","slug":"barranquilla-no-es-una-cancha-facil-valoyes","status":"publish","type":"post","link":"https:\/\/futbolhoy.co\/index.php\/2022\/01\/24\/barranquilla-no-es-una-cancha-facil-valoyes\/","title":{"rendered":"\"Barranquilla no es una cancha f\u00e1cil\": Valoyes"},"content":{"rendered":"<p style=\"text-align: justify;\"><span style=\"font-family: helvetica, arial, sans-serif;\"><strong>Diego Valoyes,<\/strong> delantero de <strong>Talleres,<\/strong> y <strong>Freddy Hinestroza,<\/strong> volante del <strong>Junior,<\/strong> atendieron a los medios de comunicaci\u00f3n desde la concentraci\u00f3n de la <strong>Selecci\u00f3n Colombia<\/strong> este lunes en <strong>Barranquilla.<\/strong> Los jugadores se refirieron al duelo de este viernes ante <strong>Per\u00fa<\/strong> por la fecha 15 de las <strong>Eliminatorias.<\/strong><\/span><\/p>\n<p style=\"text-align: justify;\"><span style=\"font-family: helvetica, arial, sans-serif;\">Valoyes se refiri\u00f3 a su ocasi\u00f3n de gol desperdiciada en el pasado juego ante <strong>Paraguay<\/strong> y asegur\u00f3 que ya es un tema superado. \"Fue un momento complicado despu\u00e9s de fallar la opci\u00f3n contra Paraguay. luego la analic\u00e9 con tranquilidad. Uno nunca quiere fallar, son cosas del f\u00fatbol\".<\/span><\/p>\n<p style=\"text-align: justify;\"><span style=\"font-family: helvetica, arial, sans-serif;\">As\u00ed mismo, reconoci\u00f3 que no es f\u00e1cil adaptarse a las condiciones de Barranquilla. \"El <strong>Metropolitano<\/strong> no es una cancha f\u00e1cil, es un clima complicado. Estamos preparados para enfrentar todas las adversidades que se nos presenten\".<\/span><\/p>\n<p style=\"text-align: justify;\"><span style=\"font-family: helvetica, arial, sans-serif;\">\"La hinchada siempre va a estar apoyando a la Selecci\u00f3n, quiere lo mejor para nosotros; nosotros somos profesionales y siempre vamos a estar enfocados en el partido\", a\u00f1adi\u00f3 al respecto.<\/span><\/p>\n<p style=\"text-align: justify;\"><span style=\"font-family: helvetica, arial, sans-serif;\">Para Valoyes, la consigna es solo una:\u00a0\"tenemos el pensamiento de ganar, queremos que sea as\u00ed con la ayuda de Dios. Estamos trabajando para afrontar todo lo que se nos presente en la cancha. Somos profesionales, los goles llegar\u00e1n\".<\/span><\/p>\n<p style=\"text-align: justify;\"><span style=\"font-family: helvetica, arial, sans-serif;\">Entretanto, Hinestroza se refiri\u00f3 a las cr\u00edticas que ha recibido por su convocatoria y se mostr\u00f3 feliz por la confianza recibida por <strong>Reinaldo Rueda.<\/strong><\/span><\/p>\n<p style=\"text-align: justify;\"><span style=\"font-family: helvetica, arial, sans-serif;\">\u201cLa profesi\u00f3n que escogimos est\u00e1 llena de criticas y elogios. Somos profesionales y debemos tratar de mantener los p\u00edes en la tierra\u201d, coment\u00f3.<\/span><\/p>\n<p style=\"text-align: justify;\"><span style=\"font-family: helvetica, arial, sans-serif;\">Mientras que a\u00f1adi\u00f3 de su convocatoria: \"Siempre estamos a la expectativa de poder ser llamados. Yo creo que por mi polifunci\u00f3n, por conocer la plaza y por mis condiciones estoy en esta convocatoria, ac\u00e1 a nadie le regalan nada\".<\/span><\/p>\n<p style=\"text-align: justify;\"><span style=\"font-family: helvetica, arial, sans-serif;\">\u201cEs algo lindo, uno siempre sue\u00f1a con estar con jugadores de elite, que ahora ser\u00e1n mis compa\u00f1eros ac\u00e1 en la Selecci\u00f3n Colombia\u201d, concluy\u00f3 al respecto.<\/span><\/p>\n","protected":false},"excerpt":{"rendered":"<p>Diego Valoyes, delantero de Talleres, y Freddy Hinestroza, volante del Junior, atendieron a los medios de comunicaci\u00f3n desde la concentraci\u00f3n de la Selecci\u00f3n Colombia este lunes en Barranquilla. Los jugadores se refirieron al duelo de este viernes ante Per\u00fa por la fecha 15 de las Eliminatorias. Valoyes se refiri\u00f3 a su ocasi\u00f3n de gol desperdiciada [&hellip;]<\/p>\n","protected":false},"author":5,"featured_media":74996,"comment_status":"open","ping_status":"open","sticky":false,"template":"","format":"standard","meta":{"_acf_changed":false,"footnotes":""},"categories":[418],"tags":[2090,2280,2279,127],"class_list":{"0":"post-74994","1":"post","2":"type-post","3":"status-publish","4":"format-standard","5":"has-post-thumbnail","7":"category-colombia","8":"tag-diego-valoyes","9":"tag-freddy-hinestroza","10":"tag-metropolitano","11":"tag-seleccion-colombia"},"acf":[],"yoast_head":"<!-- This site is optimized with the Yoast SEO plugin v26.8 - https:\/\/yoast.com\/product\/yoast-seo-wordpress\/ -->\n<title>&quot;Barranquilla no es una cancha f\u00e1cil&quot;: Valoyes -<\/title>\n<meta name=\"robots\" content=\"index, follow, max-snippet:-1, max-image-preview:large, max-video-preview:-1\" \/>\n<link rel=\"canonical\" href=\"https:\/\/futbolhoy.co\/index.php\/2022\/01\/24\/barranquilla-no-es-una-cancha-facil-valoyes\/\" \/>\n<meta property=\"og:locale\" content=\"es_ES\" \/>\n<meta property=\"og:type\" content=\"article\" \/>\n<meta property=\"og:title\" content=\"&quot;Barranquilla no es una cancha f\u00e1cil&quot;: Valoyes -\" \/>\n<meta property=\"og:description\" content=\"Diego Valoyes, delantero de Talleres, y Freddy Hinestroza, volante del Junior, atendieron a los medios de comunicaci\u00f3n desde la concentraci\u00f3n de la Selecci\u00f3n Colombia este lunes en Barranquilla. Los jugadores se refirieron al duelo de este viernes ante Per\u00fa por la fecha 15 de las Eliminatorias. Valoyes se refiri\u00f3 a su ocasi\u00f3n de gol desperdiciada [&hellip;]\" \/>\n<meta property=\"og:url\" content=\"https:\/\/futbolhoy.co\/index.php\/2022\/01\/24\/barranquilla-no-es-una-cancha-facil-valoyes\/\" \/>\n<meta property=\"article:publisher\" content=\"https:\/\/www.facebook.com\/FutbolHoyCol\/\" \/>\n<meta property=\"article:published_time\" content=\"2022-01-24T16:57:01+00:00\" \/>\n<meta property=\"article:modified_time\" content=\"2022-01-24T23:51:13+00:00\" \/>\n<meta property=\"og:image\" content=\"https:\/\/futbolhoy.co\/wp-content\/uploads\/2022\/01\/Valoyes.png\" \/>\n\t<meta property=\"og:image:width\" content=\"1237\" \/>\n\t<meta property=\"og:image:height\" content=\"608\" \/>\n\t<meta property=\"og:image:type\" content=\"image\/png\" \/>\n<meta name=\"author\" content=\"Laura Hern\u00e1ndez\" \/>\n<meta name=\"twitter:card\" content=\"summary_large_image\" \/>\n<meta name=\"twitter:creator\" content=\"@FutbolHoyCol\" \/>\n<meta name=\"twitter:site\" content=\"@FutbolHoyCol\" \/>\n<meta name=\"twitter:label1\" content=\"Escrito por\" \/>\n\t<meta name=\"twitter:data1\" content=\"Laura Hern\u00e1ndez\" \/>\n\t<meta name=\"twitter:label2\" content=\"Tiempo de lectura\" \/>\n\t<meta name=\"twitter:data2\" content=\"2 minutos\" \/>\n<script type=\"application\/ld+json\" class=\"yoast-schema-graph\">{\"@context\":\"https:\/\/schema.org\",\"@graph\":[{\"@type\":\"Article\",\"@id\":\"https:\/\/futbolhoy.co\/index.php\/2022\/01\/24\/barranquilla-no-es-una-cancha-facil-valoyes\/#article\",\"isPartOf\":{\"@id\":\"https:\/\/futbolhoy.co\/index.php\/2022\/01\/24\/barranquilla-no-es-una-cancha-facil-valoyes\/\"},\"author\":{\"name\":\"Laura Hern\u00e1ndez\",\"@id\":\"https:\/\/futbolhoy.co\/#\/schema\/person\/c4a353a512b127643723a34bb1812f7d\"},\"headline\":\"\\\"Barranquilla no es una cancha f\u00e1cil\\\": Valoyes\",\"datePublished\":\"2022-01-24T16:57:01+00:00\",\"dateModified\":\"2022-01-24T23:51:13+00:00\",\"mainEntityOfPage\":{\"@id\":\"https:\/\/futbolhoy.co\/index.php\/2022\/01\/24\/barranquilla-no-es-una-cancha-facil-valoyes\/\"},\"wordCount\":336,\"commentCount\":0,\"publisher\":{\"@id\":\"https:\/\/futbolhoy.co\/#organization\"},\"image\":{\"@id\":\"https:\/\/futbolhoy.co\/index.php\/2022\/01\/24\/barranquilla-no-es-una-cancha-facil-valoyes\/#primaryimage\"},\"thumbnailUrl\":\"https:\/\/futbolhoy.co\/wp-content\/uploads\/2022\/01\/Valoyes.png\",\"keywords\":[\"diego valoyes\",\"Freddy Hinestroza\",\"Metropolitano\",\"Selecci\u00f3n Colombia\"],\"articleSection\":[\"Colombia\"],\"inLanguage\":\"es\",\"potentialAction\":[{\"@type\":\"CommentAction\",\"name\":\"Comment\",\"target\":[\"https:\/\/futbolhoy.co\/index.php\/2022\/01\/24\/barranquilla-no-es-una-cancha-facil-valoyes\/#respond\"]}]},{\"@type\":\"WebPage\",\"@id\":\"https:\/\/futbolhoy.co\/index.php\/2022\/01\/24\/barranquilla-no-es-una-cancha-facil-valoyes\/\",\"url\":\"https:\/\/futbolhoy.co\/index.php\/2022\/01\/24\/barranquilla-no-es-una-cancha-facil-valoyes\/\",\"name\":\"\\\"Barranquilla no es una cancha f\u00e1cil\\\": Valoyes -\",\"isPartOf\":{\"@id\":\"https:\/\/futbolhoy.co\/#website\"},\"primaryImageOfPage\":{\"@id\":\"https:\/\/futbolhoy.co\/index.php\/2022\/01\/24\/barranquilla-no-es-una-cancha-facil-valoyes\/#primaryimage\"},\"image\":{\"@id\":\"https:\/\/futbolhoy.co\/index.php\/2022\/01\/24\/barranquilla-no-es-una-cancha-facil-valoyes\/#primaryimage\"},\"thumbnailUrl\":\"https:\/\/futbolhoy.co\/wp-content\/uploads\/2022\/01\/Valoyes.png\",\"datePublished\":\"2022-01-24T16:57:01+00:00\",\"dateModified\":\"2022-01-24T23:51:13+00:00\",\"breadcrumb\":{\"@id\":\"https:\/\/futbolhoy.co\/index.php\/2022\/01\/24\/barranquilla-no-es-una-cancha-facil-valoyes\/#breadcrumb\"},\"inLanguage\":\"es\",\"potentialAction\":[{\"@type\":\"ReadAction\",\"target\":[\"https:\/\/futbolhoy.co\/index.php\/2022\/01\/24\/barranquilla-no-es-una-cancha-facil-valoyes\/\"]}]},{\"@type\":\"ImageObject\",\"inLanguage\":\"es\",\"@id\":\"https:\/\/futbolhoy.co\/index.php\/2022\/01\/24\/barranquilla-no-es-una-cancha-facil-valoyes\/#primaryimage\",\"url\":\"https:\/\/futbolhoy.co\/wp-content\/uploads\/2022\/01\/Valoyes.png\",\"contentUrl\":\"https:\/\/futbolhoy.co\/wp-content\/uploads\/2022\/01\/Valoyes.png\",\"width\":1237,\"height\":608},{\"@type\":\"BreadcrumbList\",\"@id\":\"https:\/\/futbolhoy.co\/index.php\/2022\/01\/24\/barranquilla-no-es-una-cancha-facil-valoyes\/#breadcrumb\",\"itemListElement\":[{\"@type\":\"ListItem\",\"position\":1,\"name\":\"Portada\",\"item\":\"https:\/\/futbolhoy.co\/\"},{\"@type\":\"ListItem\",\"position\":2,\"name\":\"\u00abBarranquilla no es una cancha f\u00e1cil\u00bb: Valoyes\"}]},{\"@type\":\"WebSite\",\"@id\":\"https:\/\/futbolhoy.co\/#website\",\"url\":\"https:\/\/futbolhoy.co\/\",\"name\":\"FutbolHoy\",\"description\":\"\",\"publisher\":{\"@id\":\"https:\/\/futbolhoy.co\/#organization\"},\"potentialAction\":[{\"@type\":\"SearchAction\",\"target\":{\"@type\":\"EntryPoint\",\"urlTemplate\":\"https:\/\/futbolhoy.co\/?s={search_term_string}\"},\"query-input\":{\"@type\":\"PropertyValueSpecification\",\"valueRequired\":true,\"valueName\":\"search_term_string\"}}],\"inLanguage\":\"es\"},{\"@type\":\"Organization\",\"@id\":\"https:\/\/futbolhoy.co\/#organization\",\"name\":\"Futbolhoy.co\",\"url\":\"https:\/\/futbolhoy.co\/\",\"logo\":{\"@type\":\"ImageObject\",\"inLanguage\":\"es\",\"@id\":\"https:\/\/futbolhoy.co\/#\/schema\/logo\/image\/\",\"url\":\"https:\/\/futbolhoy.co\/wp-content\/uploads\/2018\/08\/17426380_1906371736249227_6326180412931521141_n.jpg\",\"contentUrl\":\"https:\/\/futbolhoy.co\/wp-content\/uploads\/2018\/08\/17426380_1906371736249227_6326180412931521141_n.jpg\",\"width\":960,\"height\":960,\"caption\":\"Futbolhoy.co\"},\"image\":{\"@id\":\"https:\/\/futbolhoy.co\/#\/schema\/logo\/image\/\"},\"sameAs\":[\"https:\/\/www.facebook.com\/FutbolHoyCol\/\",\"https:\/\/x.com\/FutbolHoyCol\",\"https:\/\/www.instagram.com\/futbolhoycol\/\"]},{\"@type\":\"Person\",\"@id\":\"https:\/\/futbolhoy.co\/#\/schema\/person\/c4a353a512b127643723a34bb1812f7d\",\"name\":\"Laura Hern\u00e1ndez\",\"image\":{\"@type\":\"ImageObject\",\"inLanguage\":\"es\",\"@id\":\"https:\/\/futbolhoy.co\/#\/schema\/person\/image\/\",\"url\":\"https:\/\/secure.gravatar.com\/avatar\/d25959a15b9b293a743f99181c7cfd01?s=96&d=mm&r=g\",\"contentUrl\":\"https:\/\/secure.gravatar.com\/avatar\/d25959a15b9b293a743f99181c7cfd01?s=96&d=mm&r=g\",\"caption\":\"Laura Hern\u00e1ndez\"}}]}<\/script>\n<!-- \/ Yoast SEO plugin. -->","yoast_head_json":{"title":"\"Barranquilla no es una cancha f\u00e1cil\": Valoyes -","robots":{"index":"index","follow":"follow","max-snippet":"max-snippet:-1","max-image-preview":"max-image-preview:large","max-video-preview":"max-video-preview:-1"},"canonical":"https:\/\/futbolhoy.co\/index.php\/2022\/01\/24\/barranquilla-no-es-una-cancha-facil-valoyes\/","og_locale":"es_ES","og_type":"article","og_title":"\"Barranquilla no es una cancha f\u00e1cil\": Valoyes -","og_description":"Diego Valoyes, delantero de Talleres, y Freddy Hinestroza, volante del Junior, atendieron a los medios de comunicaci\u00f3n desde la concentraci\u00f3n de la Selecci\u00f3n Colombia este lunes en Barranquilla. Los jugadores se refirieron al duelo de este viernes ante Per\u00fa por la fecha 15 de las Eliminatorias. Valoyes se refiri\u00f3 a su ocasi\u00f3n de gol desperdiciada [&hellip;]","og_url":"https:\/\/futbolhoy.co\/index.php\/2022\/01\/24\/barranquilla-no-es-una-cancha-facil-valoyes\/","article_publisher":"https:\/\/www.facebook.com\/FutbolHoyCol\/","article_published_time":"2022-01-24T16:57:01+00:00","article_modified_time":"2022-01-24T23:51:13+00:00","og_image":[{"width":1237,"height":608,"url":"https:\/\/futbolhoy.co\/wp-content\/uploads\/2022\/01\/Valoyes.png","type":"image\/png"}],"author":"Laura Hern\u00e1ndez","twitter_card":"summary_large_image","twitter_creator":"@FutbolHoyCol","twitter_site":"@FutbolHoyCol","twitter_misc":{"Escrito por":"Laura Hern\u00e1ndez","Tiempo de lectura":"2 minutos"},"schema":{"@context":"https:\/\/schema.org","@graph":[{"@type":"Article","@id":"https:\/\/futbolhoy.co\/index.php\/2022\/01\/24\/barranquilla-no-es-una-cancha-facil-valoyes\/#article","isPartOf":{"@id":"https:\/\/futbolhoy.co\/index.php\/2022\/01\/24\/barranquilla-no-es-una-cancha-facil-valoyes\/"},"author":{"name":"Laura Hern\u00e1ndez","@id":"https:\/\/futbolhoy.co\/#\/schema\/person\/c4a353a512b127643723a34bb1812f7d"},"headline":"\"Barranquilla no es una cancha f\u00e1cil\": Valoyes","datePublished":"2022-01-24T16:57:01+00:00","dateModified":"2022-01-24T23:51:13+00:00","mainEntityOfPage":{"@id":"https:\/\/futbolhoy.co\/index.php\/2022\/01\/24\/barranquilla-no-es-una-cancha-facil-valoyes\/"},"wordCount":336,"commentCount":0,"publisher":{"@id":"https:\/\/futbolhoy.co\/#organization"},"image":{"@id":"https:\/\/futbolhoy.co\/index.php\/2022\/01\/24\/barranquilla-no-es-una-cancha-facil-valoyes\/#primaryimage"},"thumbnailUrl":"https:\/\/futbolhoy.co\/wp-content\/uploads\/2022\/01\/Valoyes.png","keywords":["diego valoyes","Freddy Hinestroza","Metropolitano","Selecci\u00f3n Colombia"],"articleSection":["Colombia"],"inLanguage":"es","potentialAction":[{"@type":"CommentAction","name":"Comment","target":["https:\/\/futbolhoy.co\/index.php\/2022\/01\/24\/barranquilla-no-es-una-cancha-facil-valoyes\/#respond"]}]},{"@type":"WebPage","@id":"https:\/\/futbolhoy.co\/index.php\/2022\/01\/24\/barranquilla-no-es-una-cancha-facil-valoyes\/","url":"https:\/\/futbolhoy.co\/index.php\/2022\/01\/24\/barranquilla-no-es-una-cancha-facil-valoyes\/","name":"\"Barranquilla no es una cancha f\u00e1cil\": Valoyes -","isPartOf":{"@id":"https:\/\/futbolhoy.co\/#website"},"primaryImageOfPage":{"@id":"https:\/\/futbolhoy.co\/index.php\/2022\/01\/24\/barranquilla-no-es-una-cancha-facil-valoyes\/#primaryimage"},"image":{"@id":"https:\/\/futbolhoy.co\/index.php\/2022\/01\/24\/barranquilla-no-es-una-cancha-facil-valoyes\/#primaryimage"},"thumbnailUrl":"https:\/\/futbolhoy.co\/wp-content\/uploads\/2022\/01\/Valoyes.png","datePublished":"2022-01-24T16:57:01+00:00","dateModified":"2022-01-24T23:51:13+00:00","breadcrumb":{"@id":"https:\/\/futbolhoy.co\/index.php\/2022\/01\/24\/barranquilla-no-es-una-cancha-facil-valoyes\/#breadcrumb"},"inLanguage":"es","potentialAction":[{"@type":"ReadAction","target":["https:\/\/futbolhoy.co\/index.php\/2022\/01\/24\/barranquilla-no-es-una-cancha-facil-valoyes\/"]}]},{"@type":"ImageObject","inLanguage":"es","@id":"https:\/\/futbolhoy.co\/index.php\/2022\/01\/24\/barranquilla-no-es-una-cancha-facil-valoyes\/#primaryimage","url":"https:\/\/futbolhoy.co\/wp-content\/uploads\/2022\/01\/Valoyes.png","contentUrl":"https:\/\/futbolhoy.co\/wp-content\/uploads\/2022\/01\/Valoyes.png","width":1237,"height":608},{"@type":"BreadcrumbList","@id":"https:\/\/futbolhoy.co\/index.php\/2022\/01\/24\/barranquilla-no-es-una-cancha-facil-valoyes\/#breadcrumb","itemListElement":[{"@type":"ListItem","position":1,"name":"Portada","item":"https:\/\/futbolhoy.co\/"},{"@type":"ListItem","position":2,"name":"\u00abBarranquilla no es una cancha f\u00e1cil\u00bb: Valoyes"}]},{"@type":"WebSite","@id":"https:\/\/futbolhoy.co\/#website","url":"https:\/\/futbolhoy.co\/","name":"FutbolHoy","description":"","publisher":{"@id":"https:\/\/futbolhoy.co\/#organization"},"potentialAction":[{"@type":"SearchAction","target":{"@type":"EntryPoint","urlTemplate":"https:\/\/futbolhoy.co\/?s={search_term_string}"},"query-input":{"@type":"PropertyValueSpecification","valueRequired":true,"valueName":"search_term_string"}}],"inLanguage":"es"},{"@type":"Organization","@id":"https:\/\/futbolhoy.co\/#organization","name":"Futbolhoy.co","url":"https:\/\/futbolhoy.co\/","logo":{"@type":"ImageObject","inLanguage":"es","@id":"https:\/\/futbolhoy.co\/#\/schema\/logo\/image\/","url":"https:\/\/futbolhoy.co\/wp-content\/uploads\/2018\/08\/17426380_1906371736249227_6326180412931521141_n.jpg","contentUrl":"https:\/\/futbolhoy.co\/wp-content\/uploads\/2018\/08\/17426380_1906371736249227_6326180412931521141_n.jpg","width":960,"height":960,"caption":"Futbolhoy.co"},"image":{"@id":"https:\/\/futbolhoy.co\/#\/schema\/logo\/image\/"},"sameAs":["https:\/\/www.facebook.com\/FutbolHoyCol\/","https:\/\/x.com\/FutbolHoyCol","https:\/\/www.instagram.com\/futbolhoycol\/"]},{"@type":"Person","@id":"https:\/\/futbolhoy.co\/#\/schema\/person\/c4a353a512b127643723a34bb1812f7d","name":"Laura Hern\u00e1ndez","image":{"@type":"ImageObject","inLanguage":"es","@id":"https:\/\/futbolhoy.co\/#\/schema\/person\/image\/","url":"https:\/\/secure.gravatar.com\/avatar\/d25959a15b9b293a743f99181c7cfd01?s=96&d=mm&r=g","contentUrl":"https:\/\/secure.gravatar.com\/avatar\/d25959a15b9b293a743f99181c7cfd01?s=96&d=mm&r=g","caption":"Laura Hern\u00e1ndez"}}]}},"publishpress_future_action":{"enabled":false,"date":"2026-05-04 21:12:17","action":"change-status","newStatus":"draft","terms":[],"taxonomy":"category","extraData":[]},"publishpress_future_workflow_manual_trigger":{"enabledWorkflows":[]},"_links":{"self":[{"href":"https:\/\/futbolhoy.co\/index.php\/wp-json\/wp\/v2\/posts\/74994","targetHints":{"allow":["GET"]}}],"collection":[{"href":"https:\/\/futbolhoy.co\/index.php\/wp-json\/wp\/v2\/posts"}],"about":[{"href":"https:\/\/futbolhoy.co\/index.php\/wp-json\/wp\/v2\/types\/post"}],"author":[{"embeddable":true,"href":"https:\/\/futbolhoy.co\/index.php\/wp-json\/wp\/v2\/users\/5"}],"replies":[{"embeddable":true,"href":"https:\/\/futbolhoy.co\/index.php\/wp-json\/wp\/v2\/comments?post=74994"}],"version-history":[{"count":1,"href":"https:\/\/futbolhoy.co\/index.php\/wp-json\/wp\/v2\/posts\/74994\/revisions"}],"predecessor-version":[{"id":74997,"href":"https:\/\/futbolhoy.co\/index.php\/wp-json\/wp\/v2\/posts\/74994\/revisions\/74997"}],"wp:featuredmedia":[{"embeddable":true,"href":"https:\/\/futbolhoy.co\/index.php\/wp-json\/wp\/v2\/media\/74996"}],"wp:attachment":[{"href":"https:\/\/futbolhoy.co\/index.php\/wp-json\/wp\/v2\/media?parent=74994"}],"wp:term":[{"taxonomy":"category","embeddable":true,"href":"https:\/\/futbolhoy.co\/index.php\/wp-json\/wp\/v2\/categories?post=74994"},{"taxonomy":"post_tag","embeddable":true,"href":"https:\/\/futbolhoy.co\/index.php\/wp-json\/wp\/v2\/tags?post=74994"}],"curies":[{"name":"wp","href":"https:\/\/api.w.org\/{rel}","templated":true}]}}