{"id":74998,"date":"2022-01-24T16:53:28","date_gmt":"2022-01-24T21:53:28","guid":{"rendered":"https:\/\/futbolhoy.co\/?p=74998"},"modified":"2022-01-25T06:52:17","modified_gmt":"2022-01-25T11:52:17","slug":"roger-sigue-en-la-mira-de-boca-juniors","status":"publish","type":"post","link":"https:\/\/futbolhoy.co\/index.php\/2022\/01\/24\/roger-sigue-en-la-mira-de-boca-juniors\/","title":{"rendered":"Roger sigue en la mira de Boca Juniors"},"content":{"rendered":"<p style=\"text-align: justify;\"><span style=\"font-family: helvetica, arial, sans-serif;\">El colombiano <strong>Roger Mart\u00ednez<\/strong> figura como candidato para reforzar el ataque de <strong>Boca Juniors<\/strong> en 2022. En la lista de opcionados tambi\u00e9n fue incluido el paraguayo <strong>\u00c1ngel Romero<\/strong>.<\/span><\/p>\n<p style=\"text-align: justify;\"><span style=\"font-family: helvetica, arial, sans-serif;\">\u201cBoca va por uno m\u00e1s: <strong>Roger Mart\u00ednez<\/strong> o <strong>\u00c1ngel Romero.<\/strong> El xeneize no se retira del mercado y busca un nuevo refuerzo top\u201d, asegur\u00f3 el diario deportivo Ol\u00e9.<\/span><\/p>\n<p style=\"text-align: justify;\"><span style=\"font-family: helvetica, arial, sans-serif;\">La opci\u00f3n de <strong>Mart\u00ednez,<\/strong> quien tiene contrato con <strong>Am\u00e9rica<\/strong> de M\u00e9xico hasta mediados de 2023 y jug\u00f3 con <strong>Racing<\/strong> y <strong>Aldosivi<\/strong> en Argentina, est\u00e1 frenada por el valor que significar\u00eda su trasferencia.<\/span><\/p>\n<p style=\"text-align: justify;\"><span style=\"font-family: helvetica, arial, sans-serif;\"><strong>Romero,<\/strong> quien rescindi\u00f3 el contrato con <strong>San Lorenzo<\/strong> en agosto de 2021, no ha firmado con ning\u00fan club a pesar del inter\u00e9s desde la <strong>MLS<\/strong> y el <strong>Brasileirao.<\/strong><\/span><\/p>\n<p style=\"text-align: justify;\"><span style=\"font-family: helvetica, arial, sans-serif;\"><strong>Boca<\/strong> se alista para disputar este martes ante <strong>San<\/strong> <strong>Lorenzo<\/strong>, la final del torneo de verano de La Plata.<\/span><\/p>\n","protected":false},"excerpt":{"rendered":"<p>El colombiano Roger Mart\u00ednez figura como candidato para reforzar el ataque de Boca Juniors en 2022. En la lista de opcionados tambi\u00e9n fue incluido el paraguayo \u00c1ngel Romero. \u201cBoca va por uno m\u00e1s: Roger Mart\u00ednez o \u00c1ngel Romero. El xeneize no se retira del mercado y busca un nuevo refuerzo top\u201d, asegur\u00f3 el diario deportivo [&hellip;]<\/p>\n","protected":false},"author":1,"featured_media":75001,"comment_status":"open","ping_status":"open","sticky":false,"template":"","format":"standard","meta":{"_acf_changed":false,"footnotes":""},"categories":[152],"tags":[],"class_list":{"0":"post-74998","1":"post","2":"type-post","3":"status-publish","4":"format-standard","5":"has-post-thumbnail","7":"category-mundo-futbol"},"acf":[],"yoast_head":"<!-- This site is optimized with the Yoast SEO plugin v26.8 - https:\/\/yoast.com\/product\/yoast-seo-wordpress\/ -->\n<title>Roger sigue en la mira de Boca Juniors -<\/title>\n<meta name=\"robots\" content=\"index, follow, max-snippet:-1, max-image-preview:large, max-video-preview:-1\" \/>\n<link rel=\"canonical\" href=\"https:\/\/futbolhoy.co\/index.php\/2022\/01\/24\/roger-sigue-en-la-mira-de-boca-juniors\/\" \/>\n<meta property=\"og:locale\" content=\"es_ES\" \/>\n<meta property=\"og:type\" content=\"article\" \/>\n<meta property=\"og:title\" content=\"Roger sigue en la mira de Boca Juniors -\" \/>\n<meta property=\"og:description\" content=\"El colombiano Roger Mart\u00ednez figura como candidato para reforzar el ataque de Boca Juniors en 2022. En la lista de opcionados tambi\u00e9n fue incluido el paraguayo \u00c1ngel Romero. \u201cBoca va por uno m\u00e1s: Roger Mart\u00ednez o \u00c1ngel Romero. El xeneize no se retira del mercado y busca un nuevo refuerzo top\u201d, asegur\u00f3 el diario deportivo [&hellip;]\" \/>\n<meta property=\"og:url\" content=\"https:\/\/futbolhoy.co\/index.php\/2022\/01\/24\/roger-sigue-en-la-mira-de-boca-juniors\/\" \/>\n<meta property=\"article:publisher\" content=\"https:\/\/www.facebook.com\/FutbolHoyCol\/\" \/>\n<meta property=\"article:published_time\" content=\"2022-01-24T21:53:28+00:00\" \/>\n<meta property=\"article:modified_time\" content=\"2022-01-25T11:52:17+00:00\" \/>\n<meta property=\"og:image\" content=\"https:\/\/futbolhoy.co\/wp-content\/uploads\/2022\/01\/FJzR6icWQAYBYKa.jpg\" \/>\n\t<meta property=\"og:image:width\" content=\"1200\" \/>\n\t<meta property=\"og:image:height\" content=\"747\" \/>\n\t<meta property=\"og:image:type\" content=\"image\/jpeg\" \/>\n<meta name=\"author\" content=\"scosda\" \/>\n<meta name=\"twitter:card\" content=\"summary_large_image\" \/>\n<meta name=\"twitter:creator\" content=\"@FutbolHoyCol\" \/>\n<meta name=\"twitter:site\" content=\"@FutbolHoyCol\" \/>\n<meta name=\"twitter:label1\" content=\"Escrito por\" \/>\n\t<meta name=\"twitter:data1\" content=\"scosda\" \/>\n\t<meta name=\"twitter:label2\" content=\"Tiempo de lectura\" \/>\n\t<meta name=\"twitter:data2\" content=\"1 minuto\" \/>\n<script type=\"application\/ld+json\" class=\"yoast-schema-graph\">{\"@context\":\"https:\/\/schema.org\",\"@graph\":[{\"@type\":\"Article\",\"@id\":\"https:\/\/futbolhoy.co\/index.php\/2022\/01\/24\/roger-sigue-en-la-mira-de-boca-juniors\/#article\",\"isPartOf\":{\"@id\":\"https:\/\/futbolhoy.co\/index.php\/2022\/01\/24\/roger-sigue-en-la-mira-de-boca-juniors\/\"},\"author\":{\"name\":\"scosda\",\"@id\":\"https:\/\/futbolhoy.co\/#\/schema\/person\/d7b5438d6561ebc986065940d00723c4\"},\"headline\":\"Roger sigue en la mira de Boca Juniors\",\"datePublished\":\"2022-01-24T21:53:28+00:00\",\"dateModified\":\"2022-01-25T11:52:17+00:00\",\"mainEntityOfPage\":{\"@id\":\"https:\/\/futbolhoy.co\/index.php\/2022\/01\/24\/roger-sigue-en-la-mira-de-boca-juniors\/\"},\"wordCount\":151,\"commentCount\":0,\"publisher\":{\"@id\":\"https:\/\/futbolhoy.co\/#organization\"},\"image\":{\"@id\":\"https:\/\/futbolhoy.co\/index.php\/2022\/01\/24\/roger-sigue-en-la-mira-de-boca-juniors\/#primaryimage\"},\"thumbnailUrl\":\"https:\/\/futbolhoy.co\/wp-content\/uploads\/2022\/01\/FJzR6icWQAYBYKa.jpg\",\"articleSection\":[\"Mundo Futbol\"],\"inLanguage\":\"es\",\"potentialAction\":[{\"@type\":\"CommentAction\",\"name\":\"Comment\",\"target\":[\"https:\/\/futbolhoy.co\/index.php\/2022\/01\/24\/roger-sigue-en-la-mira-de-boca-juniors\/#respond\"]}]},{\"@type\":\"WebPage\",\"@id\":\"https:\/\/futbolhoy.co\/index.php\/2022\/01\/24\/roger-sigue-en-la-mira-de-boca-juniors\/\",\"url\":\"https:\/\/futbolhoy.co\/index.php\/2022\/01\/24\/roger-sigue-en-la-mira-de-boca-juniors\/\",\"name\":\"Roger sigue en la mira de Boca Juniors -\",\"isPartOf\":{\"@id\":\"https:\/\/futbolhoy.co\/#website\"},\"primaryImageOfPage\":{\"@id\":\"https:\/\/futbolhoy.co\/index.php\/2022\/01\/24\/roger-sigue-en-la-mira-de-boca-juniors\/#primaryimage\"},\"image\":{\"@id\":\"https:\/\/futbolhoy.co\/index.php\/2022\/01\/24\/roger-sigue-en-la-mira-de-boca-juniors\/#primaryimage\"},\"thumbnailUrl\":\"https:\/\/futbolhoy.co\/wp-content\/uploads\/2022\/01\/FJzR6icWQAYBYKa.jpg\",\"datePublished\":\"2022-01-24T21:53:28+00:00\",\"dateModified\":\"2022-01-25T11:52:17+00:00\",\"breadcrumb\":{\"@id\":\"https:\/\/futbolhoy.co\/index.php\/2022\/01\/24\/roger-sigue-en-la-mira-de-boca-juniors\/#breadcrumb\"},\"inLanguage\":\"es\",\"potentialAction\":[{\"@type\":\"ReadAction\",\"target\":[\"https:\/\/futbolhoy.co\/index.php\/2022\/01\/24\/roger-sigue-en-la-mira-de-boca-juniors\/\"]}]},{\"@type\":\"ImageObject\",\"inLanguage\":\"es\",\"@id\":\"https:\/\/futbolhoy.co\/index.php\/2022\/01\/24\/roger-sigue-en-la-mira-de-boca-juniors\/#primaryimage\",\"url\":\"https:\/\/futbolhoy.co\/wp-content\/uploads\/2022\/01\/FJzR6icWQAYBYKa.jpg\",\"contentUrl\":\"https:\/\/futbolhoy.co\/wp-content\/uploads\/2022\/01\/FJzR6icWQAYBYKa.jpg\",\"width\":1200,\"height\":747},{\"@type\":\"BreadcrumbList\",\"@id\":\"https:\/\/futbolhoy.co\/index.php\/2022\/01\/24\/roger-sigue-en-la-mira-de-boca-juniors\/#breadcrumb\",\"itemListElement\":[{\"@type\":\"ListItem\",\"position\":1,\"name\":\"Portada\",\"item\":\"https:\/\/futbolhoy.co\/\"},{\"@type\":\"ListItem\",\"position\":2,\"name\":\"Roger sigue en la mira de Boca Juniors\"}]},{\"@type\":\"WebSite\",\"@id\":\"https:\/\/futbolhoy.co\/#website\",\"url\":\"https:\/\/futbolhoy.co\/\",\"name\":\"FutbolHoy\",\"description\":\"\",\"publisher\":{\"@id\":\"https:\/\/futbolhoy.co\/#organization\"},\"potentialAction\":[{\"@type\":\"SearchAction\",\"target\":{\"@type\":\"EntryPoint\",\"urlTemplate\":\"https:\/\/futbolhoy.co\/?s={search_term_string}\"},\"query-input\":{\"@type\":\"PropertyValueSpecification\",\"valueRequired\":true,\"valueName\":\"search_term_string\"}}],\"inLanguage\":\"es\"},{\"@type\":\"Organization\",\"@id\":\"https:\/\/futbolhoy.co\/#organization\",\"name\":\"Futbolhoy.co\",\"url\":\"https:\/\/futbolhoy.co\/\",\"logo\":{\"@type\":\"ImageObject\",\"inLanguage\":\"es\",\"@id\":\"https:\/\/futbolhoy.co\/#\/schema\/logo\/image\/\",\"url\":\"https:\/\/futbolhoy.co\/wp-content\/uploads\/2018\/08\/17426380_1906371736249227_6326180412931521141_n.jpg\",\"contentUrl\":\"https:\/\/futbolhoy.co\/wp-content\/uploads\/2018\/08\/17426380_1906371736249227_6326180412931521141_n.jpg\",\"width\":960,\"height\":960,\"caption\":\"Futbolhoy.co\"},\"image\":{\"@id\":\"https:\/\/futbolhoy.co\/#\/schema\/logo\/image\/\"},\"sameAs\":[\"https:\/\/www.facebook.com\/FutbolHoyCol\/\",\"https:\/\/x.com\/FutbolHoyCol\",\"https:\/\/www.instagram.com\/futbolhoycol\/\"]},{\"@type\":\"Person\",\"@id\":\"https:\/\/futbolhoy.co\/#\/schema\/person\/d7b5438d6561ebc986065940d00723c4\",\"name\":\"scosda\",\"image\":{\"@type\":\"ImageObject\",\"inLanguage\":\"es\",\"@id\":\"https:\/\/futbolhoy.co\/#\/schema\/person\/image\/\",\"url\":\"https:\/\/secure.gravatar.com\/avatar\/86d22c2b1ecc8a10a39f355538e372c8?s=96&d=mm&r=g\",\"contentUrl\":\"https:\/\/secure.gravatar.com\/avatar\/86d22c2b1ecc8a10a39f355538e372c8?s=96&d=mm&r=g\",\"caption\":\"scosda\"}}]}<\/script>\n<!-- \/ Yoast SEO plugin. -->","yoast_head_json":{"title":"Roger sigue en la mira de Boca Juniors -","robots":{"index":"index","follow":"follow","max-snippet":"max-snippet:-1","max-image-preview":"max-image-preview:large","max-video-preview":"max-video-preview:-1"},"canonical":"https:\/\/futbolhoy.co\/index.php\/2022\/01\/24\/roger-sigue-en-la-mira-de-boca-juniors\/","og_locale":"es_ES","og_type":"article","og_title":"Roger sigue en la mira de Boca Juniors -","og_description":"El colombiano Roger Mart\u00ednez figura como candidato para reforzar el ataque de Boca Juniors en 2022. En la lista de opcionados tambi\u00e9n fue incluido el paraguayo \u00c1ngel Romero. \u201cBoca va por uno m\u00e1s: Roger Mart\u00ednez o \u00c1ngel Romero. El xeneize no se retira del mercado y busca un nuevo refuerzo top\u201d, asegur\u00f3 el diario deportivo [&hellip;]","og_url":"https:\/\/futbolhoy.co\/index.php\/2022\/01\/24\/roger-sigue-en-la-mira-de-boca-juniors\/","article_publisher":"https:\/\/www.facebook.com\/FutbolHoyCol\/","article_published_time":"2022-01-24T21:53:28+00:00","article_modified_time":"2022-01-25T11:52:17+00:00","og_image":[{"width":1200,"height":747,"url":"https:\/\/futbolhoy.co\/wp-content\/uploads\/2022\/01\/FJzR6icWQAYBYKa.jpg","type":"image\/jpeg"}],"author":"scosda","twitter_card":"summary_large_image","twitter_creator":"@FutbolHoyCol","twitter_site":"@FutbolHoyCol","twitter_misc":{"Escrito por":"scosda","Tiempo de lectura":"1 minuto"},"schema":{"@context":"https:\/\/schema.org","@graph":[{"@type":"Article","@id":"https:\/\/futbolhoy.co\/index.php\/2022\/01\/24\/roger-sigue-en-la-mira-de-boca-juniors\/#article","isPartOf":{"@id":"https:\/\/futbolhoy.co\/index.php\/2022\/01\/24\/roger-sigue-en-la-mira-de-boca-juniors\/"},"author":{"name":"scosda","@id":"https:\/\/futbolhoy.co\/#\/schema\/person\/d7b5438d6561ebc986065940d00723c4"},"headline":"Roger sigue en la mira de Boca Juniors","datePublished":"2022-01-24T21:53:28+00:00","dateModified":"2022-01-25T11:52:17+00:00","mainEntityOfPage":{"@id":"https:\/\/futbolhoy.co\/index.php\/2022\/01\/24\/roger-sigue-en-la-mira-de-boca-juniors\/"},"wordCount":151,"commentCount":0,"publisher":{"@id":"https:\/\/futbolhoy.co\/#organization"},"image":{"@id":"https:\/\/futbolhoy.co\/index.php\/2022\/01\/24\/roger-sigue-en-la-mira-de-boca-juniors\/#primaryimage"},"thumbnailUrl":"https:\/\/futbolhoy.co\/wp-content\/uploads\/2022\/01\/FJzR6icWQAYBYKa.jpg","articleSection":["Mundo Futbol"],"inLanguage":"es","potentialAction":[{"@type":"CommentAction","name":"Comment","target":["https:\/\/futbolhoy.co\/index.php\/2022\/01\/24\/roger-sigue-en-la-mira-de-boca-juniors\/#respond"]}]},{"@type":"WebPage","@id":"https:\/\/futbolhoy.co\/index.php\/2022\/01\/24\/roger-sigue-en-la-mira-de-boca-juniors\/","url":"https:\/\/futbolhoy.co\/index.php\/2022\/01\/24\/roger-sigue-en-la-mira-de-boca-juniors\/","name":"Roger sigue en la mira de Boca Juniors -","isPartOf":{"@id":"https:\/\/futbolhoy.co\/#website"},"primaryImageOfPage":{"@id":"https:\/\/futbolhoy.co\/index.php\/2022\/01\/24\/roger-sigue-en-la-mira-de-boca-juniors\/#primaryimage"},"image":{"@id":"https:\/\/futbolhoy.co\/index.php\/2022\/01\/24\/roger-sigue-en-la-mira-de-boca-juniors\/#primaryimage"},"thumbnailUrl":"https:\/\/futbolhoy.co\/wp-content\/uploads\/2022\/01\/FJzR6icWQAYBYKa.jpg","datePublished":"2022-01-24T21:53:28+00:00","dateModified":"2022-01-25T11:52:17+00:00","breadcrumb":{"@id":"https:\/\/futbolhoy.co\/index.php\/2022\/01\/24\/roger-sigue-en-la-mira-de-boca-juniors\/#breadcrumb"},"inLanguage":"es","potentialAction":[{"@type":"ReadAction","target":["https:\/\/futbolhoy.co\/index.php\/2022\/01\/24\/roger-sigue-en-la-mira-de-boca-juniors\/"]}]},{"@type":"ImageObject","inLanguage":"es","@id":"https:\/\/futbolhoy.co\/index.php\/2022\/01\/24\/roger-sigue-en-la-mira-de-boca-juniors\/#primaryimage","url":"https:\/\/futbolhoy.co\/wp-content\/uploads\/2022\/01\/FJzR6icWQAYBYKa.jpg","contentUrl":"https:\/\/futbolhoy.co\/wp-content\/uploads\/2022\/01\/FJzR6icWQAYBYKa.jpg","width":1200,"height":747},{"@type":"BreadcrumbList","@id":"https:\/\/futbolhoy.co\/index.php\/2022\/01\/24\/roger-sigue-en-la-mira-de-boca-juniors\/#breadcrumb","itemListElement":[{"@type":"ListItem","position":1,"name":"Portada","item":"https:\/\/futbolhoy.co\/"},{"@type":"ListItem","position":2,"name":"Roger sigue en la mira de Boca Juniors"}]},{"@type":"WebSite","@id":"https:\/\/futbolhoy.co\/#website","url":"https:\/\/futbolhoy.co\/","name":"FutbolHoy","description":"","publisher":{"@id":"https:\/\/futbolhoy.co\/#organization"},"potentialAction":[{"@type":"SearchAction","target":{"@type":"EntryPoint","urlTemplate":"https:\/\/futbolhoy.co\/?s={search_term_string}"},"query-input":{"@type":"PropertyValueSpecification","valueRequired":true,"valueName":"search_term_string"}}],"inLanguage":"es"},{"@type":"Organization","@id":"https:\/\/futbolhoy.co\/#organization","name":"Futbolhoy.co","url":"https:\/\/futbolhoy.co\/","logo":{"@type":"ImageObject","inLanguage":"es","@id":"https:\/\/futbolhoy.co\/#\/schema\/logo\/image\/","url":"https:\/\/futbolhoy.co\/wp-content\/uploads\/2018\/08\/17426380_1906371736249227_6326180412931521141_n.jpg","contentUrl":"https:\/\/futbolhoy.co\/wp-content\/uploads\/2018\/08\/17426380_1906371736249227_6326180412931521141_n.jpg","width":960,"height":960,"caption":"Futbolhoy.co"},"image":{"@id":"https:\/\/futbolhoy.co\/#\/schema\/logo\/image\/"},"sameAs":["https:\/\/www.facebook.com\/FutbolHoyCol\/","https:\/\/x.com\/FutbolHoyCol","https:\/\/www.instagram.com\/futbolhoycol\/"]},{"@type":"Person","@id":"https:\/\/futbolhoy.co\/#\/schema\/person\/d7b5438d6561ebc986065940d00723c4","name":"scosda","image":{"@type":"ImageObject","inLanguage":"es","@id":"https:\/\/futbolhoy.co\/#\/schema\/person\/image\/","url":"https:\/\/secure.gravatar.com\/avatar\/86d22c2b1ecc8a10a39f355538e372c8?s=96&d=mm&r=g","contentUrl":"https:\/\/secure.gravatar.com\/avatar\/86d22c2b1ecc8a10a39f355538e372c8?s=96&d=mm&r=g","caption":"scosda"}}]}},"publishpress_future_action":{"enabled":false,"date":"2026-05-04 14:01:22","action":"change-status","newStatus":"draft","terms":[],"taxonomy":"category","extraData":[]},"publishpress_future_workflow_manual_trigger":{"enabledWorkflows":[]},"_links":{"self":[{"href":"https:\/\/futbolhoy.co\/index.php\/wp-json\/wp\/v2\/posts\/74998","targetHints":{"allow":["GET"]}}],"collection":[{"href":"https:\/\/futbolhoy.co\/index.php\/wp-json\/wp\/v2\/posts"}],"about":[{"href":"https:\/\/futbolhoy.co\/index.php\/wp-json\/wp\/v2\/types\/post"}],"author":[{"embeddable":true,"href":"https:\/\/futbolhoy.co\/index.php\/wp-json\/wp\/v2\/users\/1"}],"replies":[{"embeddable":true,"href":"https:\/\/futbolhoy.co\/index.php\/wp-json\/wp\/v2\/comments?post=74998"}],"version-history":[{"count":1,"href":"https:\/\/futbolhoy.co\/index.php\/wp-json\/wp\/v2\/posts\/74998\/revisions"}],"predecessor-version":[{"id":75002,"href":"https:\/\/futbolhoy.co\/index.php\/wp-json\/wp\/v2\/posts\/74998\/revisions\/75002"}],"wp:featuredmedia":[{"embeddable":true,"href":"https:\/\/futbolhoy.co\/index.php\/wp-json\/wp\/v2\/media\/75001"}],"wp:attachment":[{"href":"https:\/\/futbolhoy.co\/index.php\/wp-json\/wp\/v2\/media?parent=74998"}],"wp:term":[{"taxonomy":"category","embeddable":true,"href":"https:\/\/futbolhoy.co\/index.php\/wp-json\/wp\/v2\/categories?post=74998"},{"taxonomy":"post_tag","embeddable":true,"href":"https:\/\/futbolhoy.co\/index.php\/wp-json\/wp\/v2\/tags?post=74998"}],"curies":[{"name":"wp","href":"https:\/\/api.w.org\/{rel}","templated":true}]}}