{"id":74999,"date":"2022-01-24T16:54:05","date_gmt":"2022-01-24T21:54:05","guid":{"rendered":"https:\/\/futbolhoy.co\/?p=74999"},"modified":"2022-01-25T07:12:32","modified_gmt":"2022-01-25T12:12:32","slug":"anchico-vuelve-a-ser-cardenal","status":"publish","type":"post","link":"https:\/\/futbolhoy.co\/index.php\/2022\/01\/24\/anchico-vuelve-a-ser-cardenal\/","title":{"rendered":"Anchico vuelve a ser Cardenal"},"content":{"rendered":"<p style=\"text-align: justify;\"><span style=\"font-family: helvetica, arial, sans-serif;\">El volante cucute\u00f1o <strong>Yuli\u00e1n Anchico<\/strong>, quien la pasada temporada estuvo con <strong>Jaguares<\/strong> de Monter\u00eda, lleg\u00f3 a un acuerdo para regresar a <strong>Santa<\/strong> <strong>Fe<\/strong> despu\u00e9s de seis a\u00f1os.<\/span><\/p>\n<p style=\"text-align: justify;\"><span style=\"font-family: helvetica, arial, sans-serif;\"><strong>Anchico,<\/strong> a sus 37 a\u00f1os y quien venia entrenando con el equipo cardenal, se convirti\u00f3 en el refuerzo 12 para la <strong>Liga BetPlay Dimayor<\/strong> <strong>I 2022<\/strong>. El jugador firm\u00f3 por un a\u00f1o.<\/span><\/p>\n<p style=\"text-align: justify;\"><span style=\"font-family: helvetica, arial, sans-serif;\"><strong>Yuli\u00e1n<\/strong> estuvo en el equipo bogotano entre 2008 y 2016, donde disput\u00f3 363 partidos y marc\u00f3 23 goles.<\/span><\/p>\n<p style=\"text-align: justify;\"><span style=\"font-family: helvetica, arial, sans-serif;\">Durante ese periodo conquist\u00f3 3 ligas, 2 Superligas, una Copa Sudamericana, una Suruga Bank y una Copa Colombia.<\/span><\/p>\n<p style=\"text-align: justify;\"><span style=\"font-family: helvetica, arial, sans-serif;\">Tambi\u00e9n jug\u00f3 con <strong>Deportes Tolima, Pachuca de M\u00e9xico, Bucaramanga, Independiente Medell\u00edn<\/strong> y <strong>Jaguares<\/strong>.<\/span><\/p>\n<p style=\"text-align: justify;\"><span style=\"font-family: helvetica, arial, sans-serif;\">Santa <strong>Fe,<\/strong> que viene de empatar 1-1 con La Equidad en la primera fecha del campeonato, cuenta adem\u00e1s con<strong> Harold Rivera, Wilson Morelo, Mat\u00edas Mier, Ezequiel Aguirre, Wilfrido de la Rosa, Alejandro Guti\u00e9rrez, Jos\u00e9 Silva, Y\u00e9iler G\u00f3ez, Jerson Malag\u00f3n, Harold G\u00f3mez y Fernando Coniglio<\/strong>, como caras nuevas para 2022.<\/span><\/p>\n<blockquote class=\"twitter-tweet\" data-width=\"550\" data-dnt=\"true\">\n<p lang=\"es\" dir=\"ltr\">\u00a1Bienvenido de nuevo a casa! \ud83e\udd81<\/p>\n<p>\ud83c\udfc6\ud83c\udfc6\ud83c\udfc6Ligas <br \/>\ud83c\udfc6\ud83c\udfc6 Superligas<br \/>\ud83c\udfc6 Copa Sudamericana <br \/>\ud83c\udfc6Suruga Bank <br \/>\ud83c\udfc6Copa Colombia <a href=\"https:\/\/t.co\/M9Fz79eByo\">pic.twitter.com\/M9Fz79eByo<\/a><\/p>\n<p>&mdash; Independiente Santa Fe (@SantaFe) <a href=\"https:\/\/twitter.com\/SantaFe\/status\/1485716343982804995?ref_src=twsrc%5Etfw\">January 24, 2022<\/a><\/p><\/blockquote>\n<p><script async src=\"https:\/\/platform.twitter.com\/widgets.js\" charset=\"utf-8\"><\/script><\/p>\n<p>&nbsp;<\/p>\n","protected":false},"excerpt":{"rendered":"<p>El volante cucute\u00f1o Yuli\u00e1n Anchico, quien la pasada temporada estuvo con Jaguares de Monter\u00eda, lleg\u00f3 a un acuerdo para regresar a Santa Fe despu\u00e9s de seis a\u00f1os. Anchico, a sus 37 a\u00f1os y quien venia entrenando con el equipo cardenal, se convirti\u00f3 en el refuerzo 12 para la Liga BetPlay Dimayor I 2022. El jugador [&hellip;]<\/p>\n","protected":false},"author":1,"featured_media":75000,"comment_status":"open","ping_status":"open","sticky":false,"template":"","format":"standard","meta":{"_acf_changed":false,"footnotes":""},"categories":[7],"tags":[],"class_list":{"0":"post-74999","1":"post","2":"type-post","3":"status-publish","4":"format-standard","5":"has-post-thumbnail","7":"category-liga-betplay"},"acf":[],"yoast_head":"<!-- This site is optimized with the Yoast SEO plugin v26.8 - https:\/\/yoast.com\/product\/yoast-seo-wordpress\/ -->\n<title>Anchico vuelve a ser Cardenal -<\/title>\n<meta name=\"robots\" content=\"index, follow, max-snippet:-1, max-image-preview:large, max-video-preview:-1\" \/>\n<link rel=\"canonical\" href=\"https:\/\/futbolhoy.co\/index.php\/2022\/01\/24\/anchico-vuelve-a-ser-cardenal\/\" \/>\n<meta property=\"og:locale\" content=\"es_ES\" \/>\n<meta property=\"og:type\" content=\"article\" \/>\n<meta property=\"og:title\" content=\"Anchico vuelve a ser Cardenal -\" \/>\n<meta property=\"og:description\" content=\"El volante cucute\u00f1o Yuli\u00e1n Anchico, quien la pasada temporada estuvo con Jaguares de Monter\u00eda, lleg\u00f3 a un acuerdo para regresar a Santa Fe despu\u00e9s de seis a\u00f1os. Anchico, a sus 37 a\u00f1os y quien venia entrenando con el equipo cardenal, se convirti\u00f3 en el refuerzo 12 para la Liga BetPlay Dimayor I 2022. El jugador [&hellip;]\" \/>\n<meta property=\"og:url\" content=\"https:\/\/futbolhoy.co\/index.php\/2022\/01\/24\/anchico-vuelve-a-ser-cardenal\/\" \/>\n<meta property=\"article:publisher\" content=\"https:\/\/www.facebook.com\/FutbolHoyCol\/\" \/>\n<meta property=\"article:published_time\" content=\"2022-01-24T21:54:05+00:00\" \/>\n<meta property=\"article:modified_time\" content=\"2022-01-25T12:12:32+00:00\" \/>\n<meta property=\"og:image\" content=\"https:\/\/futbolhoy.co\/wp-content\/uploads\/2022\/01\/7TEe-i4C.jpg\" \/>\n\t<meta property=\"og:image:width\" content=\"679\" \/>\n\t<meta property=\"og:image:height\" content=\"453\" \/>\n\t<meta property=\"og:image:type\" content=\"image\/jpeg\" \/>\n<meta name=\"author\" content=\"scosda\" \/>\n<meta name=\"twitter:card\" content=\"summary_large_image\" \/>\n<meta name=\"twitter:creator\" content=\"@FutbolHoyCol\" \/>\n<meta name=\"twitter:site\" content=\"@FutbolHoyCol\" \/>\n<meta name=\"twitter:label1\" content=\"Escrito por\" \/>\n\t<meta name=\"twitter:data1\" content=\"scosda\" \/>\n\t<meta name=\"twitter:label2\" content=\"Tiempo de lectura\" \/>\n\t<meta name=\"twitter:data2\" content=\"1 minuto\" \/>\n<script type=\"application\/ld+json\" class=\"yoast-schema-graph\">{\"@context\":\"https:\/\/schema.org\",\"@graph\":[{\"@type\":\"Article\",\"@id\":\"https:\/\/futbolhoy.co\/index.php\/2022\/01\/24\/anchico-vuelve-a-ser-cardenal\/#article\",\"isPartOf\":{\"@id\":\"https:\/\/futbolhoy.co\/index.php\/2022\/01\/24\/anchico-vuelve-a-ser-cardenal\/\"},\"author\":{\"name\":\"scosda\",\"@id\":\"https:\/\/futbolhoy.co\/#\/schema\/person\/d7b5438d6561ebc986065940d00723c4\"},\"headline\":\"Anchico vuelve a ser Cardenal\",\"datePublished\":\"2022-01-24T21:54:05+00:00\",\"dateModified\":\"2022-01-25T12:12:32+00:00\",\"mainEntityOfPage\":{\"@id\":\"https:\/\/futbolhoy.co\/index.php\/2022\/01\/24\/anchico-vuelve-a-ser-cardenal\/\"},\"wordCount\":177,\"commentCount\":0,\"publisher\":{\"@id\":\"https:\/\/futbolhoy.co\/#organization\"},\"image\":{\"@id\":\"https:\/\/futbolhoy.co\/index.php\/2022\/01\/24\/anchico-vuelve-a-ser-cardenal\/#primaryimage\"},\"thumbnailUrl\":\"https:\/\/futbolhoy.co\/wp-content\/uploads\/2022\/01\/7TEe-i4C.jpg\",\"articleSection\":[\"Liga BetPlay\"],\"inLanguage\":\"es\",\"potentialAction\":[{\"@type\":\"CommentAction\",\"name\":\"Comment\",\"target\":[\"https:\/\/futbolhoy.co\/index.php\/2022\/01\/24\/anchico-vuelve-a-ser-cardenal\/#respond\"]}]},{\"@type\":\"WebPage\",\"@id\":\"https:\/\/futbolhoy.co\/index.php\/2022\/01\/24\/anchico-vuelve-a-ser-cardenal\/\",\"url\":\"https:\/\/futbolhoy.co\/index.php\/2022\/01\/24\/anchico-vuelve-a-ser-cardenal\/\",\"name\":\"Anchico vuelve a ser Cardenal -\",\"isPartOf\":{\"@id\":\"https:\/\/futbolhoy.co\/#website\"},\"primaryImageOfPage\":{\"@id\":\"https:\/\/futbolhoy.co\/index.php\/2022\/01\/24\/anchico-vuelve-a-ser-cardenal\/#primaryimage\"},\"image\":{\"@id\":\"https:\/\/futbolhoy.co\/index.php\/2022\/01\/24\/anchico-vuelve-a-ser-cardenal\/#primaryimage\"},\"thumbnailUrl\":\"https:\/\/futbolhoy.co\/wp-content\/uploads\/2022\/01\/7TEe-i4C.jpg\",\"datePublished\":\"2022-01-24T21:54:05+00:00\",\"dateModified\":\"2022-01-25T12:12:32+00:00\",\"breadcrumb\":{\"@id\":\"https:\/\/futbolhoy.co\/index.php\/2022\/01\/24\/anchico-vuelve-a-ser-cardenal\/#breadcrumb\"},\"inLanguage\":\"es\",\"potentialAction\":[{\"@type\":\"ReadAction\",\"target\":[\"https:\/\/futbolhoy.co\/index.php\/2022\/01\/24\/anchico-vuelve-a-ser-cardenal\/\"]}]},{\"@type\":\"ImageObject\",\"inLanguage\":\"es\",\"@id\":\"https:\/\/futbolhoy.co\/index.php\/2022\/01\/24\/anchico-vuelve-a-ser-cardenal\/#primaryimage\",\"url\":\"https:\/\/futbolhoy.co\/wp-content\/uploads\/2022\/01\/7TEe-i4C.jpg\",\"contentUrl\":\"https:\/\/futbolhoy.co\/wp-content\/uploads\/2022\/01\/7TEe-i4C.jpg\",\"width\":679,\"height\":453},{\"@type\":\"BreadcrumbList\",\"@id\":\"https:\/\/futbolhoy.co\/index.php\/2022\/01\/24\/anchico-vuelve-a-ser-cardenal\/#breadcrumb\",\"itemListElement\":[{\"@type\":\"ListItem\",\"position\":1,\"name\":\"Portada\",\"item\":\"https:\/\/futbolhoy.co\/\"},{\"@type\":\"ListItem\",\"position\":2,\"name\":\"Anchico vuelve a ser Cardenal\"}]},{\"@type\":\"WebSite\",\"@id\":\"https:\/\/futbolhoy.co\/#website\",\"url\":\"https:\/\/futbolhoy.co\/\",\"name\":\"FutbolHoy\",\"description\":\"\",\"publisher\":{\"@id\":\"https:\/\/futbolhoy.co\/#organization\"},\"potentialAction\":[{\"@type\":\"SearchAction\",\"target\":{\"@type\":\"EntryPoint\",\"urlTemplate\":\"https:\/\/futbolhoy.co\/?s={search_term_string}\"},\"query-input\":{\"@type\":\"PropertyValueSpecification\",\"valueRequired\":true,\"valueName\":\"search_term_string\"}}],\"inLanguage\":\"es\"},{\"@type\":\"Organization\",\"@id\":\"https:\/\/futbolhoy.co\/#organization\",\"name\":\"Futbolhoy.co\",\"url\":\"https:\/\/futbolhoy.co\/\",\"logo\":{\"@type\":\"ImageObject\",\"inLanguage\":\"es\",\"@id\":\"https:\/\/futbolhoy.co\/#\/schema\/logo\/image\/\",\"url\":\"https:\/\/futbolhoy.co\/wp-content\/uploads\/2018\/08\/17426380_1906371736249227_6326180412931521141_n.jpg\",\"contentUrl\":\"https:\/\/futbolhoy.co\/wp-content\/uploads\/2018\/08\/17426380_1906371736249227_6326180412931521141_n.jpg\",\"width\":960,\"height\":960,\"caption\":\"Futbolhoy.co\"},\"image\":{\"@id\":\"https:\/\/futbolhoy.co\/#\/schema\/logo\/image\/\"},\"sameAs\":[\"https:\/\/www.facebook.com\/FutbolHoyCol\/\",\"https:\/\/x.com\/FutbolHoyCol\",\"https:\/\/www.instagram.com\/futbolhoycol\/\"]},{\"@type\":\"Person\",\"@id\":\"https:\/\/futbolhoy.co\/#\/schema\/person\/d7b5438d6561ebc986065940d00723c4\",\"name\":\"scosda\",\"image\":{\"@type\":\"ImageObject\",\"inLanguage\":\"es\",\"@id\":\"https:\/\/futbolhoy.co\/#\/schema\/person\/image\/\",\"url\":\"https:\/\/secure.gravatar.com\/avatar\/86d22c2b1ecc8a10a39f355538e372c8?s=96&d=mm&r=g\",\"contentUrl\":\"https:\/\/secure.gravatar.com\/avatar\/86d22c2b1ecc8a10a39f355538e372c8?s=96&d=mm&r=g\",\"caption\":\"scosda\"}}]}<\/script>\n<!-- \/ Yoast SEO plugin. -->","yoast_head_json":{"title":"Anchico vuelve a ser Cardenal -","robots":{"index":"index","follow":"follow","max-snippet":"max-snippet:-1","max-image-preview":"max-image-preview:large","max-video-preview":"max-video-preview:-1"},"canonical":"https:\/\/futbolhoy.co\/index.php\/2022\/01\/24\/anchico-vuelve-a-ser-cardenal\/","og_locale":"es_ES","og_type":"article","og_title":"Anchico vuelve a ser Cardenal -","og_description":"El volante cucute\u00f1o Yuli\u00e1n Anchico, quien la pasada temporada estuvo con Jaguares de Monter\u00eda, lleg\u00f3 a un acuerdo para regresar a Santa Fe despu\u00e9s de seis a\u00f1os. Anchico, a sus 37 a\u00f1os y quien venia entrenando con el equipo cardenal, se convirti\u00f3 en el refuerzo 12 para la Liga BetPlay Dimayor I 2022. El jugador [&hellip;]","og_url":"https:\/\/futbolhoy.co\/index.php\/2022\/01\/24\/anchico-vuelve-a-ser-cardenal\/","article_publisher":"https:\/\/www.facebook.com\/FutbolHoyCol\/","article_published_time":"2022-01-24T21:54:05+00:00","article_modified_time":"2022-01-25T12:12:32+00:00","og_image":[{"width":679,"height":453,"url":"https:\/\/futbolhoy.co\/wp-content\/uploads\/2022\/01\/7TEe-i4C.jpg","type":"image\/jpeg"}],"author":"scosda","twitter_card":"summary_large_image","twitter_creator":"@FutbolHoyCol","twitter_site":"@FutbolHoyCol","twitter_misc":{"Escrito por":"scosda","Tiempo de lectura":"1 minuto"},"schema":{"@context":"https:\/\/schema.org","@graph":[{"@type":"Article","@id":"https:\/\/futbolhoy.co\/index.php\/2022\/01\/24\/anchico-vuelve-a-ser-cardenal\/#article","isPartOf":{"@id":"https:\/\/futbolhoy.co\/index.php\/2022\/01\/24\/anchico-vuelve-a-ser-cardenal\/"},"author":{"name":"scosda","@id":"https:\/\/futbolhoy.co\/#\/schema\/person\/d7b5438d6561ebc986065940d00723c4"},"headline":"Anchico vuelve a ser Cardenal","datePublished":"2022-01-24T21:54:05+00:00","dateModified":"2022-01-25T12:12:32+00:00","mainEntityOfPage":{"@id":"https:\/\/futbolhoy.co\/index.php\/2022\/01\/24\/anchico-vuelve-a-ser-cardenal\/"},"wordCount":177,"commentCount":0,"publisher":{"@id":"https:\/\/futbolhoy.co\/#organization"},"image":{"@id":"https:\/\/futbolhoy.co\/index.php\/2022\/01\/24\/anchico-vuelve-a-ser-cardenal\/#primaryimage"},"thumbnailUrl":"https:\/\/futbolhoy.co\/wp-content\/uploads\/2022\/01\/7TEe-i4C.jpg","articleSection":["Liga BetPlay"],"inLanguage":"es","potentialAction":[{"@type":"CommentAction","name":"Comment","target":["https:\/\/futbolhoy.co\/index.php\/2022\/01\/24\/anchico-vuelve-a-ser-cardenal\/#respond"]}]},{"@type":"WebPage","@id":"https:\/\/futbolhoy.co\/index.php\/2022\/01\/24\/anchico-vuelve-a-ser-cardenal\/","url":"https:\/\/futbolhoy.co\/index.php\/2022\/01\/24\/anchico-vuelve-a-ser-cardenal\/","name":"Anchico vuelve a ser Cardenal -","isPartOf":{"@id":"https:\/\/futbolhoy.co\/#website"},"primaryImageOfPage":{"@id":"https:\/\/futbolhoy.co\/index.php\/2022\/01\/24\/anchico-vuelve-a-ser-cardenal\/#primaryimage"},"image":{"@id":"https:\/\/futbolhoy.co\/index.php\/2022\/01\/24\/anchico-vuelve-a-ser-cardenal\/#primaryimage"},"thumbnailUrl":"https:\/\/futbolhoy.co\/wp-content\/uploads\/2022\/01\/7TEe-i4C.jpg","datePublished":"2022-01-24T21:54:05+00:00","dateModified":"2022-01-25T12:12:32+00:00","breadcrumb":{"@id":"https:\/\/futbolhoy.co\/index.php\/2022\/01\/24\/anchico-vuelve-a-ser-cardenal\/#breadcrumb"},"inLanguage":"es","potentialAction":[{"@type":"ReadAction","target":["https:\/\/futbolhoy.co\/index.php\/2022\/01\/24\/anchico-vuelve-a-ser-cardenal\/"]}]},{"@type":"ImageObject","inLanguage":"es","@id":"https:\/\/futbolhoy.co\/index.php\/2022\/01\/24\/anchico-vuelve-a-ser-cardenal\/#primaryimage","url":"https:\/\/futbolhoy.co\/wp-content\/uploads\/2022\/01\/7TEe-i4C.jpg","contentUrl":"https:\/\/futbolhoy.co\/wp-content\/uploads\/2022\/01\/7TEe-i4C.jpg","width":679,"height":453},{"@type":"BreadcrumbList","@id":"https:\/\/futbolhoy.co\/index.php\/2022\/01\/24\/anchico-vuelve-a-ser-cardenal\/#breadcrumb","itemListElement":[{"@type":"ListItem","position":1,"name":"Portada","item":"https:\/\/futbolhoy.co\/"},{"@type":"ListItem","position":2,"name":"Anchico vuelve a ser Cardenal"}]},{"@type":"WebSite","@id":"https:\/\/futbolhoy.co\/#website","url":"https:\/\/futbolhoy.co\/","name":"FutbolHoy","description":"","publisher":{"@id":"https:\/\/futbolhoy.co\/#organization"},"potentialAction":[{"@type":"SearchAction","target":{"@type":"EntryPoint","urlTemplate":"https:\/\/futbolhoy.co\/?s={search_term_string}"},"query-input":{"@type":"PropertyValueSpecification","valueRequired":true,"valueName":"search_term_string"}}],"inLanguage":"es"},{"@type":"Organization","@id":"https:\/\/futbolhoy.co\/#organization","name":"Futbolhoy.co","url":"https:\/\/futbolhoy.co\/","logo":{"@type":"ImageObject","inLanguage":"es","@id":"https:\/\/futbolhoy.co\/#\/schema\/logo\/image\/","url":"https:\/\/futbolhoy.co\/wp-content\/uploads\/2018\/08\/17426380_1906371736249227_6326180412931521141_n.jpg","contentUrl":"https:\/\/futbolhoy.co\/wp-content\/uploads\/2018\/08\/17426380_1906371736249227_6326180412931521141_n.jpg","width":960,"height":960,"caption":"Futbolhoy.co"},"image":{"@id":"https:\/\/futbolhoy.co\/#\/schema\/logo\/image\/"},"sameAs":["https:\/\/www.facebook.com\/FutbolHoyCol\/","https:\/\/x.com\/FutbolHoyCol","https:\/\/www.instagram.com\/futbolhoycol\/"]},{"@type":"Person","@id":"https:\/\/futbolhoy.co\/#\/schema\/person\/d7b5438d6561ebc986065940d00723c4","name":"scosda","image":{"@type":"ImageObject","inLanguage":"es","@id":"https:\/\/futbolhoy.co\/#\/schema\/person\/image\/","url":"https:\/\/secure.gravatar.com\/avatar\/86d22c2b1ecc8a10a39f355538e372c8?s=96&d=mm&r=g","contentUrl":"https:\/\/secure.gravatar.com\/avatar\/86d22c2b1ecc8a10a39f355538e372c8?s=96&d=mm&r=g","caption":"scosda"}}]}},"publishpress_future_action":{"enabled":false,"date":"2026-05-04 09:50:08","action":"change-status","newStatus":"draft","terms":[],"taxonomy":"category","extraData":[]},"publishpress_future_workflow_manual_trigger":{"enabledWorkflows":[]},"_links":{"self":[{"href":"https:\/\/futbolhoy.co\/index.php\/wp-json\/wp\/v2\/posts\/74999","targetHints":{"allow":["GET"]}}],"collection":[{"href":"https:\/\/futbolhoy.co\/index.php\/wp-json\/wp\/v2\/posts"}],"about":[{"href":"https:\/\/futbolhoy.co\/index.php\/wp-json\/wp\/v2\/types\/post"}],"author":[{"embeddable":true,"href":"https:\/\/futbolhoy.co\/index.php\/wp-json\/wp\/v2\/users\/1"}],"replies":[{"embeddable":true,"href":"https:\/\/futbolhoy.co\/index.php\/wp-json\/wp\/v2\/comments?post=74999"}],"version-history":[{"count":1,"href":"https:\/\/futbolhoy.co\/index.php\/wp-json\/wp\/v2\/posts\/74999\/revisions"}],"predecessor-version":[{"id":75003,"href":"https:\/\/futbolhoy.co\/index.php\/wp-json\/wp\/v2\/posts\/74999\/revisions\/75003"}],"wp:featuredmedia":[{"embeddable":true,"href":"https:\/\/futbolhoy.co\/index.php\/wp-json\/wp\/v2\/media\/75000"}],"wp:attachment":[{"href":"https:\/\/futbolhoy.co\/index.php\/wp-json\/wp\/v2\/media?parent=74999"}],"wp:term":[{"taxonomy":"category","embeddable":true,"href":"https:\/\/futbolhoy.co\/index.php\/wp-json\/wp\/v2\/categories?post=74999"},{"taxonomy":"post_tag","embeddable":true,"href":"https:\/\/futbolhoy.co\/index.php\/wp-json\/wp\/v2\/tags?post=74999"}],"curies":[{"name":"wp","href":"https:\/\/api.w.org\/{rel}","templated":true}]}}