{"id":75005,"date":"2022-01-24T18:35:22","date_gmt":"2022-01-24T23:35:22","guid":{"rendered":"https:\/\/futbolhoy.co\/?p=75005"},"modified":"2022-01-25T10:34:23","modified_gmt":"2022-01-25T15:34:23","slug":"camilo-vargas-en-el-once-ideal","status":"publish","type":"post","link":"https:\/\/futbolhoy.co\/index.php\/2022\/01\/24\/camilo-vargas-en-el-once-ideal\/","title":{"rendered":"Camilo Vargas, en el once ideal"},"content":{"rendered":"<p style=\"text-align: justify;\"><span style=\"font-family: helvetica, arial, sans-serif;\">El portero bogotano del <strong>Atlas, Camilo Vargas,<\/strong> fue incluido en el equipo ideal de la tercera jornada del <strong>Clausura 2022<\/strong>, del f\u00fatbol mexicano.<\/span><\/p>\n<p style=\"text-align: justify;\"><span style=\"font-family: helvetica, arial, sans-serif;\"><strong>Vargas<\/strong> fue decisivo en la victoria de su equipo 0-2 sobre las <strong>\u00c1guilas<\/strong> del <strong>Am\u00e9rica,<\/strong> resultado que le permiti\u00f3 ascender a la segunda posici\u00f3n de la clasificaci\u00f3n del torneo, con 7 puntos.<\/span><\/p>\n<p style=\"text-align: justify;\"><span style=\"font-family: helvetica, arial, sans-serif;\"><strong>Vargas<\/strong> viaj\u00f3 a Barranquilla, donde este lunes se sum\u00f3 a la concentraci\u00f3n dela selecci\u00f3n <strong>Colombia<\/strong> se alista para eliminatorias.<\/span><\/p>\n<p style=\"text-align: justify;\"><span style=\"font-family: helvetica, arial, sans-serif;\">La <strong>Liga Mx<\/strong> reconoci\u00f3 la actuaci\u00f3n de otros seis sudamericanos, entre ellos los uruguayos <strong>Rodrigo Aguirre, <\/strong>delantero del<strong> Necaxa, y Leonardo Fern\u00e1ndez, <\/strong>volante del<strong> Toluca.<\/strong><\/span><\/p>\n<p style=\"text-align: justify;\"><span style=\"font-family: helvetica, arial, sans-serif;\">El once ideal, qued\u00f3 integrado por:<\/span><\/p>\n<p style=\"text-align: justify;\"><span style=\"font-family: helvetica, arial, sans-serif;\">Camilo Vargas (Atlas-MEX); Diego Barbosa (Atlas), Anderson Santamar\u00eda (Atlas-PER), C\u00e9sar Montes (Monterrey), Jes\u00fas Escoboza (Necaxa); Aldo Rocha (Atlas), Anderson Leite (Ju\u00e1rez-BRA), Jean Meneses (Le\u00f3n-CHI), Leonardo Fern\u00e1ndez (Toluca-URU); Andr\u00e9-Pierre Gignac (Tigres-FRA) y Rodrigo Aguirre (Necaxa-URU).<\/span><\/p>\n<p><img fetchpriority=\"high\" decoding=\"async\" class=\"alignnone size-medium wp-image-75009\" src=\"https:\/\/futbolhoy.co\/wp-content\/uploads\/2022\/01\/20220124_182730-240x300.jpg\" alt=\"\" width=\"240\" height=\"300\" srcset=\"https:\/\/futbolhoy.co\/wp-content\/uploads\/2022\/01\/20220124_182730-240x300.jpg 240w, https:\/\/futbolhoy.co\/wp-content\/uploads\/2022\/01\/20220124_182730-819x1024.jpg 819w, https:\/\/futbolhoy.co\/wp-content\/uploads\/2022\/01\/20220124_182730-768x960.jpg 768w, https:\/\/futbolhoy.co\/wp-content\/uploads\/2022\/01\/20220124_182730-696x870.jpg 696w, https:\/\/futbolhoy.co\/wp-content\/uploads\/2022\/01\/20220124_182730-1068x1335.jpg 1068w, https:\/\/futbolhoy.co\/wp-content\/uploads\/2022\/01\/20220124_182730-336x420.jpg 336w, https:\/\/futbolhoy.co\/wp-content\/uploads\/2022\/01\/20220124_182730-102x128.jpg 102w, https:\/\/futbolhoy.co\/wp-content\/uploads\/2022\/01\/20220124_182730-26x32.jpg 26w, https:\/\/futbolhoy.co\/wp-content\/uploads\/2022\/01\/20220124_182730.jpg 1080w\" sizes=\"(max-width: 240px) 100vw, 240px\" \/><\/p>\n","protected":false},"excerpt":{"rendered":"<p>El portero bogotano del Atlas, Camilo Vargas, fue incluido en el equipo ideal de la tercera jornada del Clausura 2022, del f\u00fatbol mexicano. Vargas fue decisivo en la victoria de su equipo 0-2 sobre las \u00c1guilas del Am\u00e9rica, resultado que le permiti\u00f3 ascender a la segunda posici\u00f3n de la clasificaci\u00f3n del torneo, con 7 puntos. [&hellip;]<\/p>\n","protected":false},"author":5,"featured_media":75007,"comment_status":"open","ping_status":"open","sticky":false,"template":"","format":"standard","meta":{"_acf_changed":false,"footnotes":""},"categories":[152],"tags":[],"class_list":{"0":"post-75005","1":"post","2":"type-post","3":"status-publish","4":"format-standard","5":"has-post-thumbnail","7":"category-mundo-futbol"},"acf":[],"yoast_head":"<!-- This site is optimized with the Yoast SEO plugin v26.8 - https:\/\/yoast.com\/product\/yoast-seo-wordpress\/ -->\n<title>Camilo Vargas, en el once ideal -<\/title>\n<meta name=\"robots\" content=\"index, follow, max-snippet:-1, max-image-preview:large, max-video-preview:-1\" \/>\n<link rel=\"canonical\" href=\"https:\/\/futbolhoy.co\/index.php\/2022\/01\/24\/camilo-vargas-en-el-once-ideal\/\" \/>\n<meta property=\"og:locale\" content=\"es_ES\" \/>\n<meta property=\"og:type\" content=\"article\" \/>\n<meta property=\"og:title\" content=\"Camilo Vargas, en el once ideal -\" \/>\n<meta property=\"og:description\" content=\"El portero bogotano del Atlas, Camilo Vargas, fue incluido en el equipo ideal de la tercera jornada del Clausura 2022, del f\u00fatbol mexicano. Vargas fue decisivo en la victoria de su equipo 0-2 sobre las \u00c1guilas del Am\u00e9rica, resultado que le permiti\u00f3 ascender a la segunda posici\u00f3n de la clasificaci\u00f3n del torneo, con 7 puntos. [&hellip;]\" \/>\n<meta property=\"og:url\" content=\"https:\/\/futbolhoy.co\/index.php\/2022\/01\/24\/camilo-vargas-en-el-once-ideal\/\" \/>\n<meta property=\"article:publisher\" content=\"https:\/\/www.facebook.com\/FutbolHoyCol\/\" \/>\n<meta property=\"article:published_time\" content=\"2022-01-24T23:35:22+00:00\" \/>\n<meta property=\"article:modified_time\" content=\"2022-01-25T15:34:23+00:00\" \/>\n<meta property=\"og:image\" content=\"https:\/\/futbolhoy.co\/wp-content\/uploads\/2022\/01\/20220124_182803.jpg\" \/>\n\t<meta property=\"og:image:width\" content=\"720\" \/>\n\t<meta property=\"og:image:height\" content=\"405\" \/>\n\t<meta property=\"og:image:type\" content=\"image\/jpeg\" \/>\n<meta name=\"author\" content=\"Laura Hern\u00e1ndez\" \/>\n<meta name=\"twitter:card\" content=\"summary_large_image\" \/>\n<meta name=\"twitter:creator\" content=\"@FutbolHoyCol\" \/>\n<meta name=\"twitter:site\" content=\"@FutbolHoyCol\" \/>\n<meta name=\"twitter:label1\" content=\"Escrito por\" \/>\n\t<meta name=\"twitter:data1\" content=\"Laura Hern\u00e1ndez\" \/>\n\t<meta name=\"twitter:label2\" content=\"Tiempo de lectura\" \/>\n\t<meta name=\"twitter:data2\" content=\"1 minuto\" \/>\n<script type=\"application\/ld+json\" class=\"yoast-schema-graph\">{\"@context\":\"https:\/\/schema.org\",\"@graph\":[{\"@type\":\"Article\",\"@id\":\"https:\/\/futbolhoy.co\/index.php\/2022\/01\/24\/camilo-vargas-en-el-once-ideal\/#article\",\"isPartOf\":{\"@id\":\"https:\/\/futbolhoy.co\/index.php\/2022\/01\/24\/camilo-vargas-en-el-once-ideal\/\"},\"author\":{\"name\":\"Laura Hern\u00e1ndez\",\"@id\":\"https:\/\/futbolhoy.co\/#\/schema\/person\/c4a353a512b127643723a34bb1812f7d\"},\"headline\":\"Camilo Vargas, en el once ideal\",\"datePublished\":\"2022-01-24T23:35:22+00:00\",\"dateModified\":\"2022-01-25T15:34:23+00:00\",\"mainEntityOfPage\":{\"@id\":\"https:\/\/futbolhoy.co\/index.php\/2022\/01\/24\/camilo-vargas-en-el-once-ideal\/\"},\"wordCount\":158,\"commentCount\":0,\"publisher\":{\"@id\":\"https:\/\/futbolhoy.co\/#organization\"},\"image\":{\"@id\":\"https:\/\/futbolhoy.co\/index.php\/2022\/01\/24\/camilo-vargas-en-el-once-ideal\/#primaryimage\"},\"thumbnailUrl\":\"https:\/\/futbolhoy.co\/wp-content\/uploads\/2022\/01\/20220124_182803.jpg\",\"articleSection\":[\"Mundo Futbol\"],\"inLanguage\":\"es\",\"potentialAction\":[{\"@type\":\"CommentAction\",\"name\":\"Comment\",\"target\":[\"https:\/\/futbolhoy.co\/index.php\/2022\/01\/24\/camilo-vargas-en-el-once-ideal\/#respond\"]}]},{\"@type\":\"WebPage\",\"@id\":\"https:\/\/futbolhoy.co\/index.php\/2022\/01\/24\/camilo-vargas-en-el-once-ideal\/\",\"url\":\"https:\/\/futbolhoy.co\/index.php\/2022\/01\/24\/camilo-vargas-en-el-once-ideal\/\",\"name\":\"Camilo Vargas, en el once ideal -\",\"isPartOf\":{\"@id\":\"https:\/\/futbolhoy.co\/#website\"},\"primaryImageOfPage\":{\"@id\":\"https:\/\/futbolhoy.co\/index.php\/2022\/01\/24\/camilo-vargas-en-el-once-ideal\/#primaryimage\"},\"image\":{\"@id\":\"https:\/\/futbolhoy.co\/index.php\/2022\/01\/24\/camilo-vargas-en-el-once-ideal\/#primaryimage\"},\"thumbnailUrl\":\"https:\/\/futbolhoy.co\/wp-content\/uploads\/2022\/01\/20220124_182803.jpg\",\"datePublished\":\"2022-01-24T23:35:22+00:00\",\"dateModified\":\"2022-01-25T15:34:23+00:00\",\"breadcrumb\":{\"@id\":\"https:\/\/futbolhoy.co\/index.php\/2022\/01\/24\/camilo-vargas-en-el-once-ideal\/#breadcrumb\"},\"inLanguage\":\"es\",\"potentialAction\":[{\"@type\":\"ReadAction\",\"target\":[\"https:\/\/futbolhoy.co\/index.php\/2022\/01\/24\/camilo-vargas-en-el-once-ideal\/\"]}]},{\"@type\":\"ImageObject\",\"inLanguage\":\"es\",\"@id\":\"https:\/\/futbolhoy.co\/index.php\/2022\/01\/24\/camilo-vargas-en-el-once-ideal\/#primaryimage\",\"url\":\"https:\/\/futbolhoy.co\/wp-content\/uploads\/2022\/01\/20220124_182803.jpg\",\"contentUrl\":\"https:\/\/futbolhoy.co\/wp-content\/uploads\/2022\/01\/20220124_182803.jpg\",\"width\":720,\"height\":405},{\"@type\":\"BreadcrumbList\",\"@id\":\"https:\/\/futbolhoy.co\/index.php\/2022\/01\/24\/camilo-vargas-en-el-once-ideal\/#breadcrumb\",\"itemListElement\":[{\"@type\":\"ListItem\",\"position\":1,\"name\":\"Portada\",\"item\":\"https:\/\/futbolhoy.co\/\"},{\"@type\":\"ListItem\",\"position\":2,\"name\":\"Camilo Vargas, en el once ideal\"}]},{\"@type\":\"WebSite\",\"@id\":\"https:\/\/futbolhoy.co\/#website\",\"url\":\"https:\/\/futbolhoy.co\/\",\"name\":\"FutbolHoy\",\"description\":\"\",\"publisher\":{\"@id\":\"https:\/\/futbolhoy.co\/#organization\"},\"potentialAction\":[{\"@type\":\"SearchAction\",\"target\":{\"@type\":\"EntryPoint\",\"urlTemplate\":\"https:\/\/futbolhoy.co\/?s={search_term_string}\"},\"query-input\":{\"@type\":\"PropertyValueSpecification\",\"valueRequired\":true,\"valueName\":\"search_term_string\"}}],\"inLanguage\":\"es\"},{\"@type\":\"Organization\",\"@id\":\"https:\/\/futbolhoy.co\/#organization\",\"name\":\"Futbolhoy.co\",\"url\":\"https:\/\/futbolhoy.co\/\",\"logo\":{\"@type\":\"ImageObject\",\"inLanguage\":\"es\",\"@id\":\"https:\/\/futbolhoy.co\/#\/schema\/logo\/image\/\",\"url\":\"https:\/\/futbolhoy.co\/wp-content\/uploads\/2018\/08\/17426380_1906371736249227_6326180412931521141_n.jpg\",\"contentUrl\":\"https:\/\/futbolhoy.co\/wp-content\/uploads\/2018\/08\/17426380_1906371736249227_6326180412931521141_n.jpg\",\"width\":960,\"height\":960,\"caption\":\"Futbolhoy.co\"},\"image\":{\"@id\":\"https:\/\/futbolhoy.co\/#\/schema\/logo\/image\/\"},\"sameAs\":[\"https:\/\/www.facebook.com\/FutbolHoyCol\/\",\"https:\/\/x.com\/FutbolHoyCol\",\"https:\/\/www.instagram.com\/futbolhoycol\/\"]},{\"@type\":\"Person\",\"@id\":\"https:\/\/futbolhoy.co\/#\/schema\/person\/c4a353a512b127643723a34bb1812f7d\",\"name\":\"Laura Hern\u00e1ndez\",\"image\":{\"@type\":\"ImageObject\",\"inLanguage\":\"es\",\"@id\":\"https:\/\/futbolhoy.co\/#\/schema\/person\/image\/\",\"url\":\"https:\/\/secure.gravatar.com\/avatar\/d25959a15b9b293a743f99181c7cfd01?s=96&d=mm&r=g\",\"contentUrl\":\"https:\/\/secure.gravatar.com\/avatar\/d25959a15b9b293a743f99181c7cfd01?s=96&d=mm&r=g\",\"caption\":\"Laura Hern\u00e1ndez\"}}]}<\/script>\n<!-- \/ Yoast SEO plugin. -->","yoast_head_json":{"title":"Camilo Vargas, en el once ideal -","robots":{"index":"index","follow":"follow","max-snippet":"max-snippet:-1","max-image-preview":"max-image-preview:large","max-video-preview":"max-video-preview:-1"},"canonical":"https:\/\/futbolhoy.co\/index.php\/2022\/01\/24\/camilo-vargas-en-el-once-ideal\/","og_locale":"es_ES","og_type":"article","og_title":"Camilo Vargas, en el once ideal -","og_description":"El portero bogotano del Atlas, Camilo Vargas, fue incluido en el equipo ideal de la tercera jornada del Clausura 2022, del f\u00fatbol mexicano. Vargas fue decisivo en la victoria de su equipo 0-2 sobre las \u00c1guilas del Am\u00e9rica, resultado que le permiti\u00f3 ascender a la segunda posici\u00f3n de la clasificaci\u00f3n del torneo, con 7 puntos. [&hellip;]","og_url":"https:\/\/futbolhoy.co\/index.php\/2022\/01\/24\/camilo-vargas-en-el-once-ideal\/","article_publisher":"https:\/\/www.facebook.com\/FutbolHoyCol\/","article_published_time":"2022-01-24T23:35:22+00:00","article_modified_time":"2022-01-25T15:34:23+00:00","og_image":[{"width":720,"height":405,"url":"https:\/\/futbolhoy.co\/wp-content\/uploads\/2022\/01\/20220124_182803.jpg","type":"image\/jpeg"}],"author":"Laura Hern\u00e1ndez","twitter_card":"summary_large_image","twitter_creator":"@FutbolHoyCol","twitter_site":"@FutbolHoyCol","twitter_misc":{"Escrito por":"Laura Hern\u00e1ndez","Tiempo de lectura":"1 minuto"},"schema":{"@context":"https:\/\/schema.org","@graph":[{"@type":"Article","@id":"https:\/\/futbolhoy.co\/index.php\/2022\/01\/24\/camilo-vargas-en-el-once-ideal\/#article","isPartOf":{"@id":"https:\/\/futbolhoy.co\/index.php\/2022\/01\/24\/camilo-vargas-en-el-once-ideal\/"},"author":{"name":"Laura Hern\u00e1ndez","@id":"https:\/\/futbolhoy.co\/#\/schema\/person\/c4a353a512b127643723a34bb1812f7d"},"headline":"Camilo Vargas, en el once ideal","datePublished":"2022-01-24T23:35:22+00:00","dateModified":"2022-01-25T15:34:23+00:00","mainEntityOfPage":{"@id":"https:\/\/futbolhoy.co\/index.php\/2022\/01\/24\/camilo-vargas-en-el-once-ideal\/"},"wordCount":158,"commentCount":0,"publisher":{"@id":"https:\/\/futbolhoy.co\/#organization"},"image":{"@id":"https:\/\/futbolhoy.co\/index.php\/2022\/01\/24\/camilo-vargas-en-el-once-ideal\/#primaryimage"},"thumbnailUrl":"https:\/\/futbolhoy.co\/wp-content\/uploads\/2022\/01\/20220124_182803.jpg","articleSection":["Mundo Futbol"],"inLanguage":"es","potentialAction":[{"@type":"CommentAction","name":"Comment","target":["https:\/\/futbolhoy.co\/index.php\/2022\/01\/24\/camilo-vargas-en-el-once-ideal\/#respond"]}]},{"@type":"WebPage","@id":"https:\/\/futbolhoy.co\/index.php\/2022\/01\/24\/camilo-vargas-en-el-once-ideal\/","url":"https:\/\/futbolhoy.co\/index.php\/2022\/01\/24\/camilo-vargas-en-el-once-ideal\/","name":"Camilo Vargas, en el once ideal -","isPartOf":{"@id":"https:\/\/futbolhoy.co\/#website"},"primaryImageOfPage":{"@id":"https:\/\/futbolhoy.co\/index.php\/2022\/01\/24\/camilo-vargas-en-el-once-ideal\/#primaryimage"},"image":{"@id":"https:\/\/futbolhoy.co\/index.php\/2022\/01\/24\/camilo-vargas-en-el-once-ideal\/#primaryimage"},"thumbnailUrl":"https:\/\/futbolhoy.co\/wp-content\/uploads\/2022\/01\/20220124_182803.jpg","datePublished":"2022-01-24T23:35:22+00:00","dateModified":"2022-01-25T15:34:23+00:00","breadcrumb":{"@id":"https:\/\/futbolhoy.co\/index.php\/2022\/01\/24\/camilo-vargas-en-el-once-ideal\/#breadcrumb"},"inLanguage":"es","potentialAction":[{"@type":"ReadAction","target":["https:\/\/futbolhoy.co\/index.php\/2022\/01\/24\/camilo-vargas-en-el-once-ideal\/"]}]},{"@type":"ImageObject","inLanguage":"es","@id":"https:\/\/futbolhoy.co\/index.php\/2022\/01\/24\/camilo-vargas-en-el-once-ideal\/#primaryimage","url":"https:\/\/futbolhoy.co\/wp-content\/uploads\/2022\/01\/20220124_182803.jpg","contentUrl":"https:\/\/futbolhoy.co\/wp-content\/uploads\/2022\/01\/20220124_182803.jpg","width":720,"height":405},{"@type":"BreadcrumbList","@id":"https:\/\/futbolhoy.co\/index.php\/2022\/01\/24\/camilo-vargas-en-el-once-ideal\/#breadcrumb","itemListElement":[{"@type":"ListItem","position":1,"name":"Portada","item":"https:\/\/futbolhoy.co\/"},{"@type":"ListItem","position":2,"name":"Camilo Vargas, en el once ideal"}]},{"@type":"WebSite","@id":"https:\/\/futbolhoy.co\/#website","url":"https:\/\/futbolhoy.co\/","name":"FutbolHoy","description":"","publisher":{"@id":"https:\/\/futbolhoy.co\/#organization"},"potentialAction":[{"@type":"SearchAction","target":{"@type":"EntryPoint","urlTemplate":"https:\/\/futbolhoy.co\/?s={search_term_string}"},"query-input":{"@type":"PropertyValueSpecification","valueRequired":true,"valueName":"search_term_string"}}],"inLanguage":"es"},{"@type":"Organization","@id":"https:\/\/futbolhoy.co\/#organization","name":"Futbolhoy.co","url":"https:\/\/futbolhoy.co\/","logo":{"@type":"ImageObject","inLanguage":"es","@id":"https:\/\/futbolhoy.co\/#\/schema\/logo\/image\/","url":"https:\/\/futbolhoy.co\/wp-content\/uploads\/2018\/08\/17426380_1906371736249227_6326180412931521141_n.jpg","contentUrl":"https:\/\/futbolhoy.co\/wp-content\/uploads\/2018\/08\/17426380_1906371736249227_6326180412931521141_n.jpg","width":960,"height":960,"caption":"Futbolhoy.co"},"image":{"@id":"https:\/\/futbolhoy.co\/#\/schema\/logo\/image\/"},"sameAs":["https:\/\/www.facebook.com\/FutbolHoyCol\/","https:\/\/x.com\/FutbolHoyCol","https:\/\/www.instagram.com\/futbolhoycol\/"]},{"@type":"Person","@id":"https:\/\/futbolhoy.co\/#\/schema\/person\/c4a353a512b127643723a34bb1812f7d","name":"Laura Hern\u00e1ndez","image":{"@type":"ImageObject","inLanguage":"es","@id":"https:\/\/futbolhoy.co\/#\/schema\/person\/image\/","url":"https:\/\/secure.gravatar.com\/avatar\/d25959a15b9b293a743f99181c7cfd01?s=96&d=mm&r=g","contentUrl":"https:\/\/secure.gravatar.com\/avatar\/d25959a15b9b293a743f99181c7cfd01?s=96&d=mm&r=g","caption":"Laura Hern\u00e1ndez"}}]}},"publishpress_future_action":{"enabled":false,"date":"2026-05-04 16:40:13","action":"change-status","newStatus":"draft","terms":[],"taxonomy":"category","extraData":[]},"publishpress_future_workflow_manual_trigger":{"enabledWorkflows":[]},"_links":{"self":[{"href":"https:\/\/futbolhoy.co\/index.php\/wp-json\/wp\/v2\/posts\/75005","targetHints":{"allow":["GET"]}}],"collection":[{"href":"https:\/\/futbolhoy.co\/index.php\/wp-json\/wp\/v2\/posts"}],"about":[{"href":"https:\/\/futbolhoy.co\/index.php\/wp-json\/wp\/v2\/types\/post"}],"author":[{"embeddable":true,"href":"https:\/\/futbolhoy.co\/index.php\/wp-json\/wp\/v2\/users\/5"}],"replies":[{"embeddable":true,"href":"https:\/\/futbolhoy.co\/index.php\/wp-json\/wp\/v2\/comments?post=75005"}],"version-history":[{"count":1,"href":"https:\/\/futbolhoy.co\/index.php\/wp-json\/wp\/v2\/posts\/75005\/revisions"}],"predecessor-version":[{"id":75010,"href":"https:\/\/futbolhoy.co\/index.php\/wp-json\/wp\/v2\/posts\/75005\/revisions\/75010"}],"wp:featuredmedia":[{"embeddable":true,"href":"https:\/\/futbolhoy.co\/index.php\/wp-json\/wp\/v2\/media\/75007"}],"wp:attachment":[{"href":"https:\/\/futbolhoy.co\/index.php\/wp-json\/wp\/v2\/media?parent=75005"}],"wp:term":[{"taxonomy":"category","embeddable":true,"href":"https:\/\/futbolhoy.co\/index.php\/wp-json\/wp\/v2\/categories?post=75005"},{"taxonomy":"post_tag","embeddable":true,"href":"https:\/\/futbolhoy.co\/index.php\/wp-json\/wp\/v2\/tags?post=75005"}],"curies":[{"name":"wp","href":"https:\/\/api.w.org\/{rel}","templated":true}]}}