{"id":75024,"date":"2022-01-25T05:00:46","date_gmt":"2022-01-25T10:00:46","guid":{"rendered":"https:\/\/futbolhoy.co\/?p=75024"},"modified":"2022-01-25T14:00:33","modified_gmt":"2022-01-25T19:00:33","slug":"llego-lapadula-a-peru","status":"publish","type":"post","link":"https:\/\/futbolhoy.co\/index.php\/2022\/01\/25\/llego-lapadula-a-peru\/","title":{"rendered":"Lleg\u00f3 Lapadula a Per\u00fa"},"content":{"rendered":"<p class=\"x_ydpdd4fd71cMsoNormal\" style=\"text-align: justify;\"><span lang=\"ES-MX\" style=\"font-family: helvetica, arial, sans-serif;\">El centro delantero peruano\u00a0<b>Gianluca Lapadula, del Benevento<\/b>\u00a0de la segunda divisi\u00f3n italiana, se sum\u00f3 a la\u00a0<b>selecci\u00f3n de Per\u00fa en Lima<\/b>, para afrontar los partidos contra\u00a0<b>Colombia y Ecuador<\/b>\u00a0por las eliminatorias sudamericanas al\u00a0<b>Mundial de Qatar-2022<\/b>.<\/span><\/p>\n<p class=\"x_ydpdd4fd71cMsoNormal\" style=\"text-align: justify;\"><span lang=\"ES-MX\" style=\"font-family: helvetica, arial, sans-serif;\">Lapadula, de 31 a\u00f1os, llega tras superar un enfrentamiento con su club, que no quer\u00eda cederlo al equipo nacional y se suma al grupo que dirige\u00a0<b>Ricardo Gareca<\/b>\u00a0con algunos inconvenientes f\u00edsicos, que ponen en duda su titularidad ante los colombianos.<\/span><\/p>\n<p class=\"x_ydpdd4fd71cMsoNormal\" style=\"text-align: justify;\"><span lang=\"ES-MX\" style=\"font-family: helvetica, arial, sans-serif;\">En lugar de Lapadula ha sido ubicado en el frente de ataque\u00a0<b>Santiago Orme\u00f1o<\/b>\u00a0(27) de la\u00a0<b>UNAM de M\u00e9xico<\/b>.<\/span><\/p>\n<p class=\"x_ydpdd4fd71cMsoNormal\" style=\"text-align: justify;\"><span lang=\"ES-MX\" style=\"font-family: helvetica, arial, sans-serif;\">En cuanto al equipo titular que presentar\u00edan los peruanos en\u00a0<b>Barranquilla<\/b>, surgen como novedades\u00a0<b>Aldo Corzo por Luis Adv\u00edncula, Carlos Zambrano por Christian Ramos y Nilson Loyola por Miguel Trauco<\/b>, respecto a la anterior jornada de las clasificatorias.<\/span><\/p>\n<p class=\"x_ydpdd4fd71cMsoNormal\" style=\"text-align: justify;\"><span lang=\"ES-MX\" style=\"font-family: helvetica, arial, sans-serif;\">Al martes, la m\u00e1s probable formaci\u00f3n peruana ser\u00eda con:<\/span><\/p>\n<p class=\"x_ydpdd4fd71cMsoNormal\" style=\"text-align: justify;\"><span lang=\"ES-MX\" style=\"font-family: helvetica, arial, sans-serif;\">Pedro Gallese; Aldo Corzo, Carlos Zambrano, Alexander Callens, Nilson Loyola; Renato Tapia, Sergio Pe\u00f1a, Yoshimar Yot\u00fan, Christian Cueva, Andr\u00e9 Carrillo y Santiago Orme\u00f1o.<\/span><\/p>\n","protected":false},"excerpt":{"rendered":"<p>El centro delantero peruano\u00a0Gianluca Lapadula, del Benevento\u00a0de la segunda divisi\u00f3n italiana, se sum\u00f3 a la\u00a0selecci\u00f3n de Per\u00fa en Lima, para afrontar los partidos contra\u00a0Colombia y Ecuador\u00a0por las eliminatorias sudamericanas al\u00a0Mundial de Qatar-2022. Lapadula, de 31 a\u00f1os, llega tras superar un enfrentamiento con su club, que no quer\u00eda cederlo al equipo nacional y se suma al [&hellip;]<\/p>\n","protected":false},"author":5,"featured_media":75027,"comment_status":"open","ping_status":"open","sticky":false,"template":"","format":"standard","meta":{"_acf_changed":false,"footnotes":""},"categories":[1965],"tags":[2281,144],"class_list":{"0":"post-75024","1":"post","2":"type-post","3":"status-publish","4":"format-standard","5":"has-post-thumbnail","7":"category-eli","8":"tag-lapadula","9":"tag-peru"},"acf":[],"yoast_head":"<!-- This site is optimized with the Yoast SEO plugin v26.8 - https:\/\/yoast.com\/product\/yoast-seo-wordpress\/ -->\n<title>Lleg\u00f3 Lapadula a Per\u00fa -<\/title>\n<meta name=\"robots\" content=\"index, follow, max-snippet:-1, max-image-preview:large, max-video-preview:-1\" \/>\n<link rel=\"canonical\" href=\"https:\/\/futbolhoy.co\/index.php\/2022\/01\/25\/llego-lapadula-a-peru\/\" \/>\n<meta property=\"og:locale\" content=\"es_ES\" \/>\n<meta property=\"og:type\" content=\"article\" \/>\n<meta property=\"og:title\" content=\"Lleg\u00f3 Lapadula a Per\u00fa -\" \/>\n<meta property=\"og:description\" content=\"El centro delantero peruano\u00a0Gianluca Lapadula, del Benevento\u00a0de la segunda divisi\u00f3n italiana, se sum\u00f3 a la\u00a0selecci\u00f3n de Per\u00fa en Lima, para afrontar los partidos contra\u00a0Colombia y Ecuador\u00a0por las eliminatorias sudamericanas al\u00a0Mundial de Qatar-2022. Lapadula, de 31 a\u00f1os, llega tras superar un enfrentamiento con su club, que no quer\u00eda cederlo al equipo nacional y se suma al [&hellip;]\" \/>\n<meta property=\"og:url\" content=\"https:\/\/futbolhoy.co\/index.php\/2022\/01\/25\/llego-lapadula-a-peru\/\" \/>\n<meta property=\"article:publisher\" content=\"https:\/\/www.facebook.com\/FutbolHoyCol\/\" \/>\n<meta property=\"article:published_time\" content=\"2022-01-25T10:00:46+00:00\" \/>\n<meta property=\"article:modified_time\" content=\"2022-01-25T19:00:33+00:00\" \/>\n<meta property=\"og:image\" content=\"https:\/\/futbolhoy.co\/wp-content\/uploads\/2022\/01\/FJ3yiMgX0AwYR7t.jpg\" \/>\n\t<meta property=\"og:image:width\" content=\"1080\" \/>\n\t<meta property=\"og:image:height\" content=\"1328\" \/>\n\t<meta property=\"og:image:type\" content=\"image\/jpeg\" \/>\n<meta name=\"author\" content=\"Laura Hern\u00e1ndez\" \/>\n<meta name=\"twitter:card\" content=\"summary_large_image\" \/>\n<meta name=\"twitter:creator\" content=\"@FutbolHoyCol\" \/>\n<meta name=\"twitter:site\" content=\"@FutbolHoyCol\" \/>\n<meta name=\"twitter:label1\" content=\"Escrito por\" \/>\n\t<meta name=\"twitter:data1\" content=\"Laura Hern\u00e1ndez\" \/>\n\t<meta name=\"twitter:label2\" content=\"Tiempo de lectura\" \/>\n\t<meta name=\"twitter:data2\" content=\"1 minuto\" \/>\n<script type=\"application\/ld+json\" class=\"yoast-schema-graph\">{\"@context\":\"https:\/\/schema.org\",\"@graph\":[{\"@type\":\"Article\",\"@id\":\"https:\/\/futbolhoy.co\/index.php\/2022\/01\/25\/llego-lapadula-a-peru\/#article\",\"isPartOf\":{\"@id\":\"https:\/\/futbolhoy.co\/index.php\/2022\/01\/25\/llego-lapadula-a-peru\/\"},\"author\":{\"name\":\"Laura Hern\u00e1ndez\",\"@id\":\"https:\/\/futbolhoy.co\/#\/schema\/person\/c4a353a512b127643723a34bb1812f7d\"},\"headline\":\"Lleg\u00f3 Lapadula a Per\u00fa\",\"datePublished\":\"2022-01-25T10:00:46+00:00\",\"dateModified\":\"2022-01-25T19:00:33+00:00\",\"mainEntityOfPage\":{\"@id\":\"https:\/\/futbolhoy.co\/index.php\/2022\/01\/25\/llego-lapadula-a-peru\/\"},\"wordCount\":186,\"commentCount\":0,\"publisher\":{\"@id\":\"https:\/\/futbolhoy.co\/#organization\"},\"image\":{\"@id\":\"https:\/\/futbolhoy.co\/index.php\/2022\/01\/25\/llego-lapadula-a-peru\/#primaryimage\"},\"thumbnailUrl\":\"https:\/\/futbolhoy.co\/wp-content\/uploads\/2022\/01\/FJ3yiMgX0AwYR7t.jpg\",\"keywords\":[\"Lapadula\",\"Per\u00fa\"],\"articleSection\":[\"Qatar 2022\"],\"inLanguage\":\"es\",\"potentialAction\":[{\"@type\":\"CommentAction\",\"name\":\"Comment\",\"target\":[\"https:\/\/futbolhoy.co\/index.php\/2022\/01\/25\/llego-lapadula-a-peru\/#respond\"]}]},{\"@type\":\"WebPage\",\"@id\":\"https:\/\/futbolhoy.co\/index.php\/2022\/01\/25\/llego-lapadula-a-peru\/\",\"url\":\"https:\/\/futbolhoy.co\/index.php\/2022\/01\/25\/llego-lapadula-a-peru\/\",\"name\":\"Lleg\u00f3 Lapadula a Per\u00fa -\",\"isPartOf\":{\"@id\":\"https:\/\/futbolhoy.co\/#website\"},\"primaryImageOfPage\":{\"@id\":\"https:\/\/futbolhoy.co\/index.php\/2022\/01\/25\/llego-lapadula-a-peru\/#primaryimage\"},\"image\":{\"@id\":\"https:\/\/futbolhoy.co\/index.php\/2022\/01\/25\/llego-lapadula-a-peru\/#primaryimage\"},\"thumbnailUrl\":\"https:\/\/futbolhoy.co\/wp-content\/uploads\/2022\/01\/FJ3yiMgX0AwYR7t.jpg\",\"datePublished\":\"2022-01-25T10:00:46+00:00\",\"dateModified\":\"2022-01-25T19:00:33+00:00\",\"breadcrumb\":{\"@id\":\"https:\/\/futbolhoy.co\/index.php\/2022\/01\/25\/llego-lapadula-a-peru\/#breadcrumb\"},\"inLanguage\":\"es\",\"potentialAction\":[{\"@type\":\"ReadAction\",\"target\":[\"https:\/\/futbolhoy.co\/index.php\/2022\/01\/25\/llego-lapadula-a-peru\/\"]}]},{\"@type\":\"ImageObject\",\"inLanguage\":\"es\",\"@id\":\"https:\/\/futbolhoy.co\/index.php\/2022\/01\/25\/llego-lapadula-a-peru\/#primaryimage\",\"url\":\"https:\/\/futbolhoy.co\/wp-content\/uploads\/2022\/01\/FJ3yiMgX0AwYR7t.jpg\",\"contentUrl\":\"https:\/\/futbolhoy.co\/wp-content\/uploads\/2022\/01\/FJ3yiMgX0AwYR7t.jpg\",\"width\":1080,\"height\":1328},{\"@type\":\"BreadcrumbList\",\"@id\":\"https:\/\/futbolhoy.co\/index.php\/2022\/01\/25\/llego-lapadula-a-peru\/#breadcrumb\",\"itemListElement\":[{\"@type\":\"ListItem\",\"position\":1,\"name\":\"Portada\",\"item\":\"https:\/\/futbolhoy.co\/\"},{\"@type\":\"ListItem\",\"position\":2,\"name\":\"Lleg\u00f3 Lapadula a Per\u00fa\"}]},{\"@type\":\"WebSite\",\"@id\":\"https:\/\/futbolhoy.co\/#website\",\"url\":\"https:\/\/futbolhoy.co\/\",\"name\":\"FutbolHoy\",\"description\":\"\",\"publisher\":{\"@id\":\"https:\/\/futbolhoy.co\/#organization\"},\"potentialAction\":[{\"@type\":\"SearchAction\",\"target\":{\"@type\":\"EntryPoint\",\"urlTemplate\":\"https:\/\/futbolhoy.co\/?s={search_term_string}\"},\"query-input\":{\"@type\":\"PropertyValueSpecification\",\"valueRequired\":true,\"valueName\":\"search_term_string\"}}],\"inLanguage\":\"es\"},{\"@type\":\"Organization\",\"@id\":\"https:\/\/futbolhoy.co\/#organization\",\"name\":\"Futbolhoy.co\",\"url\":\"https:\/\/futbolhoy.co\/\",\"logo\":{\"@type\":\"ImageObject\",\"inLanguage\":\"es\",\"@id\":\"https:\/\/futbolhoy.co\/#\/schema\/logo\/image\/\",\"url\":\"https:\/\/futbolhoy.co\/wp-content\/uploads\/2018\/08\/17426380_1906371736249227_6326180412931521141_n.jpg\",\"contentUrl\":\"https:\/\/futbolhoy.co\/wp-content\/uploads\/2018\/08\/17426380_1906371736249227_6326180412931521141_n.jpg\",\"width\":960,\"height\":960,\"caption\":\"Futbolhoy.co\"},\"image\":{\"@id\":\"https:\/\/futbolhoy.co\/#\/schema\/logo\/image\/\"},\"sameAs\":[\"https:\/\/www.facebook.com\/FutbolHoyCol\/\",\"https:\/\/x.com\/FutbolHoyCol\",\"https:\/\/www.instagram.com\/futbolhoycol\/\"]},{\"@type\":\"Person\",\"@id\":\"https:\/\/futbolhoy.co\/#\/schema\/person\/c4a353a512b127643723a34bb1812f7d\",\"name\":\"Laura Hern\u00e1ndez\",\"image\":{\"@type\":\"ImageObject\",\"inLanguage\":\"es\",\"@id\":\"https:\/\/futbolhoy.co\/#\/schema\/person\/image\/\",\"url\":\"https:\/\/secure.gravatar.com\/avatar\/d25959a15b9b293a743f99181c7cfd01?s=96&d=mm&r=g\",\"contentUrl\":\"https:\/\/secure.gravatar.com\/avatar\/d25959a15b9b293a743f99181c7cfd01?s=96&d=mm&r=g\",\"caption\":\"Laura Hern\u00e1ndez\"}}]}<\/script>\n<!-- \/ Yoast SEO plugin. -->","yoast_head_json":{"title":"Lleg\u00f3 Lapadula a Per\u00fa -","robots":{"index":"index","follow":"follow","max-snippet":"max-snippet:-1","max-image-preview":"max-image-preview:large","max-video-preview":"max-video-preview:-1"},"canonical":"https:\/\/futbolhoy.co\/index.php\/2022\/01\/25\/llego-lapadula-a-peru\/","og_locale":"es_ES","og_type":"article","og_title":"Lleg\u00f3 Lapadula a Per\u00fa -","og_description":"El centro delantero peruano\u00a0Gianluca Lapadula, del Benevento\u00a0de la segunda divisi\u00f3n italiana, se sum\u00f3 a la\u00a0selecci\u00f3n de Per\u00fa en Lima, para afrontar los partidos contra\u00a0Colombia y Ecuador\u00a0por las eliminatorias sudamericanas al\u00a0Mundial de Qatar-2022. Lapadula, de 31 a\u00f1os, llega tras superar un enfrentamiento con su club, que no quer\u00eda cederlo al equipo nacional y se suma al [&hellip;]","og_url":"https:\/\/futbolhoy.co\/index.php\/2022\/01\/25\/llego-lapadula-a-peru\/","article_publisher":"https:\/\/www.facebook.com\/FutbolHoyCol\/","article_published_time":"2022-01-25T10:00:46+00:00","article_modified_time":"2022-01-25T19:00:33+00:00","og_image":[{"width":1080,"height":1328,"url":"https:\/\/futbolhoy.co\/wp-content\/uploads\/2022\/01\/FJ3yiMgX0AwYR7t.jpg","type":"image\/jpeg"}],"author":"Laura Hern\u00e1ndez","twitter_card":"summary_large_image","twitter_creator":"@FutbolHoyCol","twitter_site":"@FutbolHoyCol","twitter_misc":{"Escrito por":"Laura Hern\u00e1ndez","Tiempo de lectura":"1 minuto"},"schema":{"@context":"https:\/\/schema.org","@graph":[{"@type":"Article","@id":"https:\/\/futbolhoy.co\/index.php\/2022\/01\/25\/llego-lapadula-a-peru\/#article","isPartOf":{"@id":"https:\/\/futbolhoy.co\/index.php\/2022\/01\/25\/llego-lapadula-a-peru\/"},"author":{"name":"Laura Hern\u00e1ndez","@id":"https:\/\/futbolhoy.co\/#\/schema\/person\/c4a353a512b127643723a34bb1812f7d"},"headline":"Lleg\u00f3 Lapadula a Per\u00fa","datePublished":"2022-01-25T10:00:46+00:00","dateModified":"2022-01-25T19:00:33+00:00","mainEntityOfPage":{"@id":"https:\/\/futbolhoy.co\/index.php\/2022\/01\/25\/llego-lapadula-a-peru\/"},"wordCount":186,"commentCount":0,"publisher":{"@id":"https:\/\/futbolhoy.co\/#organization"},"image":{"@id":"https:\/\/futbolhoy.co\/index.php\/2022\/01\/25\/llego-lapadula-a-peru\/#primaryimage"},"thumbnailUrl":"https:\/\/futbolhoy.co\/wp-content\/uploads\/2022\/01\/FJ3yiMgX0AwYR7t.jpg","keywords":["Lapadula","Per\u00fa"],"articleSection":["Qatar 2022"],"inLanguage":"es","potentialAction":[{"@type":"CommentAction","name":"Comment","target":["https:\/\/futbolhoy.co\/index.php\/2022\/01\/25\/llego-lapadula-a-peru\/#respond"]}]},{"@type":"WebPage","@id":"https:\/\/futbolhoy.co\/index.php\/2022\/01\/25\/llego-lapadula-a-peru\/","url":"https:\/\/futbolhoy.co\/index.php\/2022\/01\/25\/llego-lapadula-a-peru\/","name":"Lleg\u00f3 Lapadula a Per\u00fa -","isPartOf":{"@id":"https:\/\/futbolhoy.co\/#website"},"primaryImageOfPage":{"@id":"https:\/\/futbolhoy.co\/index.php\/2022\/01\/25\/llego-lapadula-a-peru\/#primaryimage"},"image":{"@id":"https:\/\/futbolhoy.co\/index.php\/2022\/01\/25\/llego-lapadula-a-peru\/#primaryimage"},"thumbnailUrl":"https:\/\/futbolhoy.co\/wp-content\/uploads\/2022\/01\/FJ3yiMgX0AwYR7t.jpg","datePublished":"2022-01-25T10:00:46+00:00","dateModified":"2022-01-25T19:00:33+00:00","breadcrumb":{"@id":"https:\/\/futbolhoy.co\/index.php\/2022\/01\/25\/llego-lapadula-a-peru\/#breadcrumb"},"inLanguage":"es","potentialAction":[{"@type":"ReadAction","target":["https:\/\/futbolhoy.co\/index.php\/2022\/01\/25\/llego-lapadula-a-peru\/"]}]},{"@type":"ImageObject","inLanguage":"es","@id":"https:\/\/futbolhoy.co\/index.php\/2022\/01\/25\/llego-lapadula-a-peru\/#primaryimage","url":"https:\/\/futbolhoy.co\/wp-content\/uploads\/2022\/01\/FJ3yiMgX0AwYR7t.jpg","contentUrl":"https:\/\/futbolhoy.co\/wp-content\/uploads\/2022\/01\/FJ3yiMgX0AwYR7t.jpg","width":1080,"height":1328},{"@type":"BreadcrumbList","@id":"https:\/\/futbolhoy.co\/index.php\/2022\/01\/25\/llego-lapadula-a-peru\/#breadcrumb","itemListElement":[{"@type":"ListItem","position":1,"name":"Portada","item":"https:\/\/futbolhoy.co\/"},{"@type":"ListItem","position":2,"name":"Lleg\u00f3 Lapadula a Per\u00fa"}]},{"@type":"WebSite","@id":"https:\/\/futbolhoy.co\/#website","url":"https:\/\/futbolhoy.co\/","name":"FutbolHoy","description":"","publisher":{"@id":"https:\/\/futbolhoy.co\/#organization"},"potentialAction":[{"@type":"SearchAction","target":{"@type":"EntryPoint","urlTemplate":"https:\/\/futbolhoy.co\/?s={search_term_string}"},"query-input":{"@type":"PropertyValueSpecification","valueRequired":true,"valueName":"search_term_string"}}],"inLanguage":"es"},{"@type":"Organization","@id":"https:\/\/futbolhoy.co\/#organization","name":"Futbolhoy.co","url":"https:\/\/futbolhoy.co\/","logo":{"@type":"ImageObject","inLanguage":"es","@id":"https:\/\/futbolhoy.co\/#\/schema\/logo\/image\/","url":"https:\/\/futbolhoy.co\/wp-content\/uploads\/2018\/08\/17426380_1906371736249227_6326180412931521141_n.jpg","contentUrl":"https:\/\/futbolhoy.co\/wp-content\/uploads\/2018\/08\/17426380_1906371736249227_6326180412931521141_n.jpg","width":960,"height":960,"caption":"Futbolhoy.co"},"image":{"@id":"https:\/\/futbolhoy.co\/#\/schema\/logo\/image\/"},"sameAs":["https:\/\/www.facebook.com\/FutbolHoyCol\/","https:\/\/x.com\/FutbolHoyCol","https:\/\/www.instagram.com\/futbolhoycol\/"]},{"@type":"Person","@id":"https:\/\/futbolhoy.co\/#\/schema\/person\/c4a353a512b127643723a34bb1812f7d","name":"Laura Hern\u00e1ndez","image":{"@type":"ImageObject","inLanguage":"es","@id":"https:\/\/futbolhoy.co\/#\/schema\/person\/image\/","url":"https:\/\/secure.gravatar.com\/avatar\/d25959a15b9b293a743f99181c7cfd01?s=96&d=mm&r=g","contentUrl":"https:\/\/secure.gravatar.com\/avatar\/d25959a15b9b293a743f99181c7cfd01?s=96&d=mm&r=g","caption":"Laura Hern\u00e1ndez"}}]}},"publishpress_future_action":{"enabled":false,"date":"2026-05-05 00:38:59","action":"change-status","newStatus":"draft","terms":[],"taxonomy":"category","extraData":[]},"publishpress_future_workflow_manual_trigger":{"enabledWorkflows":[]},"_links":{"self":[{"href":"https:\/\/futbolhoy.co\/index.php\/wp-json\/wp\/v2\/posts\/75024","targetHints":{"allow":["GET"]}}],"collection":[{"href":"https:\/\/futbolhoy.co\/index.php\/wp-json\/wp\/v2\/posts"}],"about":[{"href":"https:\/\/futbolhoy.co\/index.php\/wp-json\/wp\/v2\/types\/post"}],"author":[{"embeddable":true,"href":"https:\/\/futbolhoy.co\/index.php\/wp-json\/wp\/v2\/users\/5"}],"replies":[{"embeddable":true,"href":"https:\/\/futbolhoy.co\/index.php\/wp-json\/wp\/v2\/comments?post=75024"}],"version-history":[{"count":1,"href":"https:\/\/futbolhoy.co\/index.php\/wp-json\/wp\/v2\/posts\/75024\/revisions"}],"predecessor-version":[{"id":75028,"href":"https:\/\/futbolhoy.co\/index.php\/wp-json\/wp\/v2\/posts\/75024\/revisions\/75028"}],"wp:featuredmedia":[{"embeddable":true,"href":"https:\/\/futbolhoy.co\/index.php\/wp-json\/wp\/v2\/media\/75027"}],"wp:attachment":[{"href":"https:\/\/futbolhoy.co\/index.php\/wp-json\/wp\/v2\/media?parent=75024"}],"wp:term":[{"taxonomy":"category","embeddable":true,"href":"https:\/\/futbolhoy.co\/index.php\/wp-json\/wp\/v2\/categories?post=75024"},{"taxonomy":"post_tag","embeddable":true,"href":"https:\/\/futbolhoy.co\/index.php\/wp-json\/wp\/v2\/tags?post=75024"}],"curies":[{"name":"wp","href":"https:\/\/api.w.org\/{rel}","templated":true}]}}