{"id":75135,"date":"2022-01-27T14:28:43","date_gmt":"2022-01-27T19:28:43","guid":{"rendered":"https:\/\/futbolhoy.co\/?p=75135"},"modified":"2022-01-28T07:03:22","modified_gmt":"2022-01-28T12:03:22","slug":"rueda-todos-juntos-lo-logramos","status":"publish","type":"post","link":"https:\/\/futbolhoy.co\/index.php\/2022\/01\/27\/rueda-todos-juntos-lo-logramos\/","title":{"rendered":"Rueda: \"Todos juntos lo logramos\""},"content":{"rendered":"<p style=\"text-align: justify;\"><span style=\"font-family: helvetica, arial, sans-serif;\"><strong>Reinaldo Rueda<\/strong>, t\u00e9cnico de la <strong>Selecci\u00f3n Colombia,<\/strong> atendi\u00f3 a los medios de comunicaci\u00f3n en la previa del partido de este viernes ante <strong>Per\u00fa,<\/strong> v\u00e1lido por la fecha 15 de las <strong>Eliminatorias Sudamericanas<\/strong> a <strong>Mundial de Qatar 2022.<\/strong><\/span><\/p>\n<p style=\"text-align: justify;\"><span style=\"font-family: helvetica, arial, sans-serif;\">\"Todos juntos lo logramos, se ha hecho un buen camino, la mentalidad y la motivaci\u00f3n es esa, que todos juntos lo logramos\", resalt\u00f3 el vallecaucano.<\/span><\/p>\n<p style=\"text-align: justify;\"><span style=\"font-family: helvetica, arial, sans-serif;\">Tambi\u00e9n a\u00f1adi\u00f3: \"con todas las dificultades, limitancias, con un f\u00fatbol 'amarrete' pasamos de un s\u00e9ptimo lugar a un cuarto lugar. Se ha generado entre nosotros mismos un desaf\u00edo y es llegar a un nuevo Mundial\".<\/span><\/p>\n<p style=\"text-align: justify;\"><span style=\"font-family: helvetica, arial, sans-serif;\">Rueda enfatiz\u00f3 en no querer individualizar a su rival, por lo que no quiso hablar de las bajas de sus laterales, as\u00ed mismo, consider\u00f3 que este ser\u00e1 un juego distinto a los que han disputado en el pasado.<\/span><\/p>\n<p style=\"text-align: justify;\"><span style=\"font-family: helvetica, arial, sans-serif;\">El vallecaucano confirm\u00f3 la presencia de <strong>David<\/strong> <strong>Ospina<\/strong> como titular: \"tenemos esa situaci\u00f3n de David, se ha recuperado bien, pero hemos sido cautelosos, Por fortuna desde el punto de vista m\u00e9dico todo ha salido bien, ojal\u00e1 que ma\u00f1ana tenga un buen comportamiento y nos pueda dar de su talento\".<\/span><\/p>\n<p style=\"text-align: justify;\"><span style=\"font-family: helvetica, arial, sans-serif;\">Mientras que de <strong>Yaser Asprilla,<\/strong> coment\u00f3: \"como todo jugador joven, Yaser (Asprilla) est\u00e1 en este proceso de inducci\u00f3n, para nosotros ha sido muy grato su aparici\u00f3n en la Liga colombiana\".<\/span><\/p>\n<p style=\"text-align: justify;\"><span style=\"font-family: helvetica, arial, sans-serif;\">Colombia enfrentar\u00e1 a Per\u00fa este viernes en Barranquilla a partir de las 4:00PM, por la fecha 15 de las Eliminatorias.<\/span><\/p>\n","protected":false},"excerpt":{"rendered":"<p>Reinaldo Rueda, t\u00e9cnico de la Selecci\u00f3n Colombia, atendi\u00f3 a los medios de comunicaci\u00f3n en la previa del partido de este viernes ante Per\u00fa, v\u00e1lido por la fecha 15 de las Eliminatorias Sudamericanas a Mundial de Qatar 2022. \"Todos juntos lo logramos, se ha hecho un buen camino, la mentalidad y la motivaci\u00f3n es esa, que [&hellip;]<\/p>\n","protected":false},"author":5,"featured_media":75136,"comment_status":"open","ping_status":"open","sticky":false,"template":"","format":"standard","meta":{"_acf_changed":false,"footnotes":""},"categories":[418],"tags":[],"class_list":{"0":"post-75135","1":"post","2":"type-post","3":"status-publish","4":"format-standard","5":"has-post-thumbnail","7":"category-colombia"},"acf":[],"yoast_head":"<!-- This site is optimized with the Yoast SEO plugin v26.8 - https:\/\/yoast.com\/product\/yoast-seo-wordpress\/ -->\n<title>Rueda: &quot;Todos juntos lo logramos&quot; -<\/title>\n<meta name=\"robots\" content=\"index, follow, max-snippet:-1, max-image-preview:large, max-video-preview:-1\" \/>\n<link rel=\"canonical\" href=\"https:\/\/futbolhoy.co\/index.php\/2022\/01\/27\/rueda-todos-juntos-lo-logramos\/\" \/>\n<meta property=\"og:locale\" content=\"es_ES\" \/>\n<meta property=\"og:type\" content=\"article\" \/>\n<meta property=\"og:title\" content=\"Rueda: &quot;Todos juntos lo logramos&quot; -\" \/>\n<meta property=\"og:description\" content=\"Reinaldo Rueda, t\u00e9cnico de la Selecci\u00f3n Colombia, atendi\u00f3 a los medios de comunicaci\u00f3n en la previa del partido de este viernes ante Per\u00fa, v\u00e1lido por la fecha 15 de las Eliminatorias Sudamericanas a Mundial de Qatar 2022. &quot;Todos juntos lo logramos, se ha hecho un buen camino, la mentalidad y la motivaci\u00f3n es esa, que [&hellip;]\" \/>\n<meta property=\"og:url\" content=\"https:\/\/futbolhoy.co\/index.php\/2022\/01\/27\/rueda-todos-juntos-lo-logramos\/\" \/>\n<meta property=\"article:publisher\" content=\"https:\/\/www.facebook.com\/FutbolHoyCol\/\" \/>\n<meta property=\"article:published_time\" content=\"2022-01-27T19:28:43+00:00\" \/>\n<meta property=\"article:modified_time\" content=\"2022-01-28T12:03:22+00:00\" \/>\n<meta property=\"og:image\" content=\"https:\/\/futbolhoy.co\/wp-content\/uploads\/2022\/01\/Rueda-1-1.png\" \/>\n\t<meta property=\"og:image:width\" content=\"1737\" \/>\n\t<meta property=\"og:image:height\" content=\"830\" \/>\n\t<meta property=\"og:image:type\" content=\"image\/png\" \/>\n<meta name=\"author\" content=\"Laura Hern\u00e1ndez\" \/>\n<meta name=\"twitter:card\" content=\"summary_large_image\" \/>\n<meta name=\"twitter:creator\" content=\"@FutbolHoyCol\" \/>\n<meta name=\"twitter:site\" content=\"@FutbolHoyCol\" \/>\n<meta name=\"twitter:label1\" content=\"Escrito por\" \/>\n\t<meta name=\"twitter:data1\" content=\"Laura Hern\u00e1ndez\" \/>\n\t<meta name=\"twitter:label2\" content=\"Tiempo de lectura\" \/>\n\t<meta name=\"twitter:data2\" content=\"2 minutos\" \/>\n<script type=\"application\/ld+json\" class=\"yoast-schema-graph\">{\"@context\":\"https:\/\/schema.org\",\"@graph\":[{\"@type\":\"Article\",\"@id\":\"https:\/\/futbolhoy.co\/index.php\/2022\/01\/27\/rueda-todos-juntos-lo-logramos\/#article\",\"isPartOf\":{\"@id\":\"https:\/\/futbolhoy.co\/index.php\/2022\/01\/27\/rueda-todos-juntos-lo-logramos\/\"},\"author\":{\"name\":\"Laura Hern\u00e1ndez\",\"@id\":\"https:\/\/futbolhoy.co\/#\/schema\/person\/c4a353a512b127643723a34bb1812f7d\"},\"headline\":\"Rueda: \\\"Todos juntos lo logramos\\\"\",\"datePublished\":\"2022-01-27T19:28:43+00:00\",\"dateModified\":\"2022-01-28T12:03:22+00:00\",\"mainEntityOfPage\":{\"@id\":\"https:\/\/futbolhoy.co\/index.php\/2022\/01\/27\/rueda-todos-juntos-lo-logramos\/\"},\"wordCount\":251,\"commentCount\":0,\"publisher\":{\"@id\":\"https:\/\/futbolhoy.co\/#organization\"},\"image\":{\"@id\":\"https:\/\/futbolhoy.co\/index.php\/2022\/01\/27\/rueda-todos-juntos-lo-logramos\/#primaryimage\"},\"thumbnailUrl\":\"https:\/\/futbolhoy.co\/wp-content\/uploads\/2022\/01\/Rueda-1-1.png\",\"articleSection\":[\"Colombia\"],\"inLanguage\":\"es\",\"potentialAction\":[{\"@type\":\"CommentAction\",\"name\":\"Comment\",\"target\":[\"https:\/\/futbolhoy.co\/index.php\/2022\/01\/27\/rueda-todos-juntos-lo-logramos\/#respond\"]}]},{\"@type\":\"WebPage\",\"@id\":\"https:\/\/futbolhoy.co\/index.php\/2022\/01\/27\/rueda-todos-juntos-lo-logramos\/\",\"url\":\"https:\/\/futbolhoy.co\/index.php\/2022\/01\/27\/rueda-todos-juntos-lo-logramos\/\",\"name\":\"Rueda: \\\"Todos juntos lo logramos\\\" -\",\"isPartOf\":{\"@id\":\"https:\/\/futbolhoy.co\/#website\"},\"primaryImageOfPage\":{\"@id\":\"https:\/\/futbolhoy.co\/index.php\/2022\/01\/27\/rueda-todos-juntos-lo-logramos\/#primaryimage\"},\"image\":{\"@id\":\"https:\/\/futbolhoy.co\/index.php\/2022\/01\/27\/rueda-todos-juntos-lo-logramos\/#primaryimage\"},\"thumbnailUrl\":\"https:\/\/futbolhoy.co\/wp-content\/uploads\/2022\/01\/Rueda-1-1.png\",\"datePublished\":\"2022-01-27T19:28:43+00:00\",\"dateModified\":\"2022-01-28T12:03:22+00:00\",\"breadcrumb\":{\"@id\":\"https:\/\/futbolhoy.co\/index.php\/2022\/01\/27\/rueda-todos-juntos-lo-logramos\/#breadcrumb\"},\"inLanguage\":\"es\",\"potentialAction\":[{\"@type\":\"ReadAction\",\"target\":[\"https:\/\/futbolhoy.co\/index.php\/2022\/01\/27\/rueda-todos-juntos-lo-logramos\/\"]}]},{\"@type\":\"ImageObject\",\"inLanguage\":\"es\",\"@id\":\"https:\/\/futbolhoy.co\/index.php\/2022\/01\/27\/rueda-todos-juntos-lo-logramos\/#primaryimage\",\"url\":\"https:\/\/futbolhoy.co\/wp-content\/uploads\/2022\/01\/Rueda-1-1.png\",\"contentUrl\":\"https:\/\/futbolhoy.co\/wp-content\/uploads\/2022\/01\/Rueda-1-1.png\",\"width\":1737,\"height\":830},{\"@type\":\"BreadcrumbList\",\"@id\":\"https:\/\/futbolhoy.co\/index.php\/2022\/01\/27\/rueda-todos-juntos-lo-logramos\/#breadcrumb\",\"itemListElement\":[{\"@type\":\"ListItem\",\"position\":1,\"name\":\"Portada\",\"item\":\"https:\/\/futbolhoy.co\/\"},{\"@type\":\"ListItem\",\"position\":2,\"name\":\"Rueda: \u00abTodos juntos lo logramos\u00bb\"}]},{\"@type\":\"WebSite\",\"@id\":\"https:\/\/futbolhoy.co\/#website\",\"url\":\"https:\/\/futbolhoy.co\/\",\"name\":\"FutbolHoy\",\"description\":\"\",\"publisher\":{\"@id\":\"https:\/\/futbolhoy.co\/#organization\"},\"potentialAction\":[{\"@type\":\"SearchAction\",\"target\":{\"@type\":\"EntryPoint\",\"urlTemplate\":\"https:\/\/futbolhoy.co\/?s={search_term_string}\"},\"query-input\":{\"@type\":\"PropertyValueSpecification\",\"valueRequired\":true,\"valueName\":\"search_term_string\"}}],\"inLanguage\":\"es\"},{\"@type\":\"Organization\",\"@id\":\"https:\/\/futbolhoy.co\/#organization\",\"name\":\"Futbolhoy.co\",\"url\":\"https:\/\/futbolhoy.co\/\",\"logo\":{\"@type\":\"ImageObject\",\"inLanguage\":\"es\",\"@id\":\"https:\/\/futbolhoy.co\/#\/schema\/logo\/image\/\",\"url\":\"https:\/\/futbolhoy.co\/wp-content\/uploads\/2018\/08\/17426380_1906371736249227_6326180412931521141_n.jpg\",\"contentUrl\":\"https:\/\/futbolhoy.co\/wp-content\/uploads\/2018\/08\/17426380_1906371736249227_6326180412931521141_n.jpg\",\"width\":960,\"height\":960,\"caption\":\"Futbolhoy.co\"},\"image\":{\"@id\":\"https:\/\/futbolhoy.co\/#\/schema\/logo\/image\/\"},\"sameAs\":[\"https:\/\/www.facebook.com\/FutbolHoyCol\/\",\"https:\/\/x.com\/FutbolHoyCol\",\"https:\/\/www.instagram.com\/futbolhoycol\/\"]},{\"@type\":\"Person\",\"@id\":\"https:\/\/futbolhoy.co\/#\/schema\/person\/c4a353a512b127643723a34bb1812f7d\",\"name\":\"Laura Hern\u00e1ndez\",\"image\":{\"@type\":\"ImageObject\",\"inLanguage\":\"es\",\"@id\":\"https:\/\/futbolhoy.co\/#\/schema\/person\/image\/\",\"url\":\"https:\/\/secure.gravatar.com\/avatar\/d25959a15b9b293a743f99181c7cfd01?s=96&d=mm&r=g\",\"contentUrl\":\"https:\/\/secure.gravatar.com\/avatar\/d25959a15b9b293a743f99181c7cfd01?s=96&d=mm&r=g\",\"caption\":\"Laura Hern\u00e1ndez\"}}]}<\/script>\n<!-- \/ Yoast SEO plugin. -->","yoast_head_json":{"title":"Rueda: \"Todos juntos lo logramos\" -","robots":{"index":"index","follow":"follow","max-snippet":"max-snippet:-1","max-image-preview":"max-image-preview:large","max-video-preview":"max-video-preview:-1"},"canonical":"https:\/\/futbolhoy.co\/index.php\/2022\/01\/27\/rueda-todos-juntos-lo-logramos\/","og_locale":"es_ES","og_type":"article","og_title":"Rueda: \"Todos juntos lo logramos\" -","og_description":"Reinaldo Rueda, t\u00e9cnico de la Selecci\u00f3n Colombia, atendi\u00f3 a los medios de comunicaci\u00f3n en la previa del partido de este viernes ante Per\u00fa, v\u00e1lido por la fecha 15 de las Eliminatorias Sudamericanas a Mundial de Qatar 2022. \"Todos juntos lo logramos, se ha hecho un buen camino, la mentalidad y la motivaci\u00f3n es esa, que [&hellip;]","og_url":"https:\/\/futbolhoy.co\/index.php\/2022\/01\/27\/rueda-todos-juntos-lo-logramos\/","article_publisher":"https:\/\/www.facebook.com\/FutbolHoyCol\/","article_published_time":"2022-01-27T19:28:43+00:00","article_modified_time":"2022-01-28T12:03:22+00:00","og_image":[{"width":1737,"height":830,"url":"https:\/\/futbolhoy.co\/wp-content\/uploads\/2022\/01\/Rueda-1-1.png","type":"image\/png"}],"author":"Laura Hern\u00e1ndez","twitter_card":"summary_large_image","twitter_creator":"@FutbolHoyCol","twitter_site":"@FutbolHoyCol","twitter_misc":{"Escrito por":"Laura Hern\u00e1ndez","Tiempo de lectura":"2 minutos"},"schema":{"@context":"https:\/\/schema.org","@graph":[{"@type":"Article","@id":"https:\/\/futbolhoy.co\/index.php\/2022\/01\/27\/rueda-todos-juntos-lo-logramos\/#article","isPartOf":{"@id":"https:\/\/futbolhoy.co\/index.php\/2022\/01\/27\/rueda-todos-juntos-lo-logramos\/"},"author":{"name":"Laura Hern\u00e1ndez","@id":"https:\/\/futbolhoy.co\/#\/schema\/person\/c4a353a512b127643723a34bb1812f7d"},"headline":"Rueda: \"Todos juntos lo logramos\"","datePublished":"2022-01-27T19:28:43+00:00","dateModified":"2022-01-28T12:03:22+00:00","mainEntityOfPage":{"@id":"https:\/\/futbolhoy.co\/index.php\/2022\/01\/27\/rueda-todos-juntos-lo-logramos\/"},"wordCount":251,"commentCount":0,"publisher":{"@id":"https:\/\/futbolhoy.co\/#organization"},"image":{"@id":"https:\/\/futbolhoy.co\/index.php\/2022\/01\/27\/rueda-todos-juntos-lo-logramos\/#primaryimage"},"thumbnailUrl":"https:\/\/futbolhoy.co\/wp-content\/uploads\/2022\/01\/Rueda-1-1.png","articleSection":["Colombia"],"inLanguage":"es","potentialAction":[{"@type":"CommentAction","name":"Comment","target":["https:\/\/futbolhoy.co\/index.php\/2022\/01\/27\/rueda-todos-juntos-lo-logramos\/#respond"]}]},{"@type":"WebPage","@id":"https:\/\/futbolhoy.co\/index.php\/2022\/01\/27\/rueda-todos-juntos-lo-logramos\/","url":"https:\/\/futbolhoy.co\/index.php\/2022\/01\/27\/rueda-todos-juntos-lo-logramos\/","name":"Rueda: \"Todos juntos lo logramos\" -","isPartOf":{"@id":"https:\/\/futbolhoy.co\/#website"},"primaryImageOfPage":{"@id":"https:\/\/futbolhoy.co\/index.php\/2022\/01\/27\/rueda-todos-juntos-lo-logramos\/#primaryimage"},"image":{"@id":"https:\/\/futbolhoy.co\/index.php\/2022\/01\/27\/rueda-todos-juntos-lo-logramos\/#primaryimage"},"thumbnailUrl":"https:\/\/futbolhoy.co\/wp-content\/uploads\/2022\/01\/Rueda-1-1.png","datePublished":"2022-01-27T19:28:43+00:00","dateModified":"2022-01-28T12:03:22+00:00","breadcrumb":{"@id":"https:\/\/futbolhoy.co\/index.php\/2022\/01\/27\/rueda-todos-juntos-lo-logramos\/#breadcrumb"},"inLanguage":"es","potentialAction":[{"@type":"ReadAction","target":["https:\/\/futbolhoy.co\/index.php\/2022\/01\/27\/rueda-todos-juntos-lo-logramos\/"]}]},{"@type":"ImageObject","inLanguage":"es","@id":"https:\/\/futbolhoy.co\/index.php\/2022\/01\/27\/rueda-todos-juntos-lo-logramos\/#primaryimage","url":"https:\/\/futbolhoy.co\/wp-content\/uploads\/2022\/01\/Rueda-1-1.png","contentUrl":"https:\/\/futbolhoy.co\/wp-content\/uploads\/2022\/01\/Rueda-1-1.png","width":1737,"height":830},{"@type":"BreadcrumbList","@id":"https:\/\/futbolhoy.co\/index.php\/2022\/01\/27\/rueda-todos-juntos-lo-logramos\/#breadcrumb","itemListElement":[{"@type":"ListItem","position":1,"name":"Portada","item":"https:\/\/futbolhoy.co\/"},{"@type":"ListItem","position":2,"name":"Rueda: \u00abTodos juntos lo logramos\u00bb"}]},{"@type":"WebSite","@id":"https:\/\/futbolhoy.co\/#website","url":"https:\/\/futbolhoy.co\/","name":"FutbolHoy","description":"","publisher":{"@id":"https:\/\/futbolhoy.co\/#organization"},"potentialAction":[{"@type":"SearchAction","target":{"@type":"EntryPoint","urlTemplate":"https:\/\/futbolhoy.co\/?s={search_term_string}"},"query-input":{"@type":"PropertyValueSpecification","valueRequired":true,"valueName":"search_term_string"}}],"inLanguage":"es"},{"@type":"Organization","@id":"https:\/\/futbolhoy.co\/#organization","name":"Futbolhoy.co","url":"https:\/\/futbolhoy.co\/","logo":{"@type":"ImageObject","inLanguage":"es","@id":"https:\/\/futbolhoy.co\/#\/schema\/logo\/image\/","url":"https:\/\/futbolhoy.co\/wp-content\/uploads\/2018\/08\/17426380_1906371736249227_6326180412931521141_n.jpg","contentUrl":"https:\/\/futbolhoy.co\/wp-content\/uploads\/2018\/08\/17426380_1906371736249227_6326180412931521141_n.jpg","width":960,"height":960,"caption":"Futbolhoy.co"},"image":{"@id":"https:\/\/futbolhoy.co\/#\/schema\/logo\/image\/"},"sameAs":["https:\/\/www.facebook.com\/FutbolHoyCol\/","https:\/\/x.com\/FutbolHoyCol","https:\/\/www.instagram.com\/futbolhoycol\/"]},{"@type":"Person","@id":"https:\/\/futbolhoy.co\/#\/schema\/person\/c4a353a512b127643723a34bb1812f7d","name":"Laura Hern\u00e1ndez","image":{"@type":"ImageObject","inLanguage":"es","@id":"https:\/\/futbolhoy.co\/#\/schema\/person\/image\/","url":"https:\/\/secure.gravatar.com\/avatar\/d25959a15b9b293a743f99181c7cfd01?s=96&d=mm&r=g","contentUrl":"https:\/\/secure.gravatar.com\/avatar\/d25959a15b9b293a743f99181c7cfd01?s=96&d=mm&r=g","caption":"Laura Hern\u00e1ndez"}}]}},"publishpress_future_action":{"enabled":false,"date":"2026-05-05 00:36:56","action":"change-status","newStatus":"draft","terms":[],"taxonomy":"category","extraData":[]},"publishpress_future_workflow_manual_trigger":{"enabledWorkflows":[]},"_links":{"self":[{"href":"https:\/\/futbolhoy.co\/index.php\/wp-json\/wp\/v2\/posts\/75135","targetHints":{"allow":["GET"]}}],"collection":[{"href":"https:\/\/futbolhoy.co\/index.php\/wp-json\/wp\/v2\/posts"}],"about":[{"href":"https:\/\/futbolhoy.co\/index.php\/wp-json\/wp\/v2\/types\/post"}],"author":[{"embeddable":true,"href":"https:\/\/futbolhoy.co\/index.php\/wp-json\/wp\/v2\/users\/5"}],"replies":[{"embeddable":true,"href":"https:\/\/futbolhoy.co\/index.php\/wp-json\/wp\/v2\/comments?post=75135"}],"version-history":[{"count":1,"href":"https:\/\/futbolhoy.co\/index.php\/wp-json\/wp\/v2\/posts\/75135\/revisions"}],"predecessor-version":[{"id":75137,"href":"https:\/\/futbolhoy.co\/index.php\/wp-json\/wp\/v2\/posts\/75135\/revisions\/75137"}],"wp:featuredmedia":[{"embeddable":true,"href":"https:\/\/futbolhoy.co\/index.php\/wp-json\/wp\/v2\/media\/75136"}],"wp:attachment":[{"href":"https:\/\/futbolhoy.co\/index.php\/wp-json\/wp\/v2\/media?parent=75135"}],"wp:term":[{"taxonomy":"category","embeddable":true,"href":"https:\/\/futbolhoy.co\/index.php\/wp-json\/wp\/v2\/categories?post=75135"},{"taxonomy":"post_tag","embeddable":true,"href":"https:\/\/futbolhoy.co\/index.php\/wp-json\/wp\/v2\/tags?post=75135"}],"curies":[{"name":"wp","href":"https:\/\/api.w.org\/{rel}","templated":true}]}}