{"id":75141,"date":"2022-01-27T18:29:30","date_gmt":"2022-01-27T23:29:30","guid":{"rendered":"https:\/\/futbolhoy.co\/?p=75141"},"modified":"2022-01-28T08:46:54","modified_gmt":"2022-01-28T13:46:54","slug":"eliminatorias-jornada","status":"publish","type":"post","link":"https:\/\/futbolhoy.co\/index.php\/2022\/01\/27\/eliminatorias-jornada\/","title":{"rendered":"Ecuador sum\u00f3, Uruguay reaccion\u00f3 y Argentina ampli\u00f3 el invicto"},"content":{"rendered":"<p style=\"text-align: justify;\"><span style=\"font-family: helvetica, arial, sans-serif;\">La\u00a0selecci\u00f3n de <strong>Ecuador<\/strong>\u00a0logr\u00f3 igualar 1-1 en\u00a0Quito\u00a0ante\u00a0<strong>Brasil<\/strong>\u00a0por la fecha 15 de las eliminatorias sudamericanas al\u00a0<strong>Mundial de Qatar,<\/strong> en un partido accidentado y con muchos retos arbitrales para el juez colombiano\u00a0<strong>Wilmar<\/strong> <strong>Rold\u00e1n<\/strong>.<\/span><\/p>\n<p style=\"text-align: justify;\"><span style=\"font-family: helvetica, arial, sans-serif;\">Los goles fueron marcados por\u00a0<strong>Casemiro<\/strong> a los 6 minutos para los pentacampeones del mundo y\u00a0<strong>F\u00e9lix Torres<\/strong>\u00a0a los 75 para el anfitri\u00f3n.<\/span><\/p>\n<p style=\"text-align: justify;\"><span style=\"font-family: helvetica, arial, sans-serif;\">Fueron expulados el portero\u00a0<strong>Alexander Dom\u00ednguez<\/strong>\u00a0en los ecuatorianos, por fuerte patada a la altura del cuello a\u00a0<strong>Matheus Cunha;<\/strong> y <strong>Emerson<\/strong>\u00a0por los auriverdes.<\/span><\/p>\n<p style=\"text-align: justify;\"><span style=\"font-family: helvetica, arial, sans-serif;\">Adem\u00e1s, <strong>Rold\u00e1n<\/strong> tuvo que hacer uso del\u00a0<strong>VAR<\/strong>\u00a0en varias oportunidades y en dos de ellas reverso su decisi\u00f3n de mostrar tarjeta roja al portero brasile\u00f1o\u00a0<strong>Alisson.<\/strong><\/span><\/p>\n<p style=\"text-align: justify;\"><span style=\"font-family: helvetica, arial, sans-serif;\"><strong>Ecuador<\/strong> suma 24 puntos en el tercer lugar de la tabla de posiciones.<\/span><\/p>\n<p style=\"text-align: justify;\"><span style=\"font-family: helvetica, arial, sans-serif;\">Los ecuatorianos visitar\u00e1n a los peruanos el martes primero de febrero; mientras que <strong>Brasil<\/strong> recibir\u00e1 a\u00a0<strong>Paraguay.<\/strong><\/span><\/p>\n<p style=\"text-align: justify;\"><span style=\"font-family: helvetica, arial, sans-serif;\">Por su parte,\u00a0<strong>Uruguay<\/strong> logr\u00f3 su primera victoria en la segunda ronda de la fase clasificatoria y derrot\u00f3 0-1 a <strong>Paraguay<\/strong> con gol de\u00a0<strong>Luis Su\u00e1rez<\/strong>\u00a0a los 50 minutos, ascendiendo al cuarto lugar de la tabla parcialmente.<\/span><\/p>\n<p style=\"text-align: justify;\"><span style=\"font-family: helvetica, arial, sans-serif;\">En el equipo 'guaran\u00ed' fue expulsado\u00a0<strong>Gustavo G\u00f3mez<\/strong>\u00a0a los 90+5. El resultado priva\u00a0a <strong>Paraguay<\/strong> de clasificar a la\u00a0Copa del Mundo.<\/span><\/p>\n<p style=\"text-align: justify;\"><span style=\"font-family: helvetica, arial, sans-serif;\">La\u00a0'celeste'\u00a0recibir\u00e1 a\u00a0<strong>Venezuela\u00a0<\/strong>la pr\u00f3xima jornada.<\/span><\/p>\n<p style=\"text-align: justify;\"><span style=\"font-family: helvetica, arial, sans-serif;\">En el cierre de la jornada, <strong>Argentina<\/strong>\u00a0dobleg\u00f3 1-2 a\u00a0<strong>Chile<\/strong> en Calama\u00a0y ampli\u00f3 su invicto a 28 partidos, comprometiendo el paso\u00a0de los australes a <strong>Qatar.<\/strong><\/span><\/p>\n<p style=\"text-align: justify;\"><span style=\"font-family: helvetica, arial, sans-serif;\">Los goles\u00a0del\u00a0campe\u00f3n de Am\u00e9rica\u00a0fueron obra\u00a0de<strong>\u00a0\u00c1ngel Di Mar\u00eda\u00a0<\/strong>10 minutos y\u00a0<strong>Lautaro Mart\u00ednez<\/strong>\u00a0a los 34; mientras que el descuento local estuvo a cargo de\u00a0<strong>Ben Brereton<\/strong>\u00a0a los 20.<\/span><\/p>\n<p style=\"text-align: justify;\"><span style=\"font-family: helvetica, arial, sans-serif;\">Los argentinos ser\u00e1n anfitriones de\u00a0<strong>Colombia<\/strong> en C\u00f3rdoba\u00a0la fecha 16 y <strong>Chile<\/strong> ir\u00e1 contra\u00a0<strong>Bolivia<\/strong> a la altura de La Paz.\u00a0<\/span><\/p>\n","protected":false},"excerpt":{"rendered":"<p>La\u00a0selecci\u00f3n de Ecuador\u00a0logr\u00f3 igualar 1-1 en\u00a0Quito\u00a0ante\u00a0Brasil\u00a0por la fecha 15 de las eliminatorias sudamericanas al\u00a0Mundial de Qatar, en un partido accidentado y con muchos retos arbitrales para el juez colombiano\u00a0Wilmar Rold\u00e1n. Los goles fueron marcados por\u00a0Casemiro a los 6 minutos para los pentacampeones del mundo y\u00a0F\u00e9lix Torres\u00a0a los 75 para el anfitri\u00f3n. Fueron expulados el portero\u00a0Alexander [&hellip;]<\/p>\n","protected":false},"author":5,"featured_media":75164,"comment_status":"open","ping_status":"open","sticky":false,"template":"","format":"standard","meta":{"_acf_changed":false,"footnotes":""},"categories":[1965],"tags":[],"class_list":{"0":"post-75141","1":"post","2":"type-post","3":"status-publish","4":"format-standard","5":"has-post-thumbnail","7":"category-eli"},"acf":[],"yoast_head":"<!-- This site is optimized with the Yoast SEO plugin v26.8 - https:\/\/yoast.com\/product\/yoast-seo-wordpress\/ -->\n<title>Ecuador sum\u00f3, Uruguay reaccion\u00f3 y Argentina ampli\u00f3 el invicto -<\/title>\n<meta name=\"robots\" content=\"index, follow, max-snippet:-1, max-image-preview:large, max-video-preview:-1\" \/>\n<link rel=\"canonical\" href=\"https:\/\/futbolhoy.co\/index.php\/2022\/01\/27\/eliminatorias-jornada\/\" \/>\n<meta property=\"og:locale\" content=\"es_ES\" \/>\n<meta property=\"og:type\" content=\"article\" \/>\n<meta property=\"og:title\" content=\"Ecuador sum\u00f3, Uruguay reaccion\u00f3 y Argentina ampli\u00f3 el invicto -\" \/>\n<meta property=\"og:description\" content=\"La\u00a0selecci\u00f3n de Ecuador\u00a0logr\u00f3 igualar 1-1 en\u00a0Quito\u00a0ante\u00a0Brasil\u00a0por la fecha 15 de las eliminatorias sudamericanas al\u00a0Mundial de Qatar, en un partido accidentado y con muchos retos arbitrales para el juez colombiano\u00a0Wilmar Rold\u00e1n. Los goles fueron marcados por\u00a0Casemiro a los 6 minutos para los pentacampeones del mundo y\u00a0F\u00e9lix Torres\u00a0a los 75 para el anfitri\u00f3n. Fueron expulados el portero\u00a0Alexander [&hellip;]\" \/>\n<meta property=\"og:url\" content=\"https:\/\/futbolhoy.co\/index.php\/2022\/01\/27\/eliminatorias-jornada\/\" \/>\n<meta property=\"article:publisher\" content=\"https:\/\/www.facebook.com\/FutbolHoyCol\/\" \/>\n<meta property=\"article:published_time\" content=\"2022-01-27T23:29:30+00:00\" \/>\n<meta property=\"article:modified_time\" content=\"2022-01-28T13:46:54+00:00\" \/>\n<meta property=\"og:image\" content=\"https:\/\/futbolhoy.co\/wp-content\/uploads\/2022\/01\/FKJq1xBWQAUGxXW-1.jpg\" \/>\n\t<meta property=\"og:image:width\" content=\"2048\" \/>\n\t<meta property=\"og:image:height\" content=\"1366\" \/>\n\t<meta property=\"og:image:type\" content=\"image\/jpeg\" \/>\n<meta name=\"author\" content=\"Laura Hern\u00e1ndez\" \/>\n<meta name=\"twitter:card\" content=\"summary_large_image\" \/>\n<meta name=\"twitter:creator\" content=\"@FutbolHoyCol\" \/>\n<meta name=\"twitter:site\" content=\"@FutbolHoyCol\" \/>\n<meta name=\"twitter:label1\" content=\"Escrito por\" \/>\n\t<meta name=\"twitter:data1\" content=\"Laura Hern\u00e1ndez\" \/>\n\t<meta name=\"twitter:label2\" content=\"Tiempo de lectura\" \/>\n\t<meta name=\"twitter:data2\" content=\"2 minutos\" \/>\n<script type=\"application\/ld+json\" class=\"yoast-schema-graph\">{\"@context\":\"https:\/\/schema.org\",\"@graph\":[{\"@type\":\"Article\",\"@id\":\"https:\/\/futbolhoy.co\/index.php\/2022\/01\/27\/eliminatorias-jornada\/#article\",\"isPartOf\":{\"@id\":\"https:\/\/futbolhoy.co\/index.php\/2022\/01\/27\/eliminatorias-jornada\/\"},\"author\":{\"name\":\"Laura Hern\u00e1ndez\",\"@id\":\"https:\/\/futbolhoy.co\/#\/schema\/person\/c4a353a512b127643723a34bb1812f7d\"},\"headline\":\"Ecuador sum\u00f3, Uruguay reaccion\u00f3 y Argentina ampli\u00f3 el invicto\",\"datePublished\":\"2022-01-27T23:29:30+00:00\",\"dateModified\":\"2022-01-28T13:46:54+00:00\",\"mainEntityOfPage\":{\"@id\":\"https:\/\/futbolhoy.co\/index.php\/2022\/01\/27\/eliminatorias-jornada\/\"},\"wordCount\":315,\"commentCount\":0,\"publisher\":{\"@id\":\"https:\/\/futbolhoy.co\/#organization\"},\"image\":{\"@id\":\"https:\/\/futbolhoy.co\/index.php\/2022\/01\/27\/eliminatorias-jornada\/#primaryimage\"},\"thumbnailUrl\":\"https:\/\/futbolhoy.co\/wp-content\/uploads\/2022\/01\/FKJq1xBWQAUGxXW-1.jpg\",\"articleSection\":[\"Qatar 2022\"],\"inLanguage\":\"es\",\"potentialAction\":[{\"@type\":\"CommentAction\",\"name\":\"Comment\",\"target\":[\"https:\/\/futbolhoy.co\/index.php\/2022\/01\/27\/eliminatorias-jornada\/#respond\"]}]},{\"@type\":\"WebPage\",\"@id\":\"https:\/\/futbolhoy.co\/index.php\/2022\/01\/27\/eliminatorias-jornada\/\",\"url\":\"https:\/\/futbolhoy.co\/index.php\/2022\/01\/27\/eliminatorias-jornada\/\",\"name\":\"Ecuador sum\u00f3, Uruguay reaccion\u00f3 y Argentina ampli\u00f3 el invicto -\",\"isPartOf\":{\"@id\":\"https:\/\/futbolhoy.co\/#website\"},\"primaryImageOfPage\":{\"@id\":\"https:\/\/futbolhoy.co\/index.php\/2022\/01\/27\/eliminatorias-jornada\/#primaryimage\"},\"image\":{\"@id\":\"https:\/\/futbolhoy.co\/index.php\/2022\/01\/27\/eliminatorias-jornada\/#primaryimage\"},\"thumbnailUrl\":\"https:\/\/futbolhoy.co\/wp-content\/uploads\/2022\/01\/FKJq1xBWQAUGxXW-1.jpg\",\"datePublished\":\"2022-01-27T23:29:30+00:00\",\"dateModified\":\"2022-01-28T13:46:54+00:00\",\"breadcrumb\":{\"@id\":\"https:\/\/futbolhoy.co\/index.php\/2022\/01\/27\/eliminatorias-jornada\/#breadcrumb\"},\"inLanguage\":\"es\",\"potentialAction\":[{\"@type\":\"ReadAction\",\"target\":[\"https:\/\/futbolhoy.co\/index.php\/2022\/01\/27\/eliminatorias-jornada\/\"]}]},{\"@type\":\"ImageObject\",\"inLanguage\":\"es\",\"@id\":\"https:\/\/futbolhoy.co\/index.php\/2022\/01\/27\/eliminatorias-jornada\/#primaryimage\",\"url\":\"https:\/\/futbolhoy.co\/wp-content\/uploads\/2022\/01\/FKJq1xBWQAUGxXW-1.jpg\",\"contentUrl\":\"https:\/\/futbolhoy.co\/wp-content\/uploads\/2022\/01\/FKJq1xBWQAUGxXW-1.jpg\",\"width\":2048,\"height\":1366},{\"@type\":\"BreadcrumbList\",\"@id\":\"https:\/\/futbolhoy.co\/index.php\/2022\/01\/27\/eliminatorias-jornada\/#breadcrumb\",\"itemListElement\":[{\"@type\":\"ListItem\",\"position\":1,\"name\":\"Portada\",\"item\":\"https:\/\/futbolhoy.co\/\"},{\"@type\":\"ListItem\",\"position\":2,\"name\":\"Ecuador sum\u00f3, Uruguay reaccion\u00f3 y Argentina ampli\u00f3 el invicto\"}]},{\"@type\":\"WebSite\",\"@id\":\"https:\/\/futbolhoy.co\/#website\",\"url\":\"https:\/\/futbolhoy.co\/\",\"name\":\"FutbolHoy\",\"description\":\"\",\"publisher\":{\"@id\":\"https:\/\/futbolhoy.co\/#organization\"},\"potentialAction\":[{\"@type\":\"SearchAction\",\"target\":{\"@type\":\"EntryPoint\",\"urlTemplate\":\"https:\/\/futbolhoy.co\/?s={search_term_string}\"},\"query-input\":{\"@type\":\"PropertyValueSpecification\",\"valueRequired\":true,\"valueName\":\"search_term_string\"}}],\"inLanguage\":\"es\"},{\"@type\":\"Organization\",\"@id\":\"https:\/\/futbolhoy.co\/#organization\",\"name\":\"Futbolhoy.co\",\"url\":\"https:\/\/futbolhoy.co\/\",\"logo\":{\"@type\":\"ImageObject\",\"inLanguage\":\"es\",\"@id\":\"https:\/\/futbolhoy.co\/#\/schema\/logo\/image\/\",\"url\":\"https:\/\/futbolhoy.co\/wp-content\/uploads\/2018\/08\/17426380_1906371736249227_6326180412931521141_n.jpg\",\"contentUrl\":\"https:\/\/futbolhoy.co\/wp-content\/uploads\/2018\/08\/17426380_1906371736249227_6326180412931521141_n.jpg\",\"width\":960,\"height\":960,\"caption\":\"Futbolhoy.co\"},\"image\":{\"@id\":\"https:\/\/futbolhoy.co\/#\/schema\/logo\/image\/\"},\"sameAs\":[\"https:\/\/www.facebook.com\/FutbolHoyCol\/\",\"https:\/\/x.com\/FutbolHoyCol\",\"https:\/\/www.instagram.com\/futbolhoycol\/\"]},{\"@type\":\"Person\",\"@id\":\"https:\/\/futbolhoy.co\/#\/schema\/person\/c4a353a512b127643723a34bb1812f7d\",\"name\":\"Laura Hern\u00e1ndez\",\"image\":{\"@type\":\"ImageObject\",\"inLanguage\":\"es\",\"@id\":\"https:\/\/futbolhoy.co\/#\/schema\/person\/image\/\",\"url\":\"https:\/\/secure.gravatar.com\/avatar\/d25959a15b9b293a743f99181c7cfd01?s=96&d=mm&r=g\",\"contentUrl\":\"https:\/\/secure.gravatar.com\/avatar\/d25959a15b9b293a743f99181c7cfd01?s=96&d=mm&r=g\",\"caption\":\"Laura Hern\u00e1ndez\"}}]}<\/script>\n<!-- \/ Yoast SEO plugin. -->","yoast_head_json":{"title":"Ecuador sum\u00f3, Uruguay reaccion\u00f3 y Argentina ampli\u00f3 el invicto -","robots":{"index":"index","follow":"follow","max-snippet":"max-snippet:-1","max-image-preview":"max-image-preview:large","max-video-preview":"max-video-preview:-1"},"canonical":"https:\/\/futbolhoy.co\/index.php\/2022\/01\/27\/eliminatorias-jornada\/","og_locale":"es_ES","og_type":"article","og_title":"Ecuador sum\u00f3, Uruguay reaccion\u00f3 y Argentina ampli\u00f3 el invicto -","og_description":"La\u00a0selecci\u00f3n de Ecuador\u00a0logr\u00f3 igualar 1-1 en\u00a0Quito\u00a0ante\u00a0Brasil\u00a0por la fecha 15 de las eliminatorias sudamericanas al\u00a0Mundial de Qatar, en un partido accidentado y con muchos retos arbitrales para el juez colombiano\u00a0Wilmar Rold\u00e1n. Los goles fueron marcados por\u00a0Casemiro a los 6 minutos para los pentacampeones del mundo y\u00a0F\u00e9lix Torres\u00a0a los 75 para el anfitri\u00f3n. Fueron expulados el portero\u00a0Alexander [&hellip;]","og_url":"https:\/\/futbolhoy.co\/index.php\/2022\/01\/27\/eliminatorias-jornada\/","article_publisher":"https:\/\/www.facebook.com\/FutbolHoyCol\/","article_published_time":"2022-01-27T23:29:30+00:00","article_modified_time":"2022-01-28T13:46:54+00:00","og_image":[{"width":2048,"height":1366,"url":"https:\/\/futbolhoy.co\/wp-content\/uploads\/2022\/01\/FKJq1xBWQAUGxXW-1.jpg","type":"image\/jpeg"}],"author":"Laura Hern\u00e1ndez","twitter_card":"summary_large_image","twitter_creator":"@FutbolHoyCol","twitter_site":"@FutbolHoyCol","twitter_misc":{"Escrito por":"Laura Hern\u00e1ndez","Tiempo de lectura":"2 minutos"},"schema":{"@context":"https:\/\/schema.org","@graph":[{"@type":"Article","@id":"https:\/\/futbolhoy.co\/index.php\/2022\/01\/27\/eliminatorias-jornada\/#article","isPartOf":{"@id":"https:\/\/futbolhoy.co\/index.php\/2022\/01\/27\/eliminatorias-jornada\/"},"author":{"name":"Laura Hern\u00e1ndez","@id":"https:\/\/futbolhoy.co\/#\/schema\/person\/c4a353a512b127643723a34bb1812f7d"},"headline":"Ecuador sum\u00f3, Uruguay reaccion\u00f3 y Argentina ampli\u00f3 el invicto","datePublished":"2022-01-27T23:29:30+00:00","dateModified":"2022-01-28T13:46:54+00:00","mainEntityOfPage":{"@id":"https:\/\/futbolhoy.co\/index.php\/2022\/01\/27\/eliminatorias-jornada\/"},"wordCount":315,"commentCount":0,"publisher":{"@id":"https:\/\/futbolhoy.co\/#organization"},"image":{"@id":"https:\/\/futbolhoy.co\/index.php\/2022\/01\/27\/eliminatorias-jornada\/#primaryimage"},"thumbnailUrl":"https:\/\/futbolhoy.co\/wp-content\/uploads\/2022\/01\/FKJq1xBWQAUGxXW-1.jpg","articleSection":["Qatar 2022"],"inLanguage":"es","potentialAction":[{"@type":"CommentAction","name":"Comment","target":["https:\/\/futbolhoy.co\/index.php\/2022\/01\/27\/eliminatorias-jornada\/#respond"]}]},{"@type":"WebPage","@id":"https:\/\/futbolhoy.co\/index.php\/2022\/01\/27\/eliminatorias-jornada\/","url":"https:\/\/futbolhoy.co\/index.php\/2022\/01\/27\/eliminatorias-jornada\/","name":"Ecuador sum\u00f3, Uruguay reaccion\u00f3 y Argentina ampli\u00f3 el invicto -","isPartOf":{"@id":"https:\/\/futbolhoy.co\/#website"},"primaryImageOfPage":{"@id":"https:\/\/futbolhoy.co\/index.php\/2022\/01\/27\/eliminatorias-jornada\/#primaryimage"},"image":{"@id":"https:\/\/futbolhoy.co\/index.php\/2022\/01\/27\/eliminatorias-jornada\/#primaryimage"},"thumbnailUrl":"https:\/\/futbolhoy.co\/wp-content\/uploads\/2022\/01\/FKJq1xBWQAUGxXW-1.jpg","datePublished":"2022-01-27T23:29:30+00:00","dateModified":"2022-01-28T13:46:54+00:00","breadcrumb":{"@id":"https:\/\/futbolhoy.co\/index.php\/2022\/01\/27\/eliminatorias-jornada\/#breadcrumb"},"inLanguage":"es","potentialAction":[{"@type":"ReadAction","target":["https:\/\/futbolhoy.co\/index.php\/2022\/01\/27\/eliminatorias-jornada\/"]}]},{"@type":"ImageObject","inLanguage":"es","@id":"https:\/\/futbolhoy.co\/index.php\/2022\/01\/27\/eliminatorias-jornada\/#primaryimage","url":"https:\/\/futbolhoy.co\/wp-content\/uploads\/2022\/01\/FKJq1xBWQAUGxXW-1.jpg","contentUrl":"https:\/\/futbolhoy.co\/wp-content\/uploads\/2022\/01\/FKJq1xBWQAUGxXW-1.jpg","width":2048,"height":1366},{"@type":"BreadcrumbList","@id":"https:\/\/futbolhoy.co\/index.php\/2022\/01\/27\/eliminatorias-jornada\/#breadcrumb","itemListElement":[{"@type":"ListItem","position":1,"name":"Portada","item":"https:\/\/futbolhoy.co\/"},{"@type":"ListItem","position":2,"name":"Ecuador sum\u00f3, Uruguay reaccion\u00f3 y Argentina ampli\u00f3 el invicto"}]},{"@type":"WebSite","@id":"https:\/\/futbolhoy.co\/#website","url":"https:\/\/futbolhoy.co\/","name":"FutbolHoy","description":"","publisher":{"@id":"https:\/\/futbolhoy.co\/#organization"},"potentialAction":[{"@type":"SearchAction","target":{"@type":"EntryPoint","urlTemplate":"https:\/\/futbolhoy.co\/?s={search_term_string}"},"query-input":{"@type":"PropertyValueSpecification","valueRequired":true,"valueName":"search_term_string"}}],"inLanguage":"es"},{"@type":"Organization","@id":"https:\/\/futbolhoy.co\/#organization","name":"Futbolhoy.co","url":"https:\/\/futbolhoy.co\/","logo":{"@type":"ImageObject","inLanguage":"es","@id":"https:\/\/futbolhoy.co\/#\/schema\/logo\/image\/","url":"https:\/\/futbolhoy.co\/wp-content\/uploads\/2018\/08\/17426380_1906371736249227_6326180412931521141_n.jpg","contentUrl":"https:\/\/futbolhoy.co\/wp-content\/uploads\/2018\/08\/17426380_1906371736249227_6326180412931521141_n.jpg","width":960,"height":960,"caption":"Futbolhoy.co"},"image":{"@id":"https:\/\/futbolhoy.co\/#\/schema\/logo\/image\/"},"sameAs":["https:\/\/www.facebook.com\/FutbolHoyCol\/","https:\/\/x.com\/FutbolHoyCol","https:\/\/www.instagram.com\/futbolhoycol\/"]},{"@type":"Person","@id":"https:\/\/futbolhoy.co\/#\/schema\/person\/c4a353a512b127643723a34bb1812f7d","name":"Laura Hern\u00e1ndez","image":{"@type":"ImageObject","inLanguage":"es","@id":"https:\/\/futbolhoy.co\/#\/schema\/person\/image\/","url":"https:\/\/secure.gravatar.com\/avatar\/d25959a15b9b293a743f99181c7cfd01?s=96&d=mm&r=g","contentUrl":"https:\/\/secure.gravatar.com\/avatar\/d25959a15b9b293a743f99181c7cfd01?s=96&d=mm&r=g","caption":"Laura Hern\u00e1ndez"}}]}},"publishpress_future_action":{"enabled":false,"date":"2026-05-04 19:33:00","action":"change-status","newStatus":"draft","terms":[],"taxonomy":"category","extraData":[]},"publishpress_future_workflow_manual_trigger":{"enabledWorkflows":[]},"_links":{"self":[{"href":"https:\/\/futbolhoy.co\/index.php\/wp-json\/wp\/v2\/posts\/75141","targetHints":{"allow":["GET"]}}],"collection":[{"href":"https:\/\/futbolhoy.co\/index.php\/wp-json\/wp\/v2\/posts"}],"about":[{"href":"https:\/\/futbolhoy.co\/index.php\/wp-json\/wp\/v2\/types\/post"}],"author":[{"embeddable":true,"href":"https:\/\/futbolhoy.co\/index.php\/wp-json\/wp\/v2\/users\/5"}],"replies":[{"embeddable":true,"href":"https:\/\/futbolhoy.co\/index.php\/wp-json\/wp\/v2\/comments?post=75141"}],"version-history":[{"count":5,"href":"https:\/\/futbolhoy.co\/index.php\/wp-json\/wp\/v2\/posts\/75141\/revisions"}],"predecessor-version":[{"id":75168,"href":"https:\/\/futbolhoy.co\/index.php\/wp-json\/wp\/v2\/posts\/75141\/revisions\/75168"}],"wp:featuredmedia":[{"embeddable":true,"href":"https:\/\/futbolhoy.co\/index.php\/wp-json\/wp\/v2\/media\/75164"}],"wp:attachment":[{"href":"https:\/\/futbolhoy.co\/index.php\/wp-json\/wp\/v2\/media?parent=75141"}],"wp:term":[{"taxonomy":"category","embeddable":true,"href":"https:\/\/futbolhoy.co\/index.php\/wp-json\/wp\/v2\/categories?post=75141"},{"taxonomy":"post_tag","embeddable":true,"href":"https:\/\/futbolhoy.co\/index.php\/wp-json\/wp\/v2\/tags?post=75141"}],"curies":[{"name":"wp","href":"https:\/\/api.w.org\/{rel}","templated":true}]}}