{"id":75221,"date":"2022-01-28T18:22:41","date_gmt":"2022-01-28T23:22:41","guid":{"rendered":"https:\/\/futbolhoy.co\/?p=75221"},"modified":"2022-01-29T11:48:36","modified_gmt":"2022-01-29T16:48:36","slug":"colombia-se-aleja-de-qatar","status":"publish","type":"post","link":"https:\/\/futbolhoy.co\/index.php\/2022\/01\/28\/colombia-se-aleja-de-qatar\/","title":{"rendered":"Colombia se aleja de Qatar"},"content":{"rendered":"<div>\n<p style=\"text-align: justify;\"><span style=\"font-family: helvetica, arial, sans-serif;\">La selecci\u00f3n <strong>Colombia<\/strong> cay\u00f3 0-1 ante <strong>Per\u00fa,<\/strong> en partido por la fecha 15 de las eliminatorias sudamericanas al <strong>Mundial Qatar 2022<\/strong>, disputado en el estadio Metropolitano de Barranquilla.<\/span><\/p>\n<p style=\"text-align: justify;\"><span style=\"font-family: helvetica, arial, sans-serif;\">El \u00fanico gol del compromiso lleg\u00f3 en un contragolpe visitante, donde <strong>Christian Cueva<\/strong> con un pase profundo habilit\u00f3 a <strong>Edison Flores,<\/strong> quien defini\u00f3 con pierna izquierda y acomod\u00f3 el bal\u00f3n entre el portero <strong>David Ospina<\/strong> y el palo derecho.<\/span><\/p>\n<p style=\"text-align: justify;\"><span style=\"font-family: helvetica, arial, sans-serif;\">El equipo, que dirige <strong>Reinaldo Rueda,<\/strong> tuvo un buen primer tiempo, con manejo y posesi\u00f3n de bal\u00f3n, pero s\u00f3lo con una opci\u00f3n clara de gol. <strong>Falcao Garc\u00eda<\/strong> al primer minuto, la envi\u00f3 por encima del travesa\u00f1o.<\/span><\/p>\n<p style=\"text-align: justify;\"><span style=\"font-family: helvetica, arial, sans-serif;\">En la segunda parte, <strong>Colombia<\/strong> encerr\u00f3 en el \u00faltimo cuarto de cancha a la visita y ahog\u00f3 su salida, sin logar superar el muro defensivo que arm\u00f3 el plantel, que dirige <strong>Ricardo Gareca.<\/strong><\/span><\/p>\n<p style=\"text-align: justify;\"><span style=\"font-family: helvetica, arial, sans-serif;\">El t\u00e9cnico <strong>Rueda<\/strong> intent\u00f3 con <strong>Miguel \u00c1ngel Borja, Yimmy Char\u00e1<\/strong> y <strong>Luis D\u00edaz,<\/strong> quienes no tuvieron \u00e9xito en el arco que defendi\u00f3 <strong>Pedro Gallese.<\/strong><\/span><\/p>\n<p style=\"text-align: justify;\"><span style=\"font-family: helvetica, arial, sans-serif;\">La tricolor complet\u00f3 556 minutos y 6 partidos sin marcar gol en eliminatorias.<\/span><\/p>\n<p style=\"text-align: justify;\"><span style=\"font-family: helvetica, arial, sans-serif;\">El resultado enred\u00f3 las opciones nacionales de clasificar al Mundial, despu\u00e9s que <strong>Colombia<\/strong> cay\u00f3 a la sexta posici\u00f3n con 17 puntos. <strong>Per\u00fa<\/strong> lleg\u00f3 a la cuarta casilla con 20.<\/span><\/p>\n<p style=\"text-align: justify;\"><span style=\"font-family: helvetica, arial, sans-serif;\">La selecci\u00f3n ahora viajar\u00e1 a C\u00f3rdoba, donde el pr\u00f3ximo martes, se medir\u00e1 a <strong>Argentina<\/strong> en la fecha 16 de eliminatorias.<\/span><\/p>\n<p style=\"text-align: justify;\"><span style=\"font-family: helvetica, arial, sans-serif;\">En ese juego, no podr\u00e1 actuar el defensa <strong>Yerry Mina<\/strong> que sum\u00f3 su segunda tarjeta amarilla.<\/span><\/p>\n<p style=\"text-align: justify;\"><strong><span style=\"font-family: helvetica, arial, sans-serif;\">Formaciones:<\/span><\/strong><\/p>\n<p style=\"text-align: justify;\"><span style=\"font-family: helvetica, arial, sans-serif;\"><strong>Colombia:<\/strong> David Ospina; Juan Guillermo Cuadrado, Yerry Mina, D\u00e1vinson S\u00e1nchez, Johan Mojica (Fredy Hinestroza 90\u2019); Wilmar Barrios (Harold Preciado 90\u2019), Matheus Uribe (Yimmy Char\u00e1 73\u2019), James Rodr\u00edguez, Luis D\u00edaz, Rafael Santos Borr\u00e9 (Steven \u00c1lzate 66\u2019), Falcao Garc\u00eda (Miguel \u00c1ngel Borja 66\u2019).<\/span><\/p>\n<p style=\"text-align: justify;\"><span style=\"font-family: helvetica, arial, sans-serif;\"><strong>Per\u00fa:<\/strong> Pedro Gallese; Aldo Corzo, Carlos Zambrano (Miguel Araujo 65\u2019), Alexander Callens, Marcos L\u00f3pez (Luis Abram 64\u2019); Yoshimar Yot\u00fan (Christopher Gonz\u00e1lez 65\u2019), Renato Tapia, Andr\u00e9 Carrillo, Sergio Pe\u00f1a (Edison Flores 46\u2019), Christian Cueva; Gianluca Lapadula (Santiago Orme\u00f1o 84\u2019).<\/span><\/p>\n<\/div>\n","protected":false},"excerpt":{"rendered":"<p>La selecci\u00f3n Colombia cay\u00f3 0-1 ante Per\u00fa, en partido por la fecha 15 de las eliminatorias sudamericanas al Mundial Qatar 2022, disputado en el estadio Metropolitano de Barranquilla. El \u00fanico gol del compromiso lleg\u00f3 en un contragolpe visitante, donde Christian Cueva con un pase profundo habilit\u00f3 a Edison Flores, quien defini\u00f3 con pierna izquierda y [&hellip;]<\/p>\n","protected":false},"author":5,"featured_media":75216,"comment_status":"open","ping_status":"open","sticky":false,"template":"","format":"standard","meta":{"_acf_changed":false,"footnotes":""},"categories":[418],"tags":[],"class_list":{"0":"post-75221","1":"post","2":"type-post","3":"status-publish","4":"format-standard","5":"has-post-thumbnail","7":"category-colombia"},"acf":[],"yoast_head":"<!-- This site is optimized with the Yoast SEO plugin v26.8 - https:\/\/yoast.com\/product\/yoast-seo-wordpress\/ -->\n<title>Colombia se aleja de Qatar -<\/title>\n<meta name=\"robots\" content=\"index, follow, max-snippet:-1, max-image-preview:large, max-video-preview:-1\" \/>\n<link rel=\"canonical\" href=\"https:\/\/futbolhoy.co\/index.php\/2022\/01\/28\/colombia-se-aleja-de-qatar\/\" \/>\n<meta property=\"og:locale\" content=\"es_ES\" \/>\n<meta property=\"og:type\" content=\"article\" \/>\n<meta property=\"og:title\" content=\"Colombia se aleja de Qatar -\" \/>\n<meta property=\"og:description\" content=\"La selecci\u00f3n Colombia cay\u00f3 0-1 ante Per\u00fa, en partido por la fecha 15 de las eliminatorias sudamericanas al Mundial Qatar 2022, disputado en el estadio Metropolitano de Barranquilla. El \u00fanico gol del compromiso lleg\u00f3 en un contragolpe visitante, donde Christian Cueva con un pase profundo habilit\u00f3 a Edison Flores, quien defini\u00f3 con pierna izquierda y [&hellip;]\" \/>\n<meta property=\"og:url\" content=\"https:\/\/futbolhoy.co\/index.php\/2022\/01\/28\/colombia-se-aleja-de-qatar\/\" \/>\n<meta property=\"article:publisher\" content=\"https:\/\/www.facebook.com\/FutbolHoyCol\/\" \/>\n<meta property=\"article:published_time\" content=\"2022-01-28T23:22:41+00:00\" \/>\n<meta property=\"article:modified_time\" content=\"2022-01-29T16:48:36+00:00\" \/>\n<meta property=\"og:image\" content=\"https:\/\/futbolhoy.co\/wp-content\/uploads\/2022\/01\/FKOLnB2X0AEXIW2.jpg\" \/>\n\t<meta property=\"og:image:width\" content=\"680\" \/>\n\t<meta property=\"og:image:height\" content=\"450\" \/>\n\t<meta property=\"og:image:type\" content=\"image\/jpeg\" \/>\n<meta name=\"author\" content=\"Laura Hern\u00e1ndez\" \/>\n<meta name=\"twitter:card\" content=\"summary_large_image\" \/>\n<meta name=\"twitter:creator\" content=\"@FutbolHoyCol\" \/>\n<meta name=\"twitter:site\" content=\"@FutbolHoyCol\" \/>\n<meta name=\"twitter:label1\" content=\"Escrito por\" \/>\n\t<meta name=\"twitter:data1\" content=\"Laura Hern\u00e1ndez\" \/>\n\t<meta name=\"twitter:label2\" content=\"Tiempo de lectura\" \/>\n\t<meta name=\"twitter:data2\" content=\"2 minutos\" \/>\n<script type=\"application\/ld+json\" class=\"yoast-schema-graph\">{\"@context\":\"https:\/\/schema.org\",\"@graph\":[{\"@type\":\"Article\",\"@id\":\"https:\/\/futbolhoy.co\/index.php\/2022\/01\/28\/colombia-se-aleja-de-qatar\/#article\",\"isPartOf\":{\"@id\":\"https:\/\/futbolhoy.co\/index.php\/2022\/01\/28\/colombia-se-aleja-de-qatar\/\"},\"author\":{\"name\":\"Laura Hern\u00e1ndez\",\"@id\":\"https:\/\/futbolhoy.co\/#\/schema\/person\/c4a353a512b127643723a34bb1812f7d\"},\"headline\":\"Colombia se aleja de Qatar\",\"datePublished\":\"2022-01-28T23:22:41+00:00\",\"dateModified\":\"2022-01-29T16:48:36+00:00\",\"mainEntityOfPage\":{\"@id\":\"https:\/\/futbolhoy.co\/index.php\/2022\/01\/28\/colombia-se-aleja-de-qatar\/\"},\"wordCount\":331,\"commentCount\":0,\"publisher\":{\"@id\":\"https:\/\/futbolhoy.co\/#organization\"},\"image\":{\"@id\":\"https:\/\/futbolhoy.co\/index.php\/2022\/01\/28\/colombia-se-aleja-de-qatar\/#primaryimage\"},\"thumbnailUrl\":\"https:\/\/futbolhoy.co\/wp-content\/uploads\/2022\/01\/FKOLnB2X0AEXIW2.jpg\",\"articleSection\":[\"Colombia\"],\"inLanguage\":\"es\",\"potentialAction\":[{\"@type\":\"CommentAction\",\"name\":\"Comment\",\"target\":[\"https:\/\/futbolhoy.co\/index.php\/2022\/01\/28\/colombia-se-aleja-de-qatar\/#respond\"]}]},{\"@type\":\"WebPage\",\"@id\":\"https:\/\/futbolhoy.co\/index.php\/2022\/01\/28\/colombia-se-aleja-de-qatar\/\",\"url\":\"https:\/\/futbolhoy.co\/index.php\/2022\/01\/28\/colombia-se-aleja-de-qatar\/\",\"name\":\"Colombia se aleja de Qatar -\",\"isPartOf\":{\"@id\":\"https:\/\/futbolhoy.co\/#website\"},\"primaryImageOfPage\":{\"@id\":\"https:\/\/futbolhoy.co\/index.php\/2022\/01\/28\/colombia-se-aleja-de-qatar\/#primaryimage\"},\"image\":{\"@id\":\"https:\/\/futbolhoy.co\/index.php\/2022\/01\/28\/colombia-se-aleja-de-qatar\/#primaryimage\"},\"thumbnailUrl\":\"https:\/\/futbolhoy.co\/wp-content\/uploads\/2022\/01\/FKOLnB2X0AEXIW2.jpg\",\"datePublished\":\"2022-01-28T23:22:41+00:00\",\"dateModified\":\"2022-01-29T16:48:36+00:00\",\"breadcrumb\":{\"@id\":\"https:\/\/futbolhoy.co\/index.php\/2022\/01\/28\/colombia-se-aleja-de-qatar\/#breadcrumb\"},\"inLanguage\":\"es\",\"potentialAction\":[{\"@type\":\"ReadAction\",\"target\":[\"https:\/\/futbolhoy.co\/index.php\/2022\/01\/28\/colombia-se-aleja-de-qatar\/\"]}]},{\"@type\":\"ImageObject\",\"inLanguage\":\"es\",\"@id\":\"https:\/\/futbolhoy.co\/index.php\/2022\/01\/28\/colombia-se-aleja-de-qatar\/#primaryimage\",\"url\":\"https:\/\/futbolhoy.co\/wp-content\/uploads\/2022\/01\/FKOLnB2X0AEXIW2.jpg\",\"contentUrl\":\"https:\/\/futbolhoy.co\/wp-content\/uploads\/2022\/01\/FKOLnB2X0AEXIW2.jpg\",\"width\":680,\"height\":450,\"caption\":\"Conmebol\"},{\"@type\":\"BreadcrumbList\",\"@id\":\"https:\/\/futbolhoy.co\/index.php\/2022\/01\/28\/colombia-se-aleja-de-qatar\/#breadcrumb\",\"itemListElement\":[{\"@type\":\"ListItem\",\"position\":1,\"name\":\"Portada\",\"item\":\"https:\/\/futbolhoy.co\/\"},{\"@type\":\"ListItem\",\"position\":2,\"name\":\"Colombia se aleja de Qatar\"}]},{\"@type\":\"WebSite\",\"@id\":\"https:\/\/futbolhoy.co\/#website\",\"url\":\"https:\/\/futbolhoy.co\/\",\"name\":\"FutbolHoy\",\"description\":\"\",\"publisher\":{\"@id\":\"https:\/\/futbolhoy.co\/#organization\"},\"potentialAction\":[{\"@type\":\"SearchAction\",\"target\":{\"@type\":\"EntryPoint\",\"urlTemplate\":\"https:\/\/futbolhoy.co\/?s={search_term_string}\"},\"query-input\":{\"@type\":\"PropertyValueSpecification\",\"valueRequired\":true,\"valueName\":\"search_term_string\"}}],\"inLanguage\":\"es\"},{\"@type\":\"Organization\",\"@id\":\"https:\/\/futbolhoy.co\/#organization\",\"name\":\"Futbolhoy.co\",\"url\":\"https:\/\/futbolhoy.co\/\",\"logo\":{\"@type\":\"ImageObject\",\"inLanguage\":\"es\",\"@id\":\"https:\/\/futbolhoy.co\/#\/schema\/logo\/image\/\",\"url\":\"https:\/\/futbolhoy.co\/wp-content\/uploads\/2018\/08\/17426380_1906371736249227_6326180412931521141_n.jpg\",\"contentUrl\":\"https:\/\/futbolhoy.co\/wp-content\/uploads\/2018\/08\/17426380_1906371736249227_6326180412931521141_n.jpg\",\"width\":960,\"height\":960,\"caption\":\"Futbolhoy.co\"},\"image\":{\"@id\":\"https:\/\/futbolhoy.co\/#\/schema\/logo\/image\/\"},\"sameAs\":[\"https:\/\/www.facebook.com\/FutbolHoyCol\/\",\"https:\/\/x.com\/FutbolHoyCol\",\"https:\/\/www.instagram.com\/futbolhoycol\/\"]},{\"@type\":\"Person\",\"@id\":\"https:\/\/futbolhoy.co\/#\/schema\/person\/c4a353a512b127643723a34bb1812f7d\",\"name\":\"Laura Hern\u00e1ndez\",\"image\":{\"@type\":\"ImageObject\",\"inLanguage\":\"es\",\"@id\":\"https:\/\/futbolhoy.co\/#\/schema\/person\/image\/\",\"url\":\"https:\/\/secure.gravatar.com\/avatar\/d25959a15b9b293a743f99181c7cfd01?s=96&d=mm&r=g\",\"contentUrl\":\"https:\/\/secure.gravatar.com\/avatar\/d25959a15b9b293a743f99181c7cfd01?s=96&d=mm&r=g\",\"caption\":\"Laura Hern\u00e1ndez\"}}]}<\/script>\n<!-- \/ Yoast SEO plugin. -->","yoast_head_json":{"title":"Colombia se aleja de Qatar -","robots":{"index":"index","follow":"follow","max-snippet":"max-snippet:-1","max-image-preview":"max-image-preview:large","max-video-preview":"max-video-preview:-1"},"canonical":"https:\/\/futbolhoy.co\/index.php\/2022\/01\/28\/colombia-se-aleja-de-qatar\/","og_locale":"es_ES","og_type":"article","og_title":"Colombia se aleja de Qatar -","og_description":"La selecci\u00f3n Colombia cay\u00f3 0-1 ante Per\u00fa, en partido por la fecha 15 de las eliminatorias sudamericanas al Mundial Qatar 2022, disputado en el estadio Metropolitano de Barranquilla. El \u00fanico gol del compromiso lleg\u00f3 en un contragolpe visitante, donde Christian Cueva con un pase profundo habilit\u00f3 a Edison Flores, quien defini\u00f3 con pierna izquierda y [&hellip;]","og_url":"https:\/\/futbolhoy.co\/index.php\/2022\/01\/28\/colombia-se-aleja-de-qatar\/","article_publisher":"https:\/\/www.facebook.com\/FutbolHoyCol\/","article_published_time":"2022-01-28T23:22:41+00:00","article_modified_time":"2022-01-29T16:48:36+00:00","og_image":[{"width":680,"height":450,"url":"https:\/\/futbolhoy.co\/wp-content\/uploads\/2022\/01\/FKOLnB2X0AEXIW2.jpg","type":"image\/jpeg"}],"author":"Laura Hern\u00e1ndez","twitter_card":"summary_large_image","twitter_creator":"@FutbolHoyCol","twitter_site":"@FutbolHoyCol","twitter_misc":{"Escrito por":"Laura Hern\u00e1ndez","Tiempo de lectura":"2 minutos"},"schema":{"@context":"https:\/\/schema.org","@graph":[{"@type":"Article","@id":"https:\/\/futbolhoy.co\/index.php\/2022\/01\/28\/colombia-se-aleja-de-qatar\/#article","isPartOf":{"@id":"https:\/\/futbolhoy.co\/index.php\/2022\/01\/28\/colombia-se-aleja-de-qatar\/"},"author":{"name":"Laura Hern\u00e1ndez","@id":"https:\/\/futbolhoy.co\/#\/schema\/person\/c4a353a512b127643723a34bb1812f7d"},"headline":"Colombia se aleja de Qatar","datePublished":"2022-01-28T23:22:41+00:00","dateModified":"2022-01-29T16:48:36+00:00","mainEntityOfPage":{"@id":"https:\/\/futbolhoy.co\/index.php\/2022\/01\/28\/colombia-se-aleja-de-qatar\/"},"wordCount":331,"commentCount":0,"publisher":{"@id":"https:\/\/futbolhoy.co\/#organization"},"image":{"@id":"https:\/\/futbolhoy.co\/index.php\/2022\/01\/28\/colombia-se-aleja-de-qatar\/#primaryimage"},"thumbnailUrl":"https:\/\/futbolhoy.co\/wp-content\/uploads\/2022\/01\/FKOLnB2X0AEXIW2.jpg","articleSection":["Colombia"],"inLanguage":"es","potentialAction":[{"@type":"CommentAction","name":"Comment","target":["https:\/\/futbolhoy.co\/index.php\/2022\/01\/28\/colombia-se-aleja-de-qatar\/#respond"]}]},{"@type":"WebPage","@id":"https:\/\/futbolhoy.co\/index.php\/2022\/01\/28\/colombia-se-aleja-de-qatar\/","url":"https:\/\/futbolhoy.co\/index.php\/2022\/01\/28\/colombia-se-aleja-de-qatar\/","name":"Colombia se aleja de Qatar -","isPartOf":{"@id":"https:\/\/futbolhoy.co\/#website"},"primaryImageOfPage":{"@id":"https:\/\/futbolhoy.co\/index.php\/2022\/01\/28\/colombia-se-aleja-de-qatar\/#primaryimage"},"image":{"@id":"https:\/\/futbolhoy.co\/index.php\/2022\/01\/28\/colombia-se-aleja-de-qatar\/#primaryimage"},"thumbnailUrl":"https:\/\/futbolhoy.co\/wp-content\/uploads\/2022\/01\/FKOLnB2X0AEXIW2.jpg","datePublished":"2022-01-28T23:22:41+00:00","dateModified":"2022-01-29T16:48:36+00:00","breadcrumb":{"@id":"https:\/\/futbolhoy.co\/index.php\/2022\/01\/28\/colombia-se-aleja-de-qatar\/#breadcrumb"},"inLanguage":"es","potentialAction":[{"@type":"ReadAction","target":["https:\/\/futbolhoy.co\/index.php\/2022\/01\/28\/colombia-se-aleja-de-qatar\/"]}]},{"@type":"ImageObject","inLanguage":"es","@id":"https:\/\/futbolhoy.co\/index.php\/2022\/01\/28\/colombia-se-aleja-de-qatar\/#primaryimage","url":"https:\/\/futbolhoy.co\/wp-content\/uploads\/2022\/01\/FKOLnB2X0AEXIW2.jpg","contentUrl":"https:\/\/futbolhoy.co\/wp-content\/uploads\/2022\/01\/FKOLnB2X0AEXIW2.jpg","width":680,"height":450,"caption":"Conmebol"},{"@type":"BreadcrumbList","@id":"https:\/\/futbolhoy.co\/index.php\/2022\/01\/28\/colombia-se-aleja-de-qatar\/#breadcrumb","itemListElement":[{"@type":"ListItem","position":1,"name":"Portada","item":"https:\/\/futbolhoy.co\/"},{"@type":"ListItem","position":2,"name":"Colombia se aleja de Qatar"}]},{"@type":"WebSite","@id":"https:\/\/futbolhoy.co\/#website","url":"https:\/\/futbolhoy.co\/","name":"FutbolHoy","description":"","publisher":{"@id":"https:\/\/futbolhoy.co\/#organization"},"potentialAction":[{"@type":"SearchAction","target":{"@type":"EntryPoint","urlTemplate":"https:\/\/futbolhoy.co\/?s={search_term_string}"},"query-input":{"@type":"PropertyValueSpecification","valueRequired":true,"valueName":"search_term_string"}}],"inLanguage":"es"},{"@type":"Organization","@id":"https:\/\/futbolhoy.co\/#organization","name":"Futbolhoy.co","url":"https:\/\/futbolhoy.co\/","logo":{"@type":"ImageObject","inLanguage":"es","@id":"https:\/\/futbolhoy.co\/#\/schema\/logo\/image\/","url":"https:\/\/futbolhoy.co\/wp-content\/uploads\/2018\/08\/17426380_1906371736249227_6326180412931521141_n.jpg","contentUrl":"https:\/\/futbolhoy.co\/wp-content\/uploads\/2018\/08\/17426380_1906371736249227_6326180412931521141_n.jpg","width":960,"height":960,"caption":"Futbolhoy.co"},"image":{"@id":"https:\/\/futbolhoy.co\/#\/schema\/logo\/image\/"},"sameAs":["https:\/\/www.facebook.com\/FutbolHoyCol\/","https:\/\/x.com\/FutbolHoyCol","https:\/\/www.instagram.com\/futbolhoycol\/"]},{"@type":"Person","@id":"https:\/\/futbolhoy.co\/#\/schema\/person\/c4a353a512b127643723a34bb1812f7d","name":"Laura Hern\u00e1ndez","image":{"@type":"ImageObject","inLanguage":"es","@id":"https:\/\/futbolhoy.co\/#\/schema\/person\/image\/","url":"https:\/\/secure.gravatar.com\/avatar\/d25959a15b9b293a743f99181c7cfd01?s=96&d=mm&r=g","contentUrl":"https:\/\/secure.gravatar.com\/avatar\/d25959a15b9b293a743f99181c7cfd01?s=96&d=mm&r=g","caption":"Laura Hern\u00e1ndez"}}]}},"publishpress_future_action":{"enabled":false,"date":"2026-05-05 15:46:30","action":"change-status","newStatus":"draft","terms":[],"taxonomy":"category","extraData":[]},"publishpress_future_workflow_manual_trigger":{"enabledWorkflows":[]},"_links":{"self":[{"href":"https:\/\/futbolhoy.co\/index.php\/wp-json\/wp\/v2\/posts\/75221","targetHints":{"allow":["GET"]}}],"collection":[{"href":"https:\/\/futbolhoy.co\/index.php\/wp-json\/wp\/v2\/posts"}],"about":[{"href":"https:\/\/futbolhoy.co\/index.php\/wp-json\/wp\/v2\/types\/post"}],"author":[{"embeddable":true,"href":"https:\/\/futbolhoy.co\/index.php\/wp-json\/wp\/v2\/users\/5"}],"replies":[{"embeddable":true,"href":"https:\/\/futbolhoy.co\/index.php\/wp-json\/wp\/v2\/comments?post=75221"}],"version-history":[{"count":3,"href":"https:\/\/futbolhoy.co\/index.php\/wp-json\/wp\/v2\/posts\/75221\/revisions"}],"predecessor-version":[{"id":75232,"href":"https:\/\/futbolhoy.co\/index.php\/wp-json\/wp\/v2\/posts\/75221\/revisions\/75232"}],"wp:featuredmedia":[{"embeddable":true,"href":"https:\/\/futbolhoy.co\/index.php\/wp-json\/wp\/v2\/media\/75216"}],"wp:attachment":[{"href":"https:\/\/futbolhoy.co\/index.php\/wp-json\/wp\/v2\/media?parent=75221"}],"wp:term":[{"taxonomy":"category","embeddable":true,"href":"https:\/\/futbolhoy.co\/index.php\/wp-json\/wp\/v2\/categories?post=75221"},{"taxonomy":"post_tag","embeddable":true,"href":"https:\/\/futbolhoy.co\/index.php\/wp-json\/wp\/v2\/tags?post=75221"}],"curies":[{"name":"wp","href":"https:\/\/api.w.org\/{rel}","templated":true}]}}