{"id":75223,"date":"2022-01-28T17:30:18","date_gmt":"2022-01-28T22:30:18","guid":{"rendered":"https:\/\/futbolhoy.co\/?p=75223"},"modified":"2022-01-29T10:48:06","modified_gmt":"2022-01-29T15:48:06","slug":"los-memes-que-dejo-la-derrota-de-la-seleccion","status":"publish","type":"post","link":"https:\/\/futbolhoy.co\/index.php\/2022\/01\/28\/los-memes-que-dejo-la-derrota-de-la-seleccion\/","title":{"rendered":"Los memes que dej\u00f3 la derrota de la selecci\u00f3n"},"content":{"rendered":"\r\n                <style type=\"text\/css\">\r\n                    \r\n                    #tdi_1  .td-doubleSlider-2 .td-item1 {\r\n                        background: url(https:\/\/futbolhoy.co\/wp-content\/uploads\/2022\/01\/FKObU8oXwAENTKr-80x60.jpg) 0 0 no-repeat;\r\n                    }\r\n                    #tdi_1  .td-doubleSlider-2 .td-item2 {\r\n                        background: url(https:\/\/futbolhoy.co\/wp-content\/uploads\/2022\/01\/RHAT4LAYA5BHLIDVKMFSZXBVW4-80x60.jpg) 0 0 no-repeat;\r\n                    }\r\n                    #tdi_1  .td-doubleSlider-2 .td-item3 {\r\n                        background: url(https:\/\/futbolhoy.co\/wp-content\/uploads\/2022\/01\/XN7LJU7WBZFJPPR2GFLQ2WE7OY-80x60.jpg) 0 0 no-repeat;\r\n                    }\r\n                    #tdi_1  .td-doubleSlider-2 .td-item4 {\r\n                        background: url(https:\/\/futbolhoy.co\/wp-content\/uploads\/2022\/01\/272829181_3109884522634565_1751127504714154454_n-80x60.jpg) 0 0 no-repeat;\r\n                    }\r\n                    #tdi_1  .td-doubleSlider-2 .td-item5 {\r\n                        background: url(https:\/\/futbolhoy.co\/wp-content\/uploads\/2022\/01\/272889316_3110126215943729_456892322459799507_n-80x60.jpg) 0 0 no-repeat;\r\n                    }\r\n                    #tdi_1  .td-doubleSlider-2 .td-item6 {\r\n                        background: url(https:\/\/futbolhoy.co\/wp-content\/uploads\/2022\/01\/272905210_3110146855941665_6149692129250902932_n-80x60.jpg) 0 0 no-repeat;\r\n                    }\r\n                    #tdi_1  .td-doubleSlider-2 .td-item7 {\r\n                        background: url(https:\/\/futbolhoy.co\/wp-content\/uploads\/2022\/01\/272779815_3110156519274032_4772421508739770132_n-80x60.jpg) 0 0 no-repeat;\r\n                    }\r\n                    #tdi_1  .td-doubleSlider-2 .td-item8 {\r\n                        background: url(https:\/\/futbolhoy.co\/wp-content\/uploads\/2022\/01\/WhatsApp-Image-2022-01-28-at-7.22.43-PM-80x60.jpeg) 0 0 no-repeat;\r\n                    }\r\n                    #tdi_1  .td-doubleSlider-2 .td-item9 {\r\n                        background: url(https:\/\/futbolhoy.co\/wp-content\/uploads\/2022\/01\/WhatsApp-Image-2022-01-28-at-7.22.44-PM-3-80x60.jpeg) 0 0 no-repeat;\r\n                    }\r\n                    #tdi_1  .td-doubleSlider-2 .td-item10 {\r\n                        background: url(https:\/\/futbolhoy.co\/wp-content\/uploads\/2022\/01\/WhatsApp-Image-2022-01-28-at-7.22.44-PM-2-80x60.jpeg) 0 0 no-repeat;\r\n                    }\r\n                    #tdi_1  .td-doubleSlider-2 .td-item11 {\r\n                        background: url(https:\/\/futbolhoy.co\/wp-content\/uploads\/2022\/01\/WhatsApp-Image-2022-01-28-at-7.22.44-PM-1-80x60.jpeg) 0 0 no-repeat;\r\n                    }\r\n                    #tdi_1  .td-doubleSlider-2 .td-item12 {\r\n                        background: url(https:\/\/futbolhoy.co\/wp-content\/uploads\/2022\/01\/WhatsApp-Image-2022-01-28-at-7.22.44-PM-80x60.jpeg) 0 0 no-repeat;\r\n                    }\r\n                <\/style>\r\n\r\n                <div id=\"tdi_1\" class=\"td-gallery td-slide-on-2-columns\">\r\n                    <div class=\"post_td_gallery\">\r\n                        <div class=\"td-gallery-slide-top\">\r\n                           <div class=\"td-gallery-title\"><\/div>\r\n\r\n                            <div class=\"td-gallery-controls-wrapper\">\r\n                                <div class=\"td-gallery-slide-count\"><span class=\"td-gallery-slide-item-focus\">1<\/span> de 12<\/div>\r\n                                <div class=\"td-gallery-slide-prev-next-but\">\r\n                                    <i class = \"td-icon-left doubleSliderPrevButton\"><\/i>\r\n                                    <i class = \"td-icon-right doubleSliderNextButton\"><\/i>\r\n                                <\/div>\r\n                            <\/div>\r\n                        <\/div>\r\n\r\n                        <div class = \"td-doubleSlider-1 \">\r\n                            <div class = \"td-slider\">\r\n                                \r\n                    <div class = \"td-slide-item td-item1\">\r\n                        <figure class=\"td-slide-galery-figure td-slide-popup-gallery\">\r\n                            <a class=\"slide-gallery-image-link\" href=\"https:\/\/futbolhoy.co\/wp-content\/uploads\/2022\/01\/FKObU8oXwAENTKr.jpg\" title=\"FKObU8oXwAENTKr\"  data-caption=\"\"  data-description=\"\">\r\n                                <img decoding=\"async\" src=\"https:\/\/futbolhoy.co\/wp-content\/uploads\/2022\/01\/FKObU8oXwAENTKr.jpg\" srcset=\"https:\/\/futbolhoy.co\/wp-content\/uploads\/2022\/01\/FKObU8oXwAENTKr.jpg 680w, https:\/\/futbolhoy.co\/wp-content\/uploads\/2022\/01\/FKObU8oXwAENTKr-300x150.jpg 300w, https:\/\/futbolhoy.co\/wp-content\/uploads\/2022\/01\/FKObU8oXwAENTKr-128x64.jpg 128w, https:\/\/futbolhoy.co\/wp-content\/uploads\/2022\/01\/FKObU8oXwAENTKr-32x16.jpg 32w\" sizes=\"(max-width: 680px) 100vw, 680px\" alt=\"\">\r\n                            <\/a>\r\n                            \r\n                        <\/figure>\r\n                    <\/div>\r\n                    <div class = \"td-slide-item td-item2\">\r\n                        <figure class=\"td-slide-galery-figure td-slide-popup-gallery\">\r\n                            <a class=\"slide-gallery-image-link\" href=\"https:\/\/futbolhoy.co\/wp-content\/uploads\/2022\/01\/RHAT4LAYA5BHLIDVKMFSZXBVW4.jpg\" title=\"RHAT4LAYA5BHLIDVKMFSZXBVW4\"  data-caption=\"\"  data-description=\"\">\r\n                                <img decoding=\"async\" src=\"https:\/\/futbolhoy.co\/wp-content\/uploads\/2022\/01\/RHAT4LAYA5BHLIDVKMFSZXBVW4.jpg\" srcset=\"https:\/\/futbolhoy.co\/wp-content\/uploads\/2022\/01\/RHAT4LAYA5BHLIDVKMFSZXBVW4.jpg 620w, https:\/\/futbolhoy.co\/wp-content\/uploads\/2022\/01\/RHAT4LAYA5BHLIDVKMFSZXBVW4-300x169.jpg 300w, https:\/\/futbolhoy.co\/wp-content\/uploads\/2022\/01\/RHAT4LAYA5BHLIDVKMFSZXBVW4-128x72.jpg 128w, https:\/\/futbolhoy.co\/wp-content\/uploads\/2022\/01\/RHAT4LAYA5BHLIDVKMFSZXBVW4-32x18.jpg 32w\" sizes=\"(max-width: 620px) 100vw, 620px\" alt=\"\">\r\n                            <\/a>\r\n                            \r\n                        <\/figure>\r\n                    <\/div>\r\n                    <div class = \"td-slide-item td-item3\">\r\n                        <figure class=\"td-slide-galery-figure td-slide-popup-gallery\">\r\n                            <a class=\"slide-gallery-image-link\" href=\"https:\/\/futbolhoy.co\/wp-content\/uploads\/2022\/01\/XN7LJU7WBZFJPPR2GFLQ2WE7OY.jpg\" title=\"XN7LJU7WBZFJPPR2GFLQ2WE7OY\"  data-caption=\"\"  data-description=\"\">\r\n                                <img decoding=\"async\" src=\"https:\/\/futbolhoy.co\/wp-content\/uploads\/2022\/01\/XN7LJU7WBZFJPPR2GFLQ2WE7OY.jpg\" srcset=\"https:\/\/futbolhoy.co\/wp-content\/uploads\/2022\/01\/XN7LJU7WBZFJPPR2GFLQ2WE7OY.jpg 620w, https:\/\/futbolhoy.co\/wp-content\/uploads\/2022\/01\/XN7LJU7WBZFJPPR2GFLQ2WE7OY-300x169.jpg 300w, https:\/\/futbolhoy.co\/wp-content\/uploads\/2022\/01\/XN7LJU7WBZFJPPR2GFLQ2WE7OY-128x72.jpg 128w, https:\/\/futbolhoy.co\/wp-content\/uploads\/2022\/01\/XN7LJU7WBZFJPPR2GFLQ2WE7OY-32x18.jpg 32w\" sizes=\"(max-width: 620px) 100vw, 620px\" alt=\"\">\r\n                            <\/a>\r\n                            \r\n                        <\/figure>\r\n                    <\/div>\r\n                    <div class = \"td-slide-item td-item4\">\r\n                        <figure class=\"td-slide-galery-figure td-slide-popup-gallery\">\r\n                            <a class=\"slide-gallery-image-link\" href=\"https:\/\/futbolhoy.co\/wp-content\/uploads\/2022\/01\/272829181_3109884522634565_1751127504714154454_n.jpg\" title=\"272829181_3109884522634565_1751127504714154454_n\"  data-caption=\"\"  data-description=\"\">\r\n                                <img decoding=\"async\" src=\"https:\/\/futbolhoy.co\/wp-content\/uploads\/2022\/01\/272829181_3109884522634565_1751127504714154454_n-416x420.jpg\" srcset=\"https:\/\/futbolhoy.co\/wp-content\/uploads\/2022\/01\/272829181_3109884522634565_1751127504714154454_n-416x420.jpg 416w, https:\/\/futbolhoy.co\/wp-content\/uploads\/2022\/01\/272829181_3109884522634565_1751127504714154454_n-297x300.jpg 297w, https:\/\/futbolhoy.co\/wp-content\/uploads\/2022\/01\/272829181_3109884522634565_1751127504714154454_n-150x150.jpg 150w, https:\/\/futbolhoy.co\/wp-content\/uploads\/2022\/01\/272829181_3109884522634565_1751127504714154454_n-128x128.jpg 128w, https:\/\/futbolhoy.co\/wp-content\/uploads\/2022\/01\/272829181_3109884522634565_1751127504714154454_n-32x32.jpg 32w, https:\/\/futbolhoy.co\/wp-content\/uploads\/2022\/01\/272829181_3109884522634565_1751127504714154454_n.jpg 526w\" sizes=\"(max-width: 416px) 100vw, 416px\" alt=\"\">\r\n                            <\/a>\r\n                            \r\n                        <\/figure>\r\n                    <\/div>\r\n                    <div class = \"td-slide-item td-item5\">\r\n                        <figure class=\"td-slide-galery-figure td-slide-popup-gallery\">\r\n                            <a class=\"slide-gallery-image-link\" href=\"https:\/\/futbolhoy.co\/wp-content\/uploads\/2022\/01\/272889316_3110126215943729_456892322459799507_n.jpg\" title=\"272889316_3110126215943729_456892322459799507_n\"  data-caption=\"\"  data-description=\"\">\r\n                                <img decoding=\"async\" src=\"https:\/\/futbolhoy.co\/wp-content\/uploads\/2022\/01\/272889316_3110126215943729_456892322459799507_n-422x420.jpg\" srcset=\"https:\/\/futbolhoy.co\/wp-content\/uploads\/2022\/01\/272889316_3110126215943729_456892322459799507_n-422x420.jpg 422w, https:\/\/futbolhoy.co\/wp-content\/uploads\/2022\/01\/272889316_3110126215943729_456892322459799507_n-300x298.jpg 300w, https:\/\/futbolhoy.co\/wp-content\/uploads\/2022\/01\/272889316_3110126215943729_456892322459799507_n-150x150.jpg 150w, https:\/\/futbolhoy.co\/wp-content\/uploads\/2022\/01\/272889316_3110126215943729_456892322459799507_n-128x128.jpg 128w, https:\/\/futbolhoy.co\/wp-content\/uploads\/2022\/01\/272889316_3110126215943729_456892322459799507_n-32x32.jpg 32w, https:\/\/futbolhoy.co\/wp-content\/uploads\/2022\/01\/272889316_3110126215943729_456892322459799507_n.jpg 526w\" sizes=\"(max-width: 422px) 100vw, 422px\" alt=\"\">\r\n                            <\/a>\r\n                            \r\n                        <\/figure>\r\n                    <\/div>\r\n                    <div class = \"td-slide-item td-item6\">\r\n                        <figure class=\"td-slide-galery-figure td-slide-popup-gallery\">\r\n                            <a class=\"slide-gallery-image-link\" href=\"https:\/\/futbolhoy.co\/wp-content\/uploads\/2022\/01\/272905210_3110146855941665_6149692129250902932_n.jpg\" title=\"272905210_3110146855941665_6149692129250902932_n\"  data-caption=\"\"  data-description=\"\">\r\n                                <img decoding=\"async\" src=\"https:\/\/futbolhoy.co\/wp-content\/uploads\/2022\/01\/272905210_3110146855941665_6149692129250902932_n-625x420.jpg\" srcset=\"https:\/\/futbolhoy.co\/wp-content\/uploads\/2022\/01\/272905210_3110146855941665_6149692129250902932_n-625x420.jpg 625w, https:\/\/futbolhoy.co\/wp-content\/uploads\/2022\/01\/272905210_3110146855941665_6149692129250902932_n-300x202.jpg 300w, https:\/\/futbolhoy.co\/wp-content\/uploads\/2022\/01\/272905210_3110146855941665_6149692129250902932_n-768x516.jpg 768w, https:\/\/futbolhoy.co\/wp-content\/uploads\/2022\/01\/272905210_3110146855941665_6149692129250902932_n-696x468.jpg 696w, https:\/\/futbolhoy.co\/wp-content\/uploads\/2022\/01\/272905210_3110146855941665_6149692129250902932_n-128x86.jpg 128w, https:\/\/futbolhoy.co\/wp-content\/uploads\/2022\/01\/272905210_3110146855941665_6149692129250902932_n-32x22.jpg 32w, https:\/\/futbolhoy.co\/wp-content\/uploads\/2022\/01\/272905210_3110146855941665_6149692129250902932_n.jpg 803w\" sizes=\"(max-width: 625px) 100vw, 625px\" alt=\"\">\r\n                            <\/a>\r\n                            \r\n                        <\/figure>\r\n                    <\/div>\r\n                    <div class = \"td-slide-item td-item7\">\r\n                        <figure class=\"td-slide-galery-figure td-slide-popup-gallery\">\r\n                            <a class=\"slide-gallery-image-link\" href=\"https:\/\/futbolhoy.co\/wp-content\/uploads\/2022\/01\/272779815_3110156519274032_4772421508739770132_n.jpg\" title=\"272779815_3110156519274032_4772421508739770132_n\"  data-caption=\"\"  data-description=\"\">\r\n                                <img decoding=\"async\" src=\"https:\/\/futbolhoy.co\/wp-content\/uploads\/2022\/01\/272779815_3110156519274032_4772421508739770132_n-367x420.jpg\" srcset=\"https:\/\/futbolhoy.co\/wp-content\/uploads\/2022\/01\/272779815_3110156519274032_4772421508739770132_n-367x420.jpg 367w, https:\/\/futbolhoy.co\/wp-content\/uploads\/2022\/01\/272779815_3110156519274032_4772421508739770132_n-262x300.jpg 262w, https:\/\/futbolhoy.co\/wp-content\/uploads\/2022\/01\/272779815_3110156519274032_4772421508739770132_n-112x128.jpg 112w, https:\/\/futbolhoy.co\/wp-content\/uploads\/2022\/01\/272779815_3110156519274032_4772421508739770132_n-28x32.jpg 28w, https:\/\/futbolhoy.co\/wp-content\/uploads\/2022\/01\/272779815_3110156519274032_4772421508739770132_n.jpg 524w\" sizes=\"(max-width: 367px) 100vw, 367px\" alt=\"\">\r\n                            <\/a>\r\n                            \r\n                        <\/figure>\r\n                    <\/div>\r\n                    <div class = \"td-slide-item td-item8\">\r\n                        <figure class=\"td-slide-galery-figure td-slide-popup-gallery\">\r\n                            <a class=\"slide-gallery-image-link\" href=\"https:\/\/futbolhoy.co\/wp-content\/uploads\/2022\/01\/WhatsApp-Image-2022-01-28-at-7.22.43-PM.jpeg\" title=\"WhatsApp Image 2022-01-28 at 7.22.43 PM\"  data-caption=\"\"  data-description=\"\">\r\n                                <img decoding=\"async\" src=\"https:\/\/futbolhoy.co\/wp-content\/uploads\/2022\/01\/WhatsApp-Image-2022-01-28-at-7.22.43-PM-614x420.jpeg\" srcset=\"https:\/\/futbolhoy.co\/wp-content\/uploads\/2022\/01\/WhatsApp-Image-2022-01-28-at-7.22.43-PM-614x420.jpeg 614w, https:\/\/futbolhoy.co\/wp-content\/uploads\/2022\/01\/WhatsApp-Image-2022-01-28-at-7.22.43-PM-300x205.jpeg 300w, https:\/\/futbolhoy.co\/wp-content\/uploads\/2022\/01\/WhatsApp-Image-2022-01-28-at-7.22.43-PM-218x150.jpeg 218w, https:\/\/futbolhoy.co\/wp-content\/uploads\/2022\/01\/WhatsApp-Image-2022-01-28-at-7.22.43-PM-696x476.jpeg 696w, https:\/\/futbolhoy.co\/wp-content\/uploads\/2022\/01\/WhatsApp-Image-2022-01-28-at-7.22.43-PM-128x88.jpeg 128w, https:\/\/futbolhoy.co\/wp-content\/uploads\/2022\/01\/WhatsApp-Image-2022-01-28-at-7.22.43-PM-32x22.jpeg 32w, https:\/\/futbolhoy.co\/wp-content\/uploads\/2022\/01\/WhatsApp-Image-2022-01-28-at-7.22.43-PM.jpeg 705w\" sizes=\"(max-width: 614px) 100vw, 614px\" alt=\"\">\r\n                            <\/a>\r\n                            \r\n                        <\/figure>\r\n                    <\/div>\r\n                    <div class = \"td-slide-item td-item9\">\r\n                        <figure class=\"td-slide-galery-figure td-slide-popup-gallery\">\r\n                            <a class=\"slide-gallery-image-link\" href=\"https:\/\/futbolhoy.co\/wp-content\/uploads\/2022\/01\/WhatsApp-Image-2022-01-28-at-7.22.44-PM-3.jpeg\" title=\"WhatsApp Image 2022-01-28 at 7.22.44 PM (3)\"  data-caption=\"\"  data-description=\"\">\r\n                                <img decoding=\"async\" src=\"https:\/\/futbolhoy.co\/wp-content\/uploads\/2022\/01\/WhatsApp-Image-2022-01-28-at-7.22.44-PM-3-516x420.jpeg\" srcset=\"https:\/\/futbolhoy.co\/wp-content\/uploads\/2022\/01\/WhatsApp-Image-2022-01-28-at-7.22.44-PM-3-516x420.jpeg 516w, https:\/\/futbolhoy.co\/wp-content\/uploads\/2022\/01\/WhatsApp-Image-2022-01-28-at-7.22.44-PM-3-300x244.jpeg 300w, https:\/\/futbolhoy.co\/wp-content\/uploads\/2022\/01\/WhatsApp-Image-2022-01-28-at-7.22.44-PM-3-696x566.jpeg 696w, https:\/\/futbolhoy.co\/wp-content\/uploads\/2022\/01\/WhatsApp-Image-2022-01-28-at-7.22.44-PM-3-128x104.jpeg 128w, https:\/\/futbolhoy.co\/wp-content\/uploads\/2022\/01\/WhatsApp-Image-2022-01-28-at-7.22.44-PM-3-32x26.jpeg 32w, https:\/\/futbolhoy.co\/wp-content\/uploads\/2022\/01\/WhatsApp-Image-2022-01-28-at-7.22.44-PM-3.jpeg 720w\" sizes=\"(max-width: 516px) 100vw, 516px\" alt=\"\">\r\n                            <\/a>\r\n                            \r\n                        <\/figure>\r\n                    <\/div>\r\n                    <div class = \"td-slide-item td-item10\">\r\n                        <figure class=\"td-slide-galery-figure td-slide-popup-gallery\">\r\n                            <a class=\"slide-gallery-image-link\" href=\"https:\/\/futbolhoy.co\/wp-content\/uploads\/2022\/01\/WhatsApp-Image-2022-01-28-at-7.22.44-PM-2.jpeg\" title=\"WhatsApp Image 2022-01-28 at 7.22.44 PM (2)\"  data-caption=\"\"  data-description=\"\">\r\n                                <img decoding=\"async\" src=\"https:\/\/futbolhoy.co\/wp-content\/uploads\/2022\/01\/WhatsApp-Image-2022-01-28-at-7.22.44-PM-2-293x420.jpeg\" srcset=\"https:\/\/futbolhoy.co\/wp-content\/uploads\/2022\/01\/WhatsApp-Image-2022-01-28-at-7.22.44-PM-2-293x420.jpeg 293w, https:\/\/futbolhoy.co\/wp-content\/uploads\/2022\/01\/WhatsApp-Image-2022-01-28-at-7.22.44-PM-2-209x300.jpeg 209w, https:\/\/futbolhoy.co\/wp-content\/uploads\/2022\/01\/WhatsApp-Image-2022-01-28-at-7.22.44-PM-2-714x1024.jpeg 714w, https:\/\/futbolhoy.co\/wp-content\/uploads\/2022\/01\/WhatsApp-Image-2022-01-28-at-7.22.44-PM-2-768x1101.jpeg 768w, https:\/\/futbolhoy.co\/wp-content\/uploads\/2022\/01\/WhatsApp-Image-2022-01-28-at-7.22.44-PM-2-696x998.jpeg 696w, https:\/\/futbolhoy.co\/wp-content\/uploads\/2022\/01\/WhatsApp-Image-2022-01-28-at-7.22.44-PM-2-89x128.jpeg 89w, https:\/\/futbolhoy.co\/wp-content\/uploads\/2022\/01\/WhatsApp-Image-2022-01-28-at-7.22.44-PM-2-22x32.jpeg 22w, https:\/\/futbolhoy.co\/wp-content\/uploads\/2022\/01\/WhatsApp-Image-2022-01-28-at-7.22.44-PM-2.jpeg 893w\" sizes=\"(max-width: 293px) 100vw, 293px\" alt=\"\">\r\n                            <\/a>\r\n                            \r\n                        <\/figure>\r\n                    <\/div>\r\n                    <div class = \"td-slide-item td-item11\">\r\n                        <figure class=\"td-slide-galery-figure td-slide-popup-gallery\">\r\n                            <a class=\"slide-gallery-image-link\" href=\"https:\/\/futbolhoy.co\/wp-content\/uploads\/2022\/01\/WhatsApp-Image-2022-01-28-at-7.22.44-PM-1.jpeg\" title=\"WhatsApp Image 2022-01-28 at 7.22.44 PM (1)\"  data-caption=\"\"  data-description=\"\">\r\n                                <img decoding=\"async\" src=\"https:\/\/futbolhoy.co\/wp-content\/uploads\/2022\/01\/WhatsApp-Image-2022-01-28-at-7.22.44-PM-1.jpeg\" srcset=\"https:\/\/futbolhoy.co\/wp-content\/uploads\/2022\/01\/WhatsApp-Image-2022-01-28-at-7.22.44-PM-1.jpeg 377w, https:\/\/futbolhoy.co\/wp-content\/uploads\/2022\/01\/WhatsApp-Image-2022-01-28-at-7.22.44-PM-1-300x202.jpeg 300w, https:\/\/futbolhoy.co\/wp-content\/uploads\/2022\/01\/WhatsApp-Image-2022-01-28-at-7.22.44-PM-1-128x86.jpeg 128w, https:\/\/futbolhoy.co\/wp-content\/uploads\/2022\/01\/WhatsApp-Image-2022-01-28-at-7.22.44-PM-1-32x22.jpeg 32w\" sizes=\"(max-width: 377px) 100vw, 377px\" alt=\"\">\r\n                            <\/a>\r\n                            \r\n                        <\/figure>\r\n                    <\/div>\r\n                    <div class = \"td-slide-item td-item12\">\r\n                        <figure class=\"td-slide-galery-figure td-slide-popup-gallery\">\r\n                            <a class=\"slide-gallery-image-link\" href=\"https:\/\/futbolhoy.co\/wp-content\/uploads\/2022\/01\/WhatsApp-Image-2022-01-28-at-7.22.44-PM.jpeg\" title=\"WhatsApp Image 2022-01-28 at 7.22.44 PM\"  data-caption=\"\"  data-description=\"\">\r\n                                <img decoding=\"async\" src=\"https:\/\/futbolhoy.co\/wp-content\/uploads\/2022\/01\/WhatsApp-Image-2022-01-28-at-7.22.44-PM-428x420.jpeg\" srcset=\"https:\/\/futbolhoy.co\/wp-content\/uploads\/2022\/01\/WhatsApp-Image-2022-01-28-at-7.22.44-PM-428x420.jpeg 428w, https:\/\/futbolhoy.co\/wp-content\/uploads\/2022\/01\/WhatsApp-Image-2022-01-28-at-7.22.44-PM-300x295.jpeg 300w, https:\/\/futbolhoy.co\/wp-content\/uploads\/2022\/01\/WhatsApp-Image-2022-01-28-at-7.22.44-PM-768x755.jpeg 768w, https:\/\/futbolhoy.co\/wp-content\/uploads\/2022\/01\/WhatsApp-Image-2022-01-28-at-7.22.44-PM-696x684.jpeg 696w, https:\/\/futbolhoy.co\/wp-content\/uploads\/2022\/01\/WhatsApp-Image-2022-01-28-at-7.22.44-PM-128x126.jpeg 128w, https:\/\/futbolhoy.co\/wp-content\/uploads\/2022\/01\/WhatsApp-Image-2022-01-28-at-7.22.44-PM-32x32.jpeg 32w, https:\/\/futbolhoy.co\/wp-content\/uploads\/2022\/01\/WhatsApp-Image-2022-01-28-at-7.22.44-PM.jpeg 1024w\" sizes=\"(max-width: 428px) 100vw, 428px\" alt=\"\">\r\n                            <\/a>\r\n                            \r\n                        <\/figure>\r\n                    <\/div>\r\n                            <\/div>\r\n                        <\/div>\r\n\r\n                        <div class = \"td-doubleSlider-2\">\r\n                            <div class = \"td-slider\">\r\n                                \r\n                    <div class = \"td-button td-item1\">\r\n                        <div class = \"td-border\"><\/div>\r\n                    <\/div>\r\n                    <div class = \"td-button td-item2\">\r\n                        <div class = \"td-border\"><\/div>\r\n                    <\/div>\r\n                    <div class = \"td-button td-item3\">\r\n                        <div class = \"td-border\"><\/div>\r\n                    <\/div>\r\n                    <div class = \"td-button td-item4\">\r\n                        <div class = \"td-border\"><\/div>\r\n                    <\/div>\r\n                    <div class = \"td-button td-item5\">\r\n                        <div class = \"td-border\"><\/div>\r\n                    <\/div>\r\n                    <div class = \"td-button td-item6\">\r\n                        <div class = \"td-border\"><\/div>\r\n                    <\/div>\r\n                    <div class = \"td-button td-item7\">\r\n                        <div class = \"td-border\"><\/div>\r\n                    <\/div>\r\n                    <div class = \"td-button td-item8\">\r\n                        <div class = \"td-border\"><\/div>\r\n                    <\/div>\r\n                    <div class = \"td-button td-item9\">\r\n                        <div class = \"td-border\"><\/div>\r\n                    <\/div>\r\n                    <div class = \"td-button td-item10\">\r\n                        <div class = \"td-border\"><\/div>\r\n                    <\/div>\r\n                    <div class = \"td-button td-item11\">\r\n                        <div class = \"td-border\"><\/div>\r\n                    <\/div>\r\n                    <div class = \"td-button td-item12\">\r\n                        <div class = \"td-border\"><\/div>\r\n                    <\/div>\r\n                            <\/div>\r\n                        <\/div>\r\n\r\n                    <\/div>\r\n\r\n                <\/div>\r\n                \n<p><iframe style=\"border: none; overflow: hidden;\" src=\"https:\/\/www.facebook.com\/plugins\/post.php?href=https%3A%2F%2Fwww.facebook.com%2FCopaMundialFiFaCol%2Fposts%2F3110173815938969&amp;show_text=true&amp;width=500\" width=\"500\" height=\"606\" frameborder=\"0\" scrolling=\"no\" allowfullscreen=\"allowfullscreen\"><\/iframe><\/p>\n<p><iframe style=\"border: none; overflow: hidden;\" src=\"https:\/\/www.facebook.com\/plugins\/post.php?href=https%3A%2F%2Fwww.facebook.com%2FCopaMundialFiFaCol%2Fposts%2F3110166429273041&amp;show_text=false&amp;width=500\" width=\"500\" height=\"281\" frameborder=\"0\" scrolling=\"no\" allowfullscreen=\"allowfullscreen\"><\/iframe><\/p>\n<p><iframe style=\"border: none; overflow: hidden;\" src=\"https:\/\/www.facebook.com\/plugins\/post.php?href=https%3A%2F%2Fwww.facebook.com%2FCopaMundialFiFaCol%2Fposts%2F3110165025939848&amp;show_text=false&amp;width=500\" width=\"500\" height=\"590\" frameborder=\"0\" scrolling=\"no\" allowfullscreen=\"allowfullscreen\"><\/iframe><\/p>\n<p><iframe style=\"border: none; overflow: hidden;\" src=\"https:\/\/www.facebook.com\/plugins\/post.php?href=https%3A%2F%2Fwww.facebook.com%2FCopaMundialFiFaCol%2Fposts%2F3110164169273267&amp;show_text=false&amp;width=500\" width=\"500\" height=\"502\" frameborder=\"0\" scrolling=\"no\" allowfullscreen=\"allowfullscreen\"><\/iframe><\/p>\n<p><iframe style=\"border: none; overflow: hidden;\" src=\"https:\/\/www.facebook.com\/plugins\/post.php?href=https%3A%2F%2Fwww.facebook.com%2FCopaMundialFiFaCol%2Fposts%2F3110163255940025&amp;show_text=false&amp;width=500\" width=\"500\" height=\"421\" frameborder=\"0\" scrolling=\"no\" allowfullscreen=\"allowfullscreen\"><\/iframe><\/p>\n<p><iframe style=\"border: none; overflow: hidden;\" src=\"https:\/\/www.facebook.com\/plugins\/post.php?href=https%3A%2F%2Fwww.facebook.com%2FCopaMundialFiFaCol%2Fposts%2F3110157892607228&amp;show_text=false&amp;width=500\" width=\"500\" height=\"497\" frameborder=\"0\" scrolling=\"no\" allowfullscreen=\"allowfullscreen\"><\/iframe><\/p>\n<blockquote class=\"twitter-tweet\" data-width=\"550\" data-dnt=\"true\">\n<p lang=\"es\" dir=\"ltr\">Los del Liverpool viendo el partido de Luis D\u00edaz. <a href=\"https:\/\/t.co\/0JVVJ6OmBn\">pic.twitter.com\/0JVVJ6OmBn<\/a><\/p>\n<p>&mdash; Gol Garra \u26bd (@ElGolGarracol) <a href=\"https:\/\/twitter.com\/ElGolGarracol\/status\/1487198210506600455?ref_src=twsrc%5Etfw\">January 28, 2022<\/a><\/p><\/blockquote>\n<p><script async src=\"https:\/\/platform.twitter.com\/widgets.js\" charset=\"utf-8\"><\/script><\/p>\n<blockquote class=\"twitter-tweet\" data-width=\"550\" data-dnt=\"true\">\n<p lang=\"es\" dir=\"ltr\">Estadio Metropolitano:<\/p>\n<p>40.000 Colombianos \/\/ 200 Peruanos <a href=\"https:\/\/t.co\/3AbgrBsFUi\">pic.twitter.com\/3AbgrBsFUi<\/a><\/p>\n<p>&mdash; Gol Garra \u26bd (@ElGolGarracol) <a href=\"https:\/\/twitter.com\/ElGolGarracol\/status\/1487194691191939086?ref_src=twsrc%5Etfw\">January 28, 2022<\/a><\/p><\/blockquote>\n<p><script async src=\"https:\/\/platform.twitter.com\/widgets.js\" charset=\"utf-8\"><\/script><\/p>\n<blockquote class=\"twitter-tweet\" data-width=\"550\" data-dnt=\"true\">\n<p lang=\"es\" dir=\"ltr\">Descripci\u00f3n gr\u00e1fica de Per\u00fa contra colombia <a href=\"https:\/\/t.co\/lrSa4WpbC1\">pic.twitter.com\/lrSa4WpbC1<\/a><\/p>\n<p>&mdash; help__gian (@HelpGian) <a href=\"https:\/\/twitter.com\/HelpGian\/status\/1487192377932627969?ref_src=twsrc%5Etfw\">January 28, 2022<\/a><\/p><\/blockquote>\n<p><script async src=\"https:\/\/platform.twitter.com\/widgets.js\" charset=\"utf-8\"><\/script><\/p>\n<blockquote class=\"instagram-media\" style=\"background: #FFF; border: 0; border-radius: 3px; box-shadow: 0 0 1px 0 rgba(0,0,0,0.5),0 1px 10px 0 rgba(0,0,0,0.15); margin: 1px; max-width: 540px; min-width: 326px; padding: 0; width: calc(100% - 2px);\" data-instgrm-captioned=\"\" data-instgrm-permalink=\"https:\/\/www.instagram.com\/p\/CZSsi4AuIeD\/?utm_source=ig_embed&amp;utm_campaign=loading\" data-instgrm-version=\"14\">\n<div style=\"padding: 16px;\">\n<p>&nbsp;<\/p>\n<div style=\"display: flex; flex-direction: row; align-items: center;\">\n<div style=\"background-color: #f4f4f4; border-radius: 50%; flex-grow: 0; height: 40px; margin-right: 14px; width: 40px;\"><\/div>\n<div style=\"display: flex; flex-direction: column; flex-grow: 1; justify-content: center;\">\n<div style=\"background-color: #f4f4f4; border-radius: 4px; flex-grow: 0; height: 14px; margin-bottom: 6px; width: 100px;\"><\/div>\n<div style=\"background-color: #f4f4f4; border-radius: 4px; flex-grow: 0; height: 14px; width: 60px;\"><\/div>\n<\/div>\n<\/div>\n<div style=\"padding: 19% 0;\"><\/div>\n<div style=\"display: block; height: 50px; margin: 0 auto 12px; width: 50px;\"><\/div>\n<div style=\"padding-top: 8px;\">\n<div style=\"color: #3897f0; font-family: Arial,sans-serif; font-size: 14px; font-style: normal; font-weight: 550; line-height: 18px;\">Ver esta publicaci\u00f3n en Instagram<\/div>\n<\/div>\n<div style=\"padding: 12.5% 0;\"><\/div>\n<div style=\"display: flex; flex-direction: row; margin-bottom: 14px; align-items: center;\">\n<div>\n<div style=\"background-color: #f4f4f4; border-radius: 50%; height: 12.5px; width: 12.5px; transform: translateX(0px) translateY(7px);\"><\/div>\n<div style=\"background-color: #f4f4f4; height: 12.5px; transform: rotate(-45deg) translateX(3px) translateY(1px); width: 12.5px; flex-grow: 0; margin-right: 14px; margin-left: 2px;\"><\/div>\n<div style=\"background-color: #f4f4f4; border-radius: 50%; height: 12.5px; width: 12.5px; transform: translateX(9px) translateY(-18px);\"><\/div>\n<\/div>\n<div style=\"margin-left: 8px;\">\n<div style=\"background-color: #f4f4f4; border-radius: 50%; flex-grow: 0; height: 20px; width: 20px;\"><\/div>\n<div style=\"width: 0; height: 0; border-top: 2px solid transparent; border-left: 6px solid #f4f4f4; border-bottom: 2px solid transparent; transform: translateX(16px) translateY(-4px) rotate(30deg);\"><\/div>\n<\/div>\n<div style=\"margin-left: auto;\">\n<div style=\"width: 0px; border-top: 8px solid #F4F4F4; border-right: 8px solid transparent; transform: translateY(16px);\"><\/div>\n<div style=\"background-color: #f4f4f4; flex-grow: 0; height: 12px; width: 16px; transform: translateY(-4px);\"><\/div>\n<div style=\"width: 0; height: 0; border-top: 8px solid #F4F4F4; border-left: 8px solid transparent; transform: translateY(-4px) translateX(8px);\"><\/div>\n<\/div>\n<\/div>\n<div style=\"display: flex; flex-direction: column; flex-grow: 1; justify-content: center; margin-bottom: 24px;\">\n<div style=\"background-color: #f4f4f4; border-radius: 4px; flex-grow: 0; height: 14px; margin-bottom: 6px; width: 224px;\"><\/div>\n<div style=\"background-color: #f4f4f4; border-radius: 4px; flex-grow: 0; height: 14px; width: 144px;\"><\/div>\n<\/div>\n<p>&nbsp;<\/p>\n<p style=\"color: #c9c8cd; font-family: Arial,sans-serif; font-size: 14px; line-height: 17px; margin-bottom: 0; margin-top: 8px; overflow: hidden; padding: 8px 0 7px; text-align: center; text-overflow: ellipsis; white-space: nowrap;\"><a style=\"color: #c9c8cd; font-family: Arial,sans-serif; font-size: 14px; font-style: normal; font-weight: normal; line-height: 17px; text-decoration: none;\" href=\"https:\/\/www.instagram.com\/p\/CZSsi4AuIeD\/?utm_source=ig_embed&amp;utm_campaign=loading\" target=\"_blank\" rel=\"noopener\">Una publicaci\u00f3n compartida por El Tio Copa (@el_tio_copa)<\/a><\/p>\n<\/div>\n<\/blockquote>\n<p><script async src=\"\/\/www.instagram.com\/embed.js\"><\/script><\/p>\n<blockquote class=\"twitter-tweet\" data-width=\"550\" data-dnt=\"true\">\n<p lang=\"es\" dir=\"ltr\">Peru vence a Colombia en Barranquilla <a href=\"https:\/\/t.co\/3Osm4a7fpe\">pic.twitter.com\/3Osm4a7fpe<\/a><\/p>\n<p>&mdash; MemesDelPer\u00fa (@SoyMemesDelPeru) <a href=\"https:\/\/twitter.com\/SoyMemesDelPeru\/status\/1487201270389747717?ref_src=twsrc%5Etfw\">January 28, 2022<\/a><\/p><\/blockquote>\n<p><script async src=\"https:\/\/platform.twitter.com\/widgets.js\" charset=\"utf-8\"><\/script><\/p>\n<p>&nbsp;<\/p>\n<p>&nbsp;<\/p>\n","protected":false},"excerpt":{"rendered":"<p>Los del Liverpool viendo el partido de Luis D\u00edaz. pic.twitter.com\/0JVVJ6OmBn &mdash; Gol Garra \u26bd (@ElGolGarracol) January 28, 2022 Estadio Metropolitano: 40.000 Colombianos \/\/ 200 Peruanos pic.twitter.com\/3AbgrBsFUi &mdash; Gol Garra \u26bd (@ElGolGarracol) January 28, 2022 Descripci\u00f3n gr\u00e1fica de Per\u00fa contra colombia pic.twitter.com\/lrSa4WpbC1 &mdash; help__gian (@HelpGian) January 28, 2022 &nbsp; Ver esta publicaci\u00f3n en Instagram &nbsp; Una [&hellip;]<\/p>\n","protected":false},"author":5,"featured_media":75226,"comment_status":"open","ping_status":"open","sticky":false,"template":"","format":"video","meta":{"_acf_changed":false,"footnotes":""},"categories":[367],"tags":[],"class_list":{"0":"post-75223","1":"post","2":"type-post","3":"status-publish","4":"format-video","5":"has-post-thumbnail","7":"category-foto-galeria","8":"post_format-post-format-video"},"acf":[],"yoast_head":"<!-- This site is optimized with the Yoast SEO plugin v26.8 - https:\/\/yoast.com\/product\/yoast-seo-wordpress\/ -->\n<title>Los memes que dej\u00f3 la derrota de la selecci\u00f3n -<\/title>\n<meta name=\"robots\" content=\"index, follow, max-snippet:-1, max-image-preview:large, max-video-preview:-1\" \/>\n<link rel=\"canonical\" href=\"https:\/\/futbolhoy.co\/index.php\/2022\/01\/28\/los-memes-que-dejo-la-derrota-de-la-seleccion\/\" \/>\n<meta property=\"og:locale\" content=\"es_ES\" \/>\n<meta property=\"og:type\" content=\"article\" \/>\n<meta property=\"og:title\" content=\"Los memes que dej\u00f3 la derrota de la selecci\u00f3n -\" \/>\n<meta property=\"og:description\" content=\"Los del Liverpool viendo el partido de Luis D\u00edaz. pic.twitter.com\/0JVVJ6OmBn &mdash; Gol Garra \u26bd (@ElGolGarracol) January 28, 2022 Estadio Metropolitano: 40.000 Colombianos \/\/ 200 Peruanos pic.twitter.com\/3AbgrBsFUi &mdash; Gol Garra \u26bd (@ElGolGarracol) January 28, 2022 Descripci\u00f3n gr\u00e1fica de Per\u00fa contra colombia pic.twitter.com\/lrSa4WpbC1 &mdash; help__gian (@HelpGian) January 28, 2022 &nbsp; Ver esta publicaci\u00f3n en Instagram &nbsp; Una [&hellip;]\" \/>\n<meta property=\"og:url\" content=\"https:\/\/futbolhoy.co\/index.php\/2022\/01\/28\/los-memes-que-dejo-la-derrota-de-la-seleccion\/\" \/>\n<meta property=\"article:publisher\" content=\"https:\/\/www.facebook.com\/FutbolHoyCol\/\" \/>\n<meta property=\"article:published_time\" content=\"2022-01-28T22:30:18+00:00\" \/>\n<meta property=\"article:modified_time\" content=\"2022-01-29T15:48:06+00:00\" \/>\n<meta property=\"og:image\" content=\"https:\/\/futbolhoy.co\/wp-content\/uploads\/2022\/01\/XN7LJU7WBZFJPPR2GFLQ2WE7OY.jpg\" \/>\n\t<meta property=\"og:image:width\" content=\"620\" \/>\n\t<meta property=\"og:image:height\" content=\"349\" \/>\n\t<meta property=\"og:image:type\" content=\"image\/jpeg\" \/>\n<meta name=\"author\" content=\"Laura Hern\u00e1ndez\" \/>\n<meta name=\"twitter:card\" content=\"summary_large_image\" \/>\n<meta name=\"twitter:creator\" content=\"@FutbolHoyCol\" \/>\n<meta name=\"twitter:site\" content=\"@FutbolHoyCol\" \/>\n<meta name=\"twitter:label1\" content=\"Escrito por\" \/>\n\t<meta name=\"twitter:data1\" content=\"Laura Hern\u00e1ndez\" \/>\n\t<meta name=\"twitter:label2\" content=\"Tiempo de lectura\" \/>\n\t<meta name=\"twitter:data2\" content=\"1 minuto\" \/>\n<script type=\"application\/ld+json\" class=\"yoast-schema-graph\">{\"@context\":\"https:\/\/schema.org\",\"@graph\":[{\"@type\":\"Article\",\"@id\":\"https:\/\/futbolhoy.co\/index.php\/2022\/01\/28\/los-memes-que-dejo-la-derrota-de-la-seleccion\/#article\",\"isPartOf\":{\"@id\":\"https:\/\/futbolhoy.co\/index.php\/2022\/01\/28\/los-memes-que-dejo-la-derrota-de-la-seleccion\/\"},\"author\":{\"name\":\"Laura Hern\u00e1ndez\",\"@id\":\"https:\/\/futbolhoy.co\/#\/schema\/person\/c4a353a512b127643723a34bb1812f7d\"},\"headline\":\"Los memes que dej\u00f3 la derrota de la selecci\u00f3n\",\"datePublished\":\"2022-01-28T22:30:18+00:00\",\"dateModified\":\"2022-01-29T15:48:06+00:00\",\"mainEntityOfPage\":{\"@id\":\"https:\/\/futbolhoy.co\/index.php\/2022\/01\/28\/los-memes-que-dejo-la-derrota-de-la-seleccion\/\"},\"wordCount\":88,\"commentCount\":0,\"publisher\":{\"@id\":\"https:\/\/futbolhoy.co\/#organization\"},\"image\":{\"@id\":\"https:\/\/futbolhoy.co\/index.php\/2022\/01\/28\/los-memes-que-dejo-la-derrota-de-la-seleccion\/#primaryimage\"},\"thumbnailUrl\":\"https:\/\/futbolhoy.co\/wp-content\/uploads\/2022\/01\/XN7LJU7WBZFJPPR2GFLQ2WE7OY.jpg\",\"articleSection\":[\"Foto Galeria\"],\"inLanguage\":\"es\",\"potentialAction\":[{\"@type\":\"CommentAction\",\"name\":\"Comment\",\"target\":[\"https:\/\/futbolhoy.co\/index.php\/2022\/01\/28\/los-memes-que-dejo-la-derrota-de-la-seleccion\/#respond\"]}]},{\"@type\":\"WebPage\",\"@id\":\"https:\/\/futbolhoy.co\/index.php\/2022\/01\/28\/los-memes-que-dejo-la-derrota-de-la-seleccion\/\",\"url\":\"https:\/\/futbolhoy.co\/index.php\/2022\/01\/28\/los-memes-que-dejo-la-derrota-de-la-seleccion\/\",\"name\":\"Los memes que dej\u00f3 la derrota de la selecci\u00f3n -\",\"isPartOf\":{\"@id\":\"https:\/\/futbolhoy.co\/#website\"},\"primaryImageOfPage\":{\"@id\":\"https:\/\/futbolhoy.co\/index.php\/2022\/01\/28\/los-memes-que-dejo-la-derrota-de-la-seleccion\/#primaryimage\"},\"image\":{\"@id\":\"https:\/\/futbolhoy.co\/index.php\/2022\/01\/28\/los-memes-que-dejo-la-derrota-de-la-seleccion\/#primaryimage\"},\"thumbnailUrl\":\"https:\/\/futbolhoy.co\/wp-content\/uploads\/2022\/01\/XN7LJU7WBZFJPPR2GFLQ2WE7OY.jpg\",\"datePublished\":\"2022-01-28T22:30:18+00:00\",\"dateModified\":\"2022-01-29T15:48:06+00:00\",\"breadcrumb\":{\"@id\":\"https:\/\/futbolhoy.co\/index.php\/2022\/01\/28\/los-memes-que-dejo-la-derrota-de-la-seleccion\/#breadcrumb\"},\"inLanguage\":\"es\",\"potentialAction\":[{\"@type\":\"ReadAction\",\"target\":[\"https:\/\/futbolhoy.co\/index.php\/2022\/01\/28\/los-memes-que-dejo-la-derrota-de-la-seleccion\/\"]}]},{\"@type\":\"ImageObject\",\"inLanguage\":\"es\",\"@id\":\"https:\/\/futbolhoy.co\/index.php\/2022\/01\/28\/los-memes-que-dejo-la-derrota-de-la-seleccion\/#primaryimage\",\"url\":\"https:\/\/futbolhoy.co\/wp-content\/uploads\/2022\/01\/XN7LJU7WBZFJPPR2GFLQ2WE7OY.jpg\",\"contentUrl\":\"https:\/\/futbolhoy.co\/wp-content\/uploads\/2022\/01\/XN7LJU7WBZFJPPR2GFLQ2WE7OY.jpg\",\"width\":620,\"height\":349},{\"@type\":\"BreadcrumbList\",\"@id\":\"https:\/\/futbolhoy.co\/index.php\/2022\/01\/28\/los-memes-que-dejo-la-derrota-de-la-seleccion\/#breadcrumb\",\"itemListElement\":[{\"@type\":\"ListItem\",\"position\":1,\"name\":\"Portada\",\"item\":\"https:\/\/futbolhoy.co\/\"},{\"@type\":\"ListItem\",\"position\":2,\"name\":\"Los memes que dej\u00f3 la derrota de la selecci\u00f3n\"}]},{\"@type\":\"WebSite\",\"@id\":\"https:\/\/futbolhoy.co\/#website\",\"url\":\"https:\/\/futbolhoy.co\/\",\"name\":\"FutbolHoy\",\"description\":\"\",\"publisher\":{\"@id\":\"https:\/\/futbolhoy.co\/#organization\"},\"potentialAction\":[{\"@type\":\"SearchAction\",\"target\":{\"@type\":\"EntryPoint\",\"urlTemplate\":\"https:\/\/futbolhoy.co\/?s={search_term_string}\"},\"query-input\":{\"@type\":\"PropertyValueSpecification\",\"valueRequired\":true,\"valueName\":\"search_term_string\"}}],\"inLanguage\":\"es\"},{\"@type\":\"Organization\",\"@id\":\"https:\/\/futbolhoy.co\/#organization\",\"name\":\"Futbolhoy.co\",\"url\":\"https:\/\/futbolhoy.co\/\",\"logo\":{\"@type\":\"ImageObject\",\"inLanguage\":\"es\",\"@id\":\"https:\/\/futbolhoy.co\/#\/schema\/logo\/image\/\",\"url\":\"https:\/\/futbolhoy.co\/wp-content\/uploads\/2018\/08\/17426380_1906371736249227_6326180412931521141_n.jpg\",\"contentUrl\":\"https:\/\/futbolhoy.co\/wp-content\/uploads\/2018\/08\/17426380_1906371736249227_6326180412931521141_n.jpg\",\"width\":960,\"height\":960,\"caption\":\"Futbolhoy.co\"},\"image\":{\"@id\":\"https:\/\/futbolhoy.co\/#\/schema\/logo\/image\/\"},\"sameAs\":[\"https:\/\/www.facebook.com\/FutbolHoyCol\/\",\"https:\/\/x.com\/FutbolHoyCol\",\"https:\/\/www.instagram.com\/futbolhoycol\/\"]},{\"@type\":\"Person\",\"@id\":\"https:\/\/futbolhoy.co\/#\/schema\/person\/c4a353a512b127643723a34bb1812f7d\",\"name\":\"Laura Hern\u00e1ndez\",\"image\":{\"@type\":\"ImageObject\",\"inLanguage\":\"es\",\"@id\":\"https:\/\/futbolhoy.co\/#\/schema\/person\/image\/\",\"url\":\"https:\/\/secure.gravatar.com\/avatar\/d25959a15b9b293a743f99181c7cfd01?s=96&d=mm&r=g\",\"contentUrl\":\"https:\/\/secure.gravatar.com\/avatar\/d25959a15b9b293a743f99181c7cfd01?s=96&d=mm&r=g\",\"caption\":\"Laura Hern\u00e1ndez\"}}]}<\/script>\n<!-- \/ Yoast SEO plugin. -->","yoast_head_json":{"title":"Los memes que dej\u00f3 la derrota de la selecci\u00f3n -","robots":{"index":"index","follow":"follow","max-snippet":"max-snippet:-1","max-image-preview":"max-image-preview:large","max-video-preview":"max-video-preview:-1"},"canonical":"https:\/\/futbolhoy.co\/index.php\/2022\/01\/28\/los-memes-que-dejo-la-derrota-de-la-seleccion\/","og_locale":"es_ES","og_type":"article","og_title":"Los memes que dej\u00f3 la derrota de la selecci\u00f3n -","og_description":"Los del Liverpool viendo el partido de Luis D\u00edaz. pic.twitter.com\/0JVVJ6OmBn &mdash; Gol Garra \u26bd (@ElGolGarracol) January 28, 2022 Estadio Metropolitano: 40.000 Colombianos \/\/ 200 Peruanos pic.twitter.com\/3AbgrBsFUi &mdash; Gol Garra \u26bd (@ElGolGarracol) January 28, 2022 Descripci\u00f3n gr\u00e1fica de Per\u00fa contra colombia pic.twitter.com\/lrSa4WpbC1 &mdash; help__gian (@HelpGian) January 28, 2022 &nbsp; Ver esta publicaci\u00f3n en Instagram &nbsp; Una [&hellip;]","og_url":"https:\/\/futbolhoy.co\/index.php\/2022\/01\/28\/los-memes-que-dejo-la-derrota-de-la-seleccion\/","article_publisher":"https:\/\/www.facebook.com\/FutbolHoyCol\/","article_published_time":"2022-01-28T22:30:18+00:00","article_modified_time":"2022-01-29T15:48:06+00:00","og_image":[{"width":620,"height":349,"url":"https:\/\/futbolhoy.co\/wp-content\/uploads\/2022\/01\/XN7LJU7WBZFJPPR2GFLQ2WE7OY.jpg","type":"image\/jpeg"}],"author":"Laura Hern\u00e1ndez","twitter_card":"summary_large_image","twitter_creator":"@FutbolHoyCol","twitter_site":"@FutbolHoyCol","twitter_misc":{"Escrito por":"Laura Hern\u00e1ndez","Tiempo de lectura":"1 minuto"},"schema":{"@context":"https:\/\/schema.org","@graph":[{"@type":"Article","@id":"https:\/\/futbolhoy.co\/index.php\/2022\/01\/28\/los-memes-que-dejo-la-derrota-de-la-seleccion\/#article","isPartOf":{"@id":"https:\/\/futbolhoy.co\/index.php\/2022\/01\/28\/los-memes-que-dejo-la-derrota-de-la-seleccion\/"},"author":{"name":"Laura Hern\u00e1ndez","@id":"https:\/\/futbolhoy.co\/#\/schema\/person\/c4a353a512b127643723a34bb1812f7d"},"headline":"Los memes que dej\u00f3 la derrota de la selecci\u00f3n","datePublished":"2022-01-28T22:30:18+00:00","dateModified":"2022-01-29T15:48:06+00:00","mainEntityOfPage":{"@id":"https:\/\/futbolhoy.co\/index.php\/2022\/01\/28\/los-memes-que-dejo-la-derrota-de-la-seleccion\/"},"wordCount":88,"commentCount":0,"publisher":{"@id":"https:\/\/futbolhoy.co\/#organization"},"image":{"@id":"https:\/\/futbolhoy.co\/index.php\/2022\/01\/28\/los-memes-que-dejo-la-derrota-de-la-seleccion\/#primaryimage"},"thumbnailUrl":"https:\/\/futbolhoy.co\/wp-content\/uploads\/2022\/01\/XN7LJU7WBZFJPPR2GFLQ2WE7OY.jpg","articleSection":["Foto Galeria"],"inLanguage":"es","potentialAction":[{"@type":"CommentAction","name":"Comment","target":["https:\/\/futbolhoy.co\/index.php\/2022\/01\/28\/los-memes-que-dejo-la-derrota-de-la-seleccion\/#respond"]}]},{"@type":"WebPage","@id":"https:\/\/futbolhoy.co\/index.php\/2022\/01\/28\/los-memes-que-dejo-la-derrota-de-la-seleccion\/","url":"https:\/\/futbolhoy.co\/index.php\/2022\/01\/28\/los-memes-que-dejo-la-derrota-de-la-seleccion\/","name":"Los memes que dej\u00f3 la derrota de la selecci\u00f3n -","isPartOf":{"@id":"https:\/\/futbolhoy.co\/#website"},"primaryImageOfPage":{"@id":"https:\/\/futbolhoy.co\/index.php\/2022\/01\/28\/los-memes-que-dejo-la-derrota-de-la-seleccion\/#primaryimage"},"image":{"@id":"https:\/\/futbolhoy.co\/index.php\/2022\/01\/28\/los-memes-que-dejo-la-derrota-de-la-seleccion\/#primaryimage"},"thumbnailUrl":"https:\/\/futbolhoy.co\/wp-content\/uploads\/2022\/01\/XN7LJU7WBZFJPPR2GFLQ2WE7OY.jpg","datePublished":"2022-01-28T22:30:18+00:00","dateModified":"2022-01-29T15:48:06+00:00","breadcrumb":{"@id":"https:\/\/futbolhoy.co\/index.php\/2022\/01\/28\/los-memes-que-dejo-la-derrota-de-la-seleccion\/#breadcrumb"},"inLanguage":"es","potentialAction":[{"@type":"ReadAction","target":["https:\/\/futbolhoy.co\/index.php\/2022\/01\/28\/los-memes-que-dejo-la-derrota-de-la-seleccion\/"]}]},{"@type":"ImageObject","inLanguage":"es","@id":"https:\/\/futbolhoy.co\/index.php\/2022\/01\/28\/los-memes-que-dejo-la-derrota-de-la-seleccion\/#primaryimage","url":"https:\/\/futbolhoy.co\/wp-content\/uploads\/2022\/01\/XN7LJU7WBZFJPPR2GFLQ2WE7OY.jpg","contentUrl":"https:\/\/futbolhoy.co\/wp-content\/uploads\/2022\/01\/XN7LJU7WBZFJPPR2GFLQ2WE7OY.jpg","width":620,"height":349},{"@type":"BreadcrumbList","@id":"https:\/\/futbolhoy.co\/index.php\/2022\/01\/28\/los-memes-que-dejo-la-derrota-de-la-seleccion\/#breadcrumb","itemListElement":[{"@type":"ListItem","position":1,"name":"Portada","item":"https:\/\/futbolhoy.co\/"},{"@type":"ListItem","position":2,"name":"Los memes que dej\u00f3 la derrota de la selecci\u00f3n"}]},{"@type":"WebSite","@id":"https:\/\/futbolhoy.co\/#website","url":"https:\/\/futbolhoy.co\/","name":"FutbolHoy","description":"","publisher":{"@id":"https:\/\/futbolhoy.co\/#organization"},"potentialAction":[{"@type":"SearchAction","target":{"@type":"EntryPoint","urlTemplate":"https:\/\/futbolhoy.co\/?s={search_term_string}"},"query-input":{"@type":"PropertyValueSpecification","valueRequired":true,"valueName":"search_term_string"}}],"inLanguage":"es"},{"@type":"Organization","@id":"https:\/\/futbolhoy.co\/#organization","name":"Futbolhoy.co","url":"https:\/\/futbolhoy.co\/","logo":{"@type":"ImageObject","inLanguage":"es","@id":"https:\/\/futbolhoy.co\/#\/schema\/logo\/image\/","url":"https:\/\/futbolhoy.co\/wp-content\/uploads\/2018\/08\/17426380_1906371736249227_6326180412931521141_n.jpg","contentUrl":"https:\/\/futbolhoy.co\/wp-content\/uploads\/2018\/08\/17426380_1906371736249227_6326180412931521141_n.jpg","width":960,"height":960,"caption":"Futbolhoy.co"},"image":{"@id":"https:\/\/futbolhoy.co\/#\/schema\/logo\/image\/"},"sameAs":["https:\/\/www.facebook.com\/FutbolHoyCol\/","https:\/\/x.com\/FutbolHoyCol","https:\/\/www.instagram.com\/futbolhoycol\/"]},{"@type":"Person","@id":"https:\/\/futbolhoy.co\/#\/schema\/person\/c4a353a512b127643723a34bb1812f7d","name":"Laura Hern\u00e1ndez","image":{"@type":"ImageObject","inLanguage":"es","@id":"https:\/\/futbolhoy.co\/#\/schema\/person\/image\/","url":"https:\/\/secure.gravatar.com\/avatar\/d25959a15b9b293a743f99181c7cfd01?s=96&d=mm&r=g","contentUrl":"https:\/\/secure.gravatar.com\/avatar\/d25959a15b9b293a743f99181c7cfd01?s=96&d=mm&r=g","caption":"Laura Hern\u00e1ndez"}}]}},"publishpress_future_action":{"enabled":false,"date":"2026-05-05 18:25:22","action":"change-status","newStatus":"draft","terms":[],"taxonomy":"category","extraData":[]},"publishpress_future_workflow_manual_trigger":{"enabledWorkflows":[]},"_links":{"self":[{"href":"https:\/\/futbolhoy.co\/index.php\/wp-json\/wp\/v2\/posts\/75223","targetHints":{"allow":["GET"]}}],"collection":[{"href":"https:\/\/futbolhoy.co\/index.php\/wp-json\/wp\/v2\/posts"}],"about":[{"href":"https:\/\/futbolhoy.co\/index.php\/wp-json\/wp\/v2\/types\/post"}],"author":[{"embeddable":true,"href":"https:\/\/futbolhoy.co\/index.php\/wp-json\/wp\/v2\/users\/5"}],"replies":[{"embeddable":true,"href":"https:\/\/futbolhoy.co\/index.php\/wp-json\/wp\/v2\/comments?post=75223"}],"version-history":[{"count":4,"href":"https:\/\/futbolhoy.co\/index.php\/wp-json\/wp\/v2\/posts\/75223\/revisions"}],"predecessor-version":[{"id":75245,"href":"https:\/\/futbolhoy.co\/index.php\/wp-json\/wp\/v2\/posts\/75223\/revisions\/75245"}],"wp:featuredmedia":[{"embeddable":true,"href":"https:\/\/futbolhoy.co\/index.php\/wp-json\/wp\/v2\/media\/75226"}],"wp:attachment":[{"href":"https:\/\/futbolhoy.co\/index.php\/wp-json\/wp\/v2\/media?parent=75223"}],"wp:term":[{"taxonomy":"category","embeddable":true,"href":"https:\/\/futbolhoy.co\/index.php\/wp-json\/wp\/v2\/categories?post=75223"},{"taxonomy":"post_tag","embeddable":true,"href":"https:\/\/futbolhoy.co\/index.php\/wp-json\/wp\/v2\/tags?post=75223"}],"curies":[{"name":"wp","href":"https:\/\/api.w.org\/{rel}","templated":true}]}}