{"id":75360,"date":"2022-01-30T15:56:27","date_gmt":"2022-01-30T20:56:27","guid":{"rendered":"https:\/\/futbolhoy.co\/?p=75360"},"modified":"2022-01-30T20:13:34","modified_gmt":"2022-01-31T01:13:34","slug":"el-muneco-elogio-a-carrascal","status":"publish","type":"post","link":"https:\/\/futbolhoy.co\/index.php\/2022\/01\/30\/el-muneco-elogio-a-carrascal\/","title":{"rendered":"\u2018El Mu\u00f1eco\u2019 elogi\u00f3 a Carrascal"},"content":{"rendered":"<audio class=\"wp-audio-shortcode\" id=\"audio-75360-1\" preload=\"none\" style=\"width: 100%;\" controls=\"controls\"><source type=\"audio\/mpeg\" src=\"https:\/\/futbolhoy.co\/wp-content\/uploads\/2022\/01\/ACERO-GALLARDO2022-01-30.mp3?_=1\" \/><a href=\"https:\/\/futbolhoy.co\/wp-content\/uploads\/2022\/01\/ACERO-GALLARDO2022-01-30.mp3\">https:\/\/futbolhoy.co\/wp-content\/uploads\/2022\/01\/ACERO-GALLARDO2022-01-30.mp3<\/a><\/audio>\n<p><em><strong><span style=\"font-size: 10pt; font-family: helvetica, arial, sans-serif;\">Marcelo Gallardo &#8211; DT River Plate\u00a0<\/span><\/strong><\/em><\/p>\n<p style=\"text-align: justify;\"><span style=\"font-family: helvetica, arial, sans-serif;\">El volante cartagenero <strong>Jorge Carrascal<\/strong> que marc\u00f3 un gol con <strong>River Plate<\/strong>, en un amistoso de pretemporada ante Platense (3-0), fue elogiado por su t\u00e9cnico<strong> Marcelo Gallardo<\/strong>.<\/span><\/p>\n<p style=\"text-align: justify;\"><span style=\"font-family: helvetica, arial, sans-serif;\">\u201cLos jugadores talentosos son una debilidad, pero tiene que venir acompa\u00f1ado por todo lo otro. Siempre uno le da m\u00e1s tiempo y paciencia, porque considera que esos jugadores no salen todos los d\u00edas. Hay jugadores funcionales a los equipos y otros que nacen talentosos, que me dan much\u00edsima pena que no puedan explotar todo ese potencial (&#8230;) Pero sigo apostando porque considero que hay una oportunidad m\u00e1s, siempre la doy, y esperemos si nos da la raz\u00f3n o no. Pero esto no quiere decir nada&#8230; No s\u00e9 si prestaron atenci\u00f3n, pero hoy agarraba la pelota y explotaba la gente. No s\u00e9 cu\u00e1ntos jugadores pueden generar eso en la gente\u201d, sostuvo Gallardo en entrevista con ESPN.<\/span><\/p>\n<p style=\"text-align: justify;\"><span style=\"font-family: helvetica, arial, sans-serif;\">En 2021, <strong>Carrascal<\/strong> particip\u00f3 en 34 partidos de Liga, donde marc\u00f3 3 goles.<\/span><\/p>\n","protected":false},"excerpt":{"rendered":"<p>Marcelo Gallardo &#8211; DT River Plate\u00a0 El volante cartagenero Jorge Carrascal que marc\u00f3 un gol con River Plate, en un amistoso de pretemporada ante Platense (3-0), fue elogiado por su t\u00e9cnico Marcelo Gallardo. \u201cLos jugadores talentosos son una debilidad, pero tiene que venir acompa\u00f1ado por todo lo otro. Siempre uno le da m\u00e1s tiempo y [&hellip;]<\/p>\n","protected":false},"author":5,"featured_media":75365,"comment_status":"open","ping_status":"closed","sticky":false,"template":"","format":"video","meta":{"_acf_changed":false,"footnotes":""},"categories":[418],"tags":[],"class_list":["post-75360","post","type-post","status-publish","format-video","has-post-thumbnail","category-colombia","post_format-post-format-video"],"acf":[],"yoast_head":"<!-- This site is optimized with the Yoast SEO plugin v28.3 - https:\/\/yoast.com\/product\/yoast-seo-wordpress\/ -->\n<title>\u2018El Mu\u00f1eco\u2019 elogi\u00f3 a Carrascal -<\/title>\n<meta name=\"robots\" content=\"index, follow, max-snippet:-1, max-image-preview:large, max-video-preview:-1\" \/>\n<link rel=\"canonical\" href=\"https:\/\/futbolhoy.co\/index.php\/2022\/01\/30\/el-muneco-elogio-a-carrascal\/\" \/>\n<meta property=\"og:locale\" content=\"es_ES\" \/>\n<meta property=\"og:type\" content=\"article\" \/>\n<meta property=\"og:title\" content=\"\u2018El Mu\u00f1eco\u2019 elogi\u00f3 a Carrascal -\" \/>\n<meta property=\"og:description\" content=\"Marcelo Gallardo &#8211; DT River Plate\u00a0 El volante cartagenero Jorge Carrascal que marc\u00f3 un gol con River Plate, en un amistoso de pretemporada ante Platense (3-0), fue elogiado por su t\u00e9cnico Marcelo Gallardo. \u201cLos jugadores talentosos son una debilidad, pero tiene que venir acompa\u00f1ado por todo lo otro. Siempre uno le da m\u00e1s tiempo y [&hellip;]\" \/>\n<meta property=\"og:url\" content=\"https:\/\/futbolhoy.co\/index.php\/2022\/01\/30\/el-muneco-elogio-a-carrascal\/\" \/>\n<meta property=\"article:publisher\" content=\"https:\/\/www.facebook.com\/FutbolHoyCol\/\" \/>\n<meta property=\"article:published_time\" content=\"2022-01-30T20:56:27+00:00\" \/>\n<meta property=\"article:modified_time\" content=\"2022-01-31T01:13:34+00:00\" \/>\n<meta property=\"og:image\" content=\"https:\/\/futbolhoy.co\/wp-content\/uploads\/2022\/01\/FKT9iBZX0AEF5Vj.jpg\" \/>\n\t<meta property=\"og:image:width\" content=\"680\" \/>\n\t<meta property=\"og:image:height\" content=\"573\" \/>\n\t<meta property=\"og:image:type\" content=\"image\/jpeg\" \/>\n<meta name=\"author\" content=\"Laura Hern\u00e1ndez\" \/>\n<meta name=\"twitter:card\" content=\"summary_large_image\" \/>\n<meta name=\"twitter:creator\" content=\"@FutbolHoyCol\" \/>\n<meta name=\"twitter:site\" content=\"@FutbolHoyCol\" \/>\n<meta name=\"twitter:label1\" content=\"Escrito por\" \/>\n\t<meta name=\"twitter:data1\" content=\"Laura Hern\u00e1ndez\" \/>\n\t<meta name=\"twitter:label2\" content=\"Tiempo de lectura\" \/>\n\t<meta name=\"twitter:data2\" content=\"1 minuto\" \/>\n<script type=\"application\/ld+json\" class=\"yoast-schema-graph\">{\"@context\":\"https:\\\/\\\/schema.org\",\"@graph\":[{\"@type\":\"Article\",\"@id\":\"https:\\\/\\\/futbolhoy.co\\\/index.php\\\/2022\\\/01\\\/30\\\/el-muneco-elogio-a-carrascal\\\/#article\",\"isPartOf\":{\"@id\":\"https:\\\/\\\/futbolhoy.co\\\/index.php\\\/2022\\\/01\\\/30\\\/el-muneco-elogio-a-carrascal\\\/\"},\"author\":{\"name\":\"Laura Hern\u00e1ndez\",\"@id\":\"https:\\\/\\\/futbolhoy.co\\\/#\\\/schema\\\/person\\\/c4a353a512b127643723a34bb1812f7d\"},\"headline\":\"\u2018El Mu\u00f1eco\u2019 elogi\u00f3 a Carrascal\",\"datePublished\":\"2022-01-30T20:56:27+00:00\",\"dateModified\":\"2022-01-31T01:13:34+00:00\",\"mainEntityOfPage\":{\"@id\":\"https:\\\/\\\/futbolhoy.co\\\/index.php\\\/2022\\\/01\\\/30\\\/el-muneco-elogio-a-carrascal\\\/\"},\"wordCount\":184,\"commentCount\":0,\"image\":{\"@id\":\"https:\\\/\\\/futbolhoy.co\\\/index.php\\\/2022\\\/01\\\/30\\\/el-muneco-elogio-a-carrascal\\\/#primaryimage\"},\"thumbnailUrl\":\"https:\\\/\\\/futbolhoy.co\\\/wp-content\\\/uploads\\\/2022\\\/01\\\/FKT9iBZX0AEF5Vj.jpg\",\"articleSection\":[\"Colombia\"],\"inLanguage\":\"es\",\"potentialAction\":[{\"@type\":\"CommentAction\",\"name\":\"Comment\",\"target\":[\"https:\\\/\\\/futbolhoy.co\\\/index.php\\\/2022\\\/01\\\/30\\\/el-muneco-elogio-a-carrascal\\\/#respond\"]}]},{\"@type\":\"WebPage\",\"@id\":\"https:\\\/\\\/futbolhoy.co\\\/index.php\\\/2022\\\/01\\\/30\\\/el-muneco-elogio-a-carrascal\\\/\",\"url\":\"https:\\\/\\\/futbolhoy.co\\\/index.php\\\/2022\\\/01\\\/30\\\/el-muneco-elogio-a-carrascal\\\/\",\"name\":\"\u2018El Mu\u00f1eco\u2019 elogi\u00f3 a Carrascal -\",\"isPartOf\":{\"@id\":\"https:\\\/\\\/futbolhoy.co\\\/#website\"},\"primaryImageOfPage\":{\"@id\":\"https:\\\/\\\/futbolhoy.co\\\/index.php\\\/2022\\\/01\\\/30\\\/el-muneco-elogio-a-carrascal\\\/#primaryimage\"},\"image\":{\"@id\":\"https:\\\/\\\/futbolhoy.co\\\/index.php\\\/2022\\\/01\\\/30\\\/el-muneco-elogio-a-carrascal\\\/#primaryimage\"},\"thumbnailUrl\":\"https:\\\/\\\/futbolhoy.co\\\/wp-content\\\/uploads\\\/2022\\\/01\\\/FKT9iBZX0AEF5Vj.jpg\",\"datePublished\":\"2022-01-30T20:56:27+00:00\",\"dateModified\":\"2022-01-31T01:13:34+00:00\",\"author\":{\"@id\":\"https:\\\/\\\/futbolhoy.co\\\/#\\\/schema\\\/person\\\/c4a353a512b127643723a34bb1812f7d\"},\"breadcrumb\":{\"@id\":\"https:\\\/\\\/futbolhoy.co\\\/index.php\\\/2022\\\/01\\\/30\\\/el-muneco-elogio-a-carrascal\\\/#breadcrumb\"},\"inLanguage\":\"es\",\"potentialAction\":[{\"@type\":\"ReadAction\",\"target\":[\"https:\\\/\\\/futbolhoy.co\\\/index.php\\\/2022\\\/01\\\/30\\\/el-muneco-elogio-a-carrascal\\\/\"]}]},{\"@type\":\"ImageObject\",\"inLanguage\":\"es\",\"@id\":\"https:\\\/\\\/futbolhoy.co\\\/index.php\\\/2022\\\/01\\\/30\\\/el-muneco-elogio-a-carrascal\\\/#primaryimage\",\"url\":\"https:\\\/\\\/futbolhoy.co\\\/wp-content\\\/uploads\\\/2022\\\/01\\\/FKT9iBZX0AEF5Vj.jpg\",\"contentUrl\":\"https:\\\/\\\/futbolhoy.co\\\/wp-content\\\/uploads\\\/2022\\\/01\\\/FKT9iBZX0AEF5Vj.jpg\",\"width\":680,\"height\":573},{\"@type\":\"BreadcrumbList\",\"@id\":\"https:\\\/\\\/futbolhoy.co\\\/index.php\\\/2022\\\/01\\\/30\\\/el-muneco-elogio-a-carrascal\\\/#breadcrumb\",\"itemListElement\":[{\"@type\":\"ListItem\",\"position\":1,\"name\":\"Portada\",\"item\":\"https:\\\/\\\/futbolhoy.co\\\/\"},{\"@type\":\"ListItem\",\"position\":2,\"name\":\"\u2018El Mu\u00f1eco\u2019 elogi\u00f3 a Carrascal\"}]},{\"@type\":\"WebSite\",\"@id\":\"https:\\\/\\\/futbolhoy.co\\\/#website\",\"url\":\"https:\\\/\\\/futbolhoy.co\\\/\",\"name\":\"FutbolHoy\",\"description\":\"\",\"potentialAction\":[{\"@type\":\"SearchAction\",\"target\":{\"@type\":\"EntryPoint\",\"urlTemplate\":\"https:\\\/\\\/futbolhoy.co\\\/?s={search_term_string}\"},\"query-input\":{\"@type\":\"PropertyValueSpecification\",\"valueRequired\":true,\"valueName\":\"search_term_string\"}}],\"inLanguage\":\"es\"},{\"@type\":\"Person\",\"@id\":\"https:\\\/\\\/futbolhoy.co\\\/#\\\/schema\\\/person\\\/c4a353a512b127643723a34bb1812f7d\",\"name\":\"Laura Hern\u00e1ndez\",\"image\":{\"@type\":\"ImageObject\",\"inLanguage\":\"es\",\"@id\":\"https:\\\/\\\/secure.gravatar.com\\\/avatar\\\/1ae6b7966942c60c822ea71afe0e5cf4105b8e983193883c6d026db4d508431d?s=96&d=mm&r=g\",\"url\":\"https:\\\/\\\/secure.gravatar.com\\\/avatar\\\/1ae6b7966942c60c822ea71afe0e5cf4105b8e983193883c6d026db4d508431d?s=96&d=mm&r=g\",\"contentUrl\":\"https:\\\/\\\/secure.gravatar.com\\\/avatar\\\/1ae6b7966942c60c822ea71afe0e5cf4105b8e983193883c6d026db4d508431d?s=96&d=mm&r=g\",\"caption\":\"Laura Hern\u00e1ndez\"}}]}<\/script>\n<!-- \/ Yoast SEO plugin. -->","yoast_head_json":{"title":"\u2018El Mu\u00f1eco\u2019 elogi\u00f3 a Carrascal -","robots":{"index":"index","follow":"follow","max-snippet":"max-snippet:-1","max-image-preview":"max-image-preview:large","max-video-preview":"max-video-preview:-1"},"canonical":"https:\/\/futbolhoy.co\/index.php\/2022\/01\/30\/el-muneco-elogio-a-carrascal\/","og_locale":"es_ES","og_type":"article","og_title":"\u2018El Mu\u00f1eco\u2019 elogi\u00f3 a Carrascal -","og_description":"Marcelo Gallardo &#8211; DT River Plate\u00a0 El volante cartagenero Jorge Carrascal que marc\u00f3 un gol con River Plate, en un amistoso de pretemporada ante Platense (3-0), fue elogiado por su t\u00e9cnico Marcelo Gallardo. \u201cLos jugadores talentosos son una debilidad, pero tiene que venir acompa\u00f1ado por todo lo otro. Siempre uno le da m\u00e1s tiempo y [&hellip;]","og_url":"https:\/\/futbolhoy.co\/index.php\/2022\/01\/30\/el-muneco-elogio-a-carrascal\/","article_publisher":"https:\/\/www.facebook.com\/FutbolHoyCol\/","article_published_time":"2022-01-30T20:56:27+00:00","article_modified_time":"2022-01-31T01:13:34+00:00","og_image":[{"width":680,"height":573,"url":"https:\/\/futbolhoy.co\/wp-content\/uploads\/2022\/01\/FKT9iBZX0AEF5Vj.jpg","type":"image\/jpeg"}],"author":"Laura Hern\u00e1ndez","twitter_card":"summary_large_image","twitter_creator":"@FutbolHoyCol","twitter_site":"@FutbolHoyCol","twitter_misc":{"Escrito por":"Laura Hern\u00e1ndez","Tiempo de lectura":"1 minuto"},"schema":{"@context":"https:\/\/schema.org","@graph":[{"@type":"Article","@id":"https:\/\/futbolhoy.co\/index.php\/2022\/01\/30\/el-muneco-elogio-a-carrascal\/#article","isPartOf":{"@id":"https:\/\/futbolhoy.co\/index.php\/2022\/01\/30\/el-muneco-elogio-a-carrascal\/"},"author":{"name":"Laura Hern\u00e1ndez","@id":"https:\/\/futbolhoy.co\/#\/schema\/person\/c4a353a512b127643723a34bb1812f7d"},"headline":"\u2018El Mu\u00f1eco\u2019 elogi\u00f3 a Carrascal","datePublished":"2022-01-30T20:56:27+00:00","dateModified":"2022-01-31T01:13:34+00:00","mainEntityOfPage":{"@id":"https:\/\/futbolhoy.co\/index.php\/2022\/01\/30\/el-muneco-elogio-a-carrascal\/"},"wordCount":184,"commentCount":0,"image":{"@id":"https:\/\/futbolhoy.co\/index.php\/2022\/01\/30\/el-muneco-elogio-a-carrascal\/#primaryimage"},"thumbnailUrl":"https:\/\/futbolhoy.co\/wp-content\/uploads\/2022\/01\/FKT9iBZX0AEF5Vj.jpg","articleSection":["Colombia"],"inLanguage":"es","potentialAction":[{"@type":"CommentAction","name":"Comment","target":["https:\/\/futbolhoy.co\/index.php\/2022\/01\/30\/el-muneco-elogio-a-carrascal\/#respond"]}]},{"@type":"WebPage","@id":"https:\/\/futbolhoy.co\/index.php\/2022\/01\/30\/el-muneco-elogio-a-carrascal\/","url":"https:\/\/futbolhoy.co\/index.php\/2022\/01\/30\/el-muneco-elogio-a-carrascal\/","name":"\u2018El Mu\u00f1eco\u2019 elogi\u00f3 a Carrascal -","isPartOf":{"@id":"https:\/\/futbolhoy.co\/#website"},"primaryImageOfPage":{"@id":"https:\/\/futbolhoy.co\/index.php\/2022\/01\/30\/el-muneco-elogio-a-carrascal\/#primaryimage"},"image":{"@id":"https:\/\/futbolhoy.co\/index.php\/2022\/01\/30\/el-muneco-elogio-a-carrascal\/#primaryimage"},"thumbnailUrl":"https:\/\/futbolhoy.co\/wp-content\/uploads\/2022\/01\/FKT9iBZX0AEF5Vj.jpg","datePublished":"2022-01-30T20:56:27+00:00","dateModified":"2022-01-31T01:13:34+00:00","author":{"@id":"https:\/\/futbolhoy.co\/#\/schema\/person\/c4a353a512b127643723a34bb1812f7d"},"breadcrumb":{"@id":"https:\/\/futbolhoy.co\/index.php\/2022\/01\/30\/el-muneco-elogio-a-carrascal\/#breadcrumb"},"inLanguage":"es","potentialAction":[{"@type":"ReadAction","target":["https:\/\/futbolhoy.co\/index.php\/2022\/01\/30\/el-muneco-elogio-a-carrascal\/"]}]},{"@type":"ImageObject","inLanguage":"es","@id":"https:\/\/futbolhoy.co\/index.php\/2022\/01\/30\/el-muneco-elogio-a-carrascal\/#primaryimage","url":"https:\/\/futbolhoy.co\/wp-content\/uploads\/2022\/01\/FKT9iBZX0AEF5Vj.jpg","contentUrl":"https:\/\/futbolhoy.co\/wp-content\/uploads\/2022\/01\/FKT9iBZX0AEF5Vj.jpg","width":680,"height":573},{"@type":"BreadcrumbList","@id":"https:\/\/futbolhoy.co\/index.php\/2022\/01\/30\/el-muneco-elogio-a-carrascal\/#breadcrumb","itemListElement":[{"@type":"ListItem","position":1,"name":"Portada","item":"https:\/\/futbolhoy.co\/"},{"@type":"ListItem","position":2,"name":"\u2018El Mu\u00f1eco\u2019 elogi\u00f3 a Carrascal"}]},{"@type":"WebSite","@id":"https:\/\/futbolhoy.co\/#website","url":"https:\/\/futbolhoy.co\/","name":"FutbolHoy","description":"","potentialAction":[{"@type":"SearchAction","target":{"@type":"EntryPoint","urlTemplate":"https:\/\/futbolhoy.co\/?s={search_term_string}"},"query-input":{"@type":"PropertyValueSpecification","valueRequired":true,"valueName":"search_term_string"}}],"inLanguage":"es"},{"@type":"Person","@id":"https:\/\/futbolhoy.co\/#\/schema\/person\/c4a353a512b127643723a34bb1812f7d","name":"Laura Hern\u00e1ndez","image":{"@type":"ImageObject","inLanguage":"es","@id":"https:\/\/secure.gravatar.com\/avatar\/1ae6b7966942c60c822ea71afe0e5cf4105b8e983193883c6d026db4d508431d?s=96&d=mm&r=g","url":"https:\/\/secure.gravatar.com\/avatar\/1ae6b7966942c60c822ea71afe0e5cf4105b8e983193883c6d026db4d508431d?s=96&d=mm&r=g","contentUrl":"https:\/\/secure.gravatar.com\/avatar\/1ae6b7966942c60c822ea71afe0e5cf4105b8e983193883c6d026db4d508431d?s=96&d=mm&r=g","caption":"Laura Hern\u00e1ndez"}}]}},"_links":{"self":[{"href":"https:\/\/futbolhoy.co\/index.php\/wp-json\/wp\/v2\/posts\/75360","targetHints":{"allow":["GET"]}}],"collection":[{"href":"https:\/\/futbolhoy.co\/index.php\/wp-json\/wp\/v2\/posts"}],"about":[{"href":"https:\/\/futbolhoy.co\/index.php\/wp-json\/wp\/v2\/types\/post"}],"author":[{"embeddable":true,"href":"https:\/\/futbolhoy.co\/index.php\/wp-json\/wp\/v2\/users\/5"}],"replies":[{"embeddable":true,"href":"https:\/\/futbolhoy.co\/index.php\/wp-json\/wp\/v2\/comments?post=75360"}],"version-history":[{"count":2,"href":"https:\/\/futbolhoy.co\/index.php\/wp-json\/wp\/v2\/posts\/75360\/revisions"}],"predecessor-version":[{"id":75371,"href":"https:\/\/futbolhoy.co\/index.php\/wp-json\/wp\/v2\/posts\/75360\/revisions\/75371"}],"wp:featuredmedia":[{"embeddable":true,"href":"https:\/\/futbolhoy.co\/index.php\/wp-json\/wp\/v2\/media\/75365"}],"wp:attachment":[{"href":"https:\/\/futbolhoy.co\/index.php\/wp-json\/wp\/v2\/media?parent=75360"}],"wp:term":[{"taxonomy":"category","embeddable":true,"href":"https:\/\/futbolhoy.co\/index.php\/wp-json\/wp\/v2\/categories?post=75360"},{"taxonomy":"post_tag","embeddable":true,"href":"https:\/\/futbolhoy.co\/index.php\/wp-json\/wp\/v2\/tags?post=75360"}],"curies":[{"name":"wp","href":"https:\/\/api.w.org\/{rel}","templated":true}]}}