{"id":75361,"date":"2022-01-30T16:00:15","date_gmt":"2022-01-30T21:00:15","guid":{"rendered":"https:\/\/futbolhoy.co\/?p=75361"},"modified":"2022-01-31T08:04:02","modified_gmt":"2022-01-31T13:04:02","slug":"preciado-jugara-en-mexico","status":"publish","type":"post","link":"https:\/\/futbolhoy.co\/index.php\/2022\/01\/30\/preciado-jugara-en-mexico\/","title":{"rendered":"Preciado jugar\u00e1 en M\u00e9xico"},"content":{"rendered":"<audio class=\"wp-audio-shortcode\" id=\"audio-75361-1\" preload=\"none\" style=\"width: 100%;\" controls=\"controls\"><source type=\"audio\/mpeg\" src=\"https:\/\/futbolhoy.co\/wp-content\/uploads\/2022\/01\/ACERO-DANTE2022-01-30.mp3?_=1\" \/><a href=\"https:\/\/futbolhoy.co\/wp-content\/uploads\/2022\/01\/ACERO-DANTE2022-01-30.mp3\">https:\/\/futbolhoy.co\/wp-content\/uploads\/2022\/01\/ACERO-DANTE2022-01-30.mp3<\/a><\/audio>\n<p><span style=\"font-family: helvetica, arial, sans-serif; font-size: 10pt;\"><strong><em>Dante Elizalde &#8211; Presidente Ejecutivo de Santos Laguna<\/em><\/strong><\/span><\/p>\n<p style=\"text-align: justify;\"><span style=\"font-family: helvetica, arial, sans-serif;\">El goleador tumaque\u00f1o <strong>Harold Preciado<\/strong> fue anunciado como refuerzo del <strong>Santos Laguna<\/strong> de M\u00e9xico.<\/span><\/p>\n<p style=\"text-align: justify;\"><span style=\"font-family: helvetica, arial, sans-serif;\">\u201cEl motivo de esta reuni\u00f3n es para comentarles lo que pas\u00f3 esta \u00faltima semana y confirmar la contrataci\u00f3n de <strong>Harold Preciado<\/strong>. Vengo llegando de Barranquilla, donde estuve reunido con el jugador, con su esposa, con su hija y sus representantes para llevar a buen puerto esta contrataci\u00f3n\u201d, sostuvo el presidente ejecutivo del equipo, <strong>Dante Elizalde<\/strong><\/span><\/p>\n<p style=\"text-align: justify;\"><span style=\"font-family: helvetica, arial, sans-serif;\">\u201c\u00c9l est\u00e1 con todas las ganas de estar aqu\u00ed con nosotros cuanto antes. Nos deja bastante satisfechos, no solo por la parte deportiva, sino tambi\u00e9n la parte humana. Es un jugador que viene a ganar, conoce bien la instituci\u00f3n, conoce la exigencia que tienen sus aficionados y la calidad de las instalaciones, viene muy contento\u00bb, a\u00f1adi\u00f3 el presidente.<\/span><\/p>\n<p style=\"text-align: justify;\"><span style=\"font-family: helvetica, arial, sans-serif;\">El colombiano, que en 2021 disput\u00f3 con el <strong>Deportivo Cali<\/strong>, un total de 23 partidos y anot\u00f3 12 goles, es esperado el jueves en M\u00e9xico.<\/span><\/p>\n","protected":false},"excerpt":{"rendered":"<p>Dante Elizalde &#8211; Presidente Ejecutivo de Santos Laguna El goleador tumaque\u00f1o Harold Preciado fue anunciado como refuerzo del Santos Laguna de M\u00e9xico. \u201cEl motivo de esta reuni\u00f3n es para comentarles lo que pas\u00f3 esta \u00faltima semana y confirmar la contrataci\u00f3n de Harold Preciado. Vengo llegando de Barranquilla, donde estuve reunido con el jugador, con su [&hellip;]<\/p>\n","protected":false},"author":5,"featured_media":75364,"comment_status":"open","ping_status":"closed","sticky":false,"template":"","format":"video","meta":{"_acf_changed":false,"footnotes":""},"categories":[7],"tags":[],"class_list":["post-75361","post","type-post","status-publish","format-video","has-post-thumbnail","category-liga-betplay","post_format-post-format-video"],"acf":[],"yoast_head":"<!-- This site is optimized with the Yoast SEO plugin v28.3 - https:\/\/yoast.com\/product\/yoast-seo-wordpress\/ -->\n<title>Preciado jugar\u00e1 en M\u00e9xico -<\/title>\n<meta name=\"robots\" content=\"index, follow, max-snippet:-1, max-image-preview:large, max-video-preview:-1\" \/>\n<link rel=\"canonical\" href=\"https:\/\/futbolhoy.co\/index.php\/2022\/01\/30\/preciado-jugara-en-mexico\/\" \/>\n<meta property=\"og:locale\" content=\"es_ES\" \/>\n<meta property=\"og:type\" content=\"article\" \/>\n<meta property=\"og:title\" content=\"Preciado jugar\u00e1 en M\u00e9xico -\" \/>\n<meta property=\"og:description\" content=\"Dante Elizalde &#8211; Presidente Ejecutivo de Santos Laguna El goleador tumaque\u00f1o Harold Preciado fue anunciado como refuerzo del Santos Laguna de M\u00e9xico. \u201cEl motivo de esta reuni\u00f3n es para comentarles lo que pas\u00f3 esta \u00faltima semana y confirmar la contrataci\u00f3n de Harold Preciado. Vengo llegando de Barranquilla, donde estuve reunido con el jugador, con su [&hellip;]\" \/>\n<meta property=\"og:url\" content=\"https:\/\/futbolhoy.co\/index.php\/2022\/01\/30\/preciado-jugara-en-mexico\/\" \/>\n<meta property=\"article:publisher\" content=\"https:\/\/www.facebook.com\/FutbolHoyCol\/\" \/>\n<meta property=\"article:published_time\" content=\"2022-01-30T21:00:15+00:00\" \/>\n<meta property=\"article:modified_time\" content=\"2022-01-31T13:04:02+00:00\" \/>\n<meta property=\"og:image\" content=\"https:\/\/futbolhoy.co\/wp-content\/uploads\/2022\/01\/FKInxEJXoAQJZWo.jpg\" \/>\n\t<meta property=\"og:image:width\" content=\"680\" \/>\n\t<meta property=\"og:image:height\" content=\"383\" \/>\n\t<meta property=\"og:image:type\" content=\"image\/jpeg\" \/>\n<meta name=\"author\" content=\"Laura Hern\u00e1ndez\" \/>\n<meta name=\"twitter:card\" content=\"summary_large_image\" \/>\n<meta name=\"twitter:creator\" content=\"@FutbolHoyCol\" \/>\n<meta name=\"twitter:site\" content=\"@FutbolHoyCol\" \/>\n<meta name=\"twitter:label1\" content=\"Escrito por\" \/>\n\t<meta name=\"twitter:data1\" content=\"Laura Hern\u00e1ndez\" \/>\n\t<meta name=\"twitter:label2\" content=\"Tiempo de lectura\" \/>\n\t<meta name=\"twitter:data2\" content=\"1 minuto\" \/>\n<script type=\"application\/ld+json\" class=\"yoast-schema-graph\">{\"@context\":\"https:\\\/\\\/schema.org\",\"@graph\":[{\"@type\":\"Article\",\"@id\":\"https:\\\/\\\/futbolhoy.co\\\/index.php\\\/2022\\\/01\\\/30\\\/preciado-jugara-en-mexico\\\/#article\",\"isPartOf\":{\"@id\":\"https:\\\/\\\/futbolhoy.co\\\/index.php\\\/2022\\\/01\\\/30\\\/preciado-jugara-en-mexico\\\/\"},\"author\":{\"name\":\"Laura Hern\u00e1ndez\",\"@id\":\"https:\\\/\\\/futbolhoy.co\\\/#\\\/schema\\\/person\\\/c4a353a512b127643723a34bb1812f7d\"},\"headline\":\"Preciado jugar\u00e1 en M\u00e9xico\",\"datePublished\":\"2022-01-30T21:00:15+00:00\",\"dateModified\":\"2022-01-31T13:04:02+00:00\",\"mainEntityOfPage\":{\"@id\":\"https:\\\/\\\/futbolhoy.co\\\/index.php\\\/2022\\\/01\\\/30\\\/preciado-jugara-en-mexico\\\/\"},\"wordCount\":183,\"commentCount\":0,\"image\":{\"@id\":\"https:\\\/\\\/futbolhoy.co\\\/index.php\\\/2022\\\/01\\\/30\\\/preciado-jugara-en-mexico\\\/#primaryimage\"},\"thumbnailUrl\":\"https:\\\/\\\/futbolhoy.co\\\/wp-content\\\/uploads\\\/2022\\\/01\\\/FKInxEJXoAQJZWo.jpg\",\"articleSection\":[\"Liga BetPlay\"],\"inLanguage\":\"es\",\"potentialAction\":[{\"@type\":\"CommentAction\",\"name\":\"Comment\",\"target\":[\"https:\\\/\\\/futbolhoy.co\\\/index.php\\\/2022\\\/01\\\/30\\\/preciado-jugara-en-mexico\\\/#respond\"]}]},{\"@type\":\"WebPage\",\"@id\":\"https:\\\/\\\/futbolhoy.co\\\/index.php\\\/2022\\\/01\\\/30\\\/preciado-jugara-en-mexico\\\/\",\"url\":\"https:\\\/\\\/futbolhoy.co\\\/index.php\\\/2022\\\/01\\\/30\\\/preciado-jugara-en-mexico\\\/\",\"name\":\"Preciado jugar\u00e1 en M\u00e9xico -\",\"isPartOf\":{\"@id\":\"https:\\\/\\\/futbolhoy.co\\\/#website\"},\"primaryImageOfPage\":{\"@id\":\"https:\\\/\\\/futbolhoy.co\\\/index.php\\\/2022\\\/01\\\/30\\\/preciado-jugara-en-mexico\\\/#primaryimage\"},\"image\":{\"@id\":\"https:\\\/\\\/futbolhoy.co\\\/index.php\\\/2022\\\/01\\\/30\\\/preciado-jugara-en-mexico\\\/#primaryimage\"},\"thumbnailUrl\":\"https:\\\/\\\/futbolhoy.co\\\/wp-content\\\/uploads\\\/2022\\\/01\\\/FKInxEJXoAQJZWo.jpg\",\"datePublished\":\"2022-01-30T21:00:15+00:00\",\"dateModified\":\"2022-01-31T13:04:02+00:00\",\"author\":{\"@id\":\"https:\\\/\\\/futbolhoy.co\\\/#\\\/schema\\\/person\\\/c4a353a512b127643723a34bb1812f7d\"},\"breadcrumb\":{\"@id\":\"https:\\\/\\\/futbolhoy.co\\\/index.php\\\/2022\\\/01\\\/30\\\/preciado-jugara-en-mexico\\\/#breadcrumb\"},\"inLanguage\":\"es\",\"potentialAction\":[{\"@type\":\"ReadAction\",\"target\":[\"https:\\\/\\\/futbolhoy.co\\\/index.php\\\/2022\\\/01\\\/30\\\/preciado-jugara-en-mexico\\\/\"]}]},{\"@type\":\"ImageObject\",\"inLanguage\":\"es\",\"@id\":\"https:\\\/\\\/futbolhoy.co\\\/index.php\\\/2022\\\/01\\\/30\\\/preciado-jugara-en-mexico\\\/#primaryimage\",\"url\":\"https:\\\/\\\/futbolhoy.co\\\/wp-content\\\/uploads\\\/2022\\\/01\\\/FKInxEJXoAQJZWo.jpg\",\"contentUrl\":\"https:\\\/\\\/futbolhoy.co\\\/wp-content\\\/uploads\\\/2022\\\/01\\\/FKInxEJXoAQJZWo.jpg\",\"width\":680,\"height\":383},{\"@type\":\"BreadcrumbList\",\"@id\":\"https:\\\/\\\/futbolhoy.co\\\/index.php\\\/2022\\\/01\\\/30\\\/preciado-jugara-en-mexico\\\/#breadcrumb\",\"itemListElement\":[{\"@type\":\"ListItem\",\"position\":1,\"name\":\"Portada\",\"item\":\"https:\\\/\\\/futbolhoy.co\\\/\"},{\"@type\":\"ListItem\",\"position\":2,\"name\":\"Preciado jugar\u00e1 en M\u00e9xico\"}]},{\"@type\":\"WebSite\",\"@id\":\"https:\\\/\\\/futbolhoy.co\\\/#website\",\"url\":\"https:\\\/\\\/futbolhoy.co\\\/\",\"name\":\"FutbolHoy\",\"description\":\"\",\"potentialAction\":[{\"@type\":\"SearchAction\",\"target\":{\"@type\":\"EntryPoint\",\"urlTemplate\":\"https:\\\/\\\/futbolhoy.co\\\/?s={search_term_string}\"},\"query-input\":{\"@type\":\"PropertyValueSpecification\",\"valueRequired\":true,\"valueName\":\"search_term_string\"}}],\"inLanguage\":\"es\"},{\"@type\":\"Person\",\"@id\":\"https:\\\/\\\/futbolhoy.co\\\/#\\\/schema\\\/person\\\/c4a353a512b127643723a34bb1812f7d\",\"name\":\"Laura Hern\u00e1ndez\",\"image\":{\"@type\":\"ImageObject\",\"inLanguage\":\"es\",\"@id\":\"https:\\\/\\\/secure.gravatar.com\\\/avatar\\\/1ae6b7966942c60c822ea71afe0e5cf4105b8e983193883c6d026db4d508431d?s=96&d=mm&r=g\",\"url\":\"https:\\\/\\\/secure.gravatar.com\\\/avatar\\\/1ae6b7966942c60c822ea71afe0e5cf4105b8e983193883c6d026db4d508431d?s=96&d=mm&r=g\",\"contentUrl\":\"https:\\\/\\\/secure.gravatar.com\\\/avatar\\\/1ae6b7966942c60c822ea71afe0e5cf4105b8e983193883c6d026db4d508431d?s=96&d=mm&r=g\",\"caption\":\"Laura Hern\u00e1ndez\"}}]}<\/script>\n<!-- \/ Yoast SEO plugin. -->","yoast_head_json":{"title":"Preciado jugar\u00e1 en M\u00e9xico -","robots":{"index":"index","follow":"follow","max-snippet":"max-snippet:-1","max-image-preview":"max-image-preview:large","max-video-preview":"max-video-preview:-1"},"canonical":"https:\/\/futbolhoy.co\/index.php\/2022\/01\/30\/preciado-jugara-en-mexico\/","og_locale":"es_ES","og_type":"article","og_title":"Preciado jugar\u00e1 en M\u00e9xico -","og_description":"Dante Elizalde &#8211; Presidente Ejecutivo de Santos Laguna El goleador tumaque\u00f1o Harold Preciado fue anunciado como refuerzo del Santos Laguna de M\u00e9xico. \u201cEl motivo de esta reuni\u00f3n es para comentarles lo que pas\u00f3 esta \u00faltima semana y confirmar la contrataci\u00f3n de Harold Preciado. Vengo llegando de Barranquilla, donde estuve reunido con el jugador, con su [&hellip;]","og_url":"https:\/\/futbolhoy.co\/index.php\/2022\/01\/30\/preciado-jugara-en-mexico\/","article_publisher":"https:\/\/www.facebook.com\/FutbolHoyCol\/","article_published_time":"2022-01-30T21:00:15+00:00","article_modified_time":"2022-01-31T13:04:02+00:00","og_image":[{"width":680,"height":383,"url":"https:\/\/futbolhoy.co\/wp-content\/uploads\/2022\/01\/FKInxEJXoAQJZWo.jpg","type":"image\/jpeg"}],"author":"Laura Hern\u00e1ndez","twitter_card":"summary_large_image","twitter_creator":"@FutbolHoyCol","twitter_site":"@FutbolHoyCol","twitter_misc":{"Escrito por":"Laura Hern\u00e1ndez","Tiempo de lectura":"1 minuto"},"schema":{"@context":"https:\/\/schema.org","@graph":[{"@type":"Article","@id":"https:\/\/futbolhoy.co\/index.php\/2022\/01\/30\/preciado-jugara-en-mexico\/#article","isPartOf":{"@id":"https:\/\/futbolhoy.co\/index.php\/2022\/01\/30\/preciado-jugara-en-mexico\/"},"author":{"name":"Laura Hern\u00e1ndez","@id":"https:\/\/futbolhoy.co\/#\/schema\/person\/c4a353a512b127643723a34bb1812f7d"},"headline":"Preciado jugar\u00e1 en M\u00e9xico","datePublished":"2022-01-30T21:00:15+00:00","dateModified":"2022-01-31T13:04:02+00:00","mainEntityOfPage":{"@id":"https:\/\/futbolhoy.co\/index.php\/2022\/01\/30\/preciado-jugara-en-mexico\/"},"wordCount":183,"commentCount":0,"image":{"@id":"https:\/\/futbolhoy.co\/index.php\/2022\/01\/30\/preciado-jugara-en-mexico\/#primaryimage"},"thumbnailUrl":"https:\/\/futbolhoy.co\/wp-content\/uploads\/2022\/01\/FKInxEJXoAQJZWo.jpg","articleSection":["Liga BetPlay"],"inLanguage":"es","potentialAction":[{"@type":"CommentAction","name":"Comment","target":["https:\/\/futbolhoy.co\/index.php\/2022\/01\/30\/preciado-jugara-en-mexico\/#respond"]}]},{"@type":"WebPage","@id":"https:\/\/futbolhoy.co\/index.php\/2022\/01\/30\/preciado-jugara-en-mexico\/","url":"https:\/\/futbolhoy.co\/index.php\/2022\/01\/30\/preciado-jugara-en-mexico\/","name":"Preciado jugar\u00e1 en M\u00e9xico -","isPartOf":{"@id":"https:\/\/futbolhoy.co\/#website"},"primaryImageOfPage":{"@id":"https:\/\/futbolhoy.co\/index.php\/2022\/01\/30\/preciado-jugara-en-mexico\/#primaryimage"},"image":{"@id":"https:\/\/futbolhoy.co\/index.php\/2022\/01\/30\/preciado-jugara-en-mexico\/#primaryimage"},"thumbnailUrl":"https:\/\/futbolhoy.co\/wp-content\/uploads\/2022\/01\/FKInxEJXoAQJZWo.jpg","datePublished":"2022-01-30T21:00:15+00:00","dateModified":"2022-01-31T13:04:02+00:00","author":{"@id":"https:\/\/futbolhoy.co\/#\/schema\/person\/c4a353a512b127643723a34bb1812f7d"},"breadcrumb":{"@id":"https:\/\/futbolhoy.co\/index.php\/2022\/01\/30\/preciado-jugara-en-mexico\/#breadcrumb"},"inLanguage":"es","potentialAction":[{"@type":"ReadAction","target":["https:\/\/futbolhoy.co\/index.php\/2022\/01\/30\/preciado-jugara-en-mexico\/"]}]},{"@type":"ImageObject","inLanguage":"es","@id":"https:\/\/futbolhoy.co\/index.php\/2022\/01\/30\/preciado-jugara-en-mexico\/#primaryimage","url":"https:\/\/futbolhoy.co\/wp-content\/uploads\/2022\/01\/FKInxEJXoAQJZWo.jpg","contentUrl":"https:\/\/futbolhoy.co\/wp-content\/uploads\/2022\/01\/FKInxEJXoAQJZWo.jpg","width":680,"height":383},{"@type":"BreadcrumbList","@id":"https:\/\/futbolhoy.co\/index.php\/2022\/01\/30\/preciado-jugara-en-mexico\/#breadcrumb","itemListElement":[{"@type":"ListItem","position":1,"name":"Portada","item":"https:\/\/futbolhoy.co\/"},{"@type":"ListItem","position":2,"name":"Preciado jugar\u00e1 en M\u00e9xico"}]},{"@type":"WebSite","@id":"https:\/\/futbolhoy.co\/#website","url":"https:\/\/futbolhoy.co\/","name":"FutbolHoy","description":"","potentialAction":[{"@type":"SearchAction","target":{"@type":"EntryPoint","urlTemplate":"https:\/\/futbolhoy.co\/?s={search_term_string}"},"query-input":{"@type":"PropertyValueSpecification","valueRequired":true,"valueName":"search_term_string"}}],"inLanguage":"es"},{"@type":"Person","@id":"https:\/\/futbolhoy.co\/#\/schema\/person\/c4a353a512b127643723a34bb1812f7d","name":"Laura Hern\u00e1ndez","image":{"@type":"ImageObject","inLanguage":"es","@id":"https:\/\/secure.gravatar.com\/avatar\/1ae6b7966942c60c822ea71afe0e5cf4105b8e983193883c6d026db4d508431d?s=96&d=mm&r=g","url":"https:\/\/secure.gravatar.com\/avatar\/1ae6b7966942c60c822ea71afe0e5cf4105b8e983193883c6d026db4d508431d?s=96&d=mm&r=g","contentUrl":"https:\/\/secure.gravatar.com\/avatar\/1ae6b7966942c60c822ea71afe0e5cf4105b8e983193883c6d026db4d508431d?s=96&d=mm&r=g","caption":"Laura Hern\u00e1ndez"}}]}},"_links":{"self":[{"href":"https:\/\/futbolhoy.co\/index.php\/wp-json\/wp\/v2\/posts\/75361","targetHints":{"allow":["GET"]}}],"collection":[{"href":"https:\/\/futbolhoy.co\/index.php\/wp-json\/wp\/v2\/posts"}],"about":[{"href":"https:\/\/futbolhoy.co\/index.php\/wp-json\/wp\/v2\/types\/post"}],"author":[{"embeddable":true,"href":"https:\/\/futbolhoy.co\/index.php\/wp-json\/wp\/v2\/users\/5"}],"replies":[{"embeddable":true,"href":"https:\/\/futbolhoy.co\/index.php\/wp-json\/wp\/v2\/comments?post=75361"}],"version-history":[{"count":1,"href":"https:\/\/futbolhoy.co\/index.php\/wp-json\/wp\/v2\/posts\/75361\/revisions"}],"predecessor-version":[{"id":75370,"href":"https:\/\/futbolhoy.co\/index.php\/wp-json\/wp\/v2\/posts\/75361\/revisions\/75370"}],"wp:featuredmedia":[{"embeddable":true,"href":"https:\/\/futbolhoy.co\/index.php\/wp-json\/wp\/v2\/media\/75364"}],"wp:attachment":[{"href":"https:\/\/futbolhoy.co\/index.php\/wp-json\/wp\/v2\/media?parent=75361"}],"wp:term":[{"taxonomy":"category","embeddable":true,"href":"https:\/\/futbolhoy.co\/index.php\/wp-json\/wp\/v2\/categories?post=75361"},{"taxonomy":"post_tag","embeddable":true,"href":"https:\/\/futbolhoy.co\/index.php\/wp-json\/wp\/v2\/tags?post=75361"}],"curies":[{"name":"wp","href":"https:\/\/api.w.org\/{rel}","templated":true}]}}