{"id":75366,"date":"2022-01-30T15:53:08","date_gmt":"2022-01-30T20:53:08","guid":{"rendered":"https:\/\/futbolhoy.co\/?p=75366"},"modified":"2022-01-30T22:22:30","modified_gmt":"2022-01-31T03:22:30","slug":"pereira-se-reencontro-con-la-victoria","status":"publish","type":"post","link":"https:\/\/futbolhoy.co\/index.php\/2022\/01\/30\/pereira-se-reencontro-con-la-victoria\/","title":{"rendered":"Pereira se reencontr\u00f3 con la victoria"},"content":{"rendered":"<p style=\"text-align: justify;\"><span style=\"font-family: helvetica, arial, sans-serif;\"><strong>Deportivo Pereira<\/strong> venci\u00f3 2-3 a <strong>Patriotas<\/strong> en su visita al estadio La Independencia de Tunja y sum\u00f3 su primera victoria en la <strong>Liga BetPlay Dimayor I 2022<\/strong>.\u00a0<\/span><\/p>\n<p style=\"text-align: justify;\"><span style=\"font-family: helvetica, arial, sans-serif;\"><strong>Leonardo Castro<\/strong> del cuadro \u00abmateca\u00f1a\u00bb fue la gran figura del partido, el delantero anot\u00f3 el triplete de la victoria (20, 45+1 y 62).\u00a0<\/span><\/p>\n<p style=\"text-align: justify;\"><span style=\"font-family: helvetica, arial, sans-serif;\">Los goles del cuadro local llegaron por medio de <strong>Cristian Barrios<\/strong> en el minuto 22 con un remate dentro del \u00e1rea tras un pase de <strong>Jos\u00e9 Leudo; Darwin L\u00f3pez<\/strong> anot\u00f3 el segundo en el 48 de media distancia.\u00a0<\/span><\/p>\n<p style=\"text-align: justify;\"><span style=\"font-family: helvetica, arial, sans-serif;\">Con el resultado <strong>Pereira<\/strong> logr\u00f3 su primer triunfo del a\u00f1o y volvi\u00f3 a ganar, no lo lograba desde el 15 de diciembre de 2021. En la cuarta fecha visitar\u00e1 a <strong>Deportivo Cali.<\/strong>\u00a0<\/span><\/p>\n<p style=\"text-align: justify;\"><span style=\"font-family: helvetica, arial, sans-serif;\"><strong>Patriotas<\/strong> por su parte tiene dos derrotas en el campeonato y visitar\u00e1 a <strong>Jaguares<\/strong> en Monter\u00eda.\u00a0<\/span><\/p>\n","protected":false},"excerpt":{"rendered":"<p>Deportivo Pereira venci\u00f3 2-3 a Patriotas en su visita al estadio La Independencia de Tunja y sum\u00f3 su primera victoria en la Liga BetPlay Dimayor I 2022.\u00a0 Leonardo Castro del cuadro \u00abmateca\u00f1a\u00bb fue la gran figura del partido, el delantero anot\u00f3 el triplete de la victoria (20, 45+1 y 62).\u00a0 Los goles del cuadro local [&hellip;]<\/p>\n","protected":false},"author":5,"featured_media":75367,"comment_status":"open","ping_status":"closed","sticky":false,"template":"","format":"standard","meta":{"_acf_changed":false,"footnotes":""},"categories":[7],"tags":[],"class_list":["post-75366","post","type-post","status-publish","format-standard","has-post-thumbnail","category-liga-betplay"],"acf":[],"yoast_head":"<!-- This site is optimized with the Yoast SEO plugin v28.3 - https:\/\/yoast.com\/product\/yoast-seo-wordpress\/ -->\n<title>Pereira se reencontr\u00f3 con la victoria -<\/title>\n<meta name=\"robots\" content=\"index, follow, max-snippet:-1, max-image-preview:large, max-video-preview:-1\" \/>\n<link rel=\"canonical\" href=\"https:\/\/futbolhoy.co\/index.php\/2022\/01\/30\/pereira-se-reencontro-con-la-victoria\/\" \/>\n<meta property=\"og:locale\" content=\"es_ES\" \/>\n<meta property=\"og:type\" content=\"article\" \/>\n<meta property=\"og:title\" content=\"Pereira se reencontr\u00f3 con la victoria -\" \/>\n<meta property=\"og:description\" content=\"Deportivo Pereira venci\u00f3 2-3 a Patriotas en su visita al estadio La Independencia de Tunja y sum\u00f3 su primera victoria en la Liga BetPlay Dimayor I 2022.\u00a0 Leonardo Castro del cuadro \u00abmateca\u00f1a\u00bb fue la gran figura del partido, el delantero anot\u00f3 el triplete de la victoria (20, 45+1 y 62).\u00a0 Los goles del cuadro local [&hellip;]\" \/>\n<meta property=\"og:url\" content=\"https:\/\/futbolhoy.co\/index.php\/2022\/01\/30\/pereira-se-reencontro-con-la-victoria\/\" \/>\n<meta property=\"article:publisher\" content=\"https:\/\/www.facebook.com\/FutbolHoyCol\/\" \/>\n<meta property=\"article:published_time\" content=\"2022-01-30T20:53:08+00:00\" \/>\n<meta property=\"article:modified_time\" content=\"2022-01-31T03:22:30+00:00\" \/>\n<meta property=\"og:image\" content=\"https:\/\/futbolhoy.co\/wp-content\/uploads\/2022\/01\/tOa0LXT0.jpeg\" \/>\n\t<meta property=\"og:image:width\" content=\"2400\" \/>\n\t<meta property=\"og:image:height\" content=\"1883\" \/>\n\t<meta property=\"og:image:type\" content=\"image\/jpeg\" \/>\n<meta name=\"author\" content=\"Laura Hern\u00e1ndez\" \/>\n<meta name=\"twitter:card\" content=\"summary_large_image\" \/>\n<meta name=\"twitter:creator\" content=\"@FutbolHoyCol\" \/>\n<meta name=\"twitter:site\" content=\"@FutbolHoyCol\" \/>\n<meta name=\"twitter:label1\" content=\"Escrito por\" \/>\n\t<meta name=\"twitter:data1\" content=\"Laura Hern\u00e1ndez\" \/>\n\t<meta name=\"twitter:label2\" content=\"Tiempo de lectura\" \/>\n\t<meta name=\"twitter:data2\" content=\"1 minuto\" \/>\n<script type=\"application\/ld+json\" class=\"yoast-schema-graph\">{\"@context\":\"https:\\\/\\\/schema.org\",\"@graph\":[{\"@type\":\"Article\",\"@id\":\"https:\\\/\\\/futbolhoy.co\\\/index.php\\\/2022\\\/01\\\/30\\\/pereira-se-reencontro-con-la-victoria\\\/#article\",\"isPartOf\":{\"@id\":\"https:\\\/\\\/futbolhoy.co\\\/index.php\\\/2022\\\/01\\\/30\\\/pereira-se-reencontro-con-la-victoria\\\/\"},\"author\":{\"name\":\"Laura Hern\u00e1ndez\",\"@id\":\"https:\\\/\\\/futbolhoy.co\\\/#\\\/schema\\\/person\\\/c4a353a512b127643723a34bb1812f7d\"},\"headline\":\"Pereira se reencontr\u00f3 con la victoria\",\"datePublished\":\"2022-01-30T20:53:08+00:00\",\"dateModified\":\"2022-01-31T03:22:30+00:00\",\"mainEntityOfPage\":{\"@id\":\"https:\\\/\\\/futbolhoy.co\\\/index.php\\\/2022\\\/01\\\/30\\\/pereira-se-reencontro-con-la-victoria\\\/\"},\"wordCount\":138,\"commentCount\":0,\"image\":{\"@id\":\"https:\\\/\\\/futbolhoy.co\\\/index.php\\\/2022\\\/01\\\/30\\\/pereira-se-reencontro-con-la-victoria\\\/#primaryimage\"},\"thumbnailUrl\":\"https:\\\/\\\/futbolhoy.co\\\/wp-content\\\/uploads\\\/2022\\\/01\\\/tOa0LXT0.jpeg\",\"articleSection\":[\"Liga BetPlay\"],\"inLanguage\":\"es\",\"potentialAction\":[{\"@type\":\"CommentAction\",\"name\":\"Comment\",\"target\":[\"https:\\\/\\\/futbolhoy.co\\\/index.php\\\/2022\\\/01\\\/30\\\/pereira-se-reencontro-con-la-victoria\\\/#respond\"]}]},{\"@type\":\"WebPage\",\"@id\":\"https:\\\/\\\/futbolhoy.co\\\/index.php\\\/2022\\\/01\\\/30\\\/pereira-se-reencontro-con-la-victoria\\\/\",\"url\":\"https:\\\/\\\/futbolhoy.co\\\/index.php\\\/2022\\\/01\\\/30\\\/pereira-se-reencontro-con-la-victoria\\\/\",\"name\":\"Pereira se reencontr\u00f3 con la victoria -\",\"isPartOf\":{\"@id\":\"https:\\\/\\\/futbolhoy.co\\\/#website\"},\"primaryImageOfPage\":{\"@id\":\"https:\\\/\\\/futbolhoy.co\\\/index.php\\\/2022\\\/01\\\/30\\\/pereira-se-reencontro-con-la-victoria\\\/#primaryimage\"},\"image\":{\"@id\":\"https:\\\/\\\/futbolhoy.co\\\/index.php\\\/2022\\\/01\\\/30\\\/pereira-se-reencontro-con-la-victoria\\\/#primaryimage\"},\"thumbnailUrl\":\"https:\\\/\\\/futbolhoy.co\\\/wp-content\\\/uploads\\\/2022\\\/01\\\/tOa0LXT0.jpeg\",\"datePublished\":\"2022-01-30T20:53:08+00:00\",\"dateModified\":\"2022-01-31T03:22:30+00:00\",\"author\":{\"@id\":\"https:\\\/\\\/futbolhoy.co\\\/#\\\/schema\\\/person\\\/c4a353a512b127643723a34bb1812f7d\"},\"breadcrumb\":{\"@id\":\"https:\\\/\\\/futbolhoy.co\\\/index.php\\\/2022\\\/01\\\/30\\\/pereira-se-reencontro-con-la-victoria\\\/#breadcrumb\"},\"inLanguage\":\"es\",\"potentialAction\":[{\"@type\":\"ReadAction\",\"target\":[\"https:\\\/\\\/futbolhoy.co\\\/index.php\\\/2022\\\/01\\\/30\\\/pereira-se-reencontro-con-la-victoria\\\/\"]}]},{\"@type\":\"ImageObject\",\"inLanguage\":\"es\",\"@id\":\"https:\\\/\\\/futbolhoy.co\\\/index.php\\\/2022\\\/01\\\/30\\\/pereira-se-reencontro-con-la-victoria\\\/#primaryimage\",\"url\":\"https:\\\/\\\/futbolhoy.co\\\/wp-content\\\/uploads\\\/2022\\\/01\\\/tOa0LXT0.jpeg\",\"contentUrl\":\"https:\\\/\\\/futbolhoy.co\\\/wp-content\\\/uploads\\\/2022\\\/01\\\/tOa0LXT0.jpeg\",\"width\":2400,\"height\":1883},{\"@type\":\"BreadcrumbList\",\"@id\":\"https:\\\/\\\/futbolhoy.co\\\/index.php\\\/2022\\\/01\\\/30\\\/pereira-se-reencontro-con-la-victoria\\\/#breadcrumb\",\"itemListElement\":[{\"@type\":\"ListItem\",\"position\":1,\"name\":\"Portada\",\"item\":\"https:\\\/\\\/futbolhoy.co\\\/\"},{\"@type\":\"ListItem\",\"position\":2,\"name\":\"Pereira se reencontr\u00f3 con la victoria\"}]},{\"@type\":\"WebSite\",\"@id\":\"https:\\\/\\\/futbolhoy.co\\\/#website\",\"url\":\"https:\\\/\\\/futbolhoy.co\\\/\",\"name\":\"FutbolHoy\",\"description\":\"\",\"potentialAction\":[{\"@type\":\"SearchAction\",\"target\":{\"@type\":\"EntryPoint\",\"urlTemplate\":\"https:\\\/\\\/futbolhoy.co\\\/?s={search_term_string}\"},\"query-input\":{\"@type\":\"PropertyValueSpecification\",\"valueRequired\":true,\"valueName\":\"search_term_string\"}}],\"inLanguage\":\"es\"},{\"@type\":\"Person\",\"@id\":\"https:\\\/\\\/futbolhoy.co\\\/#\\\/schema\\\/person\\\/c4a353a512b127643723a34bb1812f7d\",\"name\":\"Laura Hern\u00e1ndez\",\"image\":{\"@type\":\"ImageObject\",\"inLanguage\":\"es\",\"@id\":\"https:\\\/\\\/secure.gravatar.com\\\/avatar\\\/1ae6b7966942c60c822ea71afe0e5cf4105b8e983193883c6d026db4d508431d?s=96&d=mm&r=g\",\"url\":\"https:\\\/\\\/secure.gravatar.com\\\/avatar\\\/1ae6b7966942c60c822ea71afe0e5cf4105b8e983193883c6d026db4d508431d?s=96&d=mm&r=g\",\"contentUrl\":\"https:\\\/\\\/secure.gravatar.com\\\/avatar\\\/1ae6b7966942c60c822ea71afe0e5cf4105b8e983193883c6d026db4d508431d?s=96&d=mm&r=g\",\"caption\":\"Laura Hern\u00e1ndez\"}}]}<\/script>\n<!-- \/ Yoast SEO plugin. -->","yoast_head_json":{"title":"Pereira se reencontr\u00f3 con la victoria -","robots":{"index":"index","follow":"follow","max-snippet":"max-snippet:-1","max-image-preview":"max-image-preview:large","max-video-preview":"max-video-preview:-1"},"canonical":"https:\/\/futbolhoy.co\/index.php\/2022\/01\/30\/pereira-se-reencontro-con-la-victoria\/","og_locale":"es_ES","og_type":"article","og_title":"Pereira se reencontr\u00f3 con la victoria -","og_description":"Deportivo Pereira venci\u00f3 2-3 a Patriotas en su visita al estadio La Independencia de Tunja y sum\u00f3 su primera victoria en la Liga BetPlay Dimayor I 2022.\u00a0 Leonardo Castro del cuadro \u00abmateca\u00f1a\u00bb fue la gran figura del partido, el delantero anot\u00f3 el triplete de la victoria (20, 45+1 y 62).\u00a0 Los goles del cuadro local [&hellip;]","og_url":"https:\/\/futbolhoy.co\/index.php\/2022\/01\/30\/pereira-se-reencontro-con-la-victoria\/","article_publisher":"https:\/\/www.facebook.com\/FutbolHoyCol\/","article_published_time":"2022-01-30T20:53:08+00:00","article_modified_time":"2022-01-31T03:22:30+00:00","og_image":[{"width":2400,"height":1883,"url":"https:\/\/futbolhoy.co\/wp-content\/uploads\/2022\/01\/tOa0LXT0.jpeg","type":"image\/jpeg"}],"author":"Laura Hern\u00e1ndez","twitter_card":"summary_large_image","twitter_creator":"@FutbolHoyCol","twitter_site":"@FutbolHoyCol","twitter_misc":{"Escrito por":"Laura Hern\u00e1ndez","Tiempo de lectura":"1 minuto"},"schema":{"@context":"https:\/\/schema.org","@graph":[{"@type":"Article","@id":"https:\/\/futbolhoy.co\/index.php\/2022\/01\/30\/pereira-se-reencontro-con-la-victoria\/#article","isPartOf":{"@id":"https:\/\/futbolhoy.co\/index.php\/2022\/01\/30\/pereira-se-reencontro-con-la-victoria\/"},"author":{"name":"Laura Hern\u00e1ndez","@id":"https:\/\/futbolhoy.co\/#\/schema\/person\/c4a353a512b127643723a34bb1812f7d"},"headline":"Pereira se reencontr\u00f3 con la victoria","datePublished":"2022-01-30T20:53:08+00:00","dateModified":"2022-01-31T03:22:30+00:00","mainEntityOfPage":{"@id":"https:\/\/futbolhoy.co\/index.php\/2022\/01\/30\/pereira-se-reencontro-con-la-victoria\/"},"wordCount":138,"commentCount":0,"image":{"@id":"https:\/\/futbolhoy.co\/index.php\/2022\/01\/30\/pereira-se-reencontro-con-la-victoria\/#primaryimage"},"thumbnailUrl":"https:\/\/futbolhoy.co\/wp-content\/uploads\/2022\/01\/tOa0LXT0.jpeg","articleSection":["Liga BetPlay"],"inLanguage":"es","potentialAction":[{"@type":"CommentAction","name":"Comment","target":["https:\/\/futbolhoy.co\/index.php\/2022\/01\/30\/pereira-se-reencontro-con-la-victoria\/#respond"]}]},{"@type":"WebPage","@id":"https:\/\/futbolhoy.co\/index.php\/2022\/01\/30\/pereira-se-reencontro-con-la-victoria\/","url":"https:\/\/futbolhoy.co\/index.php\/2022\/01\/30\/pereira-se-reencontro-con-la-victoria\/","name":"Pereira se reencontr\u00f3 con la victoria -","isPartOf":{"@id":"https:\/\/futbolhoy.co\/#website"},"primaryImageOfPage":{"@id":"https:\/\/futbolhoy.co\/index.php\/2022\/01\/30\/pereira-se-reencontro-con-la-victoria\/#primaryimage"},"image":{"@id":"https:\/\/futbolhoy.co\/index.php\/2022\/01\/30\/pereira-se-reencontro-con-la-victoria\/#primaryimage"},"thumbnailUrl":"https:\/\/futbolhoy.co\/wp-content\/uploads\/2022\/01\/tOa0LXT0.jpeg","datePublished":"2022-01-30T20:53:08+00:00","dateModified":"2022-01-31T03:22:30+00:00","author":{"@id":"https:\/\/futbolhoy.co\/#\/schema\/person\/c4a353a512b127643723a34bb1812f7d"},"breadcrumb":{"@id":"https:\/\/futbolhoy.co\/index.php\/2022\/01\/30\/pereira-se-reencontro-con-la-victoria\/#breadcrumb"},"inLanguage":"es","potentialAction":[{"@type":"ReadAction","target":["https:\/\/futbolhoy.co\/index.php\/2022\/01\/30\/pereira-se-reencontro-con-la-victoria\/"]}]},{"@type":"ImageObject","inLanguage":"es","@id":"https:\/\/futbolhoy.co\/index.php\/2022\/01\/30\/pereira-se-reencontro-con-la-victoria\/#primaryimage","url":"https:\/\/futbolhoy.co\/wp-content\/uploads\/2022\/01\/tOa0LXT0.jpeg","contentUrl":"https:\/\/futbolhoy.co\/wp-content\/uploads\/2022\/01\/tOa0LXT0.jpeg","width":2400,"height":1883},{"@type":"BreadcrumbList","@id":"https:\/\/futbolhoy.co\/index.php\/2022\/01\/30\/pereira-se-reencontro-con-la-victoria\/#breadcrumb","itemListElement":[{"@type":"ListItem","position":1,"name":"Portada","item":"https:\/\/futbolhoy.co\/"},{"@type":"ListItem","position":2,"name":"Pereira se reencontr\u00f3 con la victoria"}]},{"@type":"WebSite","@id":"https:\/\/futbolhoy.co\/#website","url":"https:\/\/futbolhoy.co\/","name":"FutbolHoy","description":"","potentialAction":[{"@type":"SearchAction","target":{"@type":"EntryPoint","urlTemplate":"https:\/\/futbolhoy.co\/?s={search_term_string}"},"query-input":{"@type":"PropertyValueSpecification","valueRequired":true,"valueName":"search_term_string"}}],"inLanguage":"es"},{"@type":"Person","@id":"https:\/\/futbolhoy.co\/#\/schema\/person\/c4a353a512b127643723a34bb1812f7d","name":"Laura Hern\u00e1ndez","image":{"@type":"ImageObject","inLanguage":"es","@id":"https:\/\/secure.gravatar.com\/avatar\/1ae6b7966942c60c822ea71afe0e5cf4105b8e983193883c6d026db4d508431d?s=96&d=mm&r=g","url":"https:\/\/secure.gravatar.com\/avatar\/1ae6b7966942c60c822ea71afe0e5cf4105b8e983193883c6d026db4d508431d?s=96&d=mm&r=g","contentUrl":"https:\/\/secure.gravatar.com\/avatar\/1ae6b7966942c60c822ea71afe0e5cf4105b8e983193883c6d026db4d508431d?s=96&d=mm&r=g","caption":"Laura Hern\u00e1ndez"}}]}},"_links":{"self":[{"href":"https:\/\/futbolhoy.co\/index.php\/wp-json\/wp\/v2\/posts\/75366","targetHints":{"allow":["GET"]}}],"collection":[{"href":"https:\/\/futbolhoy.co\/index.php\/wp-json\/wp\/v2\/posts"}],"about":[{"href":"https:\/\/futbolhoy.co\/index.php\/wp-json\/wp\/v2\/types\/post"}],"author":[{"embeddable":true,"href":"https:\/\/futbolhoy.co\/index.php\/wp-json\/wp\/v2\/users\/5"}],"replies":[{"embeddable":true,"href":"https:\/\/futbolhoy.co\/index.php\/wp-json\/wp\/v2\/comments?post=75366"}],"version-history":[{"count":1,"href":"https:\/\/futbolhoy.co\/index.php\/wp-json\/wp\/v2\/posts\/75366\/revisions"}],"predecessor-version":[{"id":75368,"href":"https:\/\/futbolhoy.co\/index.php\/wp-json\/wp\/v2\/posts\/75366\/revisions\/75368"}],"wp:featuredmedia":[{"embeddable":true,"href":"https:\/\/futbolhoy.co\/index.php\/wp-json\/wp\/v2\/media\/75367"}],"wp:attachment":[{"href":"https:\/\/futbolhoy.co\/index.php\/wp-json\/wp\/v2\/media?parent=75366"}],"wp:term":[{"taxonomy":"category","embeddable":true,"href":"https:\/\/futbolhoy.co\/index.php\/wp-json\/wp\/v2\/categories?post=75366"},{"taxonomy":"post_tag","embeddable":true,"href":"https:\/\/futbolhoy.co\/index.php\/wp-json\/wp\/v2\/tags?post=75366"}],"curies":[{"name":"wp","href":"https:\/\/api.w.org\/{rel}","templated":true}]}}